{"id":4107,"date":"2014-03-11T22:52:25","date_gmt":"2014-03-12T01:52:25","guid":{"rendered":"http:\/\/www.notibras.com\/site\/?p=4107"},"modified":"2014-05-07T21:51:27","modified_gmt":"2014-05-08T00:51:27","slug":"volei-amil-passa-facil-pelo-uniara-na-penultima-rodada","status":"publish","type":"post","link":"https:\/\/www.notibras.com\/site\/volei-amil-passa-facil-pelo-uniara-na-penultima-rodada\/","title":{"rendered":"V\u00f4lei Amil passa f\u00e1cil pelo Uniara na pen\u00faltima rodada"},"content":{"rendered":"<p>O V\u00f4lei Amil, time do t\u00e9cnico da Sele\u00e7\u00e3o Brasileira, Jos\u00e9 Roberto Guimar\u00e3es, chegou a sua 21\u00aa vit\u00f3ria na Superliga Feminina nesta ter\u00e7a-feira. A equipe de Campinas bateu o Uniara por 3 sets a 0 (21\/17, 21\/12 e 21\/15) na pen\u00faltima rodada da temporada regular da competi\u00e7\u00e3o.<\/p>\n<p>J\u00e1 classificada e com o dom\u00ednio do jogo na maior parte do tempo, o comandante do time campineiro aproveitou para dar chance para as reservas.<\/p>\n<p>Ainda assim, o destaque da partida foi uma titular absoluta: Nat\u00e1lia, que fez dez pontos e foi a maior pontuadora do V\u00f4lei Amil e do jogo. Hel\u00f4, do Uniara, tamb\u00e9m fez dez pontos e brilhou pelo time visitante.<\/p>\n<p>Agora, o V\u00f4lei Amil, que luta para confirmar a segunda coloca\u00e7\u00e3o, est\u00e1 com 61 pontos e precisa de apenas mais um para se garantir como vice-l\u00edder da fase de pontos corridos. O Uniara, j\u00e1 eliminado, soma 18 pontos e \u00e9 o 11\u00ba colocado.<\/p>\n<p>Na rodada final da Superliga, o V\u00f4lei Amil vai at\u00e9 a capital federal, onde encara o Bras\u00edlia V\u00f4lei. O Uniara recebe o Sesi-SP, atual campe\u00e3o sul-americano.<\/p>\n","protected":false},"excerpt":{"rendered":"<p>O V\u00f4lei Amil, time do t\u00e9cnico da Sele\u00e7\u00e3o Brasileira, Jos\u00e9 Roberto Guimar\u00e3es, chegou a sua 21\u00aa vit\u00f3ria na Superliga Feminina nesta ter\u00e7a-feira. A equipe de Campinas bateu o Uniara por 3 sets a 0 (21\/17, 21\/12 e 21\/15) na pen\u00faltima rodada da temporada regular da competi\u00e7\u00e3o. J\u00e1 classificada e com o dom\u00ednio do jogo na [&hellip;]<\/p>\n","protected":false},"author":2,"featured_media":4108,"comment_status":"open","ping_status":"closed","sticky":false,"template":"","format":"standard","meta":{"_acf_changed":false,"footnotes":""},"categories":[19,30],"tags":[],"class_list":["post-4107","post","type-post","status-publish","format-standard","has-post-thumbnail","hentry","category-esportes","category-volei"],"acf":[],"_links":{"self":[{"href":"https:\/\/www.notibras.com\/site\/wp-json\/wp\/v2\/posts\/4107","targetHints":{"allow":["GET"]}}],"collection":[{"href":"https:\/\/www.notibras.com\/site\/wp-json\/wp\/v2\/posts"}],"about":[{"href":"https:\/\/www.notibras.com\/site\/wp-json\/wp\/v2\/types\/post"}],"author":[{"embeddable":true,"href":"https:\/\/www.notibras.com\/site\/wp-json\/wp\/v2\/users\/2"}],"replies":[{"embeddable":true,"href":"https:\/\/www.notibras.com\/site\/wp-json\/wp\/v2\/comments?post=4107"}],"version-history":[{"count":0,"href":"https:\/\/www.notibras.com\/site\/wp-json\/wp\/v2\/posts\/4107\/revisions"}],"wp:featuredmedia":[{"embeddable":true,"href":"https:\/\/www.notibras.com\/site\/wp-json\/wp\/v2\/media\/4108"}],"wp:attachment":[{"href":"https:\/\/www.notibras.com\/site\/wp-json\/wp\/v2\/media?parent=4107"}],"wp:term":[{"taxonomy":"category","embeddable":true,"href":"https:\/\/www.notibras.com\/site\/wp-json\/wp\/v2\/categories?post=4107"},{"taxonomy":"post_tag","embeddable":true,"href":"https:\/\/www.notibras.com\/site\/wp-json\/wp\/v2\/tags?post=4107"}],"curies":[{"name":"wp","href":"https:\/\/api.w.org\/{rel}","templated":true}]}}