{"id":4110,"date":"2014-03-11T22:55:13","date_gmt":"2014-03-12T01:55:13","guid":{"rendered":"http:\/\/www.notibras.com\/site\/?p=4110"},"modified":"2014-03-11T22:55:13","modified_gmt":"2014-03-12T01:55:13","slug":"dagoberto-perde-penalti-e-cruzeiro-perde-lideranca-na-libertadores","status":"publish","type":"post","link":"https:\/\/www.notibras.com\/site\/dagoberto-perde-penalti-e-cruzeiro-perde-lideranca-na-libertadores\/","title":{"rendered":"Dagoberto perde p\u00eanalti e Cruzeiro perde lideran\u00e7a na Libertadores"},"content":{"rendered":"<p>O Cruzeiro foi nesta ter\u00e7a-feira ao Est\u00e1dio Luis Franzini, em Montevid\u00e9u, Uruguai,\u00a0enfrentar o Defensor\u00a0em confronto direto pela lideran\u00e7a do Grupo 5 da Copa Libertadores da Am\u00e9rica. O atual campe\u00e3o brasileiro encontrou um advers\u00e1rio bem organizado e acabou derrotado por 2 a 0, segundo rev\u00e9s sofrido pelos mineiros na competi\u00e7\u00e3o continental. O brasileiro Gedoz fez os dois dos uruguaios, enquanto Dagoberto perdeu um p\u00eanalti quando o time mandante vencia por um gol de diferen\u00e7a.<\/p>\n<p>Com o resultado, o Cruzeiro caiu para a segunda posi\u00e7\u00e3o da chave, com tr\u00eas pontos. Os uruguaios, que, assim como o time brasileiro, haviam goleado na segunda rodada, assumiram a lideran\u00e7a do grupo, com seis.<\/p>\n<p>A partida teve um in\u00edcio truncado, com poucas chances de gol criadas por ambas as equipes. Na maioria delas os jogadores tentaram finaliza\u00e7\u00f5es despretensiosas, que n\u00e3o deram trabalho aos goleiros F\u00e1bio e Campa\u00f1a. Na etapa inicial, o lance mais perigoso ocorreu aos 45min, quando o Defensor acertou a trave do Cruzeiro e Bruno Rodrigo bloqueou uma finaliza\u00e7\u00e3o para evitar o gol no rebote.<\/p>\n<p>O come\u00e7o do segundo tempo pareceu uma reprise do primeiro, com uma leve vantagem do Cruzeiro, que partiu para cima para buscar a vit\u00f3ria.\u00a0O Defensor, no entanto, foi quem abriu o marcador aos 18min\u00a0com o brasileiro Felipe Gedoz, que cobrou falta da altura da meia lua no \u00e2ngulo esquerdo de F\u00e1bio, que nem se mexeu. O lance foi originado de um contra-ataque interrompido por uma infra\u00e7\u00e3o de Eg\u00eddio, que levou o cart\u00e3o amarelo na jogada.<\/p>\n","protected":false},"excerpt":{"rendered":"<p>O Cruzeiro foi nesta ter\u00e7a-feira ao Est\u00e1dio Luis Franzini, em Montevid\u00e9u, Uruguai,\u00a0enfrentar o Defensor\u00a0em confronto direto pela lideran\u00e7a do Grupo 5 da Copa Libertadores da Am\u00e9rica. O atual campe\u00e3o brasileiro encontrou um advers\u00e1rio bem organizado e acabou derrotado por 2 a 0, segundo rev\u00e9s sofrido pelos mineiros na competi\u00e7\u00e3o continental. O brasileiro Gedoz fez os [&hellip;]<\/p>\n","protected":false},"author":2,"featured_media":4111,"comment_status":"open","ping_status":"closed","sticky":false,"template":"","format":"standard","meta":{"_acf_changed":false,"footnotes":""},"categories":[19],"tags":[],"class_list":["post-4110","post","type-post","status-publish","format-standard","has-post-thumbnail","hentry","category-esportes"],"acf":[],"yoast_head":"<!-- This site is optimized with the Yoast SEO plugin v27.2 - https:\/\/yoast.com\/product\/yoast-seo-wordpress\/ -->\n<title>Dagoberto perde p\u00eanalti e Cruzeiro perde lideran\u00e7a na Libertadores - Notibras<\/title>\n<meta name=\"robots\" content=\"index, follow, max-snippet:-1, max-image-preview:large, max-video-preview:-1\" \/>\n<link rel=\"canonical\" href=\"https:\/\/www.notibras.com\/site\/dagoberto-perde-penalti-e-cruzeiro-perde-lideranca-na-libertadores\/\" \/>\n<meta property=\"og:locale\" content=\"pt_BR\" \/>\n<meta property=\"og:type\" content=\"article\" \/>\n<meta property=\"og:title\" content=\"Dagoberto perde p\u00eanalti e Cruzeiro perde lideran\u00e7a na Libertadores - Notibras\" \/>\n<meta property=\"og:description\" content=\"O Cruzeiro foi nesta ter\u00e7a-feira ao Est\u00e1dio Luis Franzini, em Montevid\u00e9u, Uruguai,\u00a0enfrentar o Defensor\u00a0em confronto direto pela lideran\u00e7a do Grupo 5 da Copa Libertadores da Am\u00e9rica. O atual campe\u00e3o brasileiro encontrou um advers\u00e1rio bem organizado e acabou derrotado por 2 a 0, segundo rev\u00e9s sofrido pelos mineiros na competi\u00e7\u00e3o continental. O brasileiro Gedoz fez os [&hellip;]\" \/>\n<meta property=\"og:url\" content=\"https:\/\/www.notibras.com\/site\/dagoberto-perde-penalti-e-cruzeiro-perde-lideranca-na-libertadores\/\" \/>\n<meta property=\"og:site_name\" content=\"Notibras\" \/>\n<meta property=\"article:publisher\" content=\"https:\/\/www.facebook.com\/notibras\/\" \/>\n<meta property=\"article:published_time\" content=\"2014-03-12T01:55:13+00:00\" \/>\n<meta property=\"og:image\" content=\"https:\/\/www.notibras.com\/site\/wp-content\/uploads\/2014\/03\/dagoberto-defensor-efe.jpg\" \/>\n\t<meta property=\"og:image:width\" content=\"407\" \/>\n\t<meta property=\"og:image:height\" content=\"305\" \/>\n\t<meta property=\"og:image:type\" content=\"image\/jpeg\" \/>\n<meta name=\"author\" content=\"Reda\u00e7\u00e3o\" \/>\n<meta name=\"twitter:card\" content=\"summary_large_image\" \/>\n<meta name=\"twitter:creator\" content=\"@Notibras\" \/>\n<meta name=\"twitter:site\" content=\"@Notibras\" \/>\n<meta name=\"twitter:label1\" content=\"Escrito por\" \/>\n\t<meta name=\"twitter:data1\" content=\"Reda\u00e7\u00e3o\" \/>\n\t<meta name=\"twitter:label2\" content=\"Est. tempo de leitura\" \/>\n\t<meta name=\"twitter:data2\" content=\"1 minuto\" \/>\n<script type=\"application\/ld+json\" class=\"yoast-schema-graph\">{\"@context\":\"https:\/\/schema.org\",\"@graph\":[{\"@type\":\"Article\",\"@id\":\"https:\/\/www.notibras.com\/site\/dagoberto-perde-penalti-e-cruzeiro-perde-lideranca-na-libertadores\/#article\",\"isPartOf\":{\"@id\":\"https:\/\/www.notibras.com\/site\/dagoberto-perde-penalti-e-cruzeiro-perde-lideranca-na-libertadores\/\"},\"author\":{\"name\":\"Reda\u00e7\u00e3o\",\"@id\":\"https:\/\/www.notibras.com\/site\/#\/schema\/person\/36ab0979449956132d3e5b517ea76ac8\"},\"headline\":\"Dagoberto perde p\u00eanalti e Cruzeiro perde lideran\u00e7a na Libertadores\",\"datePublished\":\"2014-03-12T01:55:13+00:00\",\"mainEntityOfPage\":{\"@id\":\"https:\/\/www.notibras.com\/site\/dagoberto-perde-penalti-e-cruzeiro-perde-lideranca-na-libertadores\/\"},\"wordCount\":284,\"commentCount\":0,\"publisher\":{\"@id\":\"https:\/\/www.notibras.com\/site\/#organization\"},\"image\":{\"@id\":\"https:\/\/www.notibras.com\/site\/dagoberto-perde-penalti-e-cruzeiro-perde-lideranca-na-libertadores\/#primaryimage\"},\"thumbnailUrl\":\"https:\/\/www.notibras.com\/site\/wp-content\/uploads\/2014\/03\/dagoberto-defensor-efe.jpg\",\"articleSection\":[\"Esportes\"],\"inLanguage\":\"pt-BR\",\"potentialAction\":[{\"@type\":\"CommentAction\",\"name\":\"Comment\",\"target\":[\"https:\/\/www.notibras.com\/site\/dagoberto-perde-penalti-e-cruzeiro-perde-lideranca-na-libertadores\/#respond\"]}]},{\"@type\":\"WebPage\",\"@id\":\"https:\/\/www.notibras.com\/site\/dagoberto-perde-penalti-e-cruzeiro-perde-lideranca-na-libertadores\/\",\"url\":\"https:\/\/www.notibras.com\/site\/dagoberto-perde-penalti-e-cruzeiro-perde-lideranca-na-libertadores\/\",\"name\":\"Dagoberto perde p\u00eanalti e Cruzeiro perde lideran\u00e7a na Libertadores - Notibras\",\"isPartOf\":{\"@id\":\"https:\/\/www.notibras.com\/site\/#website\"},\"primaryImageOfPage\":{\"@id\":\"https:\/\/www.notibras.com\/site\/dagoberto-perde-penalti-e-cruzeiro-perde-lideranca-na-libertadores\/#primaryimage\"},\"image\":{\"@id\":\"https:\/\/www.notibras.com\/site\/dagoberto-perde-penalti-e-cruzeiro-perde-lideranca-na-libertadores\/#primaryimage\"},\"thumbnailUrl\":\"https:\/\/www.notibras.com\/site\/wp-content\/uploads\/2014\/03\/dagoberto-defensor-efe.jpg\",\"datePublished\":\"2014-03-12T01:55:13+00:00\",\"breadcrumb\":{\"@id\":\"https:\/\/www.notibras.com\/site\/dagoberto-perde-penalti-e-cruzeiro-perde-lideranca-na-libertadores\/#breadcrumb\"},\"inLanguage\":\"pt-BR\",\"potentialAction\":[{\"@type\":\"ReadAction\",\"target\":[\"https:\/\/www.notibras.com\/site\/dagoberto-perde-penalti-e-cruzeiro-perde-lideranca-na-libertadores\/\"]}]},{\"@type\":\"ImageObject\",\"inLanguage\":\"pt-BR\",\"@id\":\"https:\/\/www.notibras.com\/site\/dagoberto-perde-penalti-e-cruzeiro-perde-lideranca-na-libertadores\/#primaryimage\",\"url\":\"https:\/\/www.notibras.com\/site\/wp-content\/uploads\/2014\/03\/dagoberto-defensor-efe.jpg\",\"contentUrl\":\"https:\/\/www.notibras.com\/site\/wp-content\/uploads\/2014\/03\/dagoberto-defensor-efe.jpg\",\"width\":407,\"height\":305},{\"@type\":\"BreadcrumbList\",\"@id\":\"https:\/\/www.notibras.com\/site\/dagoberto-perde-penalti-e-cruzeiro-perde-lideranca-na-libertadores\/#breadcrumb\",\"itemListElement\":[{\"@type\":\"ListItem\",\"position\":1,\"name\":\"In\u00edcio\",\"item\":\"https:\/\/www.notibras.com\/site\/\"},{\"@type\":\"ListItem\",\"position\":2,\"name\":\"Dagoberto perde p\u00eanalti e Cruzeiro perde lideran\u00e7a na Libertadores\"}]},{\"@type\":\"WebSite\",\"@id\":\"https:\/\/www.notibras.com\/site\/#website\",\"url\":\"https:\/\/www.notibras.com\/site\/\",\"name\":\"Notibras\",\"description\":\"Not\u00edcias de Bras\u00edlia, do Brasil e do Mundo\",\"publisher\":{\"@id\":\"https:\/\/www.notibras.com\/site\/#organization\"},\"potentialAction\":[{\"@type\":\"SearchAction\",\"target\":{\"@type\":\"EntryPoint\",\"urlTemplate\":\"https:\/\/www.notibras.com\/site\/?s={search_term_string}\"},\"query-input\":{\"@type\":\"PropertyValueSpecification\",\"valueRequired\":true,\"valueName\":\"search_term_string\"}}],\"inLanguage\":\"pt-BR\"},{\"@type\":\"Organization\",\"@id\":\"https:\/\/www.notibras.com\/site\/#organization\",\"name\":\"Grupo Notibras de Comunica\u00e7\u00e3o\",\"url\":\"https:\/\/www.notibras.com\/site\/\",\"logo\":{\"@type\":\"ImageObject\",\"inLanguage\":\"pt-BR\",\"@id\":\"https:\/\/www.notibras.com\/site\/#\/schema\/logo\/image\/\",\"url\":\"https:\/\/www.notibras.com\/site\/wp-content\/uploads\/2023\/01\/notibras23.png\",\"contentUrl\":\"https:\/\/www.notibras.com\/site\/wp-content\/uploads\/2023\/01\/notibras23.png\",\"width\":350,\"height\":87,\"caption\":\"Grupo Notibras de Comunica\u00e7\u00e3o\"},\"image\":{\"@id\":\"https:\/\/www.notibras.com\/site\/#\/schema\/logo\/image\/\"},\"sameAs\":[\"https:\/\/www.facebook.com\/notibras\/\",\"https:\/\/x.com\/Notibras\",\"https:\/\/www.instagram.com\/notibras\/\"]},{\"@type\":\"Person\",\"@id\":\"https:\/\/www.notibras.com\/site\/#\/schema\/person\/36ab0979449956132d3e5b517ea76ac8\",\"name\":\"Reda\u00e7\u00e3o\",\"image\":{\"@type\":\"ImageObject\",\"inLanguage\":\"pt-BR\",\"@id\":\"https:\/\/secure.gravatar.com\/avatar\/e0a867bdedb85fd243eadf09663511f96fc81e0720a4a42581f334ad4303aa6b?s=96&d=mm&r=g\",\"url\":\"https:\/\/secure.gravatar.com\/avatar\/e0a867bdedb85fd243eadf09663511f96fc81e0720a4a42581f334ad4303aa6b?s=96&d=mm&r=g\",\"contentUrl\":\"https:\/\/secure.gravatar.com\/avatar\/e0a867bdedb85fd243eadf09663511f96fc81e0720a4a42581f334ad4303aa6b?s=96&d=mm&r=g\",\"caption\":\"Reda\u00e7\u00e3o\"}}]}<\/script>\n<!-- \/ Yoast SEO plugin. -->","yoast_head_json":{"title":"Dagoberto perde p\u00eanalti e Cruzeiro perde lideran\u00e7a na Libertadores - Notibras","robots":{"index":"index","follow":"follow","max-snippet":"max-snippet:-1","max-image-preview":"max-image-preview:large","max-video-preview":"max-video-preview:-1"},"canonical":"https:\/\/www.notibras.com\/site\/dagoberto-perde-penalti-e-cruzeiro-perde-lideranca-na-libertadores\/","og_locale":"pt_BR","og_type":"article","og_title":"Dagoberto perde p\u00eanalti e Cruzeiro perde lideran\u00e7a na Libertadores - Notibras","og_description":"O Cruzeiro foi nesta ter\u00e7a-feira ao Est\u00e1dio Luis Franzini, em Montevid\u00e9u, Uruguai,\u00a0enfrentar o Defensor\u00a0em confronto direto pela lideran\u00e7a do Grupo 5 da Copa Libertadores da Am\u00e9rica. O atual campe\u00e3o brasileiro encontrou um advers\u00e1rio bem organizado e acabou derrotado por 2 a 0, segundo rev\u00e9s sofrido pelos mineiros na competi\u00e7\u00e3o continental. O brasileiro Gedoz fez os [&hellip;]","og_url":"https:\/\/www.notibras.com\/site\/dagoberto-perde-penalti-e-cruzeiro-perde-lideranca-na-libertadores\/","og_site_name":"Notibras","article_publisher":"https:\/\/www.facebook.com\/notibras\/","article_published_time":"2014-03-12T01:55:13+00:00","og_image":[{"width":407,"height":305,"url":"https:\/\/www.notibras.com\/site\/wp-content\/uploads\/2014\/03\/dagoberto-defensor-efe.jpg","type":"image\/jpeg"}],"author":"Reda\u00e7\u00e3o","twitter_card":"summary_large_image","twitter_creator":"@Notibras","twitter_site":"@Notibras","twitter_misc":{"Escrito por":"Reda\u00e7\u00e3o","Est. tempo de leitura":"1 minuto"},"schema":{"@context":"https:\/\/schema.org","@graph":[{"@type":"Article","@id":"https:\/\/www.notibras.com\/site\/dagoberto-perde-penalti-e-cruzeiro-perde-lideranca-na-libertadores\/#article","isPartOf":{"@id":"https:\/\/www.notibras.com\/site\/dagoberto-perde-penalti-e-cruzeiro-perde-lideranca-na-libertadores\/"},"author":{"name":"Reda\u00e7\u00e3o","@id":"https:\/\/www.notibras.com\/site\/#\/schema\/person\/36ab0979449956132d3e5b517ea76ac8"},"headline":"Dagoberto perde p\u00eanalti e Cruzeiro perde lideran\u00e7a na Libertadores","datePublished":"2014-03-12T01:55:13+00:00","mainEntityOfPage":{"@id":"https:\/\/www.notibras.com\/site\/dagoberto-perde-penalti-e-cruzeiro-perde-lideranca-na-libertadores\/"},"wordCount":284,"commentCount":0,"publisher":{"@id":"https:\/\/www.notibras.com\/site\/#organization"},"image":{"@id":"https:\/\/www.notibras.com\/site\/dagoberto-perde-penalti-e-cruzeiro-perde-lideranca-na-libertadores\/#primaryimage"},"thumbnailUrl":"https:\/\/www.notibras.com\/site\/wp-content\/uploads\/2014\/03\/dagoberto-defensor-efe.jpg","articleSection":["Esportes"],"inLanguage":"pt-BR","potentialAction":[{"@type":"CommentAction","name":"Comment","target":["https:\/\/www.notibras.com\/site\/dagoberto-perde-penalti-e-cruzeiro-perde-lideranca-na-libertadores\/#respond"]}]},{"@type":"WebPage","@id":"https:\/\/www.notibras.com\/site\/dagoberto-perde-penalti-e-cruzeiro-perde-lideranca-na-libertadores\/","url":"https:\/\/www.notibras.com\/site\/dagoberto-perde-penalti-e-cruzeiro-perde-lideranca-na-libertadores\/","name":"Dagoberto perde p\u00eanalti e Cruzeiro perde lideran\u00e7a na Libertadores - Notibras","isPartOf":{"@id":"https:\/\/www.notibras.com\/site\/#website"},"primaryImageOfPage":{"@id":"https:\/\/www.notibras.com\/site\/dagoberto-perde-penalti-e-cruzeiro-perde-lideranca-na-libertadores\/#primaryimage"},"image":{"@id":"https:\/\/www.notibras.com\/site\/dagoberto-perde-penalti-e-cruzeiro-perde-lideranca-na-libertadores\/#primaryimage"},"thumbnailUrl":"https:\/\/www.notibras.com\/site\/wp-content\/uploads\/2014\/03\/dagoberto-defensor-efe.jpg","datePublished":"2014-03-12T01:55:13+00:00","breadcrumb":{"@id":"https:\/\/www.notibras.com\/site\/dagoberto-perde-penalti-e-cruzeiro-perde-lideranca-na-libertadores\/#breadcrumb"},"inLanguage":"pt-BR","potentialAction":[{"@type":"ReadAction","target":["https:\/\/www.notibras.com\/site\/dagoberto-perde-penalti-e-cruzeiro-perde-lideranca-na-libertadores\/"]}]},{"@type":"ImageObject","inLanguage":"pt-BR","@id":"https:\/\/www.notibras.com\/site\/dagoberto-perde-penalti-e-cruzeiro-perde-lideranca-na-libertadores\/#primaryimage","url":"https:\/\/www.notibras.com\/site\/wp-content\/uploads\/2014\/03\/dagoberto-defensor-efe.jpg","contentUrl":"https:\/\/www.notibras.com\/site\/wp-content\/uploads\/2014\/03\/dagoberto-defensor-efe.jpg","width":407,"height":305},{"@type":"BreadcrumbList","@id":"https:\/\/www.notibras.com\/site\/dagoberto-perde-penalti-e-cruzeiro-perde-lideranca-na-libertadores\/#breadcrumb","itemListElement":[{"@type":"ListItem","position":1,"name":"In\u00edcio","item":"https:\/\/www.notibras.com\/site\/"},{"@type":"ListItem","position":2,"name":"Dagoberto perde p\u00eanalti e Cruzeiro perde lideran\u00e7a na Libertadores"}]},{"@type":"WebSite","@id":"https:\/\/www.notibras.com\/site\/#website","url":"https:\/\/www.notibras.com\/site\/","name":"Notibras","description":"Not\u00edcias de Bras\u00edlia, do Brasil e do Mundo","publisher":{"@id":"https:\/\/www.notibras.com\/site\/#organization"},"potentialAction":[{"@type":"SearchAction","target":{"@type":"EntryPoint","urlTemplate":"https:\/\/www.notibras.com\/site\/?s={search_term_string}"},"query-input":{"@type":"PropertyValueSpecification","valueRequired":true,"valueName":"search_term_string"}}],"inLanguage":"pt-BR"},{"@type":"Organization","@id":"https:\/\/www.notibras.com\/site\/#organization","name":"Grupo Notibras de Comunica\u00e7\u00e3o","url":"https:\/\/www.notibras.com\/site\/","logo":{"@type":"ImageObject","inLanguage":"pt-BR","@id":"https:\/\/www.notibras.com\/site\/#\/schema\/logo\/image\/","url":"https:\/\/www.notibras.com\/site\/wp-content\/uploads\/2023\/01\/notibras23.png","contentUrl":"https:\/\/www.notibras.com\/site\/wp-content\/uploads\/2023\/01\/notibras23.png","width":350,"height":87,"caption":"Grupo Notibras de Comunica\u00e7\u00e3o"},"image":{"@id":"https:\/\/www.notibras.com\/site\/#\/schema\/logo\/image\/"},"sameAs":["https:\/\/www.facebook.com\/notibras\/","https:\/\/x.com\/Notibras","https:\/\/www.instagram.com\/notibras\/"]},{"@type":"Person","@id":"https:\/\/www.notibras.com\/site\/#\/schema\/person\/36ab0979449956132d3e5b517ea76ac8","name":"Reda\u00e7\u00e3o","image":{"@type":"ImageObject","inLanguage":"pt-BR","@id":"https:\/\/secure.gravatar.com\/avatar\/e0a867bdedb85fd243eadf09663511f96fc81e0720a4a42581f334ad4303aa6b?s=96&d=mm&r=g","url":"https:\/\/secure.gravatar.com\/avatar\/e0a867bdedb85fd243eadf09663511f96fc81e0720a4a42581f334ad4303aa6b?s=96&d=mm&r=g","contentUrl":"https:\/\/secure.gravatar.com\/avatar\/e0a867bdedb85fd243eadf09663511f96fc81e0720a4a42581f334ad4303aa6b?s=96&d=mm&r=g","caption":"Reda\u00e7\u00e3o"}}]}},"amp_enabled":true,"_links":{"self":[{"href":"https:\/\/www.notibras.com\/site\/wp-json\/wp\/v2\/posts\/4110","targetHints":{"allow":["GET"]}}],"collection":[{"href":"https:\/\/www.notibras.com\/site\/wp-json\/wp\/v2\/posts"}],"about":[{"href":"https:\/\/www.notibras.com\/site\/wp-json\/wp\/v2\/types\/post"}],"author":[{"embeddable":true,"href":"https:\/\/www.notibras.com\/site\/wp-json\/wp\/v2\/users\/2"}],"replies":[{"embeddable":true,"href":"https:\/\/www.notibras.com\/site\/wp-json\/wp\/v2\/comments?post=4110"}],"version-history":[{"count":0,"href":"https:\/\/www.notibras.com\/site\/wp-json\/wp\/v2\/posts\/4110\/revisions"}],"wp:featuredmedia":[{"embeddable":true,"href":"https:\/\/www.notibras.com\/site\/wp-json\/wp\/v2\/media\/4111"}],"wp:attachment":[{"href":"https:\/\/www.notibras.com\/site\/wp-json\/wp\/v2\/media?parent=4110"}],"wp:term":[{"taxonomy":"category","embeddable":true,"href":"https:\/\/www.notibras.com\/site\/wp-json\/wp\/v2\/categories?post=4110"},{"taxonomy":"post_tag","embeddable":true,"href":"https:\/\/www.notibras.com\/site\/wp-json\/wp\/v2\/tags?post=4110"}],"curies":[{"name":"wp","href":"https:\/\/api.w.org\/{rel}","templated":true}]}}