{"id":41162,"date":"2015-03-24T21:00:00","date_gmt":"2015-03-25T00:00:00","guid":{"rendered":"http:\/\/www.notibras.com\/site\/?p=41162"},"modified":"2015-03-25T00:07:13","modified_gmt":"2015-03-25T03:07:13","slug":"confusao-marca-reuniao-para-discutir-reducao-da-maioridade-penal","status":"publish","type":"post","link":"https:\/\/www.notibras.com\/site\/confusao-marca-reuniao-para-discutir-reducao-da-maioridade-penal\/","title":{"rendered":"Reuni\u00e3o sobre maioridade penal acaba em confus\u00e3o"},"content":{"rendered":"<div class=\"content\">\n<p>A audi\u00eancia p\u00fablica da Comiss\u00e3o de Constitui\u00e7\u00e3o e Justi\u00e7a (CCJ) da C\u00e2mara destinada a debater a admissibilidade da proposta de emenda \u00e0 Constitui\u00e7\u00e3o (PEC) que reduz a maioridade penal dos atuais 18 para 16 anos foi encerrada em fun\u00e7\u00e3o de tumultos envolvendo deputados e manifestantes. O presidente da CCJ, deputado Arthur Lira (PP-AL), chegou a alertar os deputados que, se os tumultos continuassem, ele encerraria a reuni\u00e3o da comiss\u00e3o.<\/p>\n<p>Durante a audi\u00eancia houve discuss\u00f5es entre deputados e tamb\u00e9m bate-boca entre deputados e manifestantes contr\u00e1rios \u00e0 PEC. O plen\u00e1rio da CCJ esteve lotado durante todo o debate com pessoas favor\u00e1veis e contr\u00e1rias \u00e0 aprova\u00e7\u00e3o da redu\u00e7\u00e3o da maioridade penal. Com isso, a reuni\u00e3o da CCJ foi marcada por v\u00e1rios momentos de tens\u00e3o.<\/p>\n<blockquote><p>Na semana passada, integrantes da CCJ fizeram um acordo para fazer a audi\u00eancia p\u00fablica hoje (24) com constitucionalistas para debater a admissibilidade da PEC. Dois convidados tiveram a chance de debater a proposta. O professor constitucionalista Andr\u00e9 Ramos se posicionou contr\u00e1rio \u00e0 proposta ao afirmar que a maioridade penal \u00e9 cl\u00e1usula p\u00e9trea da Constitui\u00e7\u00e3o e que n\u00e3o pode ser mudada por emenda constitucional. Posi\u00e7\u00e3o diferente foi defendida pelo professor Fabr\u00edcio Juliano Mendes Ribeiro. Segundo ele, a PEC n\u00e3o subverte o n\u00facleo essencial da dignidade da pessoa e deve ser admitida pela CCJ.<\/p><\/blockquote>\n<p>A PEC principal sobre a redu\u00e7\u00e3o da maioridade penal de 18 para 16 anos est\u00e1 tramitando na C\u00e2mara h\u00e1 mais de 20 anos. A ela foram apensadas mais 38 propostas sobre o tema. Segundo o relator da mat\u00e9ria, deputado Luiz Couto (PT-PB), entre as PECs h\u00e1 a proposta para a redu\u00e7\u00e3o da maioridade para 12 anos e outras que prop\u00f5em a redu\u00e7\u00e3o da maioridade sem limite de idade.<\/p>\n<p>A admissibilidade da redu\u00e7\u00e3o da maioridade penal est\u00e1 pautada para ser votada amanh\u00e3 (25) na CCJ. N\u00e3o cabe mais pedido de vista e, com isso, a proposta ser\u00e1 levada \u00e0 vota\u00e7\u00e3o. O parecer apresentado pelo relator \u00e9 contr\u00e1rio \u00e0 admissibilidade da PEC. Na opini\u00e3o de Couto, a audi\u00eancia de hoje para debater a proposta nem chegou a ocorrer, at\u00e9 mesmo porque alguns deputados impediram desde o inicio dos trabalhos a discuss\u00e3o da mat\u00e9ria. \u201cPara n\u00e3o votar amanh\u00e3, tem o quite obstru\u00e7\u00e3o\u201d, disse o relator.<\/p>\n<header>\n<div class=\"node-info\"><strong>Iolando Louren\u00e7o, ABr<\/strong><strong><br \/>\n<\/strong><\/div>\n<\/header>\n<\/div>\n","protected":false},"excerpt":{"rendered":"<p>A audi\u00eancia p\u00fablica da Comiss\u00e3o de Constitui\u00e7\u00e3o e Justi\u00e7a (CCJ) da C\u00e2mara destinada a debater a admissibilidade da proposta de emenda \u00e0 Constitui\u00e7\u00e3o (PEC) que reduz a maioridade penal dos atuais 18 para 16 anos foi encerrada em fun\u00e7\u00e3o de tumultos envolvendo deputados e manifestantes. O presidente da CCJ, deputado Arthur Lira (PP-AL), chegou a [&hellip;]<\/p>\n","protected":false},"author":2,"featured_media":41163,"comment_status":"open","ping_status":"closed","sticky":false,"template":"","format":"standard","meta":{"_acf_changed":false,"footnotes":""},"categories":[16],"tags":[],"class_list":["post-41162","post","type-post","status-publish","format-standard","has-post-thumbnail","hentry","category-brasil"],"acf":[],"yoast_head":"<!-- This site is optimized with the Yoast SEO plugin v27.5 - https:\/\/yoast.com\/product\/yoast-seo-wordpress\/ -->\n<title>Reuni\u00e3o sobre maioridade penal acaba em confus\u00e3o - Notibras<\/title>\n<meta name=\"robots\" content=\"index, follow, max-snippet:-1, max-image-preview:large, max-video-preview:-1\" \/>\n<link rel=\"canonical\" href=\"https:\/\/www.notibras.com\/site\/confusao-marca-reuniao-para-discutir-reducao-da-maioridade-penal\/\" \/>\n<meta property=\"og:locale\" content=\"pt_BR\" \/>\n<meta property=\"og:type\" content=\"article\" \/>\n<meta property=\"og:title\" content=\"Reuni\u00e3o sobre maioridade penal acaba em confus\u00e3o - Notibras\" \/>\n<meta property=\"og:description\" content=\"A audi\u00eancia p\u00fablica da Comiss\u00e3o de Constitui\u00e7\u00e3o e Justi\u00e7a (CCJ) da C\u00e2mara destinada a debater a admissibilidade da proposta de emenda \u00e0 Constitui\u00e7\u00e3o (PEC) que reduz a maioridade penal dos atuais 18 para 16 anos foi encerrada em fun\u00e7\u00e3o de tumultos envolvendo deputados e manifestantes. O presidente da CCJ, deputado Arthur Lira (PP-AL), chegou a [&hellip;]\" \/>\n<meta property=\"og:url\" content=\"https:\/\/www.notibras.com\/site\/confusao-marca-reuniao-para-discutir-reducao-da-maioridade-penal\/\" \/>\n<meta property=\"og:site_name\" content=\"Notibras\" \/>\n<meta property=\"article:publisher\" content=\"https:\/\/www.facebook.com\/notibras\/\" \/>\n<meta property=\"article:published_time\" content=\"2015-03-25T00:00:00+00:00\" \/>\n<meta property=\"article:modified_time\" content=\"2015-03-25T03:07:13+00:00\" \/>\n<meta property=\"og:image\" content=\"https:\/\/www.notibras.com\/site\/wp-content\/uploads\/2015\/03\/penal.jpg\" \/>\n\t<meta property=\"og:image:width\" content=\"1071\" \/>\n\t<meta property=\"og:image:height\" content=\"720\" \/>\n\t<meta property=\"og:image:type\" content=\"image\/jpeg\" \/>\n<meta name=\"author\" content=\"Reda\u00e7\u00e3o\" \/>\n<meta name=\"twitter:card\" content=\"summary_large_image\" \/>\n<meta name=\"twitter:creator\" content=\"@Notibras\" \/>\n<meta name=\"twitter:site\" content=\"@Notibras\" \/>\n<meta name=\"twitter:label1\" content=\"Escrito por\" \/>\n\t<meta name=\"twitter:data1\" content=\"Reda\u00e7\u00e3o\" \/>\n\t<meta name=\"twitter:label2\" content=\"Est. tempo de leitura\" \/>\n\t<meta name=\"twitter:data2\" content=\"2 minutos\" \/>\n<script type=\"application\/ld+json\" class=\"yoast-schema-graph\">{\"@context\":\"https:\\\/\\\/schema.org\",\"@graph\":[{\"@type\":\"Article\",\"@id\":\"https:\\\/\\\/www.notibras.com\\\/site\\\/confusao-marca-reuniao-para-discutir-reducao-da-maioridade-penal\\\/#article\",\"isPartOf\":{\"@id\":\"https:\\\/\\\/www.notibras.com\\\/site\\\/confusao-marca-reuniao-para-discutir-reducao-da-maioridade-penal\\\/\"},\"author\":{\"name\":\"Reda\u00e7\u00e3o\",\"@id\":\"https:\\\/\\\/www.notibras.com\\\/site\\\/#\\\/schema\\\/person\\\/36ab0979449956132d3e5b517ea76ac8\"},\"headline\":\"Reuni\u00e3o sobre maioridade penal acaba em confus\u00e3o\",\"datePublished\":\"2015-03-25T00:00:00+00:00\",\"dateModified\":\"2015-03-25T03:07:13+00:00\",\"mainEntityOfPage\":{\"@id\":\"https:\\\/\\\/www.notibras.com\\\/site\\\/confusao-marca-reuniao-para-discutir-reducao-da-maioridade-penal\\\/\"},\"wordCount\":410,\"commentCount\":0,\"publisher\":{\"@id\":\"https:\\\/\\\/www.notibras.com\\\/site\\\/#organization\"},\"image\":{\"@id\":\"https:\\\/\\\/www.notibras.com\\\/site\\\/confusao-marca-reuniao-para-discutir-reducao-da-maioridade-penal\\\/#primaryimage\"},\"thumbnailUrl\":\"https:\\\/\\\/www.notibras.com\\\/site\\\/wp-content\\\/uploads\\\/2015\\\/03\\\/penal.jpg\",\"articleSection\":[\"Brasil\"],\"inLanguage\":\"pt-BR\",\"potentialAction\":[{\"@type\":\"CommentAction\",\"name\":\"Comment\",\"target\":[\"https:\\\/\\\/www.notibras.com\\\/site\\\/confusao-marca-reuniao-para-discutir-reducao-da-maioridade-penal\\\/#respond\"]}]},{\"@type\":\"WebPage\",\"@id\":\"https:\\\/\\\/www.notibras.com\\\/site\\\/confusao-marca-reuniao-para-discutir-reducao-da-maioridade-penal\\\/\",\"url\":\"https:\\\/\\\/www.notibras.com\\\/site\\\/confusao-marca-reuniao-para-discutir-reducao-da-maioridade-penal\\\/\",\"name\":\"Reuni\u00e3o sobre maioridade penal acaba em confus\u00e3o - Notibras\",\"isPartOf\":{\"@id\":\"https:\\\/\\\/www.notibras.com\\\/site\\\/#website\"},\"primaryImageOfPage\":{\"@id\":\"https:\\\/\\\/www.notibras.com\\\/site\\\/confusao-marca-reuniao-para-discutir-reducao-da-maioridade-penal\\\/#primaryimage\"},\"image\":{\"@id\":\"https:\\\/\\\/www.notibras.com\\\/site\\\/confusao-marca-reuniao-para-discutir-reducao-da-maioridade-penal\\\/#primaryimage\"},\"thumbnailUrl\":\"https:\\\/\\\/www.notibras.com\\\/site\\\/wp-content\\\/uploads\\\/2015\\\/03\\\/penal.jpg\",\"datePublished\":\"2015-03-25T00:00:00+00:00\",\"dateModified\":\"2015-03-25T03:07:13+00:00\",\"breadcrumb\":{\"@id\":\"https:\\\/\\\/www.notibras.com\\\/site\\\/confusao-marca-reuniao-para-discutir-reducao-da-maioridade-penal\\\/#breadcrumb\"},\"inLanguage\":\"pt-BR\",\"potentialAction\":[{\"@type\":\"ReadAction\",\"target\":[\"https:\\\/\\\/www.notibras.com\\\/site\\\/confusao-marca-reuniao-para-discutir-reducao-da-maioridade-penal\\\/\"]}]},{\"@type\":\"ImageObject\",\"inLanguage\":\"pt-BR\",\"@id\":\"https:\\\/\\\/www.notibras.com\\\/site\\\/confusao-marca-reuniao-para-discutir-reducao-da-maioridade-penal\\\/#primaryimage\",\"url\":\"https:\\\/\\\/www.notibras.com\\\/site\\\/wp-content\\\/uploads\\\/2015\\\/03\\\/penal.jpg\",\"contentUrl\":\"https:\\\/\\\/www.notibras.com\\\/site\\\/wp-content\\\/uploads\\\/2015\\\/03\\\/penal.jpg\",\"width\":1071,\"height\":720},{\"@type\":\"BreadcrumbList\",\"@id\":\"https:\\\/\\\/www.notibras.com\\\/site\\\/confusao-marca-reuniao-para-discutir-reducao-da-maioridade-penal\\\/#breadcrumb\",\"itemListElement\":[{\"@type\":\"ListItem\",\"position\":1,\"name\":\"In\u00edcio\",\"item\":\"https:\\\/\\\/www.notibras.com\\\/site\\\/\"},{\"@type\":\"ListItem\",\"position\":2,\"name\":\"Reuni\u00e3o sobre maioridade penal acaba em confus\u00e3o\"}]},{\"@type\":\"WebSite\",\"@id\":\"https:\\\/\\\/www.notibras.com\\\/site\\\/#website\",\"url\":\"https:\\\/\\\/www.notibras.com\\\/site\\\/\",\"name\":\"Notibras\",\"description\":\"Not\u00edcias de Bras\u00edlia, do Brasil e do Mundo\",\"publisher\":{\"@id\":\"https:\\\/\\\/www.notibras.com\\\/site\\\/#organization\"},\"potentialAction\":[{\"@type\":\"SearchAction\",\"target\":{\"@type\":\"EntryPoint\",\"urlTemplate\":\"https:\\\/\\\/www.notibras.com\\\/site\\\/?s={search_term_string}\"},\"query-input\":{\"@type\":\"PropertyValueSpecification\",\"valueRequired\":true,\"valueName\":\"search_term_string\"}}],\"inLanguage\":\"pt-BR\"},{\"@type\":\"Organization\",\"@id\":\"https:\\\/\\\/www.notibras.com\\\/site\\\/#organization\",\"name\":\"Grupo Notibras de Comunica\u00e7\u00e3o\",\"url\":\"https:\\\/\\\/www.notibras.com\\\/site\\\/\",\"logo\":{\"@type\":\"ImageObject\",\"inLanguage\":\"pt-BR\",\"@id\":\"https:\\\/\\\/www.notibras.com\\\/site\\\/#\\\/schema\\\/logo\\\/image\\\/\",\"url\":\"https:\\\/\\\/www.notibras.com\\\/site\\\/wp-content\\\/uploads\\\/2023\\\/01\\\/notibras23.png\",\"contentUrl\":\"https:\\\/\\\/www.notibras.com\\\/site\\\/wp-content\\\/uploads\\\/2023\\\/01\\\/notibras23.png\",\"width\":350,\"height\":87,\"caption\":\"Grupo Notibras de Comunica\u00e7\u00e3o\"},\"image\":{\"@id\":\"https:\\\/\\\/www.notibras.com\\\/site\\\/#\\\/schema\\\/logo\\\/image\\\/\"},\"sameAs\":[\"https:\\\/\\\/www.facebook.com\\\/notibras\\\/\",\"https:\\\/\\\/x.com\\\/Notibras\",\"https:\\\/\\\/www.instagram.com\\\/notibras\\\/\"]},{\"@type\":\"Person\",\"@id\":\"https:\\\/\\\/www.notibras.com\\\/site\\\/#\\\/schema\\\/person\\\/36ab0979449956132d3e5b517ea76ac8\",\"name\":\"Reda\u00e7\u00e3o\",\"image\":{\"@type\":\"ImageObject\",\"inLanguage\":\"pt-BR\",\"@id\":\"https:\\\/\\\/secure.gravatar.com\\\/avatar\\\/e0a867bdedb85fd243eadf09663511f96fc81e0720a4a42581f334ad4303aa6b?s=96&d=mm&r=g\",\"url\":\"https:\\\/\\\/secure.gravatar.com\\\/avatar\\\/e0a867bdedb85fd243eadf09663511f96fc81e0720a4a42581f334ad4303aa6b?s=96&d=mm&r=g\",\"contentUrl\":\"https:\\\/\\\/secure.gravatar.com\\\/avatar\\\/e0a867bdedb85fd243eadf09663511f96fc81e0720a4a42581f334ad4303aa6b?s=96&d=mm&r=g\",\"caption\":\"Reda\u00e7\u00e3o\"}}]}<\/script>\n<!-- \/ Yoast SEO plugin. -->","yoast_head_json":{"title":"Reuni\u00e3o sobre maioridade penal acaba em confus\u00e3o - Notibras","robots":{"index":"index","follow":"follow","max-snippet":"max-snippet:-1","max-image-preview":"max-image-preview:large","max-video-preview":"max-video-preview:-1"},"canonical":"https:\/\/www.notibras.com\/site\/confusao-marca-reuniao-para-discutir-reducao-da-maioridade-penal\/","og_locale":"pt_BR","og_type":"article","og_title":"Reuni\u00e3o sobre maioridade penal acaba em confus\u00e3o - Notibras","og_description":"A audi\u00eancia p\u00fablica da Comiss\u00e3o de Constitui\u00e7\u00e3o e Justi\u00e7a (CCJ) da C\u00e2mara destinada a debater a admissibilidade da proposta de emenda \u00e0 Constitui\u00e7\u00e3o (PEC) que reduz a maioridade penal dos atuais 18 para 16 anos foi encerrada em fun\u00e7\u00e3o de tumultos envolvendo deputados e manifestantes. O presidente da CCJ, deputado Arthur Lira (PP-AL), chegou a [&hellip;]","og_url":"https:\/\/www.notibras.com\/site\/confusao-marca-reuniao-para-discutir-reducao-da-maioridade-penal\/","og_site_name":"Notibras","article_publisher":"https:\/\/www.facebook.com\/notibras\/","article_published_time":"2015-03-25T00:00:00+00:00","article_modified_time":"2015-03-25T03:07:13+00:00","og_image":[{"width":1071,"height":720,"url":"https:\/\/www.notibras.com\/site\/wp-content\/uploads\/2015\/03\/penal.jpg","type":"image\/jpeg"}],"author":"Reda\u00e7\u00e3o","twitter_card":"summary_large_image","twitter_creator":"@Notibras","twitter_site":"@Notibras","twitter_misc":{"Escrito por":"Reda\u00e7\u00e3o","Est. tempo de leitura":"2 minutos"},"schema":{"@context":"https:\/\/schema.org","@graph":[{"@type":"Article","@id":"https:\/\/www.notibras.com\/site\/confusao-marca-reuniao-para-discutir-reducao-da-maioridade-penal\/#article","isPartOf":{"@id":"https:\/\/www.notibras.com\/site\/confusao-marca-reuniao-para-discutir-reducao-da-maioridade-penal\/"},"author":{"name":"Reda\u00e7\u00e3o","@id":"https:\/\/www.notibras.com\/site\/#\/schema\/person\/36ab0979449956132d3e5b517ea76ac8"},"headline":"Reuni\u00e3o sobre maioridade penal acaba em confus\u00e3o","datePublished":"2015-03-25T00:00:00+00:00","dateModified":"2015-03-25T03:07:13+00:00","mainEntityOfPage":{"@id":"https:\/\/www.notibras.com\/site\/confusao-marca-reuniao-para-discutir-reducao-da-maioridade-penal\/"},"wordCount":410,"commentCount":0,"publisher":{"@id":"https:\/\/www.notibras.com\/site\/#organization"},"image":{"@id":"https:\/\/www.notibras.com\/site\/confusao-marca-reuniao-para-discutir-reducao-da-maioridade-penal\/#primaryimage"},"thumbnailUrl":"https:\/\/www.notibras.com\/site\/wp-content\/uploads\/2015\/03\/penal.jpg","articleSection":["Brasil"],"inLanguage":"pt-BR","potentialAction":[{"@type":"CommentAction","name":"Comment","target":["https:\/\/www.notibras.com\/site\/confusao-marca-reuniao-para-discutir-reducao-da-maioridade-penal\/#respond"]}]},{"@type":"WebPage","@id":"https:\/\/www.notibras.com\/site\/confusao-marca-reuniao-para-discutir-reducao-da-maioridade-penal\/","url":"https:\/\/www.notibras.com\/site\/confusao-marca-reuniao-para-discutir-reducao-da-maioridade-penal\/","name":"Reuni\u00e3o sobre maioridade penal acaba em confus\u00e3o - Notibras","isPartOf":{"@id":"https:\/\/www.notibras.com\/site\/#website"},"primaryImageOfPage":{"@id":"https:\/\/www.notibras.com\/site\/confusao-marca-reuniao-para-discutir-reducao-da-maioridade-penal\/#primaryimage"},"image":{"@id":"https:\/\/www.notibras.com\/site\/confusao-marca-reuniao-para-discutir-reducao-da-maioridade-penal\/#primaryimage"},"thumbnailUrl":"https:\/\/www.notibras.com\/site\/wp-content\/uploads\/2015\/03\/penal.jpg","datePublished":"2015-03-25T00:00:00+00:00","dateModified":"2015-03-25T03:07:13+00:00","breadcrumb":{"@id":"https:\/\/www.notibras.com\/site\/confusao-marca-reuniao-para-discutir-reducao-da-maioridade-penal\/#breadcrumb"},"inLanguage":"pt-BR","potentialAction":[{"@type":"ReadAction","target":["https:\/\/www.notibras.com\/site\/confusao-marca-reuniao-para-discutir-reducao-da-maioridade-penal\/"]}]},{"@type":"ImageObject","inLanguage":"pt-BR","@id":"https:\/\/www.notibras.com\/site\/confusao-marca-reuniao-para-discutir-reducao-da-maioridade-penal\/#primaryimage","url":"https:\/\/www.notibras.com\/site\/wp-content\/uploads\/2015\/03\/penal.jpg","contentUrl":"https:\/\/www.notibras.com\/site\/wp-content\/uploads\/2015\/03\/penal.jpg","width":1071,"height":720},{"@type":"BreadcrumbList","@id":"https:\/\/www.notibras.com\/site\/confusao-marca-reuniao-para-discutir-reducao-da-maioridade-penal\/#breadcrumb","itemListElement":[{"@type":"ListItem","position":1,"name":"In\u00edcio","item":"https:\/\/www.notibras.com\/site\/"},{"@type":"ListItem","position":2,"name":"Reuni\u00e3o sobre maioridade penal acaba em confus\u00e3o"}]},{"@type":"WebSite","@id":"https:\/\/www.notibras.com\/site\/#website","url":"https:\/\/www.notibras.com\/site\/","name":"Notibras","description":"Not\u00edcias de Bras\u00edlia, do Brasil e do Mundo","publisher":{"@id":"https:\/\/www.notibras.com\/site\/#organization"},"potentialAction":[{"@type":"SearchAction","target":{"@type":"EntryPoint","urlTemplate":"https:\/\/www.notibras.com\/site\/?s={search_term_string}"},"query-input":{"@type":"PropertyValueSpecification","valueRequired":true,"valueName":"search_term_string"}}],"inLanguage":"pt-BR"},{"@type":"Organization","@id":"https:\/\/www.notibras.com\/site\/#organization","name":"Grupo Notibras de Comunica\u00e7\u00e3o","url":"https:\/\/www.notibras.com\/site\/","logo":{"@type":"ImageObject","inLanguage":"pt-BR","@id":"https:\/\/www.notibras.com\/site\/#\/schema\/logo\/image\/","url":"https:\/\/www.notibras.com\/site\/wp-content\/uploads\/2023\/01\/notibras23.png","contentUrl":"https:\/\/www.notibras.com\/site\/wp-content\/uploads\/2023\/01\/notibras23.png","width":350,"height":87,"caption":"Grupo Notibras de Comunica\u00e7\u00e3o"},"image":{"@id":"https:\/\/www.notibras.com\/site\/#\/schema\/logo\/image\/"},"sameAs":["https:\/\/www.facebook.com\/notibras\/","https:\/\/x.com\/Notibras","https:\/\/www.instagram.com\/notibras\/"]},{"@type":"Person","@id":"https:\/\/www.notibras.com\/site\/#\/schema\/person\/36ab0979449956132d3e5b517ea76ac8","name":"Reda\u00e7\u00e3o","image":{"@type":"ImageObject","inLanguage":"pt-BR","@id":"https:\/\/secure.gravatar.com\/avatar\/e0a867bdedb85fd243eadf09663511f96fc81e0720a4a42581f334ad4303aa6b?s=96&d=mm&r=g","url":"https:\/\/secure.gravatar.com\/avatar\/e0a867bdedb85fd243eadf09663511f96fc81e0720a4a42581f334ad4303aa6b?s=96&d=mm&r=g","contentUrl":"https:\/\/secure.gravatar.com\/avatar\/e0a867bdedb85fd243eadf09663511f96fc81e0720a4a42581f334ad4303aa6b?s=96&d=mm&r=g","caption":"Reda\u00e7\u00e3o"}}]}},"amp_enabled":true,"_links":{"self":[{"href":"https:\/\/www.notibras.com\/site\/wp-json\/wp\/v2\/posts\/41162","targetHints":{"allow":["GET"]}}],"collection":[{"href":"https:\/\/www.notibras.com\/site\/wp-json\/wp\/v2\/posts"}],"about":[{"href":"https:\/\/www.notibras.com\/site\/wp-json\/wp\/v2\/types\/post"}],"author":[{"embeddable":true,"href":"https:\/\/www.notibras.com\/site\/wp-json\/wp\/v2\/users\/2"}],"replies":[{"embeddable":true,"href":"https:\/\/www.notibras.com\/site\/wp-json\/wp\/v2\/comments?post=41162"}],"version-history":[{"count":0,"href":"https:\/\/www.notibras.com\/site\/wp-json\/wp\/v2\/posts\/41162\/revisions"}],"wp:featuredmedia":[{"embeddable":true,"href":"https:\/\/www.notibras.com\/site\/wp-json\/wp\/v2\/media\/41163"}],"wp:attachment":[{"href":"https:\/\/www.notibras.com\/site\/wp-json\/wp\/v2\/media?parent=41162"}],"wp:term":[{"taxonomy":"category","embeddable":true,"href":"https:\/\/www.notibras.com\/site\/wp-json\/wp\/v2\/categories?post=41162"},{"taxonomy":"post_tag","embeddable":true,"href":"https:\/\/www.notibras.com\/site\/wp-json\/wp\/v2\/tags?post=41162"}],"curies":[{"name":"wp","href":"https:\/\/api.w.org\/{rel}","templated":true}]}}