{"id":41311,"date":"2015-03-25T23:35:42","date_gmt":"2015-03-26T02:35:42","guid":{"rendered":"http:\/\/www.notibras.com\/site\/?p=41311"},"modified":"2015-03-25T23:35:42","modified_gmt":"2015-03-26T02:35:42","slug":"internacional-vence-avenida-por-1-a-0-na-volta-de-dalessandro","status":"publish","type":"post","link":"https:\/\/www.notibras.com\/site\/internacional-vence-avenida-por-1-a-0-na-volta-de-dalessandro\/","title":{"rendered":"Internacional vence Avenida por 1 a 0 na volta de d&#8217;Alessandro"},"content":{"rendered":"<div class=\"articleData\">\n<p class=\"text\">Sem encontrar resist\u00eancia do Avenida, o Internacional venceu nesta quarta-feira o duelo v\u00e1lido pela\u00a013\u00aa rodada do Campeonato Ga\u00facho. Diante do seu torcedor no Beira-Rio, o time treinado por Diego Aguirre derrotou os visitantes por apenas 1 a 0, embora tenha dominado a partida inteira. Juan marcou o \u00fanico gol do confronto.<\/p>\n<p class=\"text\">A vit\u00f3ria leva o Inter provisoriamente \u00e0 lideran\u00e7a do Campeonato Ga\u00facho, com 25 pontos, dois a mais que o Gr\u00eamio, que ainda joga nesta rodada. Com nove pontos, o Avenida \u00e9 o vice-lanterna do Estadual e pode cair para a \u00faltima posi\u00e7\u00e3o caso a Uni\u00e3o Frederiquense empate com o Passo Fundo.<\/p>\n<p class=\"text\">Como era de se esperar, o Internacional foi amplamente superior na primeira etapa. Diante de um advers\u00e1rio recuado, o clube da casa insistiu at\u00e9 conseguir sair na frente no marcador aos 41min com o zagueiro Juan, que cabeceou para as redes ap\u00f3s cobran\u00e7a de escanteio feita por D&#8217;Alessandro. Entrando no lugar de Taiberson, o argentino retornou os gramados ap\u00f3s se recuperar de uma les\u00e3o na coxa.<\/p>\n<blockquote>\n<p class=\"text\">Sem for\u00e7as para reagir, o Avenida n\u00e3o amea\u00e7ou o resultado favor\u00e1vel ao clube colorado na etapa complementar. Anderson entrou em campo para o segundo tempo e melhorou\u00a0a qualidade t\u00e9cnica do meio campo dos anfitri\u00f5es ao lado de D&#8217;Alessandro. A combina\u00e7\u00e3o da dupla de meio-campistas com Alex e Eduardo Sasha promoveu trocas de passe envolventes, uma delas conclu\u00edda em um chute forte de Anderson, defendido por Alexandre Vila.<\/p>\n<\/blockquote>\n<p class=\"text\">Na 14\u00aa rodada, o Inter tem como advers\u00e1rio a Uni\u00e3o Frederiquense no Vermelh\u00e3o da Colina, \u00e0s 16h (de Bras\u00edlia) do pr\u00f3ximo domingo. O Avenida encara o Aimor\u00e9 fora de casa \u00e0s 18h do mesmo dia.<\/p>\n<\/div>\n","protected":false},"excerpt":{"rendered":"<p>Sem encontrar resist\u00eancia do Avenida, o Internacional venceu nesta quarta-feira o duelo v\u00e1lido pela\u00a013\u00aa rodada do Campeonato Ga\u00facho. Diante do seu torcedor no Beira-Rio, o time treinado por Diego Aguirre derrotou os visitantes por apenas 1 a 0, embora tenha dominado a partida inteira. Juan marcou o \u00fanico gol do confronto. A vit\u00f3ria leva o [&hellip;]<\/p>\n","protected":false},"author":2,"featured_media":41314,"comment_status":"open","ping_status":"closed","sticky":false,"template":"","format":"standard","meta":{"_acf_changed":false,"footnotes":""},"categories":[19,29],"tags":[],"class_list":["post-41311","post","type-post","status-publish","format-standard","has-post-thumbnail","hentry","category-esportes","category-futebol"],"acf":[],"yoast_head":"<!-- This site is optimized with the Yoast SEO plugin v27.2 - https:\/\/yoast.com\/product\/yoast-seo-wordpress\/ -->\n<title>Internacional vence Avenida por 1 a 0 na volta de d&#039;Alessandro - Notibras<\/title>\n<meta name=\"robots\" content=\"index, follow, max-snippet:-1, max-image-preview:large, max-video-preview:-1\" \/>\n<link rel=\"canonical\" href=\"https:\/\/www.notibras.com\/site\/internacional-vence-avenida-por-1-a-0-na-volta-de-dalessandro\/\" \/>\n<meta property=\"og:locale\" content=\"pt_BR\" \/>\n<meta property=\"og:type\" content=\"article\" \/>\n<meta property=\"og:title\" content=\"Internacional vence Avenida por 1 a 0 na volta de d&#039;Alessandro - Notibras\" \/>\n<meta property=\"og:description\" content=\"Sem encontrar resist\u00eancia do Avenida, o Internacional venceu nesta quarta-feira o duelo v\u00e1lido pela\u00a013\u00aa rodada do Campeonato Ga\u00facho. Diante do seu torcedor no Beira-Rio, o time treinado por Diego Aguirre derrotou os visitantes por apenas 1 a 0, embora tenha dominado a partida inteira. Juan marcou o \u00fanico gol do confronto. A vit\u00f3ria leva o [&hellip;]\" \/>\n<meta property=\"og:url\" content=\"https:\/\/www.notibras.com\/site\/internacional-vence-avenida-por-1-a-0-na-volta-de-dalessandro\/\" \/>\n<meta property=\"og:site_name\" content=\"Notibras\" \/>\n<meta property=\"article:publisher\" content=\"https:\/\/www.facebook.com\/notibras\/\" \/>\n<meta property=\"article:published_time\" content=\"2015-03-26T02:35:42+00:00\" \/>\n<meta property=\"og:image\" content=\"https:\/\/www.notibras.com\/site\/wp-content\/uploads\/2015\/03\/da25.jpg\" \/>\n\t<meta property=\"og:image:width\" content=\"460\" \/>\n\t<meta property=\"og:image:height\" content=\"322\" \/>\n\t<meta property=\"og:image:type\" content=\"image\/jpeg\" \/>\n<meta name=\"author\" content=\"Reda\u00e7\u00e3o\" \/>\n<meta name=\"twitter:card\" content=\"summary_large_image\" \/>\n<meta name=\"twitter:creator\" content=\"@Notibras\" \/>\n<meta name=\"twitter:site\" content=\"@Notibras\" \/>\n<meta name=\"twitter:label1\" content=\"Escrito por\" \/>\n\t<meta name=\"twitter:data1\" content=\"Reda\u00e7\u00e3o\" \/>\n\t<meta name=\"twitter:label2\" content=\"Est. tempo de leitura\" \/>\n\t<meta name=\"twitter:data2\" content=\"1 minuto\" \/>\n<script type=\"application\/ld+json\" class=\"yoast-schema-graph\">{\"@context\":\"https:\/\/schema.org\",\"@graph\":[{\"@type\":\"Article\",\"@id\":\"https:\/\/www.notibras.com\/site\/internacional-vence-avenida-por-1-a-0-na-volta-de-dalessandro\/#article\",\"isPartOf\":{\"@id\":\"https:\/\/www.notibras.com\/site\/internacional-vence-avenida-por-1-a-0-na-volta-de-dalessandro\/\"},\"author\":{\"name\":\"Reda\u00e7\u00e3o\",\"@id\":\"https:\/\/www.notibras.com\/site\/#\/schema\/person\/36ab0979449956132d3e5b517ea76ac8\"},\"headline\":\"Internacional vence Avenida por 1 a 0 na volta de d&#8217;Alessandro\",\"datePublished\":\"2015-03-26T02:35:42+00:00\",\"mainEntityOfPage\":{\"@id\":\"https:\/\/www.notibras.com\/site\/internacional-vence-avenida-por-1-a-0-na-volta-de-dalessandro\/\"},\"wordCount\":301,\"commentCount\":0,\"publisher\":{\"@id\":\"https:\/\/www.notibras.com\/site\/#organization\"},\"image\":{\"@id\":\"https:\/\/www.notibras.com\/site\/internacional-vence-avenida-por-1-a-0-na-volta-de-dalessandro\/#primaryimage\"},\"thumbnailUrl\":\"https:\/\/www.notibras.com\/site\/wp-content\/uploads\/2015\/03\/da25.jpg\",\"articleSection\":[\"Esportes\",\"Futebol\"],\"inLanguage\":\"pt-BR\",\"potentialAction\":[{\"@type\":\"CommentAction\",\"name\":\"Comment\",\"target\":[\"https:\/\/www.notibras.com\/site\/internacional-vence-avenida-por-1-a-0-na-volta-de-dalessandro\/#respond\"]}]},{\"@type\":\"WebPage\",\"@id\":\"https:\/\/www.notibras.com\/site\/internacional-vence-avenida-por-1-a-0-na-volta-de-dalessandro\/\",\"url\":\"https:\/\/www.notibras.com\/site\/internacional-vence-avenida-por-1-a-0-na-volta-de-dalessandro\/\",\"name\":\"Internacional vence Avenida por 1 a 0 na volta de d'Alessandro - Notibras\",\"isPartOf\":{\"@id\":\"https:\/\/www.notibras.com\/site\/#website\"},\"primaryImageOfPage\":{\"@id\":\"https:\/\/www.notibras.com\/site\/internacional-vence-avenida-por-1-a-0-na-volta-de-dalessandro\/#primaryimage\"},\"image\":{\"@id\":\"https:\/\/www.notibras.com\/site\/internacional-vence-avenida-por-1-a-0-na-volta-de-dalessandro\/#primaryimage\"},\"thumbnailUrl\":\"https:\/\/www.notibras.com\/site\/wp-content\/uploads\/2015\/03\/da25.jpg\",\"datePublished\":\"2015-03-26T02:35:42+00:00\",\"breadcrumb\":{\"@id\":\"https:\/\/www.notibras.com\/site\/internacional-vence-avenida-por-1-a-0-na-volta-de-dalessandro\/#breadcrumb\"},\"inLanguage\":\"pt-BR\",\"potentialAction\":[{\"@type\":\"ReadAction\",\"target\":[\"https:\/\/www.notibras.com\/site\/internacional-vence-avenida-por-1-a-0-na-volta-de-dalessandro\/\"]}]},{\"@type\":\"ImageObject\",\"inLanguage\":\"pt-BR\",\"@id\":\"https:\/\/www.notibras.com\/site\/internacional-vence-avenida-por-1-a-0-na-volta-de-dalessandro\/#primaryimage\",\"url\":\"https:\/\/www.notibras.com\/site\/wp-content\/uploads\/2015\/03\/da25.jpg\",\"contentUrl\":\"https:\/\/www.notibras.com\/site\/wp-content\/uploads\/2015\/03\/da25.jpg\",\"width\":460,\"height\":322},{\"@type\":\"BreadcrumbList\",\"@id\":\"https:\/\/www.notibras.com\/site\/internacional-vence-avenida-por-1-a-0-na-volta-de-dalessandro\/#breadcrumb\",\"itemListElement\":[{\"@type\":\"ListItem\",\"position\":1,\"name\":\"In\u00edcio\",\"item\":\"https:\/\/www.notibras.com\/site\/\"},{\"@type\":\"ListItem\",\"position\":2,\"name\":\"Internacional vence Avenida por 1 a 0 na volta de d&#8217;Alessandro\"}]},{\"@type\":\"WebSite\",\"@id\":\"https:\/\/www.notibras.com\/site\/#website\",\"url\":\"https:\/\/www.notibras.com\/site\/\",\"name\":\"Notibras\",\"description\":\"Not\u00edcias de Bras\u00edlia, do Brasil e do Mundo\",\"publisher\":{\"@id\":\"https:\/\/www.notibras.com\/site\/#organization\"},\"potentialAction\":[{\"@type\":\"SearchAction\",\"target\":{\"@type\":\"EntryPoint\",\"urlTemplate\":\"https:\/\/www.notibras.com\/site\/?s={search_term_string}\"},\"query-input\":{\"@type\":\"PropertyValueSpecification\",\"valueRequired\":true,\"valueName\":\"search_term_string\"}}],\"inLanguage\":\"pt-BR\"},{\"@type\":\"Organization\",\"@id\":\"https:\/\/www.notibras.com\/site\/#organization\",\"name\":\"Grupo Notibras de Comunica\u00e7\u00e3o\",\"url\":\"https:\/\/www.notibras.com\/site\/\",\"logo\":{\"@type\":\"ImageObject\",\"inLanguage\":\"pt-BR\",\"@id\":\"https:\/\/www.notibras.com\/site\/#\/schema\/logo\/image\/\",\"url\":\"https:\/\/www.notibras.com\/site\/wp-content\/uploads\/2023\/01\/notibras23.png\",\"contentUrl\":\"https:\/\/www.notibras.com\/site\/wp-content\/uploads\/2023\/01\/notibras23.png\",\"width\":350,\"height\":87,\"caption\":\"Grupo Notibras de Comunica\u00e7\u00e3o\"},\"image\":{\"@id\":\"https:\/\/www.notibras.com\/site\/#\/schema\/logo\/image\/\"},\"sameAs\":[\"https:\/\/www.facebook.com\/notibras\/\",\"https:\/\/x.com\/Notibras\",\"https:\/\/www.instagram.com\/notibras\/\"]},{\"@type\":\"Person\",\"@id\":\"https:\/\/www.notibras.com\/site\/#\/schema\/person\/36ab0979449956132d3e5b517ea76ac8\",\"name\":\"Reda\u00e7\u00e3o\",\"image\":{\"@type\":\"ImageObject\",\"inLanguage\":\"pt-BR\",\"@id\":\"https:\/\/secure.gravatar.com\/avatar\/e0a867bdedb85fd243eadf09663511f96fc81e0720a4a42581f334ad4303aa6b?s=96&d=mm&r=g\",\"url\":\"https:\/\/secure.gravatar.com\/avatar\/e0a867bdedb85fd243eadf09663511f96fc81e0720a4a42581f334ad4303aa6b?s=96&d=mm&r=g\",\"contentUrl\":\"https:\/\/secure.gravatar.com\/avatar\/e0a867bdedb85fd243eadf09663511f96fc81e0720a4a42581f334ad4303aa6b?s=96&d=mm&r=g\",\"caption\":\"Reda\u00e7\u00e3o\"}}]}<\/script>\n<!-- \/ Yoast SEO plugin. -->","yoast_head_json":{"title":"Internacional vence Avenida por 1 a 0 na volta de d'Alessandro - Notibras","robots":{"index":"index","follow":"follow","max-snippet":"max-snippet:-1","max-image-preview":"max-image-preview:large","max-video-preview":"max-video-preview:-1"},"canonical":"https:\/\/www.notibras.com\/site\/internacional-vence-avenida-por-1-a-0-na-volta-de-dalessandro\/","og_locale":"pt_BR","og_type":"article","og_title":"Internacional vence Avenida por 1 a 0 na volta de d'Alessandro - Notibras","og_description":"Sem encontrar resist\u00eancia do Avenida, o Internacional venceu nesta quarta-feira o duelo v\u00e1lido pela\u00a013\u00aa rodada do Campeonato Ga\u00facho. Diante do seu torcedor no Beira-Rio, o time treinado por Diego Aguirre derrotou os visitantes por apenas 1 a 0, embora tenha dominado a partida inteira. Juan marcou o \u00fanico gol do confronto. A vit\u00f3ria leva o [&hellip;]","og_url":"https:\/\/www.notibras.com\/site\/internacional-vence-avenida-por-1-a-0-na-volta-de-dalessandro\/","og_site_name":"Notibras","article_publisher":"https:\/\/www.facebook.com\/notibras\/","article_published_time":"2015-03-26T02:35:42+00:00","og_image":[{"width":460,"height":322,"url":"https:\/\/www.notibras.com\/site\/wp-content\/uploads\/2015\/03\/da25.jpg","type":"image\/jpeg"}],"author":"Reda\u00e7\u00e3o","twitter_card":"summary_large_image","twitter_creator":"@Notibras","twitter_site":"@Notibras","twitter_misc":{"Escrito por":"Reda\u00e7\u00e3o","Est. tempo de leitura":"1 minuto"},"schema":{"@context":"https:\/\/schema.org","@graph":[{"@type":"Article","@id":"https:\/\/www.notibras.com\/site\/internacional-vence-avenida-por-1-a-0-na-volta-de-dalessandro\/#article","isPartOf":{"@id":"https:\/\/www.notibras.com\/site\/internacional-vence-avenida-por-1-a-0-na-volta-de-dalessandro\/"},"author":{"name":"Reda\u00e7\u00e3o","@id":"https:\/\/www.notibras.com\/site\/#\/schema\/person\/36ab0979449956132d3e5b517ea76ac8"},"headline":"Internacional vence Avenida por 1 a 0 na volta de d&#8217;Alessandro","datePublished":"2015-03-26T02:35:42+00:00","mainEntityOfPage":{"@id":"https:\/\/www.notibras.com\/site\/internacional-vence-avenida-por-1-a-0-na-volta-de-dalessandro\/"},"wordCount":301,"commentCount":0,"publisher":{"@id":"https:\/\/www.notibras.com\/site\/#organization"},"image":{"@id":"https:\/\/www.notibras.com\/site\/internacional-vence-avenida-por-1-a-0-na-volta-de-dalessandro\/#primaryimage"},"thumbnailUrl":"https:\/\/www.notibras.com\/site\/wp-content\/uploads\/2015\/03\/da25.jpg","articleSection":["Esportes","Futebol"],"inLanguage":"pt-BR","potentialAction":[{"@type":"CommentAction","name":"Comment","target":["https:\/\/www.notibras.com\/site\/internacional-vence-avenida-por-1-a-0-na-volta-de-dalessandro\/#respond"]}]},{"@type":"WebPage","@id":"https:\/\/www.notibras.com\/site\/internacional-vence-avenida-por-1-a-0-na-volta-de-dalessandro\/","url":"https:\/\/www.notibras.com\/site\/internacional-vence-avenida-por-1-a-0-na-volta-de-dalessandro\/","name":"Internacional vence Avenida por 1 a 0 na volta de d'Alessandro - Notibras","isPartOf":{"@id":"https:\/\/www.notibras.com\/site\/#website"},"primaryImageOfPage":{"@id":"https:\/\/www.notibras.com\/site\/internacional-vence-avenida-por-1-a-0-na-volta-de-dalessandro\/#primaryimage"},"image":{"@id":"https:\/\/www.notibras.com\/site\/internacional-vence-avenida-por-1-a-0-na-volta-de-dalessandro\/#primaryimage"},"thumbnailUrl":"https:\/\/www.notibras.com\/site\/wp-content\/uploads\/2015\/03\/da25.jpg","datePublished":"2015-03-26T02:35:42+00:00","breadcrumb":{"@id":"https:\/\/www.notibras.com\/site\/internacional-vence-avenida-por-1-a-0-na-volta-de-dalessandro\/#breadcrumb"},"inLanguage":"pt-BR","potentialAction":[{"@type":"ReadAction","target":["https:\/\/www.notibras.com\/site\/internacional-vence-avenida-por-1-a-0-na-volta-de-dalessandro\/"]}]},{"@type":"ImageObject","inLanguage":"pt-BR","@id":"https:\/\/www.notibras.com\/site\/internacional-vence-avenida-por-1-a-0-na-volta-de-dalessandro\/#primaryimage","url":"https:\/\/www.notibras.com\/site\/wp-content\/uploads\/2015\/03\/da25.jpg","contentUrl":"https:\/\/www.notibras.com\/site\/wp-content\/uploads\/2015\/03\/da25.jpg","width":460,"height":322},{"@type":"BreadcrumbList","@id":"https:\/\/www.notibras.com\/site\/internacional-vence-avenida-por-1-a-0-na-volta-de-dalessandro\/#breadcrumb","itemListElement":[{"@type":"ListItem","position":1,"name":"In\u00edcio","item":"https:\/\/www.notibras.com\/site\/"},{"@type":"ListItem","position":2,"name":"Internacional vence Avenida por 1 a 0 na volta de d&#8217;Alessandro"}]},{"@type":"WebSite","@id":"https:\/\/www.notibras.com\/site\/#website","url":"https:\/\/www.notibras.com\/site\/","name":"Notibras","description":"Not\u00edcias de Bras\u00edlia, do Brasil e do Mundo","publisher":{"@id":"https:\/\/www.notibras.com\/site\/#organization"},"potentialAction":[{"@type":"SearchAction","target":{"@type":"EntryPoint","urlTemplate":"https:\/\/www.notibras.com\/site\/?s={search_term_string}"},"query-input":{"@type":"PropertyValueSpecification","valueRequired":true,"valueName":"search_term_string"}}],"inLanguage":"pt-BR"},{"@type":"Organization","@id":"https:\/\/www.notibras.com\/site\/#organization","name":"Grupo Notibras de Comunica\u00e7\u00e3o","url":"https:\/\/www.notibras.com\/site\/","logo":{"@type":"ImageObject","inLanguage":"pt-BR","@id":"https:\/\/www.notibras.com\/site\/#\/schema\/logo\/image\/","url":"https:\/\/www.notibras.com\/site\/wp-content\/uploads\/2023\/01\/notibras23.png","contentUrl":"https:\/\/www.notibras.com\/site\/wp-content\/uploads\/2023\/01\/notibras23.png","width":350,"height":87,"caption":"Grupo Notibras de Comunica\u00e7\u00e3o"},"image":{"@id":"https:\/\/www.notibras.com\/site\/#\/schema\/logo\/image\/"},"sameAs":["https:\/\/www.facebook.com\/notibras\/","https:\/\/x.com\/Notibras","https:\/\/www.instagram.com\/notibras\/"]},{"@type":"Person","@id":"https:\/\/www.notibras.com\/site\/#\/schema\/person\/36ab0979449956132d3e5b517ea76ac8","name":"Reda\u00e7\u00e3o","image":{"@type":"ImageObject","inLanguage":"pt-BR","@id":"https:\/\/secure.gravatar.com\/avatar\/e0a867bdedb85fd243eadf09663511f96fc81e0720a4a42581f334ad4303aa6b?s=96&d=mm&r=g","url":"https:\/\/secure.gravatar.com\/avatar\/e0a867bdedb85fd243eadf09663511f96fc81e0720a4a42581f334ad4303aa6b?s=96&d=mm&r=g","contentUrl":"https:\/\/secure.gravatar.com\/avatar\/e0a867bdedb85fd243eadf09663511f96fc81e0720a4a42581f334ad4303aa6b?s=96&d=mm&r=g","caption":"Reda\u00e7\u00e3o"}}]}},"amp_enabled":true,"_links":{"self":[{"href":"https:\/\/www.notibras.com\/site\/wp-json\/wp\/v2\/posts\/41311","targetHints":{"allow":["GET"]}}],"collection":[{"href":"https:\/\/www.notibras.com\/site\/wp-json\/wp\/v2\/posts"}],"about":[{"href":"https:\/\/www.notibras.com\/site\/wp-json\/wp\/v2\/types\/post"}],"author":[{"embeddable":true,"href":"https:\/\/www.notibras.com\/site\/wp-json\/wp\/v2\/users\/2"}],"replies":[{"embeddable":true,"href":"https:\/\/www.notibras.com\/site\/wp-json\/wp\/v2\/comments?post=41311"}],"version-history":[{"count":0,"href":"https:\/\/www.notibras.com\/site\/wp-json\/wp\/v2\/posts\/41311\/revisions"}],"wp:featuredmedia":[{"embeddable":true,"href":"https:\/\/www.notibras.com\/site\/wp-json\/wp\/v2\/media\/41314"}],"wp:attachment":[{"href":"https:\/\/www.notibras.com\/site\/wp-json\/wp\/v2\/media?parent=41311"}],"wp:term":[{"taxonomy":"category","embeddable":true,"href":"https:\/\/www.notibras.com\/site\/wp-json\/wp\/v2\/categories?post=41311"},{"taxonomy":"post_tag","embeddable":true,"href":"https:\/\/www.notibras.com\/site\/wp-json\/wp\/v2\/tags?post=41311"}],"curies":[{"name":"wp","href":"https:\/\/api.w.org\/{rel}","templated":true}]}}