{"id":41316,"date":"2015-03-26T00:12:19","date_gmt":"2015-03-26T03:12:19","guid":{"rendered":"http:\/\/www.notibras.com\/site\/?p=41316"},"modified":"2015-03-26T00:12:19","modified_gmt":"2015-03-26T03:12:19","slug":"bangu-perde-mas-marca-e-tira-do-fla-gostinho-de-amanhecer-lider","status":"publish","type":"post","link":"https:\/\/www.notibras.com\/site\/bangu-perde-mas-marca-e-tira-do-fla-gostinho-de-amanhecer-lider\/","title":{"rendered":"Bangu perde, mas marca e tira do Fla gostinho de amanhecer l\u00edder"},"content":{"rendered":"<p>O Flamengo derrotou nesta quarta-feira o Bangu no Maracan\u00e3 por 2 a 1, em partida v\u00e1lida pela 12\u00aa rodada do Campeonato Carioca que ficou marcada pelo dom\u00ednio do time rubro-negro. Alecsandro e Par\u00e1 fizeram os gols do time da casa, enquanto Matheus Pimenta descontou para os visitantes.<\/p>\n<p class=\"text\">Em um Maracan\u00e3 repleto de assentos vazios, o Flamengo foi superior, aproveitando principalmente os espa\u00e7os pelas laterais do campo, mas encontrou dificuldades para entrar na \u00e1rea no primeiro tempo. Diante de um advers\u00e1rio retra\u00eddo, os comandados de Luxemburgo tiveram que esperar at\u00e9 o come\u00e7o da etapa complementar para construir o placar.<\/p>\n<blockquote>\n<p class=\"text\">O primeiro gol flamenguista saiu aos 6min, ap\u00f3s uma investida pela direita com Marcelo Cirino, que cruzou na medida para Alecsandro tirar do goleiro M\u00e1rcio e abrir o marcador. Dois minutos depois, Par\u00e1 recebeu livre dentro da \u00e1rea e tocou rasteiro para ampliar a vantagem.<\/p>\n<\/blockquote>\n<p class=\"text\">O resultado levou o Flamengo aos 29 pontos, mesmo n\u00famero do l\u00edder Botafogo, que leva vantagem no saldo de gols. O Bangu segue com 16 pontos, na oitava coloca\u00e7\u00e3o.<\/p>\n","protected":false},"excerpt":{"rendered":"<p>O Flamengo derrotou nesta quarta-feira o Bangu no Maracan\u00e3 por 2 a 1, em partida v\u00e1lida pela 12\u00aa rodada do Campeonato Carioca que ficou marcada pelo dom\u00ednio do time rubro-negro. Alecsandro e Par\u00e1 fizeram os gols do time da casa, enquanto Matheus Pimenta descontou para os visitantes. Em um Maracan\u00e3 repleto de assentos vazios, o [&hellip;]<\/p>\n","protected":false},"author":2,"featured_media":41317,"comment_status":"open","ping_status":"closed","sticky":false,"template":"","format":"standard","meta":{"_acf_changed":false,"footnotes":""},"categories":[19,29],"tags":[],"class_list":["post-41316","post","type-post","status-publish","format-standard","has-post-thumbnail","hentry","category-esportes","category-futebol"],"acf":[],"yoast_head":"<!-- This site is optimized with the Yoast SEO plugin v27.2 - https:\/\/yoast.com\/product\/yoast-seo-wordpress\/ -->\n<title>Bangu perde, mas marca e tira do Fla gostinho de amanhecer l\u00edder - Notibras<\/title>\n<meta name=\"robots\" content=\"index, follow, max-snippet:-1, max-image-preview:large, max-video-preview:-1\" \/>\n<link rel=\"canonical\" href=\"https:\/\/www.notibras.com\/site\/bangu-perde-mas-marca-e-tira-do-fla-gostinho-de-amanhecer-lider\/\" \/>\n<meta property=\"og:locale\" content=\"pt_BR\" \/>\n<meta property=\"og:type\" content=\"article\" \/>\n<meta property=\"og:title\" content=\"Bangu perde, mas marca e tira do Fla gostinho de amanhecer l\u00edder - Notibras\" \/>\n<meta property=\"og:description\" content=\"O Flamengo derrotou nesta quarta-feira o Bangu no Maracan\u00e3 por 2 a 1, em partida v\u00e1lida pela 12\u00aa rodada do Campeonato Carioca que ficou marcada pelo dom\u00ednio do time rubro-negro. Alecsandro e Par\u00e1 fizeram os gols do time da casa, enquanto Matheus Pimenta descontou para os visitantes. Em um Maracan\u00e3 repleto de assentos vazios, o [&hellip;]\" \/>\n<meta property=\"og:url\" content=\"https:\/\/www.notibras.com\/site\/bangu-perde-mas-marca-e-tira-do-fla-gostinho-de-amanhecer-lider\/\" \/>\n<meta property=\"og:site_name\" content=\"Notibras\" \/>\n<meta property=\"article:publisher\" content=\"https:\/\/www.facebook.com\/notibras\/\" \/>\n<meta property=\"article:published_time\" content=\"2015-03-26T03:12:19+00:00\" \/>\n<meta property=\"og:image\" content=\"https:\/\/www.notibras.com\/site\/wp-content\/uploads\/2015\/03\/alecsandrolancegolpedromartinsagif.jpg\" \/>\n\t<meta property=\"og:image:width\" content=\"460\" \/>\n\t<meta property=\"og:image:height\" content=\"306\" \/>\n\t<meta property=\"og:image:type\" content=\"image\/jpeg\" \/>\n<meta name=\"author\" content=\"Reda\u00e7\u00e3o\" \/>\n<meta name=\"twitter:card\" content=\"summary_large_image\" \/>\n<meta name=\"twitter:creator\" content=\"@Notibras\" \/>\n<meta name=\"twitter:site\" content=\"@Notibras\" \/>\n<meta name=\"twitter:label1\" content=\"Escrito por\" \/>\n\t<meta name=\"twitter:data1\" content=\"Reda\u00e7\u00e3o\" \/>\n\t<meta name=\"twitter:label2\" content=\"Est. tempo de leitura\" \/>\n\t<meta name=\"twitter:data2\" content=\"1 minuto\" \/>\n<script type=\"application\/ld+json\" class=\"yoast-schema-graph\">{\"@context\":\"https:\/\/schema.org\",\"@graph\":[{\"@type\":\"Article\",\"@id\":\"https:\/\/www.notibras.com\/site\/bangu-perde-mas-marca-e-tira-do-fla-gostinho-de-amanhecer-lider\/#article\",\"isPartOf\":{\"@id\":\"https:\/\/www.notibras.com\/site\/bangu-perde-mas-marca-e-tira-do-fla-gostinho-de-amanhecer-lider\/\"},\"author\":{\"name\":\"Reda\u00e7\u00e3o\",\"@id\":\"https:\/\/www.notibras.com\/site\/#\/schema\/person\/36ab0979449956132d3e5b517ea76ac8\"},\"headline\":\"Bangu perde, mas marca e tira do Fla gostinho de amanhecer l\u00edder\",\"datePublished\":\"2015-03-26T03:12:19+00:00\",\"mainEntityOfPage\":{\"@id\":\"https:\/\/www.notibras.com\/site\/bangu-perde-mas-marca-e-tira-do-fla-gostinho-de-amanhecer-lider\/\"},\"wordCount\":191,\"commentCount\":0,\"publisher\":{\"@id\":\"https:\/\/www.notibras.com\/site\/#organization\"},\"image\":{\"@id\":\"https:\/\/www.notibras.com\/site\/bangu-perde-mas-marca-e-tira-do-fla-gostinho-de-amanhecer-lider\/#primaryimage\"},\"thumbnailUrl\":\"https:\/\/www.notibras.com\/site\/wp-content\/uploads\/2015\/03\/alecsandrolancegolpedromartinsagif.jpg\",\"articleSection\":[\"Esportes\",\"Futebol\"],\"inLanguage\":\"pt-BR\",\"potentialAction\":[{\"@type\":\"CommentAction\",\"name\":\"Comment\",\"target\":[\"https:\/\/www.notibras.com\/site\/bangu-perde-mas-marca-e-tira-do-fla-gostinho-de-amanhecer-lider\/#respond\"]}]},{\"@type\":\"WebPage\",\"@id\":\"https:\/\/www.notibras.com\/site\/bangu-perde-mas-marca-e-tira-do-fla-gostinho-de-amanhecer-lider\/\",\"url\":\"https:\/\/www.notibras.com\/site\/bangu-perde-mas-marca-e-tira-do-fla-gostinho-de-amanhecer-lider\/\",\"name\":\"Bangu perde, mas marca e tira do Fla gostinho de amanhecer l\u00edder - Notibras\",\"isPartOf\":{\"@id\":\"https:\/\/www.notibras.com\/site\/#website\"},\"primaryImageOfPage\":{\"@id\":\"https:\/\/www.notibras.com\/site\/bangu-perde-mas-marca-e-tira-do-fla-gostinho-de-amanhecer-lider\/#primaryimage\"},\"image\":{\"@id\":\"https:\/\/www.notibras.com\/site\/bangu-perde-mas-marca-e-tira-do-fla-gostinho-de-amanhecer-lider\/#primaryimage\"},\"thumbnailUrl\":\"https:\/\/www.notibras.com\/site\/wp-content\/uploads\/2015\/03\/alecsandrolancegolpedromartinsagif.jpg\",\"datePublished\":\"2015-03-26T03:12:19+00:00\",\"breadcrumb\":{\"@id\":\"https:\/\/www.notibras.com\/site\/bangu-perde-mas-marca-e-tira-do-fla-gostinho-de-amanhecer-lider\/#breadcrumb\"},\"inLanguage\":\"pt-BR\",\"potentialAction\":[{\"@type\":\"ReadAction\",\"target\":[\"https:\/\/www.notibras.com\/site\/bangu-perde-mas-marca-e-tira-do-fla-gostinho-de-amanhecer-lider\/\"]}]},{\"@type\":\"ImageObject\",\"inLanguage\":\"pt-BR\",\"@id\":\"https:\/\/www.notibras.com\/site\/bangu-perde-mas-marca-e-tira-do-fla-gostinho-de-amanhecer-lider\/#primaryimage\",\"url\":\"https:\/\/www.notibras.com\/site\/wp-content\/uploads\/2015\/03\/alecsandrolancegolpedromartinsagif.jpg\",\"contentUrl\":\"https:\/\/www.notibras.com\/site\/wp-content\/uploads\/2015\/03\/alecsandrolancegolpedromartinsagif.jpg\",\"width\":460,\"height\":306},{\"@type\":\"BreadcrumbList\",\"@id\":\"https:\/\/www.notibras.com\/site\/bangu-perde-mas-marca-e-tira-do-fla-gostinho-de-amanhecer-lider\/#breadcrumb\",\"itemListElement\":[{\"@type\":\"ListItem\",\"position\":1,\"name\":\"In\u00edcio\",\"item\":\"https:\/\/www.notibras.com\/site\/\"},{\"@type\":\"ListItem\",\"position\":2,\"name\":\"Bangu perde, mas marca e tira do Fla gostinho de amanhecer l\u00edder\"}]},{\"@type\":\"WebSite\",\"@id\":\"https:\/\/www.notibras.com\/site\/#website\",\"url\":\"https:\/\/www.notibras.com\/site\/\",\"name\":\"Notibras\",\"description\":\"Not\u00edcias de Bras\u00edlia, do Brasil e do Mundo\",\"publisher\":{\"@id\":\"https:\/\/www.notibras.com\/site\/#organization\"},\"potentialAction\":[{\"@type\":\"SearchAction\",\"target\":{\"@type\":\"EntryPoint\",\"urlTemplate\":\"https:\/\/www.notibras.com\/site\/?s={search_term_string}\"},\"query-input\":{\"@type\":\"PropertyValueSpecification\",\"valueRequired\":true,\"valueName\":\"search_term_string\"}}],\"inLanguage\":\"pt-BR\"},{\"@type\":\"Organization\",\"@id\":\"https:\/\/www.notibras.com\/site\/#organization\",\"name\":\"Grupo Notibras de Comunica\u00e7\u00e3o\",\"url\":\"https:\/\/www.notibras.com\/site\/\",\"logo\":{\"@type\":\"ImageObject\",\"inLanguage\":\"pt-BR\",\"@id\":\"https:\/\/www.notibras.com\/site\/#\/schema\/logo\/image\/\",\"url\":\"https:\/\/www.notibras.com\/site\/wp-content\/uploads\/2023\/01\/notibras23.png\",\"contentUrl\":\"https:\/\/www.notibras.com\/site\/wp-content\/uploads\/2023\/01\/notibras23.png\",\"width\":350,\"height\":87,\"caption\":\"Grupo Notibras de Comunica\u00e7\u00e3o\"},\"image\":{\"@id\":\"https:\/\/www.notibras.com\/site\/#\/schema\/logo\/image\/\"},\"sameAs\":[\"https:\/\/www.facebook.com\/notibras\/\",\"https:\/\/x.com\/Notibras\",\"https:\/\/www.instagram.com\/notibras\/\"]},{\"@type\":\"Person\",\"@id\":\"https:\/\/www.notibras.com\/site\/#\/schema\/person\/36ab0979449956132d3e5b517ea76ac8\",\"name\":\"Reda\u00e7\u00e3o\",\"image\":{\"@type\":\"ImageObject\",\"inLanguage\":\"pt-BR\",\"@id\":\"https:\/\/secure.gravatar.com\/avatar\/e0a867bdedb85fd243eadf09663511f96fc81e0720a4a42581f334ad4303aa6b?s=96&d=mm&r=g\",\"url\":\"https:\/\/secure.gravatar.com\/avatar\/e0a867bdedb85fd243eadf09663511f96fc81e0720a4a42581f334ad4303aa6b?s=96&d=mm&r=g\",\"contentUrl\":\"https:\/\/secure.gravatar.com\/avatar\/e0a867bdedb85fd243eadf09663511f96fc81e0720a4a42581f334ad4303aa6b?s=96&d=mm&r=g\",\"caption\":\"Reda\u00e7\u00e3o\"}}]}<\/script>\n<!-- \/ Yoast SEO plugin. -->","yoast_head_json":{"title":"Bangu perde, mas marca e tira do Fla gostinho de amanhecer l\u00edder - Notibras","robots":{"index":"index","follow":"follow","max-snippet":"max-snippet:-1","max-image-preview":"max-image-preview:large","max-video-preview":"max-video-preview:-1"},"canonical":"https:\/\/www.notibras.com\/site\/bangu-perde-mas-marca-e-tira-do-fla-gostinho-de-amanhecer-lider\/","og_locale":"pt_BR","og_type":"article","og_title":"Bangu perde, mas marca e tira do Fla gostinho de amanhecer l\u00edder - Notibras","og_description":"O Flamengo derrotou nesta quarta-feira o Bangu no Maracan\u00e3 por 2 a 1, em partida v\u00e1lida pela 12\u00aa rodada do Campeonato Carioca que ficou marcada pelo dom\u00ednio do time rubro-negro. Alecsandro e Par\u00e1 fizeram os gols do time da casa, enquanto Matheus Pimenta descontou para os visitantes. Em um Maracan\u00e3 repleto de assentos vazios, o [&hellip;]","og_url":"https:\/\/www.notibras.com\/site\/bangu-perde-mas-marca-e-tira-do-fla-gostinho-de-amanhecer-lider\/","og_site_name":"Notibras","article_publisher":"https:\/\/www.facebook.com\/notibras\/","article_published_time":"2015-03-26T03:12:19+00:00","og_image":[{"width":460,"height":306,"url":"https:\/\/www.notibras.com\/site\/wp-content\/uploads\/2015\/03\/alecsandrolancegolpedromartinsagif.jpg","type":"image\/jpeg"}],"author":"Reda\u00e7\u00e3o","twitter_card":"summary_large_image","twitter_creator":"@Notibras","twitter_site":"@Notibras","twitter_misc":{"Escrito por":"Reda\u00e7\u00e3o","Est. tempo de leitura":"1 minuto"},"schema":{"@context":"https:\/\/schema.org","@graph":[{"@type":"Article","@id":"https:\/\/www.notibras.com\/site\/bangu-perde-mas-marca-e-tira-do-fla-gostinho-de-amanhecer-lider\/#article","isPartOf":{"@id":"https:\/\/www.notibras.com\/site\/bangu-perde-mas-marca-e-tira-do-fla-gostinho-de-amanhecer-lider\/"},"author":{"name":"Reda\u00e7\u00e3o","@id":"https:\/\/www.notibras.com\/site\/#\/schema\/person\/36ab0979449956132d3e5b517ea76ac8"},"headline":"Bangu perde, mas marca e tira do Fla gostinho de amanhecer l\u00edder","datePublished":"2015-03-26T03:12:19+00:00","mainEntityOfPage":{"@id":"https:\/\/www.notibras.com\/site\/bangu-perde-mas-marca-e-tira-do-fla-gostinho-de-amanhecer-lider\/"},"wordCount":191,"commentCount":0,"publisher":{"@id":"https:\/\/www.notibras.com\/site\/#organization"},"image":{"@id":"https:\/\/www.notibras.com\/site\/bangu-perde-mas-marca-e-tira-do-fla-gostinho-de-amanhecer-lider\/#primaryimage"},"thumbnailUrl":"https:\/\/www.notibras.com\/site\/wp-content\/uploads\/2015\/03\/alecsandrolancegolpedromartinsagif.jpg","articleSection":["Esportes","Futebol"],"inLanguage":"pt-BR","potentialAction":[{"@type":"CommentAction","name":"Comment","target":["https:\/\/www.notibras.com\/site\/bangu-perde-mas-marca-e-tira-do-fla-gostinho-de-amanhecer-lider\/#respond"]}]},{"@type":"WebPage","@id":"https:\/\/www.notibras.com\/site\/bangu-perde-mas-marca-e-tira-do-fla-gostinho-de-amanhecer-lider\/","url":"https:\/\/www.notibras.com\/site\/bangu-perde-mas-marca-e-tira-do-fla-gostinho-de-amanhecer-lider\/","name":"Bangu perde, mas marca e tira do Fla gostinho de amanhecer l\u00edder - Notibras","isPartOf":{"@id":"https:\/\/www.notibras.com\/site\/#website"},"primaryImageOfPage":{"@id":"https:\/\/www.notibras.com\/site\/bangu-perde-mas-marca-e-tira-do-fla-gostinho-de-amanhecer-lider\/#primaryimage"},"image":{"@id":"https:\/\/www.notibras.com\/site\/bangu-perde-mas-marca-e-tira-do-fla-gostinho-de-amanhecer-lider\/#primaryimage"},"thumbnailUrl":"https:\/\/www.notibras.com\/site\/wp-content\/uploads\/2015\/03\/alecsandrolancegolpedromartinsagif.jpg","datePublished":"2015-03-26T03:12:19+00:00","breadcrumb":{"@id":"https:\/\/www.notibras.com\/site\/bangu-perde-mas-marca-e-tira-do-fla-gostinho-de-amanhecer-lider\/#breadcrumb"},"inLanguage":"pt-BR","potentialAction":[{"@type":"ReadAction","target":["https:\/\/www.notibras.com\/site\/bangu-perde-mas-marca-e-tira-do-fla-gostinho-de-amanhecer-lider\/"]}]},{"@type":"ImageObject","inLanguage":"pt-BR","@id":"https:\/\/www.notibras.com\/site\/bangu-perde-mas-marca-e-tira-do-fla-gostinho-de-amanhecer-lider\/#primaryimage","url":"https:\/\/www.notibras.com\/site\/wp-content\/uploads\/2015\/03\/alecsandrolancegolpedromartinsagif.jpg","contentUrl":"https:\/\/www.notibras.com\/site\/wp-content\/uploads\/2015\/03\/alecsandrolancegolpedromartinsagif.jpg","width":460,"height":306},{"@type":"BreadcrumbList","@id":"https:\/\/www.notibras.com\/site\/bangu-perde-mas-marca-e-tira-do-fla-gostinho-de-amanhecer-lider\/#breadcrumb","itemListElement":[{"@type":"ListItem","position":1,"name":"In\u00edcio","item":"https:\/\/www.notibras.com\/site\/"},{"@type":"ListItem","position":2,"name":"Bangu perde, mas marca e tira do Fla gostinho de amanhecer l\u00edder"}]},{"@type":"WebSite","@id":"https:\/\/www.notibras.com\/site\/#website","url":"https:\/\/www.notibras.com\/site\/","name":"Notibras","description":"Not\u00edcias de Bras\u00edlia, do Brasil e do Mundo","publisher":{"@id":"https:\/\/www.notibras.com\/site\/#organization"},"potentialAction":[{"@type":"SearchAction","target":{"@type":"EntryPoint","urlTemplate":"https:\/\/www.notibras.com\/site\/?s={search_term_string}"},"query-input":{"@type":"PropertyValueSpecification","valueRequired":true,"valueName":"search_term_string"}}],"inLanguage":"pt-BR"},{"@type":"Organization","@id":"https:\/\/www.notibras.com\/site\/#organization","name":"Grupo Notibras de Comunica\u00e7\u00e3o","url":"https:\/\/www.notibras.com\/site\/","logo":{"@type":"ImageObject","inLanguage":"pt-BR","@id":"https:\/\/www.notibras.com\/site\/#\/schema\/logo\/image\/","url":"https:\/\/www.notibras.com\/site\/wp-content\/uploads\/2023\/01\/notibras23.png","contentUrl":"https:\/\/www.notibras.com\/site\/wp-content\/uploads\/2023\/01\/notibras23.png","width":350,"height":87,"caption":"Grupo Notibras de Comunica\u00e7\u00e3o"},"image":{"@id":"https:\/\/www.notibras.com\/site\/#\/schema\/logo\/image\/"},"sameAs":["https:\/\/www.facebook.com\/notibras\/","https:\/\/x.com\/Notibras","https:\/\/www.instagram.com\/notibras\/"]},{"@type":"Person","@id":"https:\/\/www.notibras.com\/site\/#\/schema\/person\/36ab0979449956132d3e5b517ea76ac8","name":"Reda\u00e7\u00e3o","image":{"@type":"ImageObject","inLanguage":"pt-BR","@id":"https:\/\/secure.gravatar.com\/avatar\/e0a867bdedb85fd243eadf09663511f96fc81e0720a4a42581f334ad4303aa6b?s=96&d=mm&r=g","url":"https:\/\/secure.gravatar.com\/avatar\/e0a867bdedb85fd243eadf09663511f96fc81e0720a4a42581f334ad4303aa6b?s=96&d=mm&r=g","contentUrl":"https:\/\/secure.gravatar.com\/avatar\/e0a867bdedb85fd243eadf09663511f96fc81e0720a4a42581f334ad4303aa6b?s=96&d=mm&r=g","caption":"Reda\u00e7\u00e3o"}}]}},"amp_enabled":true,"_links":{"self":[{"href":"https:\/\/www.notibras.com\/site\/wp-json\/wp\/v2\/posts\/41316","targetHints":{"allow":["GET"]}}],"collection":[{"href":"https:\/\/www.notibras.com\/site\/wp-json\/wp\/v2\/posts"}],"about":[{"href":"https:\/\/www.notibras.com\/site\/wp-json\/wp\/v2\/types\/post"}],"author":[{"embeddable":true,"href":"https:\/\/www.notibras.com\/site\/wp-json\/wp\/v2\/users\/2"}],"replies":[{"embeddable":true,"href":"https:\/\/www.notibras.com\/site\/wp-json\/wp\/v2\/comments?post=41316"}],"version-history":[{"count":0,"href":"https:\/\/www.notibras.com\/site\/wp-json\/wp\/v2\/posts\/41316\/revisions"}],"wp:featuredmedia":[{"embeddable":true,"href":"https:\/\/www.notibras.com\/site\/wp-json\/wp\/v2\/media\/41317"}],"wp:attachment":[{"href":"https:\/\/www.notibras.com\/site\/wp-json\/wp\/v2\/media?parent=41316"}],"wp:term":[{"taxonomy":"category","embeddable":true,"href":"https:\/\/www.notibras.com\/site\/wp-json\/wp\/v2\/categories?post=41316"},{"taxonomy":"post_tag","embeddable":true,"href":"https:\/\/www.notibras.com\/site\/wp-json\/wp\/v2\/tags?post=41316"}],"curies":[{"name":"wp","href":"https:\/\/api.w.org\/{rel}","templated":true}]}}