{"id":41348,"date":"2015-03-26T09:52:18","date_gmt":"2015-03-26T12:52:18","guid":{"rendered":"http:\/\/www.notibras.com\/site\/?p=41348"},"modified":"2015-03-26T17:00:58","modified_gmt":"2015-03-26T20:00:58","slug":"morre-no-rio-aos-89-anos-o-humorista-jorge-loredo-o-ze-bonitinho","status":"publish","type":"post","link":"https:\/\/www.notibras.com\/site\/morre-no-rio-aos-89-anos-o-humorista-jorge-loredo-o-ze-bonitinho\/","title":{"rendered":"Morre no Rio aos 89 anos ator Jorge Loredo, o &#8216;Z\u00e9 Bonitinho&#8217;"},"content":{"rendered":"<p>Morreu na manh\u00e3 desta quinta-feira (26) no Rio de Janeiro o humorista Jorge Loredo, o Z\u00e9 Bonitinho, de 89 anos. Ele estava internado desde fevereiro no Hospital S\u00e3o Lucas, que confirmou a informa\u00e7\u00e3o ao SBT.<\/p>\n<p>Conhecido por personagens c\u00f4micos, principalmente o Z\u00e9 Bonitinho, o ator fez sucesso com os esquetes do programa &#8220;A Pra\u00e7a \u00c9 Nossa&#8221;, no SBT. Jorge Loredo estava na ativa at\u00e9 2 anos atr\u00e1s, fazendo shows com o seu n\u00famero humor\u00edstico.<\/p>\n<p>Z\u00e9 Bonitinho foi lembrado no desfile da Uni\u00e3o da Ilha na \u00faltima segunda, cujo enredo falou sobre as v\u00e1rias formas de beleza e criticou o culto ao corpo.<\/p>\n<blockquote><p>Nascido em 7 de maio de 1925, Loredo se descobriu ator ap\u00f3s o que parecia uma trag\u00e9dia. Internado aos 20 anos de idade devido a uma tuberculose, ele come\u00e7ou a frequentar o grupo de teatro do hospital por conselho de um m\u00e9dico, e assim apaixonou-se pela atua\u00e7\u00e3o.<\/p><\/blockquote>\n<p>Ap\u00f3s se restabelecer, o ent\u00e3o jovem Jorge se dedicou \u00e0 carreira de ator, mas n\u00e3o imaginava que enveredaria pelos caminhos do humor. Tendo seu primeiro papel no mon\u00f3logo &#8220;Como Pedir uma Mo\u00e7a em Casamento&#8221;, o sucesso e o talento para o riso o fizeram mudar de ideia, e assim nascia o comediante.<\/p>\n<p>O personagem mais conhecido de Loredo surgiu muito antes de suas participa\u00e7\u00f5es na televis\u00e3o. Ainda nos palcos, ele se inspirou em um amigo chamado Jarbas para criar o Z\u00e9 Bonitinho, um pretenso garanh\u00e3o que sempre falhava na hora H por j\u00e1 ter beijado muitas mulheres naquele dia.<\/p>\n<p>A estreia do papel na telinha foi h\u00e1 55 anos, em 1960. O roteirista dos primeiras esquetes de Z\u00e9 Bonitinho foi ningu\u00e9m menos que Chico Anysio, para o programa &#8220;Noites Cariocas&#8221;. No entanto, Jorge Loredo j\u00e1 havia ganhado destaque um ano antes como o Mendigo Fil\u00f3sofo, no programa &#8220;A Pra\u00e7a da Alegria&#8221;.<\/p>\n<p>Desde 1959, ele atuou em 12 filmes, dentre os quais &#8220;Sem Essa, Aranha&#8221;, de 1970, &#8220;O Abismo&#8221;, de 1977, &#8220;Chega de Saudade&#8221;, de 2008, e &#8220;O Palha\u00e7o&#8221;, de 2011, que t\u00eam grande destaque no cinema nacional, al\u00e9m de &#8220;C\u00e2mera, Close&#8221;, document\u00e1rio do qual ele foi o tema em 2005.<\/p>\n","protected":false},"excerpt":{"rendered":"<p>Morreu na manh\u00e3 desta quinta-feira (26) no Rio de Janeiro o humorista Jorge Loredo, o Z\u00e9 Bonitinho, de 89 anos. Ele estava internado desde fevereiro no Hospital S\u00e3o Lucas, que confirmou a informa\u00e7\u00e3o ao SBT. Conhecido por personagens c\u00f4micos, principalmente o Z\u00e9 Bonitinho, o ator fez sucesso com os esquetes do programa &#8220;A Pra\u00e7a \u00c9 [&hellip;]<\/p>\n","protected":false},"author":1,"featured_media":41349,"comment_status":"open","ping_status":"closed","sticky":false,"template":"","format":"standard","meta":{"_acf_changed":false,"footnotes":""},"categories":[16],"tags":[],"class_list":["post-41348","post","type-post","status-publish","format-standard","has-post-thumbnail","hentry","category-brasil"],"acf":[],"yoast_head":"<!-- This site is optimized with the Yoast SEO plugin v27.5 - https:\/\/yoast.com\/product\/yoast-seo-wordpress\/ -->\n<title>Morre no Rio aos 89 anos ator Jorge Loredo, o &#039;Z\u00e9 Bonitinho&#039; - Notibras<\/title>\n<meta name=\"robots\" content=\"index, follow, max-snippet:-1, max-image-preview:large, max-video-preview:-1\" \/>\n<link rel=\"canonical\" href=\"https:\/\/www.notibras.com\/site\/morre-no-rio-aos-89-anos-o-humorista-jorge-loredo-o-ze-bonitinho\/\" \/>\n<meta property=\"og:locale\" content=\"pt_BR\" \/>\n<meta property=\"og:type\" content=\"article\" \/>\n<meta property=\"og:title\" content=\"Morre no Rio aos 89 anos ator Jorge Loredo, o &#039;Z\u00e9 Bonitinho&#039; - Notibras\" \/>\n<meta property=\"og:description\" content=\"Morreu na manh\u00e3 desta quinta-feira (26) no Rio de Janeiro o humorista Jorge Loredo, o Z\u00e9 Bonitinho, de 89 anos. Ele estava internado desde fevereiro no Hospital S\u00e3o Lucas, que confirmou a informa\u00e7\u00e3o ao SBT. Conhecido por personagens c\u00f4micos, principalmente o Z\u00e9 Bonitinho, o ator fez sucesso com os esquetes do programa &#8220;A Pra\u00e7a \u00c9 [&hellip;]\" \/>\n<meta property=\"og:url\" content=\"https:\/\/www.notibras.com\/site\/morre-no-rio-aos-89-anos-o-humorista-jorge-loredo-o-ze-bonitinho\/\" \/>\n<meta property=\"og:site_name\" content=\"Notibras\" \/>\n<meta property=\"article:publisher\" content=\"https:\/\/www.facebook.com\/notibras\/\" \/>\n<meta property=\"article:published_time\" content=\"2015-03-26T12:52:18+00:00\" \/>\n<meta property=\"article:modified_time\" content=\"2015-03-26T20:00:58+00:00\" \/>\n<meta property=\"og:image\" content=\"https:\/\/www.notibras.com\/site\/wp-content\/uploads\/2015\/03\/Sem-t\u00edtulo-15.jpg\" \/>\n\t<meta property=\"og:image:width\" content=\"560\" \/>\n\t<meta property=\"og:image:height\" content=\"400\" \/>\n\t<meta property=\"og:image:type\" content=\"image\/jpeg\" \/>\n<meta name=\"author\" content=\"Reda\u00e7\u00e3o\" \/>\n<meta name=\"twitter:card\" content=\"summary_large_image\" \/>\n<meta name=\"twitter:creator\" content=\"@Notibras\" \/>\n<meta name=\"twitter:site\" content=\"@Notibras\" \/>\n<meta name=\"twitter:label1\" content=\"Escrito por\" \/>\n\t<meta name=\"twitter:data1\" content=\"Reda\u00e7\u00e3o\" \/>\n\t<meta name=\"twitter:label2\" content=\"Est. tempo de leitura\" \/>\n\t<meta name=\"twitter:data2\" content=\"2 minutos\" \/>\n<script type=\"application\/ld+json\" class=\"yoast-schema-graph\">{\"@context\":\"https:\\\/\\\/schema.org\",\"@graph\":[{\"@type\":\"Article\",\"@id\":\"https:\\\/\\\/www.notibras.com\\\/site\\\/morre-no-rio-aos-89-anos-o-humorista-jorge-loredo-o-ze-bonitinho\\\/#article\",\"isPartOf\":{\"@id\":\"https:\\\/\\\/www.notibras.com\\\/site\\\/morre-no-rio-aos-89-anos-o-humorista-jorge-loredo-o-ze-bonitinho\\\/\"},\"author\":{\"name\":\"Reda\u00e7\u00e3o\",\"@id\":\"https:\\\/\\\/www.notibras.com\\\/site\\\/#\\\/schema\\\/person\\\/00b8e1aa08f9ef6563e878c5159d01cf\"},\"headline\":\"Morre no Rio aos 89 anos ator Jorge Loredo, o &#8216;Z\u00e9 Bonitinho&#8217;\",\"datePublished\":\"2015-03-26T12:52:18+00:00\",\"dateModified\":\"2015-03-26T20:00:58+00:00\",\"mainEntityOfPage\":{\"@id\":\"https:\\\/\\\/www.notibras.com\\\/site\\\/morre-no-rio-aos-89-anos-o-humorista-jorge-loredo-o-ze-bonitinho\\\/\"},\"wordCount\":373,\"commentCount\":0,\"publisher\":{\"@id\":\"https:\\\/\\\/www.notibras.com\\\/site\\\/#organization\"},\"image\":{\"@id\":\"https:\\\/\\\/www.notibras.com\\\/site\\\/morre-no-rio-aos-89-anos-o-humorista-jorge-loredo-o-ze-bonitinho\\\/#primaryimage\"},\"thumbnailUrl\":\"https:\\\/\\\/www.notibras.com\\\/site\\\/wp-content\\\/uploads\\\/2015\\\/03\\\/Sem-t\u00edtulo-15.jpg\",\"articleSection\":[\"Brasil\"],\"inLanguage\":\"pt-BR\",\"potentialAction\":[{\"@type\":\"CommentAction\",\"name\":\"Comment\",\"target\":[\"https:\\\/\\\/www.notibras.com\\\/site\\\/morre-no-rio-aos-89-anos-o-humorista-jorge-loredo-o-ze-bonitinho\\\/#respond\"]}]},{\"@type\":\"WebPage\",\"@id\":\"https:\\\/\\\/www.notibras.com\\\/site\\\/morre-no-rio-aos-89-anos-o-humorista-jorge-loredo-o-ze-bonitinho\\\/\",\"url\":\"https:\\\/\\\/www.notibras.com\\\/site\\\/morre-no-rio-aos-89-anos-o-humorista-jorge-loredo-o-ze-bonitinho\\\/\",\"name\":\"Morre no Rio aos 89 anos ator Jorge Loredo, o 'Z\u00e9 Bonitinho' - Notibras\",\"isPartOf\":{\"@id\":\"https:\\\/\\\/www.notibras.com\\\/site\\\/#website\"},\"primaryImageOfPage\":{\"@id\":\"https:\\\/\\\/www.notibras.com\\\/site\\\/morre-no-rio-aos-89-anos-o-humorista-jorge-loredo-o-ze-bonitinho\\\/#primaryimage\"},\"image\":{\"@id\":\"https:\\\/\\\/www.notibras.com\\\/site\\\/morre-no-rio-aos-89-anos-o-humorista-jorge-loredo-o-ze-bonitinho\\\/#primaryimage\"},\"thumbnailUrl\":\"https:\\\/\\\/www.notibras.com\\\/site\\\/wp-content\\\/uploads\\\/2015\\\/03\\\/Sem-t\u00edtulo-15.jpg\",\"datePublished\":\"2015-03-26T12:52:18+00:00\",\"dateModified\":\"2015-03-26T20:00:58+00:00\",\"breadcrumb\":{\"@id\":\"https:\\\/\\\/www.notibras.com\\\/site\\\/morre-no-rio-aos-89-anos-o-humorista-jorge-loredo-o-ze-bonitinho\\\/#breadcrumb\"},\"inLanguage\":\"pt-BR\",\"potentialAction\":[{\"@type\":\"ReadAction\",\"target\":[\"https:\\\/\\\/www.notibras.com\\\/site\\\/morre-no-rio-aos-89-anos-o-humorista-jorge-loredo-o-ze-bonitinho\\\/\"]}]},{\"@type\":\"ImageObject\",\"inLanguage\":\"pt-BR\",\"@id\":\"https:\\\/\\\/www.notibras.com\\\/site\\\/morre-no-rio-aos-89-anos-o-humorista-jorge-loredo-o-ze-bonitinho\\\/#primaryimage\",\"url\":\"https:\\\/\\\/www.notibras.com\\\/site\\\/wp-content\\\/uploads\\\/2015\\\/03\\\/Sem-t\u00edtulo-15.jpg\",\"contentUrl\":\"https:\\\/\\\/www.notibras.com\\\/site\\\/wp-content\\\/uploads\\\/2015\\\/03\\\/Sem-t\u00edtulo-15.jpg\",\"width\":560,\"height\":400},{\"@type\":\"BreadcrumbList\",\"@id\":\"https:\\\/\\\/www.notibras.com\\\/site\\\/morre-no-rio-aos-89-anos-o-humorista-jorge-loredo-o-ze-bonitinho\\\/#breadcrumb\",\"itemListElement\":[{\"@type\":\"ListItem\",\"position\":1,\"name\":\"In\u00edcio\",\"item\":\"https:\\\/\\\/www.notibras.com\\\/site\\\/\"},{\"@type\":\"ListItem\",\"position\":2,\"name\":\"Morre no Rio aos 89 anos ator Jorge Loredo, o &#8216;Z\u00e9 Bonitinho&#8217;\"}]},{\"@type\":\"WebSite\",\"@id\":\"https:\\\/\\\/www.notibras.com\\\/site\\\/#website\",\"url\":\"https:\\\/\\\/www.notibras.com\\\/site\\\/\",\"name\":\"Notibras\",\"description\":\"Not\u00edcias de Bras\u00edlia, do Brasil e do Mundo\",\"publisher\":{\"@id\":\"https:\\\/\\\/www.notibras.com\\\/site\\\/#organization\"},\"potentialAction\":[{\"@type\":\"SearchAction\",\"target\":{\"@type\":\"EntryPoint\",\"urlTemplate\":\"https:\\\/\\\/www.notibras.com\\\/site\\\/?s={search_term_string}\"},\"query-input\":{\"@type\":\"PropertyValueSpecification\",\"valueRequired\":true,\"valueName\":\"search_term_string\"}}],\"inLanguage\":\"pt-BR\"},{\"@type\":\"Organization\",\"@id\":\"https:\\\/\\\/www.notibras.com\\\/site\\\/#organization\",\"name\":\"Grupo Notibras de Comunica\u00e7\u00e3o\",\"url\":\"https:\\\/\\\/www.notibras.com\\\/site\\\/\",\"logo\":{\"@type\":\"ImageObject\",\"inLanguage\":\"pt-BR\",\"@id\":\"https:\\\/\\\/www.notibras.com\\\/site\\\/#\\\/schema\\\/logo\\\/image\\\/\",\"url\":\"https:\\\/\\\/www.notibras.com\\\/site\\\/wp-content\\\/uploads\\\/2023\\\/01\\\/notibras23.png\",\"contentUrl\":\"https:\\\/\\\/www.notibras.com\\\/site\\\/wp-content\\\/uploads\\\/2023\\\/01\\\/notibras23.png\",\"width\":350,\"height\":87,\"caption\":\"Grupo Notibras de Comunica\u00e7\u00e3o\"},\"image\":{\"@id\":\"https:\\\/\\\/www.notibras.com\\\/site\\\/#\\\/schema\\\/logo\\\/image\\\/\"},\"sameAs\":[\"https:\\\/\\\/www.facebook.com\\\/notibras\\\/\",\"https:\\\/\\\/x.com\\\/Notibras\",\"https:\\\/\\\/www.instagram.com\\\/notibras\\\/\"]},{\"@type\":\"Person\",\"@id\":\"https:\\\/\\\/www.notibras.com\\\/site\\\/#\\\/schema\\\/person\\\/00b8e1aa08f9ef6563e878c5159d01cf\",\"name\":\"Reda\u00e7\u00e3o\",\"image\":{\"@type\":\"ImageObject\",\"inLanguage\":\"pt-BR\",\"@id\":\"https:\\\/\\\/secure.gravatar.com\\\/avatar\\\/ac5a707d5b47784a5ed426c6e213e201423c750890f64e4c379114dade67dfb9?s=96&d=mm&r=g\",\"url\":\"https:\\\/\\\/secure.gravatar.com\\\/avatar\\\/ac5a707d5b47784a5ed426c6e213e201423c750890f64e4c379114dade67dfb9?s=96&d=mm&r=g\",\"contentUrl\":\"https:\\\/\\\/secure.gravatar.com\\\/avatar\\\/ac5a707d5b47784a5ed426c6e213e201423c750890f64e4c379114dade67dfb9?s=96&d=mm&r=g\",\"caption\":\"Reda\u00e7\u00e3o\"}}]}<\/script>\n<!-- \/ Yoast SEO plugin. -->","yoast_head_json":{"title":"Morre no Rio aos 89 anos ator Jorge Loredo, o 'Z\u00e9 Bonitinho' - Notibras","robots":{"index":"index","follow":"follow","max-snippet":"max-snippet:-1","max-image-preview":"max-image-preview:large","max-video-preview":"max-video-preview:-1"},"canonical":"https:\/\/www.notibras.com\/site\/morre-no-rio-aos-89-anos-o-humorista-jorge-loredo-o-ze-bonitinho\/","og_locale":"pt_BR","og_type":"article","og_title":"Morre no Rio aos 89 anos ator Jorge Loredo, o 'Z\u00e9 Bonitinho' - Notibras","og_description":"Morreu na manh\u00e3 desta quinta-feira (26) no Rio de Janeiro o humorista Jorge Loredo, o Z\u00e9 Bonitinho, de 89 anos. Ele estava internado desde fevereiro no Hospital S\u00e3o Lucas, que confirmou a informa\u00e7\u00e3o ao SBT. Conhecido por personagens c\u00f4micos, principalmente o Z\u00e9 Bonitinho, o ator fez sucesso com os esquetes do programa &#8220;A Pra\u00e7a \u00c9 [&hellip;]","og_url":"https:\/\/www.notibras.com\/site\/morre-no-rio-aos-89-anos-o-humorista-jorge-loredo-o-ze-bonitinho\/","og_site_name":"Notibras","article_publisher":"https:\/\/www.facebook.com\/notibras\/","article_published_time":"2015-03-26T12:52:18+00:00","article_modified_time":"2015-03-26T20:00:58+00:00","og_image":[{"width":560,"height":400,"url":"https:\/\/www.notibras.com\/site\/wp-content\/uploads\/2015\/03\/Sem-t\u00edtulo-15.jpg","type":"image\/jpeg"}],"author":"Reda\u00e7\u00e3o","twitter_card":"summary_large_image","twitter_creator":"@Notibras","twitter_site":"@Notibras","twitter_misc":{"Escrito por":"Reda\u00e7\u00e3o","Est. tempo de leitura":"2 minutos"},"schema":{"@context":"https:\/\/schema.org","@graph":[{"@type":"Article","@id":"https:\/\/www.notibras.com\/site\/morre-no-rio-aos-89-anos-o-humorista-jorge-loredo-o-ze-bonitinho\/#article","isPartOf":{"@id":"https:\/\/www.notibras.com\/site\/morre-no-rio-aos-89-anos-o-humorista-jorge-loredo-o-ze-bonitinho\/"},"author":{"name":"Reda\u00e7\u00e3o","@id":"https:\/\/www.notibras.com\/site\/#\/schema\/person\/00b8e1aa08f9ef6563e878c5159d01cf"},"headline":"Morre no Rio aos 89 anos ator Jorge Loredo, o &#8216;Z\u00e9 Bonitinho&#8217;","datePublished":"2015-03-26T12:52:18+00:00","dateModified":"2015-03-26T20:00:58+00:00","mainEntityOfPage":{"@id":"https:\/\/www.notibras.com\/site\/morre-no-rio-aos-89-anos-o-humorista-jorge-loredo-o-ze-bonitinho\/"},"wordCount":373,"commentCount":0,"publisher":{"@id":"https:\/\/www.notibras.com\/site\/#organization"},"image":{"@id":"https:\/\/www.notibras.com\/site\/morre-no-rio-aos-89-anos-o-humorista-jorge-loredo-o-ze-bonitinho\/#primaryimage"},"thumbnailUrl":"https:\/\/www.notibras.com\/site\/wp-content\/uploads\/2015\/03\/Sem-t\u00edtulo-15.jpg","articleSection":["Brasil"],"inLanguage":"pt-BR","potentialAction":[{"@type":"CommentAction","name":"Comment","target":["https:\/\/www.notibras.com\/site\/morre-no-rio-aos-89-anos-o-humorista-jorge-loredo-o-ze-bonitinho\/#respond"]}]},{"@type":"WebPage","@id":"https:\/\/www.notibras.com\/site\/morre-no-rio-aos-89-anos-o-humorista-jorge-loredo-o-ze-bonitinho\/","url":"https:\/\/www.notibras.com\/site\/morre-no-rio-aos-89-anos-o-humorista-jorge-loredo-o-ze-bonitinho\/","name":"Morre no Rio aos 89 anos ator Jorge Loredo, o 'Z\u00e9 Bonitinho' - Notibras","isPartOf":{"@id":"https:\/\/www.notibras.com\/site\/#website"},"primaryImageOfPage":{"@id":"https:\/\/www.notibras.com\/site\/morre-no-rio-aos-89-anos-o-humorista-jorge-loredo-o-ze-bonitinho\/#primaryimage"},"image":{"@id":"https:\/\/www.notibras.com\/site\/morre-no-rio-aos-89-anos-o-humorista-jorge-loredo-o-ze-bonitinho\/#primaryimage"},"thumbnailUrl":"https:\/\/www.notibras.com\/site\/wp-content\/uploads\/2015\/03\/Sem-t\u00edtulo-15.jpg","datePublished":"2015-03-26T12:52:18+00:00","dateModified":"2015-03-26T20:00:58+00:00","breadcrumb":{"@id":"https:\/\/www.notibras.com\/site\/morre-no-rio-aos-89-anos-o-humorista-jorge-loredo-o-ze-bonitinho\/#breadcrumb"},"inLanguage":"pt-BR","potentialAction":[{"@type":"ReadAction","target":["https:\/\/www.notibras.com\/site\/morre-no-rio-aos-89-anos-o-humorista-jorge-loredo-o-ze-bonitinho\/"]}]},{"@type":"ImageObject","inLanguage":"pt-BR","@id":"https:\/\/www.notibras.com\/site\/morre-no-rio-aos-89-anos-o-humorista-jorge-loredo-o-ze-bonitinho\/#primaryimage","url":"https:\/\/www.notibras.com\/site\/wp-content\/uploads\/2015\/03\/Sem-t\u00edtulo-15.jpg","contentUrl":"https:\/\/www.notibras.com\/site\/wp-content\/uploads\/2015\/03\/Sem-t\u00edtulo-15.jpg","width":560,"height":400},{"@type":"BreadcrumbList","@id":"https:\/\/www.notibras.com\/site\/morre-no-rio-aos-89-anos-o-humorista-jorge-loredo-o-ze-bonitinho\/#breadcrumb","itemListElement":[{"@type":"ListItem","position":1,"name":"In\u00edcio","item":"https:\/\/www.notibras.com\/site\/"},{"@type":"ListItem","position":2,"name":"Morre no Rio aos 89 anos ator Jorge Loredo, o &#8216;Z\u00e9 Bonitinho&#8217;"}]},{"@type":"WebSite","@id":"https:\/\/www.notibras.com\/site\/#website","url":"https:\/\/www.notibras.com\/site\/","name":"Notibras","description":"Not\u00edcias de Bras\u00edlia, do Brasil e do Mundo","publisher":{"@id":"https:\/\/www.notibras.com\/site\/#organization"},"potentialAction":[{"@type":"SearchAction","target":{"@type":"EntryPoint","urlTemplate":"https:\/\/www.notibras.com\/site\/?s={search_term_string}"},"query-input":{"@type":"PropertyValueSpecification","valueRequired":true,"valueName":"search_term_string"}}],"inLanguage":"pt-BR"},{"@type":"Organization","@id":"https:\/\/www.notibras.com\/site\/#organization","name":"Grupo Notibras de Comunica\u00e7\u00e3o","url":"https:\/\/www.notibras.com\/site\/","logo":{"@type":"ImageObject","inLanguage":"pt-BR","@id":"https:\/\/www.notibras.com\/site\/#\/schema\/logo\/image\/","url":"https:\/\/www.notibras.com\/site\/wp-content\/uploads\/2023\/01\/notibras23.png","contentUrl":"https:\/\/www.notibras.com\/site\/wp-content\/uploads\/2023\/01\/notibras23.png","width":350,"height":87,"caption":"Grupo Notibras de Comunica\u00e7\u00e3o"},"image":{"@id":"https:\/\/www.notibras.com\/site\/#\/schema\/logo\/image\/"},"sameAs":["https:\/\/www.facebook.com\/notibras\/","https:\/\/x.com\/Notibras","https:\/\/www.instagram.com\/notibras\/"]},{"@type":"Person","@id":"https:\/\/www.notibras.com\/site\/#\/schema\/person\/00b8e1aa08f9ef6563e878c5159d01cf","name":"Reda\u00e7\u00e3o","image":{"@type":"ImageObject","inLanguage":"pt-BR","@id":"https:\/\/secure.gravatar.com\/avatar\/ac5a707d5b47784a5ed426c6e213e201423c750890f64e4c379114dade67dfb9?s=96&d=mm&r=g","url":"https:\/\/secure.gravatar.com\/avatar\/ac5a707d5b47784a5ed426c6e213e201423c750890f64e4c379114dade67dfb9?s=96&d=mm&r=g","contentUrl":"https:\/\/secure.gravatar.com\/avatar\/ac5a707d5b47784a5ed426c6e213e201423c750890f64e4c379114dade67dfb9?s=96&d=mm&r=g","caption":"Reda\u00e7\u00e3o"}}]}},"amp_enabled":true,"_links":{"self":[{"href":"https:\/\/www.notibras.com\/site\/wp-json\/wp\/v2\/posts\/41348","targetHints":{"allow":["GET"]}}],"collection":[{"href":"https:\/\/www.notibras.com\/site\/wp-json\/wp\/v2\/posts"}],"about":[{"href":"https:\/\/www.notibras.com\/site\/wp-json\/wp\/v2\/types\/post"}],"author":[{"embeddable":true,"href":"https:\/\/www.notibras.com\/site\/wp-json\/wp\/v2\/users\/1"}],"replies":[{"embeddable":true,"href":"https:\/\/www.notibras.com\/site\/wp-json\/wp\/v2\/comments?post=41348"}],"version-history":[{"count":0,"href":"https:\/\/www.notibras.com\/site\/wp-json\/wp\/v2\/posts\/41348\/revisions"}],"wp:featuredmedia":[{"embeddable":true,"href":"https:\/\/www.notibras.com\/site\/wp-json\/wp\/v2\/media\/41349"}],"wp:attachment":[{"href":"https:\/\/www.notibras.com\/site\/wp-json\/wp\/v2\/media?parent=41348"}],"wp:term":[{"taxonomy":"category","embeddable":true,"href":"https:\/\/www.notibras.com\/site\/wp-json\/wp\/v2\/categories?post=41348"},{"taxonomy":"post_tag","embeddable":true,"href":"https:\/\/www.notibras.com\/site\/wp-json\/wp\/v2\/tags?post=41348"}],"curies":[{"name":"wp","href":"https:\/\/api.w.org\/{rel}","templated":true}]}}