{"id":41419,"date":"2015-03-26T16:55:39","date_gmt":"2015-03-26T19:55:39","guid":{"rendered":"http:\/\/www.notibras.com\/site\/?p=41419"},"modified":"2015-03-26T23:35:12","modified_gmt":"2015-03-27T02:35:12","slug":"remedios-vao-ficar-ate-8-mais-caros-no-dia-1o-de-abril","status":"publish","type":"post","link":"https:\/\/www.notibras.com\/site\/remedios-vao-ficar-ate-8-mais-caros-no-dia-1o-de-abril\/","title":{"rendered":"Governo libera e rem\u00e9dio vai ficar mais caro dia 1\u00ba de abril"},"content":{"rendered":"<p>Rem\u00e9dios com pre\u00e7os controlados pelo governo dever\u00e3o ter um reajuste entre 5% e 8%, de acordo com a categoria a que pertencem. Os valores, que passam a valer a partir do dia 31, foram calculados pela ind\u00fastria com base nos fatores divulgados nesta quinta-feira pela C\u00e2mara de Regula\u00e7\u00e3o do Mercado de Medicamentos (CMED). As taxas oficiais dever\u00e3o ser anunciadas pelo governo nos pr\u00f3ximos dias, mas dificilmente dever\u00e3o variar em rela\u00e7\u00e3o aos valores calculados agora pelo setor produtivo.<\/p>\n<p>As regras da CMED valem para cerca de 20 mil itens do mercado farmac\u00eautico, como antibi\u00f3ticos. Produtos com alta concorr\u00eancia no mercado, fitoter\u00e1picos e homeop\u00e1ticos n\u00e3o est\u00e3o sujeitos a esses valores. Para esse grupo, o pre\u00e7o pode variar de acordo com a determina\u00e7\u00e3o do fabricante.<\/p>\n<p>A CMED determina tr\u00eas faixas de ajuste, de acordo com a concorr\u00eancia enfrentada pelo produto no mercado. Quanto maior a concorr\u00eancia, maior o porcentual permitido para reajuste. Pelos c\u00e1lculos do setor, para rem\u00e9dios com esse perfil, o reajuste permitido ser\u00e1 de, no m\u00e1ximo, 7,7%. O n\u00edvel intermedi\u00e1rio, de rem\u00e9dios de classes terap\u00eauticas consideradas de concorr\u00eancia mediana, o aumento ser\u00e1 de 6,35%.<\/p>\n<blockquote><p>Para aqueles mais concentrados &#8211; formados por rem\u00e9dios que est\u00e3o ainda protegidos por patentes, como os usados em tratamento de c\u00e2ncer -, o porcentual m\u00e1ximo de aumento ser\u00e1 de 5%. Os porcentuais est\u00e3o bem acima do que os autorizados no ano passado. Em 2014, o aumento m\u00e1ximo foi de 5,68%. Na classe intermedi\u00e1ria, o reajuste concedido foi de 3,35% e o menor, de 1,02%.<\/p><\/blockquote>\n<p>Apesar de maiores do que ano passado, o setor produtivo diz que os porcentuais n\u00e3o rep\u00f5em as perdas e amea\u00e7a demiss\u00f5es no setor caso mudan\u00e7as na proposta sugerida pelo governo no Congresso para desonera\u00e7\u00e3o da folha de pagamento n\u00e3o sejam realizadas. O presidente do Sindicato da Ind\u00fastria de Produtos Farmac\u00eauticos de S\u00e3o Paulo (Sindusfarma), Nelson Mussolini, avalia que, se nada for feito, os cortes come\u00e7am a partir de maio.<\/p>\n<p>&#8220;Desde 2008, o reajuste de pre\u00e7os n\u00e3o \u00e9 suficiente para repor nossas perdas&#8221;, disse. &#8220;A situa\u00e7\u00e3o era administr\u00e1vel. Mas com o aumento do d\u00f3lar, da energia e a redu\u00e7\u00e3o do mercado, o panorama mudou&#8221;, completou. Al\u00e9m da mudan\u00e7a na pol\u00edtica de tributa\u00e7\u00e3o da folha de pagamento, Mussolini citou a negocia\u00e7\u00e3o salarial com a categoria nos pr\u00f3ximos meses como outro fator que pode aumentar a press\u00e3o sobre os custos.<\/p>\n<p>O presidente do Sindusfarma afirma que a expans\u00e3o do mercado consumidor sofreu uma redu\u00e7\u00e3o no ritmo muito significativa nos \u00faltimos meses. &#8220;De janeiro a dezembro, o crescimento havia sido de 13%. O crescimento no per\u00edodo entre fevereiro do ano passado e este ano, no entanto, caiu 8%&#8221;, disse. &#8220;N\u00e3o queremos demitir, mas se houver tributa\u00e7\u00e3o sobre a folha de pagamento e se n\u00e3o houver compreens\u00e3o do trabalhadores da ind\u00fastria no momento da negocia\u00e7\u00e3o do reajuste, teremos de demitir.&#8221;<\/p>\n","protected":false},"excerpt":{"rendered":"<p>Rem\u00e9dios com pre\u00e7os controlados pelo governo dever\u00e3o ter um reajuste entre 5% e 8%, de acordo com a categoria a que pertencem. Os valores, que passam a valer a partir do dia 31, foram calculados pela ind\u00fastria com base nos fatores divulgados nesta quinta-feira pela C\u00e2mara de Regula\u00e7\u00e3o do Mercado de Medicamentos (CMED). As taxas [&hellip;]<\/p>\n","protected":false},"author":2,"featured_media":41420,"comment_status":"open","ping_status":"closed","sticky":false,"template":"","format":"standard","meta":{"_acf_changed":false,"footnotes":""},"categories":[16],"tags":[],"class_list":["post-41419","post","type-post","status-publish","format-standard","has-post-thumbnail","hentry","category-brasil"],"acf":[],"yoast_head":"<!-- This site is optimized with the Yoast SEO plugin v27.5 - https:\/\/yoast.com\/product\/yoast-seo-wordpress\/ -->\n<title>Governo libera e rem\u00e9dio vai ficar mais caro dia 1\u00ba de abril - Notibras<\/title>\n<meta name=\"robots\" content=\"index, follow, max-snippet:-1, max-image-preview:large, max-video-preview:-1\" \/>\n<link rel=\"canonical\" href=\"https:\/\/www.notibras.com\/site\/remedios-vao-ficar-ate-8-mais-caros-no-dia-1o-de-abril\/\" \/>\n<meta property=\"og:locale\" content=\"pt_BR\" \/>\n<meta property=\"og:type\" content=\"article\" \/>\n<meta property=\"og:title\" content=\"Governo libera e rem\u00e9dio vai ficar mais caro dia 1\u00ba de abril - Notibras\" \/>\n<meta property=\"og:description\" content=\"Rem\u00e9dios com pre\u00e7os controlados pelo governo dever\u00e3o ter um reajuste entre 5% e 8%, de acordo com a categoria a que pertencem. Os valores, que passam a valer a partir do dia 31, foram calculados pela ind\u00fastria com base nos fatores divulgados nesta quinta-feira pela C\u00e2mara de Regula\u00e7\u00e3o do Mercado de Medicamentos (CMED). As taxas [&hellip;]\" \/>\n<meta property=\"og:url\" content=\"https:\/\/www.notibras.com\/site\/remedios-vao-ficar-ate-8-mais-caros-no-dia-1o-de-abril\/\" \/>\n<meta property=\"og:site_name\" content=\"Notibras\" \/>\n<meta property=\"article:publisher\" content=\"https:\/\/www.facebook.com\/notibras\/\" \/>\n<meta property=\"article:published_time\" content=\"2015-03-26T19:55:39+00:00\" \/>\n<meta property=\"article:modified_time\" content=\"2015-03-27T02:35:12+00:00\" \/>\n<meta property=\"og:image\" content=\"https:\/\/www.notibras.com\/site\/wp-content\/uploads\/2015\/03\/not_26139_1403873303.jpg\" \/>\n\t<meta property=\"og:image:width\" content=\"530\" \/>\n\t<meta property=\"og:image:height\" content=\"397\" \/>\n\t<meta property=\"og:image:type\" content=\"image\/jpeg\" \/>\n<meta name=\"author\" content=\"Reda\u00e7\u00e3o\" \/>\n<meta name=\"twitter:card\" content=\"summary_large_image\" \/>\n<meta name=\"twitter:creator\" content=\"@Notibras\" \/>\n<meta name=\"twitter:site\" content=\"@Notibras\" \/>\n<meta name=\"twitter:label1\" content=\"Escrito por\" \/>\n\t<meta name=\"twitter:data1\" content=\"Reda\u00e7\u00e3o\" \/>\n\t<meta name=\"twitter:label2\" content=\"Est. tempo de leitura\" \/>\n\t<meta name=\"twitter:data2\" content=\"3 minutos\" \/>\n<script type=\"application\/ld+json\" class=\"yoast-schema-graph\">{\"@context\":\"https:\\\/\\\/schema.org\",\"@graph\":[{\"@type\":\"Article\",\"@id\":\"https:\\\/\\\/www.notibras.com\\\/site\\\/remedios-vao-ficar-ate-8-mais-caros-no-dia-1o-de-abril\\\/#article\",\"isPartOf\":{\"@id\":\"https:\\\/\\\/www.notibras.com\\\/site\\\/remedios-vao-ficar-ate-8-mais-caros-no-dia-1o-de-abril\\\/\"},\"author\":{\"name\":\"Reda\u00e7\u00e3o\",\"@id\":\"https:\\\/\\\/www.notibras.com\\\/site\\\/#\\\/schema\\\/person\\\/36ab0979449956132d3e5b517ea76ac8\"},\"headline\":\"Governo libera e rem\u00e9dio vai ficar mais caro dia 1\u00ba de abril\",\"datePublished\":\"2015-03-26T19:55:39+00:00\",\"dateModified\":\"2015-03-27T02:35:12+00:00\",\"mainEntityOfPage\":{\"@id\":\"https:\\\/\\\/www.notibras.com\\\/site\\\/remedios-vao-ficar-ate-8-mais-caros-no-dia-1o-de-abril\\\/\"},\"wordCount\":529,\"commentCount\":0,\"publisher\":{\"@id\":\"https:\\\/\\\/www.notibras.com\\\/site\\\/#organization\"},\"image\":{\"@id\":\"https:\\\/\\\/www.notibras.com\\\/site\\\/remedios-vao-ficar-ate-8-mais-caros-no-dia-1o-de-abril\\\/#primaryimage\"},\"thumbnailUrl\":\"https:\\\/\\\/www.notibras.com\\\/site\\\/wp-content\\\/uploads\\\/2015\\\/03\\\/not_26139_1403873303.jpg\",\"articleSection\":[\"Brasil\"],\"inLanguage\":\"pt-BR\",\"potentialAction\":[{\"@type\":\"CommentAction\",\"name\":\"Comment\",\"target\":[\"https:\\\/\\\/www.notibras.com\\\/site\\\/remedios-vao-ficar-ate-8-mais-caros-no-dia-1o-de-abril\\\/#respond\"]}]},{\"@type\":\"WebPage\",\"@id\":\"https:\\\/\\\/www.notibras.com\\\/site\\\/remedios-vao-ficar-ate-8-mais-caros-no-dia-1o-de-abril\\\/\",\"url\":\"https:\\\/\\\/www.notibras.com\\\/site\\\/remedios-vao-ficar-ate-8-mais-caros-no-dia-1o-de-abril\\\/\",\"name\":\"Governo libera e rem\u00e9dio vai ficar mais caro dia 1\u00ba de abril - Notibras\",\"isPartOf\":{\"@id\":\"https:\\\/\\\/www.notibras.com\\\/site\\\/#website\"},\"primaryImageOfPage\":{\"@id\":\"https:\\\/\\\/www.notibras.com\\\/site\\\/remedios-vao-ficar-ate-8-mais-caros-no-dia-1o-de-abril\\\/#primaryimage\"},\"image\":{\"@id\":\"https:\\\/\\\/www.notibras.com\\\/site\\\/remedios-vao-ficar-ate-8-mais-caros-no-dia-1o-de-abril\\\/#primaryimage\"},\"thumbnailUrl\":\"https:\\\/\\\/www.notibras.com\\\/site\\\/wp-content\\\/uploads\\\/2015\\\/03\\\/not_26139_1403873303.jpg\",\"datePublished\":\"2015-03-26T19:55:39+00:00\",\"dateModified\":\"2015-03-27T02:35:12+00:00\",\"breadcrumb\":{\"@id\":\"https:\\\/\\\/www.notibras.com\\\/site\\\/remedios-vao-ficar-ate-8-mais-caros-no-dia-1o-de-abril\\\/#breadcrumb\"},\"inLanguage\":\"pt-BR\",\"potentialAction\":[{\"@type\":\"ReadAction\",\"target\":[\"https:\\\/\\\/www.notibras.com\\\/site\\\/remedios-vao-ficar-ate-8-mais-caros-no-dia-1o-de-abril\\\/\"]}]},{\"@type\":\"ImageObject\",\"inLanguage\":\"pt-BR\",\"@id\":\"https:\\\/\\\/www.notibras.com\\\/site\\\/remedios-vao-ficar-ate-8-mais-caros-no-dia-1o-de-abril\\\/#primaryimage\",\"url\":\"https:\\\/\\\/www.notibras.com\\\/site\\\/wp-content\\\/uploads\\\/2015\\\/03\\\/not_26139_1403873303.jpg\",\"contentUrl\":\"https:\\\/\\\/www.notibras.com\\\/site\\\/wp-content\\\/uploads\\\/2015\\\/03\\\/not_26139_1403873303.jpg\",\"width\":530,\"height\":397},{\"@type\":\"BreadcrumbList\",\"@id\":\"https:\\\/\\\/www.notibras.com\\\/site\\\/remedios-vao-ficar-ate-8-mais-caros-no-dia-1o-de-abril\\\/#breadcrumb\",\"itemListElement\":[{\"@type\":\"ListItem\",\"position\":1,\"name\":\"In\u00edcio\",\"item\":\"https:\\\/\\\/www.notibras.com\\\/site\\\/\"},{\"@type\":\"ListItem\",\"position\":2,\"name\":\"Governo libera e rem\u00e9dio vai ficar mais caro dia 1\u00ba de abril\"}]},{\"@type\":\"WebSite\",\"@id\":\"https:\\\/\\\/www.notibras.com\\\/site\\\/#website\",\"url\":\"https:\\\/\\\/www.notibras.com\\\/site\\\/\",\"name\":\"Notibras\",\"description\":\"Not\u00edcias de Bras\u00edlia, do Brasil e do Mundo\",\"publisher\":{\"@id\":\"https:\\\/\\\/www.notibras.com\\\/site\\\/#organization\"},\"potentialAction\":[{\"@type\":\"SearchAction\",\"target\":{\"@type\":\"EntryPoint\",\"urlTemplate\":\"https:\\\/\\\/www.notibras.com\\\/site\\\/?s={search_term_string}\"},\"query-input\":{\"@type\":\"PropertyValueSpecification\",\"valueRequired\":true,\"valueName\":\"search_term_string\"}}],\"inLanguage\":\"pt-BR\"},{\"@type\":\"Organization\",\"@id\":\"https:\\\/\\\/www.notibras.com\\\/site\\\/#organization\",\"name\":\"Grupo Notibras de Comunica\u00e7\u00e3o\",\"url\":\"https:\\\/\\\/www.notibras.com\\\/site\\\/\",\"logo\":{\"@type\":\"ImageObject\",\"inLanguage\":\"pt-BR\",\"@id\":\"https:\\\/\\\/www.notibras.com\\\/site\\\/#\\\/schema\\\/logo\\\/image\\\/\",\"url\":\"https:\\\/\\\/www.notibras.com\\\/site\\\/wp-content\\\/uploads\\\/2023\\\/01\\\/notibras23.png\",\"contentUrl\":\"https:\\\/\\\/www.notibras.com\\\/site\\\/wp-content\\\/uploads\\\/2023\\\/01\\\/notibras23.png\",\"width\":350,\"height\":87,\"caption\":\"Grupo Notibras de Comunica\u00e7\u00e3o\"},\"image\":{\"@id\":\"https:\\\/\\\/www.notibras.com\\\/site\\\/#\\\/schema\\\/logo\\\/image\\\/\"},\"sameAs\":[\"https:\\\/\\\/www.facebook.com\\\/notibras\\\/\",\"https:\\\/\\\/x.com\\\/Notibras\",\"https:\\\/\\\/www.instagram.com\\\/notibras\\\/\"]},{\"@type\":\"Person\",\"@id\":\"https:\\\/\\\/www.notibras.com\\\/site\\\/#\\\/schema\\\/person\\\/36ab0979449956132d3e5b517ea76ac8\",\"name\":\"Reda\u00e7\u00e3o\",\"image\":{\"@type\":\"ImageObject\",\"inLanguage\":\"pt-BR\",\"@id\":\"https:\\\/\\\/secure.gravatar.com\\\/avatar\\\/e0a867bdedb85fd243eadf09663511f96fc81e0720a4a42581f334ad4303aa6b?s=96&d=mm&r=g\",\"url\":\"https:\\\/\\\/secure.gravatar.com\\\/avatar\\\/e0a867bdedb85fd243eadf09663511f96fc81e0720a4a42581f334ad4303aa6b?s=96&d=mm&r=g\",\"contentUrl\":\"https:\\\/\\\/secure.gravatar.com\\\/avatar\\\/e0a867bdedb85fd243eadf09663511f96fc81e0720a4a42581f334ad4303aa6b?s=96&d=mm&r=g\",\"caption\":\"Reda\u00e7\u00e3o\"}}]}<\/script>\n<!-- \/ Yoast SEO plugin. -->","yoast_head_json":{"title":"Governo libera e rem\u00e9dio vai ficar mais caro dia 1\u00ba de abril - Notibras","robots":{"index":"index","follow":"follow","max-snippet":"max-snippet:-1","max-image-preview":"max-image-preview:large","max-video-preview":"max-video-preview:-1"},"canonical":"https:\/\/www.notibras.com\/site\/remedios-vao-ficar-ate-8-mais-caros-no-dia-1o-de-abril\/","og_locale":"pt_BR","og_type":"article","og_title":"Governo libera e rem\u00e9dio vai ficar mais caro dia 1\u00ba de abril - Notibras","og_description":"Rem\u00e9dios com pre\u00e7os controlados pelo governo dever\u00e3o ter um reajuste entre 5% e 8%, de acordo com a categoria a que pertencem. Os valores, que passam a valer a partir do dia 31, foram calculados pela ind\u00fastria com base nos fatores divulgados nesta quinta-feira pela C\u00e2mara de Regula\u00e7\u00e3o do Mercado de Medicamentos (CMED). As taxas [&hellip;]","og_url":"https:\/\/www.notibras.com\/site\/remedios-vao-ficar-ate-8-mais-caros-no-dia-1o-de-abril\/","og_site_name":"Notibras","article_publisher":"https:\/\/www.facebook.com\/notibras\/","article_published_time":"2015-03-26T19:55:39+00:00","article_modified_time":"2015-03-27T02:35:12+00:00","og_image":[{"width":530,"height":397,"url":"https:\/\/www.notibras.com\/site\/wp-content\/uploads\/2015\/03\/not_26139_1403873303.jpg","type":"image\/jpeg"}],"author":"Reda\u00e7\u00e3o","twitter_card":"summary_large_image","twitter_creator":"@Notibras","twitter_site":"@Notibras","twitter_misc":{"Escrito por":"Reda\u00e7\u00e3o","Est. tempo de leitura":"3 minutos"},"schema":{"@context":"https:\/\/schema.org","@graph":[{"@type":"Article","@id":"https:\/\/www.notibras.com\/site\/remedios-vao-ficar-ate-8-mais-caros-no-dia-1o-de-abril\/#article","isPartOf":{"@id":"https:\/\/www.notibras.com\/site\/remedios-vao-ficar-ate-8-mais-caros-no-dia-1o-de-abril\/"},"author":{"name":"Reda\u00e7\u00e3o","@id":"https:\/\/www.notibras.com\/site\/#\/schema\/person\/36ab0979449956132d3e5b517ea76ac8"},"headline":"Governo libera e rem\u00e9dio vai ficar mais caro dia 1\u00ba de abril","datePublished":"2015-03-26T19:55:39+00:00","dateModified":"2015-03-27T02:35:12+00:00","mainEntityOfPage":{"@id":"https:\/\/www.notibras.com\/site\/remedios-vao-ficar-ate-8-mais-caros-no-dia-1o-de-abril\/"},"wordCount":529,"commentCount":0,"publisher":{"@id":"https:\/\/www.notibras.com\/site\/#organization"},"image":{"@id":"https:\/\/www.notibras.com\/site\/remedios-vao-ficar-ate-8-mais-caros-no-dia-1o-de-abril\/#primaryimage"},"thumbnailUrl":"https:\/\/www.notibras.com\/site\/wp-content\/uploads\/2015\/03\/not_26139_1403873303.jpg","articleSection":["Brasil"],"inLanguage":"pt-BR","potentialAction":[{"@type":"CommentAction","name":"Comment","target":["https:\/\/www.notibras.com\/site\/remedios-vao-ficar-ate-8-mais-caros-no-dia-1o-de-abril\/#respond"]}]},{"@type":"WebPage","@id":"https:\/\/www.notibras.com\/site\/remedios-vao-ficar-ate-8-mais-caros-no-dia-1o-de-abril\/","url":"https:\/\/www.notibras.com\/site\/remedios-vao-ficar-ate-8-mais-caros-no-dia-1o-de-abril\/","name":"Governo libera e rem\u00e9dio vai ficar mais caro dia 1\u00ba de abril - Notibras","isPartOf":{"@id":"https:\/\/www.notibras.com\/site\/#website"},"primaryImageOfPage":{"@id":"https:\/\/www.notibras.com\/site\/remedios-vao-ficar-ate-8-mais-caros-no-dia-1o-de-abril\/#primaryimage"},"image":{"@id":"https:\/\/www.notibras.com\/site\/remedios-vao-ficar-ate-8-mais-caros-no-dia-1o-de-abril\/#primaryimage"},"thumbnailUrl":"https:\/\/www.notibras.com\/site\/wp-content\/uploads\/2015\/03\/not_26139_1403873303.jpg","datePublished":"2015-03-26T19:55:39+00:00","dateModified":"2015-03-27T02:35:12+00:00","breadcrumb":{"@id":"https:\/\/www.notibras.com\/site\/remedios-vao-ficar-ate-8-mais-caros-no-dia-1o-de-abril\/#breadcrumb"},"inLanguage":"pt-BR","potentialAction":[{"@type":"ReadAction","target":["https:\/\/www.notibras.com\/site\/remedios-vao-ficar-ate-8-mais-caros-no-dia-1o-de-abril\/"]}]},{"@type":"ImageObject","inLanguage":"pt-BR","@id":"https:\/\/www.notibras.com\/site\/remedios-vao-ficar-ate-8-mais-caros-no-dia-1o-de-abril\/#primaryimage","url":"https:\/\/www.notibras.com\/site\/wp-content\/uploads\/2015\/03\/not_26139_1403873303.jpg","contentUrl":"https:\/\/www.notibras.com\/site\/wp-content\/uploads\/2015\/03\/not_26139_1403873303.jpg","width":530,"height":397},{"@type":"BreadcrumbList","@id":"https:\/\/www.notibras.com\/site\/remedios-vao-ficar-ate-8-mais-caros-no-dia-1o-de-abril\/#breadcrumb","itemListElement":[{"@type":"ListItem","position":1,"name":"In\u00edcio","item":"https:\/\/www.notibras.com\/site\/"},{"@type":"ListItem","position":2,"name":"Governo libera e rem\u00e9dio vai ficar mais caro dia 1\u00ba de abril"}]},{"@type":"WebSite","@id":"https:\/\/www.notibras.com\/site\/#website","url":"https:\/\/www.notibras.com\/site\/","name":"Notibras","description":"Not\u00edcias de Bras\u00edlia, do Brasil e do Mundo","publisher":{"@id":"https:\/\/www.notibras.com\/site\/#organization"},"potentialAction":[{"@type":"SearchAction","target":{"@type":"EntryPoint","urlTemplate":"https:\/\/www.notibras.com\/site\/?s={search_term_string}"},"query-input":{"@type":"PropertyValueSpecification","valueRequired":true,"valueName":"search_term_string"}}],"inLanguage":"pt-BR"},{"@type":"Organization","@id":"https:\/\/www.notibras.com\/site\/#organization","name":"Grupo Notibras de Comunica\u00e7\u00e3o","url":"https:\/\/www.notibras.com\/site\/","logo":{"@type":"ImageObject","inLanguage":"pt-BR","@id":"https:\/\/www.notibras.com\/site\/#\/schema\/logo\/image\/","url":"https:\/\/www.notibras.com\/site\/wp-content\/uploads\/2023\/01\/notibras23.png","contentUrl":"https:\/\/www.notibras.com\/site\/wp-content\/uploads\/2023\/01\/notibras23.png","width":350,"height":87,"caption":"Grupo Notibras de Comunica\u00e7\u00e3o"},"image":{"@id":"https:\/\/www.notibras.com\/site\/#\/schema\/logo\/image\/"},"sameAs":["https:\/\/www.facebook.com\/notibras\/","https:\/\/x.com\/Notibras","https:\/\/www.instagram.com\/notibras\/"]},{"@type":"Person","@id":"https:\/\/www.notibras.com\/site\/#\/schema\/person\/36ab0979449956132d3e5b517ea76ac8","name":"Reda\u00e7\u00e3o","image":{"@type":"ImageObject","inLanguage":"pt-BR","@id":"https:\/\/secure.gravatar.com\/avatar\/e0a867bdedb85fd243eadf09663511f96fc81e0720a4a42581f334ad4303aa6b?s=96&d=mm&r=g","url":"https:\/\/secure.gravatar.com\/avatar\/e0a867bdedb85fd243eadf09663511f96fc81e0720a4a42581f334ad4303aa6b?s=96&d=mm&r=g","contentUrl":"https:\/\/secure.gravatar.com\/avatar\/e0a867bdedb85fd243eadf09663511f96fc81e0720a4a42581f334ad4303aa6b?s=96&d=mm&r=g","caption":"Reda\u00e7\u00e3o"}}]}},"amp_enabled":true,"_links":{"self":[{"href":"https:\/\/www.notibras.com\/site\/wp-json\/wp\/v2\/posts\/41419","targetHints":{"allow":["GET"]}}],"collection":[{"href":"https:\/\/www.notibras.com\/site\/wp-json\/wp\/v2\/posts"}],"about":[{"href":"https:\/\/www.notibras.com\/site\/wp-json\/wp\/v2\/types\/post"}],"author":[{"embeddable":true,"href":"https:\/\/www.notibras.com\/site\/wp-json\/wp\/v2\/users\/2"}],"replies":[{"embeddable":true,"href":"https:\/\/www.notibras.com\/site\/wp-json\/wp\/v2\/comments?post=41419"}],"version-history":[{"count":0,"href":"https:\/\/www.notibras.com\/site\/wp-json\/wp\/v2\/posts\/41419\/revisions"}],"wp:featuredmedia":[{"embeddable":true,"href":"https:\/\/www.notibras.com\/site\/wp-json\/wp\/v2\/media\/41420"}],"wp:attachment":[{"href":"https:\/\/www.notibras.com\/site\/wp-json\/wp\/v2\/media?parent=41419"}],"wp:term":[{"taxonomy":"category","embeddable":true,"href":"https:\/\/www.notibras.com\/site\/wp-json\/wp\/v2\/categories?post=41419"},{"taxonomy":"post_tag","embeddable":true,"href":"https:\/\/www.notibras.com\/site\/wp-json\/wp\/v2\/tags?post=41419"}],"curies":[{"name":"wp","href":"https:\/\/api.w.org\/{rel}","templated":true}]}}