{"id":41442,"date":"2015-03-26T22:46:38","date_gmt":"2015-03-27T01:46:38","guid":{"rendered":"http:\/\/www.notibras.com\/site\/?p=41442"},"modified":"2015-03-26T22:46:38","modified_gmt":"2015-03-27T01:46:38","slug":"viva-o-carro-verdadeiro-dono-das-ruas-e-das-ciclovias","status":"publish","type":"post","link":"https:\/\/www.notibras.com\/site\/viva-o-carro-verdadeiro-dono-das-ruas-e-das-ciclovias\/","title":{"rendered":"Viva o carro, verdadeiro dono das ruas e das ciclovias"},"content":{"rendered":"<p>Membros do Minist\u00e9rio P\u00fablico de S\u00e3o Paulo entraram na Justi\u00e7a contra as ciclovias que est\u00e3o sendo constru\u00eddas pela prefeitura da capital. Dos 400 quil\u00f4metros de vias exclusivas pra bikes previstos at\u00e9 o fim deste ano, 235 j\u00e1 foram conclu\u00eddos, mas as obras foram contidas pela iniciativa dos promotores que se arvoraram a gestores p\u00fablicos.<\/p>\n<p>Ningu\u00e9m entendeu direito a a\u00e7\u00e3o dos promotores, at\u00e9 porque nenhuma boa explica\u00e7\u00e3o foi dada \u00e0 medida por eles tomada. Ao contr\u00e1rio, causou estranheza o fato de membros do MP intercederem sobre obras de um governo democraticamente eleito pra cuidar, dentre outras atribui\u00e7\u00f5es, da mobilidade urbana na maior cidade do pa\u00eds.<\/p>\n<p>Os argumentos usados s\u00e3o t\u00e9cnicos, que tratam da funcionalidade e da adequa\u00e7\u00e3o das novas vias, que reservam espa\u00e7o \u00e0s bicicletas numa cidade abarrotada de autom\u00f3veis. J\u00e1 em fevereiro, uma promotora paulista embargou parte de uma ciclovia por esta passar diante de uma escola e isso dificultaria, segundo ela, o embarque e desembarque de alunos em carros particulares.<\/p>\n<p>Em outras partes do pa\u00eds, inclusive Bras\u00edlia, por coincid\u00eancia ou n\u00e3o, t\u00eam havido a\u00e7\u00f5es do MP e da Justi\u00e7a contra a constru\u00e7\u00e3o de ciclovias. Parece haver uma campanha orquestrada contra a\u00e7\u00f5es que facilitem a mobilidade humana nas cidades, na contram\u00e3o da maioria dos pa\u00edses europeus, por exemplo, que v\u00eam dificultando cada vez mais a presen\u00e7a do autom\u00f3vel particular no cotidiano das cidades.<\/p>\n<p>As autoridades francesas e espanholas adotaram esta semana o rod\u00edzio de autom\u00f3veis em Paris e Madri, assoladas pela polui\u00e7\u00e3o. H\u00e1 muito tempo, por\u00e9m, cidades como Londres limitam o acesso de carros aos centros urbanos.<\/p>\n<p>H\u00e1 d\u00e9cadas adepta das taxas de estacionamento, a capital brit\u00e2nica adotou agora o ped\u00e1gio nas entradas e sa\u00eddas dos bairros centrais de Londres. Ou seja, usar o autom\u00f3vel particular n\u00e3o \u00e9 proibido, mas fica cada vez mais caro.<\/p>\n<blockquote><p>\u00c9 certo que algumas cidades brasileiras tamb\u00e9m v\u00eam conseguindo quebrar barreiras. As novas estradas estaduais de Goi\u00e1s, por exemplo, s\u00e3o acompanhadas de ciclovias, de modo que \u00e9 poss\u00edvel se locomover de bicicleta, com seguran\u00e7a e por longos percursos, entre cidades.<\/p><\/blockquote>\n<p>\u00c9 claro que h\u00e1 quest\u00f5es culturais a serem suplantadas. Come\u00e7a pelo fato de as ciclovias serem vistas como \u00e1reas de lazer e, n\u00e3o, como meios de locomo\u00e7\u00e3o pura e simples, no trajeto casa-trabalho ou qualquer que seja o percurso.<\/p>\n<p>Ademais, o autom\u00f3vel \u00e9 hoje, pra boa parte da nossa sociedade, o s\u00edmbolo maior de poder, de riqueza, de prosperidade ou de outros del\u00edrios quaisquer. \u00c9 o mais poderoso fetiche pequeno-burgu\u00eas da atualidade.<\/p>\n<p>A chamada nova classe m\u00e9dia brasileira v\u00ea algo m\u00e1gico nessa tralha do autom\u00f3vel. Muitos, mesmo em cidades do interior, moram a menos de um quil\u00f4metro do trabalho, mas v\u00e3o de carro. E os mais aquinhoados \u00e0s vezes saem da mesma moradia em dois ou tr\u00eas carros pra percorrerem trajetos semelhantes.<\/p>\n<p>Tamb\u00e9m \u00e9 certo que o transporte p\u00fablico ainda deixa muito a desejar na maioria das cidades brasileiras. De todo jeito, a abertura de vias exclusivas aos ciclistas deve ser encarada como um passo importante na luta por maior qualidade de vida. E, por certo, os membros do MP paulistano ter\u00e3o muito mais o que fazer nas fun\u00e7\u00f5es que ocupam.<\/p>\n<p><strong>Jaime Sautchuk<\/strong><\/p>\n","protected":false},"excerpt":{"rendered":"<p>Membros do Minist\u00e9rio P\u00fablico de S\u00e3o Paulo entraram na Justi\u00e7a contra as ciclovias que est\u00e3o sendo constru\u00eddas pela prefeitura da capital. Dos 400 quil\u00f4metros de vias exclusivas pra bikes previstos at\u00e9 o fim deste ano, 235 j\u00e1 foram conclu\u00eddos, mas as obras foram contidas pela iniciativa dos promotores que se arvoraram a gestores p\u00fablicos. Ningu\u00e9m [&hellip;]<\/p>\n","protected":false},"author":2,"featured_media":41443,"comment_status":"open","ping_status":"closed","sticky":false,"template":"","format":"standard","meta":{"_acf_changed":false,"footnotes":""},"categories":[25],"tags":[],"class_list":["post-41442","post","type-post","status-publish","format-standard","has-post-thumbnail","hentry","category-opina-ai"],"acf":[],"yoast_head":"<!-- This site is optimized with the Yoast SEO plugin v27.5 - https:\/\/yoast.com\/product\/yoast-seo-wordpress\/ -->\n<title>Viva o carro, verdadeiro dono das ruas e das ciclovias - Notibras<\/title>\n<meta name=\"robots\" content=\"index, follow, max-snippet:-1, max-image-preview:large, max-video-preview:-1\" \/>\n<link rel=\"canonical\" href=\"https:\/\/www.notibras.com\/site\/viva-o-carro-verdadeiro-dono-das-ruas-e-das-ciclovias\/\" \/>\n<meta property=\"og:locale\" content=\"pt_BR\" \/>\n<meta property=\"og:type\" content=\"article\" \/>\n<meta property=\"og:title\" content=\"Viva o carro, verdadeiro dono das ruas e das ciclovias - Notibras\" \/>\n<meta property=\"og:description\" content=\"Membros do Minist\u00e9rio P\u00fablico de S\u00e3o Paulo entraram na Justi\u00e7a contra as ciclovias que est\u00e3o sendo constru\u00eddas pela prefeitura da capital. Dos 400 quil\u00f4metros de vias exclusivas pra bikes previstos at\u00e9 o fim deste ano, 235 j\u00e1 foram conclu\u00eddos, mas as obras foram contidas pela iniciativa dos promotores que se arvoraram a gestores p\u00fablicos. Ningu\u00e9m [&hellip;]\" \/>\n<meta property=\"og:url\" content=\"https:\/\/www.notibras.com\/site\/viva-o-carro-verdadeiro-dono-das-ruas-e-das-ciclovias\/\" \/>\n<meta property=\"og:site_name\" content=\"Notibras\" \/>\n<meta property=\"article:publisher\" content=\"https:\/\/www.facebook.com\/notibras\/\" \/>\n<meta property=\"article:published_time\" content=\"2015-03-27T01:46:38+00:00\" \/>\n<meta property=\"og:image\" content=\"https:\/\/www.notibras.com\/site\/wp-content\/uploads\/2015\/03\/bici.jpg\" \/>\n\t<meta property=\"og:image:width\" content=\"940\" \/>\n\t<meta property=\"og:image:height\" content=\"626\" \/>\n\t<meta property=\"og:image:type\" content=\"image\/jpeg\" \/>\n<meta name=\"author\" content=\"Reda\u00e7\u00e3o\" \/>\n<meta name=\"twitter:card\" content=\"summary_large_image\" \/>\n<meta name=\"twitter:creator\" content=\"@Notibras\" \/>\n<meta name=\"twitter:site\" content=\"@Notibras\" \/>\n<meta name=\"twitter:label1\" content=\"Escrito por\" \/>\n\t<meta name=\"twitter:data1\" content=\"Reda\u00e7\u00e3o\" \/>\n\t<meta name=\"twitter:label2\" content=\"Est. tempo de leitura\" \/>\n\t<meta name=\"twitter:data2\" content=\"3 minutos\" \/>\n<script type=\"application\/ld+json\" class=\"yoast-schema-graph\">{\"@context\":\"https:\\\/\\\/schema.org\",\"@graph\":[{\"@type\":\"Article\",\"@id\":\"https:\\\/\\\/www.notibras.com\\\/site\\\/viva-o-carro-verdadeiro-dono-das-ruas-e-das-ciclovias\\\/#article\",\"isPartOf\":{\"@id\":\"https:\\\/\\\/www.notibras.com\\\/site\\\/viva-o-carro-verdadeiro-dono-das-ruas-e-das-ciclovias\\\/\"},\"author\":{\"name\":\"Reda\u00e7\u00e3o\",\"@id\":\"https:\\\/\\\/www.notibras.com\\\/site\\\/#\\\/schema\\\/person\\\/36ab0979449956132d3e5b517ea76ac8\"},\"headline\":\"Viva o carro, verdadeiro dono das ruas e das ciclovias\",\"datePublished\":\"2015-03-27T01:46:38+00:00\",\"mainEntityOfPage\":{\"@id\":\"https:\\\/\\\/www.notibras.com\\\/site\\\/viva-o-carro-verdadeiro-dono-das-ruas-e-das-ciclovias\\\/\"},\"wordCount\":586,\"commentCount\":0,\"publisher\":{\"@id\":\"https:\\\/\\\/www.notibras.com\\\/site\\\/#organization\"},\"image\":{\"@id\":\"https:\\\/\\\/www.notibras.com\\\/site\\\/viva-o-carro-verdadeiro-dono-das-ruas-e-das-ciclovias\\\/#primaryimage\"},\"thumbnailUrl\":\"https:\\\/\\\/www.notibras.com\\\/site\\\/wp-content\\\/uploads\\\/2015\\\/03\\\/bici.jpg\",\"articleSection\":[\"Opina a\u00ed\"],\"inLanguage\":\"pt-BR\",\"potentialAction\":[{\"@type\":\"CommentAction\",\"name\":\"Comment\",\"target\":[\"https:\\\/\\\/www.notibras.com\\\/site\\\/viva-o-carro-verdadeiro-dono-das-ruas-e-das-ciclovias\\\/#respond\"]}]},{\"@type\":\"WebPage\",\"@id\":\"https:\\\/\\\/www.notibras.com\\\/site\\\/viva-o-carro-verdadeiro-dono-das-ruas-e-das-ciclovias\\\/\",\"url\":\"https:\\\/\\\/www.notibras.com\\\/site\\\/viva-o-carro-verdadeiro-dono-das-ruas-e-das-ciclovias\\\/\",\"name\":\"Viva o carro, verdadeiro dono das ruas e das ciclovias - Notibras\",\"isPartOf\":{\"@id\":\"https:\\\/\\\/www.notibras.com\\\/site\\\/#website\"},\"primaryImageOfPage\":{\"@id\":\"https:\\\/\\\/www.notibras.com\\\/site\\\/viva-o-carro-verdadeiro-dono-das-ruas-e-das-ciclovias\\\/#primaryimage\"},\"image\":{\"@id\":\"https:\\\/\\\/www.notibras.com\\\/site\\\/viva-o-carro-verdadeiro-dono-das-ruas-e-das-ciclovias\\\/#primaryimage\"},\"thumbnailUrl\":\"https:\\\/\\\/www.notibras.com\\\/site\\\/wp-content\\\/uploads\\\/2015\\\/03\\\/bici.jpg\",\"datePublished\":\"2015-03-27T01:46:38+00:00\",\"breadcrumb\":{\"@id\":\"https:\\\/\\\/www.notibras.com\\\/site\\\/viva-o-carro-verdadeiro-dono-das-ruas-e-das-ciclovias\\\/#breadcrumb\"},\"inLanguage\":\"pt-BR\",\"potentialAction\":[{\"@type\":\"ReadAction\",\"target\":[\"https:\\\/\\\/www.notibras.com\\\/site\\\/viva-o-carro-verdadeiro-dono-das-ruas-e-das-ciclovias\\\/\"]}]},{\"@type\":\"ImageObject\",\"inLanguage\":\"pt-BR\",\"@id\":\"https:\\\/\\\/www.notibras.com\\\/site\\\/viva-o-carro-verdadeiro-dono-das-ruas-e-das-ciclovias\\\/#primaryimage\",\"url\":\"https:\\\/\\\/www.notibras.com\\\/site\\\/wp-content\\\/uploads\\\/2015\\\/03\\\/bici.jpg\",\"contentUrl\":\"https:\\\/\\\/www.notibras.com\\\/site\\\/wp-content\\\/uploads\\\/2015\\\/03\\\/bici.jpg\",\"width\":940,\"height\":626},{\"@type\":\"BreadcrumbList\",\"@id\":\"https:\\\/\\\/www.notibras.com\\\/site\\\/viva-o-carro-verdadeiro-dono-das-ruas-e-das-ciclovias\\\/#breadcrumb\",\"itemListElement\":[{\"@type\":\"ListItem\",\"position\":1,\"name\":\"In\u00edcio\",\"item\":\"https:\\\/\\\/www.notibras.com\\\/site\\\/\"},{\"@type\":\"ListItem\",\"position\":2,\"name\":\"Viva o carro, verdadeiro dono das ruas e das ciclovias\"}]},{\"@type\":\"WebSite\",\"@id\":\"https:\\\/\\\/www.notibras.com\\\/site\\\/#website\",\"url\":\"https:\\\/\\\/www.notibras.com\\\/site\\\/\",\"name\":\"Notibras\",\"description\":\"Not\u00edcias de Bras\u00edlia, do Brasil e do Mundo\",\"publisher\":{\"@id\":\"https:\\\/\\\/www.notibras.com\\\/site\\\/#organization\"},\"potentialAction\":[{\"@type\":\"SearchAction\",\"target\":{\"@type\":\"EntryPoint\",\"urlTemplate\":\"https:\\\/\\\/www.notibras.com\\\/site\\\/?s={search_term_string}\"},\"query-input\":{\"@type\":\"PropertyValueSpecification\",\"valueRequired\":true,\"valueName\":\"search_term_string\"}}],\"inLanguage\":\"pt-BR\"},{\"@type\":\"Organization\",\"@id\":\"https:\\\/\\\/www.notibras.com\\\/site\\\/#organization\",\"name\":\"Grupo Notibras de Comunica\u00e7\u00e3o\",\"url\":\"https:\\\/\\\/www.notibras.com\\\/site\\\/\",\"logo\":{\"@type\":\"ImageObject\",\"inLanguage\":\"pt-BR\",\"@id\":\"https:\\\/\\\/www.notibras.com\\\/site\\\/#\\\/schema\\\/logo\\\/image\\\/\",\"url\":\"https:\\\/\\\/www.notibras.com\\\/site\\\/wp-content\\\/uploads\\\/2023\\\/01\\\/notibras23.png\",\"contentUrl\":\"https:\\\/\\\/www.notibras.com\\\/site\\\/wp-content\\\/uploads\\\/2023\\\/01\\\/notibras23.png\",\"width\":350,\"height\":87,\"caption\":\"Grupo Notibras de Comunica\u00e7\u00e3o\"},\"image\":{\"@id\":\"https:\\\/\\\/www.notibras.com\\\/site\\\/#\\\/schema\\\/logo\\\/image\\\/\"},\"sameAs\":[\"https:\\\/\\\/www.facebook.com\\\/notibras\\\/\",\"https:\\\/\\\/x.com\\\/Notibras\",\"https:\\\/\\\/www.instagram.com\\\/notibras\\\/\"]},{\"@type\":\"Person\",\"@id\":\"https:\\\/\\\/www.notibras.com\\\/site\\\/#\\\/schema\\\/person\\\/36ab0979449956132d3e5b517ea76ac8\",\"name\":\"Reda\u00e7\u00e3o\",\"image\":{\"@type\":\"ImageObject\",\"inLanguage\":\"pt-BR\",\"@id\":\"https:\\\/\\\/secure.gravatar.com\\\/avatar\\\/e0a867bdedb85fd243eadf09663511f96fc81e0720a4a42581f334ad4303aa6b?s=96&d=mm&r=g\",\"url\":\"https:\\\/\\\/secure.gravatar.com\\\/avatar\\\/e0a867bdedb85fd243eadf09663511f96fc81e0720a4a42581f334ad4303aa6b?s=96&d=mm&r=g\",\"contentUrl\":\"https:\\\/\\\/secure.gravatar.com\\\/avatar\\\/e0a867bdedb85fd243eadf09663511f96fc81e0720a4a42581f334ad4303aa6b?s=96&d=mm&r=g\",\"caption\":\"Reda\u00e7\u00e3o\"}}]}<\/script>\n<!-- \/ Yoast SEO plugin. -->","yoast_head_json":{"title":"Viva o carro, verdadeiro dono das ruas e das ciclovias - Notibras","robots":{"index":"index","follow":"follow","max-snippet":"max-snippet:-1","max-image-preview":"max-image-preview:large","max-video-preview":"max-video-preview:-1"},"canonical":"https:\/\/www.notibras.com\/site\/viva-o-carro-verdadeiro-dono-das-ruas-e-das-ciclovias\/","og_locale":"pt_BR","og_type":"article","og_title":"Viva o carro, verdadeiro dono das ruas e das ciclovias - Notibras","og_description":"Membros do Minist\u00e9rio P\u00fablico de S\u00e3o Paulo entraram na Justi\u00e7a contra as ciclovias que est\u00e3o sendo constru\u00eddas pela prefeitura da capital. Dos 400 quil\u00f4metros de vias exclusivas pra bikes previstos at\u00e9 o fim deste ano, 235 j\u00e1 foram conclu\u00eddos, mas as obras foram contidas pela iniciativa dos promotores que se arvoraram a gestores p\u00fablicos. Ningu\u00e9m [&hellip;]","og_url":"https:\/\/www.notibras.com\/site\/viva-o-carro-verdadeiro-dono-das-ruas-e-das-ciclovias\/","og_site_name":"Notibras","article_publisher":"https:\/\/www.facebook.com\/notibras\/","article_published_time":"2015-03-27T01:46:38+00:00","og_image":[{"width":940,"height":626,"url":"https:\/\/www.notibras.com\/site\/wp-content\/uploads\/2015\/03\/bici.jpg","type":"image\/jpeg"}],"author":"Reda\u00e7\u00e3o","twitter_card":"summary_large_image","twitter_creator":"@Notibras","twitter_site":"@Notibras","twitter_misc":{"Escrito por":"Reda\u00e7\u00e3o","Est. tempo de leitura":"3 minutos"},"schema":{"@context":"https:\/\/schema.org","@graph":[{"@type":"Article","@id":"https:\/\/www.notibras.com\/site\/viva-o-carro-verdadeiro-dono-das-ruas-e-das-ciclovias\/#article","isPartOf":{"@id":"https:\/\/www.notibras.com\/site\/viva-o-carro-verdadeiro-dono-das-ruas-e-das-ciclovias\/"},"author":{"name":"Reda\u00e7\u00e3o","@id":"https:\/\/www.notibras.com\/site\/#\/schema\/person\/36ab0979449956132d3e5b517ea76ac8"},"headline":"Viva o carro, verdadeiro dono das ruas e das ciclovias","datePublished":"2015-03-27T01:46:38+00:00","mainEntityOfPage":{"@id":"https:\/\/www.notibras.com\/site\/viva-o-carro-verdadeiro-dono-das-ruas-e-das-ciclovias\/"},"wordCount":586,"commentCount":0,"publisher":{"@id":"https:\/\/www.notibras.com\/site\/#organization"},"image":{"@id":"https:\/\/www.notibras.com\/site\/viva-o-carro-verdadeiro-dono-das-ruas-e-das-ciclovias\/#primaryimage"},"thumbnailUrl":"https:\/\/www.notibras.com\/site\/wp-content\/uploads\/2015\/03\/bici.jpg","articleSection":["Opina a\u00ed"],"inLanguage":"pt-BR","potentialAction":[{"@type":"CommentAction","name":"Comment","target":["https:\/\/www.notibras.com\/site\/viva-o-carro-verdadeiro-dono-das-ruas-e-das-ciclovias\/#respond"]}]},{"@type":"WebPage","@id":"https:\/\/www.notibras.com\/site\/viva-o-carro-verdadeiro-dono-das-ruas-e-das-ciclovias\/","url":"https:\/\/www.notibras.com\/site\/viva-o-carro-verdadeiro-dono-das-ruas-e-das-ciclovias\/","name":"Viva o carro, verdadeiro dono das ruas e das ciclovias - Notibras","isPartOf":{"@id":"https:\/\/www.notibras.com\/site\/#website"},"primaryImageOfPage":{"@id":"https:\/\/www.notibras.com\/site\/viva-o-carro-verdadeiro-dono-das-ruas-e-das-ciclovias\/#primaryimage"},"image":{"@id":"https:\/\/www.notibras.com\/site\/viva-o-carro-verdadeiro-dono-das-ruas-e-das-ciclovias\/#primaryimage"},"thumbnailUrl":"https:\/\/www.notibras.com\/site\/wp-content\/uploads\/2015\/03\/bici.jpg","datePublished":"2015-03-27T01:46:38+00:00","breadcrumb":{"@id":"https:\/\/www.notibras.com\/site\/viva-o-carro-verdadeiro-dono-das-ruas-e-das-ciclovias\/#breadcrumb"},"inLanguage":"pt-BR","potentialAction":[{"@type":"ReadAction","target":["https:\/\/www.notibras.com\/site\/viva-o-carro-verdadeiro-dono-das-ruas-e-das-ciclovias\/"]}]},{"@type":"ImageObject","inLanguage":"pt-BR","@id":"https:\/\/www.notibras.com\/site\/viva-o-carro-verdadeiro-dono-das-ruas-e-das-ciclovias\/#primaryimage","url":"https:\/\/www.notibras.com\/site\/wp-content\/uploads\/2015\/03\/bici.jpg","contentUrl":"https:\/\/www.notibras.com\/site\/wp-content\/uploads\/2015\/03\/bici.jpg","width":940,"height":626},{"@type":"BreadcrumbList","@id":"https:\/\/www.notibras.com\/site\/viva-o-carro-verdadeiro-dono-das-ruas-e-das-ciclovias\/#breadcrumb","itemListElement":[{"@type":"ListItem","position":1,"name":"In\u00edcio","item":"https:\/\/www.notibras.com\/site\/"},{"@type":"ListItem","position":2,"name":"Viva o carro, verdadeiro dono das ruas e das ciclovias"}]},{"@type":"WebSite","@id":"https:\/\/www.notibras.com\/site\/#website","url":"https:\/\/www.notibras.com\/site\/","name":"Notibras","description":"Not\u00edcias de Bras\u00edlia, do Brasil e do Mundo","publisher":{"@id":"https:\/\/www.notibras.com\/site\/#organization"},"potentialAction":[{"@type":"SearchAction","target":{"@type":"EntryPoint","urlTemplate":"https:\/\/www.notibras.com\/site\/?s={search_term_string}"},"query-input":{"@type":"PropertyValueSpecification","valueRequired":true,"valueName":"search_term_string"}}],"inLanguage":"pt-BR"},{"@type":"Organization","@id":"https:\/\/www.notibras.com\/site\/#organization","name":"Grupo Notibras de Comunica\u00e7\u00e3o","url":"https:\/\/www.notibras.com\/site\/","logo":{"@type":"ImageObject","inLanguage":"pt-BR","@id":"https:\/\/www.notibras.com\/site\/#\/schema\/logo\/image\/","url":"https:\/\/www.notibras.com\/site\/wp-content\/uploads\/2023\/01\/notibras23.png","contentUrl":"https:\/\/www.notibras.com\/site\/wp-content\/uploads\/2023\/01\/notibras23.png","width":350,"height":87,"caption":"Grupo Notibras de Comunica\u00e7\u00e3o"},"image":{"@id":"https:\/\/www.notibras.com\/site\/#\/schema\/logo\/image\/"},"sameAs":["https:\/\/www.facebook.com\/notibras\/","https:\/\/x.com\/Notibras","https:\/\/www.instagram.com\/notibras\/"]},{"@type":"Person","@id":"https:\/\/www.notibras.com\/site\/#\/schema\/person\/36ab0979449956132d3e5b517ea76ac8","name":"Reda\u00e7\u00e3o","image":{"@type":"ImageObject","inLanguage":"pt-BR","@id":"https:\/\/secure.gravatar.com\/avatar\/e0a867bdedb85fd243eadf09663511f96fc81e0720a4a42581f334ad4303aa6b?s=96&d=mm&r=g","url":"https:\/\/secure.gravatar.com\/avatar\/e0a867bdedb85fd243eadf09663511f96fc81e0720a4a42581f334ad4303aa6b?s=96&d=mm&r=g","contentUrl":"https:\/\/secure.gravatar.com\/avatar\/e0a867bdedb85fd243eadf09663511f96fc81e0720a4a42581f334ad4303aa6b?s=96&d=mm&r=g","caption":"Reda\u00e7\u00e3o"}}]}},"amp_enabled":true,"_links":{"self":[{"href":"https:\/\/www.notibras.com\/site\/wp-json\/wp\/v2\/posts\/41442","targetHints":{"allow":["GET"]}}],"collection":[{"href":"https:\/\/www.notibras.com\/site\/wp-json\/wp\/v2\/posts"}],"about":[{"href":"https:\/\/www.notibras.com\/site\/wp-json\/wp\/v2\/types\/post"}],"author":[{"embeddable":true,"href":"https:\/\/www.notibras.com\/site\/wp-json\/wp\/v2\/users\/2"}],"replies":[{"embeddable":true,"href":"https:\/\/www.notibras.com\/site\/wp-json\/wp\/v2\/comments?post=41442"}],"version-history":[{"count":0,"href":"https:\/\/www.notibras.com\/site\/wp-json\/wp\/v2\/posts\/41442\/revisions"}],"wp:featuredmedia":[{"embeddable":true,"href":"https:\/\/www.notibras.com\/site\/wp-json\/wp\/v2\/media\/41443"}],"wp:attachment":[{"href":"https:\/\/www.notibras.com\/site\/wp-json\/wp\/v2\/media?parent=41442"}],"wp:term":[{"taxonomy":"category","embeddable":true,"href":"https:\/\/www.notibras.com\/site\/wp-json\/wp\/v2\/categories?post=41442"},{"taxonomy":"post_tag","embeddable":true,"href":"https:\/\/www.notibras.com\/site\/wp-json\/wp\/v2\/tags?post=41442"}],"curies":[{"name":"wp","href":"https:\/\/api.w.org\/{rel}","templated":true}]}}