{"id":41510,"date":"2015-03-27T07:39:41","date_gmt":"2015-03-27T10:39:41","guid":{"rendered":"http:\/\/www.notibras.com\/site\/?p=41510"},"modified":"2015-03-27T17:14:23","modified_gmt":"2015-03-27T20:14:23","slug":"renan-e-eduardo-encurralam-dilma-e-assumem-as-redeas-do-poder","status":"publish","type":"post","link":"https:\/\/www.notibras.com\/site\/renan-e-eduardo-encurralam-dilma-e-assumem-as-redeas-do-poder\/","title":{"rendered":"Renan e Eduardo encurralam Dilma e seguram r\u00e9deas do poder"},"content":{"rendered":"<p>O PMDB est\u00e1 encurralando a presidente Dilma, no momento em que seu governo est\u00e1 na lona e sua popularidade no fundo do po\u00e7o. E tamb\u00e9m procura desestabilizar o PT, que se encontra enroscado at\u00e9 o pesco\u00e7o nas roubalheiras da Petrobras. Um esc\u00e2ndalo considerado o maior da hist\u00f3ria do Brasil e um dos maiores do mundo.<\/p>\n<p>S\u00e3o duas etapas da estrat\u00e9gia do maior partido do pa\u00eds com vistas ao futuro bem pr\u00f3ximo. Nas elei\u00e7\u00f5es municipais de 2016, os peemedebistas pretendem eleger um grande n\u00famero de prefeitos e vereadores por todo territ\u00f3rio brasileiro. Ser\u00e3o eles importantes cabos eleitorais na campanha da corrida ao Pal\u00e1cio do Planalto em 2018. \u00c9 justamente nesse ano que o PMDB planeja disputar a Presid\u00eancia com candidato de suas pr\u00f3prias fileiras. Querem dar um basta na estrat\u00e9gia que adotaram nos pleitos passados, sempre com papel secund\u00e1rio.<\/p>\n<blockquote><p>O PMDB \u00e9 hoje o dono do Congresso Nacional. Tem 66 deputados federais e 18 senadores. Est\u00e1 em poder de peemedebistas as presid\u00eancias da C\u00e2mara (Eduardo Cunha) e do Senado (Renan Calheiros). E mais: dos 27 estados, sete s\u00e3o governadores pelo PMDB. E a legenda det\u00e9m o maior n\u00famero de prefeitos e vereadores em todo pais.<\/p><\/blockquote>\n<p>Na atual legislatura, iniciada em fevereiro, o PMDB tem imposto sucessivas derrotas ao PT. Na C\u00e2mara, seu candidato Eduardo Cunha se elegeu presidente derrotando o petista Arlindo Chinaglia. Deixou os petistas fora da Mesa Diretora da C\u00e2mara, fato que n\u00e3o acontecia h\u00e1 mais de 20 anos.<\/p>\n<p>Os correligion\u00e1rios do ex-presidente Lula ficaram de fora tamb\u00e9m do comando das principais comiss\u00f5es permanentes, principalmente a Comiss\u00e3o de Justi\u00e7a, que presidiam h\u00e1 v\u00e1rios anos. Os petistas foram alijados do comando de comiss\u00f5es importantes, como a CPI da Petrobr\u00e1s e da Reforma Pol\u00edtica.<\/p>\n<p>Na reforma pol\u00edtica, uma das prioridades hoje no Congresso Nacional, PMDB e PT est\u00e3o separados por enorme fosso. Os petistas querem o financiamento p\u00fablico de campanhas. Contra esta proposta est\u00e1 o PMDB, que defende um modelo misto p\u00fablico e privado.<\/p>\n<p>Ainda na C\u00e2mara os peemedebistas est\u00e3o patrocinando a vota\u00e7\u00e3o de projeto que reduz os minist\u00e9rios de 39 para 20. Um tiro certeiro no PT, j\u00e1 que essa proposta elimina cerca de 20 mil cargos comissionados, preenchidos em sua maioria por apaniguados de petistas.<\/p>\n<p><strong>Cl\u00e1udio Coletti<\/strong><\/p>\n","protected":false},"excerpt":{"rendered":"<p>O PMDB est\u00e1 encurralando a presidente Dilma, no momento em que seu governo est\u00e1 na lona e sua popularidade no fundo do po\u00e7o. E tamb\u00e9m procura desestabilizar o PT, que se encontra enroscado at\u00e9 o pesco\u00e7o nas roubalheiras da Petrobras. Um esc\u00e2ndalo considerado o maior da hist\u00f3ria do Brasil e um dos maiores do mundo. [&hellip;]<\/p>\n","protected":false},"author":2,"featured_media":41511,"comment_status":"open","ping_status":"closed","sticky":false,"template":"","format":"standard","meta":{"_acf_changed":false,"footnotes":""},"categories":[25],"tags":[],"class_list":["post-41510","post","type-post","status-publish","format-standard","has-post-thumbnail","hentry","category-opina-ai"],"acf":[],"yoast_head":"<!-- This site is optimized with the Yoast SEO plugin v27.5 - https:\/\/yoast.com\/product\/yoast-seo-wordpress\/ -->\n<title>Renan e Eduardo encurralam Dilma e seguram r\u00e9deas do poder - Notibras<\/title>\n<meta name=\"robots\" content=\"index, follow, max-snippet:-1, max-image-preview:large, max-video-preview:-1\" \/>\n<link rel=\"canonical\" href=\"https:\/\/www.notibras.com\/site\/renan-e-eduardo-encurralam-dilma-e-assumem-as-redeas-do-poder\/\" \/>\n<meta property=\"og:locale\" content=\"pt_BR\" \/>\n<meta property=\"og:type\" content=\"article\" \/>\n<meta property=\"og:title\" content=\"Renan e Eduardo encurralam Dilma e seguram r\u00e9deas do poder - Notibras\" \/>\n<meta property=\"og:description\" content=\"O PMDB est\u00e1 encurralando a presidente Dilma, no momento em que seu governo est\u00e1 na lona e sua popularidade no fundo do po\u00e7o. E tamb\u00e9m procura desestabilizar o PT, que se encontra enroscado at\u00e9 o pesco\u00e7o nas roubalheiras da Petrobras. Um esc\u00e2ndalo considerado o maior da hist\u00f3ria do Brasil e um dos maiores do mundo. [&hellip;]\" \/>\n<meta property=\"og:url\" content=\"https:\/\/www.notibras.com\/site\/renan-e-eduardo-encurralam-dilma-e-assumem-as-redeas-do-poder\/\" \/>\n<meta property=\"og:site_name\" content=\"Notibras\" \/>\n<meta property=\"article:publisher\" content=\"https:\/\/www.facebook.com\/notibras\/\" \/>\n<meta property=\"article:published_time\" content=\"2015-03-27T10:39:41+00:00\" \/>\n<meta property=\"article:modified_time\" content=\"2015-03-27T20:14:23+00:00\" \/>\n<meta property=\"og:image\" content=\"https:\/\/www.notibras.com\/site\/wp-content\/uploads\/2015\/03\/des27.jpeg\" \/>\n\t<meta property=\"og:image:width\" content=\"640\" \/>\n\t<meta property=\"og:image:height\" content=\"419\" \/>\n\t<meta property=\"og:image:type\" content=\"image\/jpeg\" \/>\n<meta name=\"author\" content=\"Reda\u00e7\u00e3o\" \/>\n<meta name=\"twitter:card\" content=\"summary_large_image\" \/>\n<meta name=\"twitter:creator\" content=\"@Notibras\" \/>\n<meta name=\"twitter:site\" content=\"@Notibras\" \/>\n<meta name=\"twitter:label1\" content=\"Escrito por\" \/>\n\t<meta name=\"twitter:data1\" content=\"Reda\u00e7\u00e3o\" \/>\n\t<meta name=\"twitter:label2\" content=\"Est. tempo de leitura\" \/>\n\t<meta name=\"twitter:data2\" content=\"2 minutos\" \/>\n<script type=\"application\/ld+json\" class=\"yoast-schema-graph\">{\"@context\":\"https:\\\/\\\/schema.org\",\"@graph\":[{\"@type\":\"Article\",\"@id\":\"https:\\\/\\\/www.notibras.com\\\/site\\\/renan-e-eduardo-encurralam-dilma-e-assumem-as-redeas-do-poder\\\/#article\",\"isPartOf\":{\"@id\":\"https:\\\/\\\/www.notibras.com\\\/site\\\/renan-e-eduardo-encurralam-dilma-e-assumem-as-redeas-do-poder\\\/\"},\"author\":{\"name\":\"Reda\u00e7\u00e3o\",\"@id\":\"https:\\\/\\\/www.notibras.com\\\/site\\\/#\\\/schema\\\/person\\\/36ab0979449956132d3e5b517ea76ac8\"},\"headline\":\"Renan e Eduardo encurralam Dilma e seguram r\u00e9deas do poder\",\"datePublished\":\"2015-03-27T10:39:41+00:00\",\"dateModified\":\"2015-03-27T20:14:23+00:00\",\"mainEntityOfPage\":{\"@id\":\"https:\\\/\\\/www.notibras.com\\\/site\\\/renan-e-eduardo-encurralam-dilma-e-assumem-as-redeas-do-poder\\\/\"},\"wordCount\":412,\"commentCount\":0,\"publisher\":{\"@id\":\"https:\\\/\\\/www.notibras.com\\\/site\\\/#organization\"},\"image\":{\"@id\":\"https:\\\/\\\/www.notibras.com\\\/site\\\/renan-e-eduardo-encurralam-dilma-e-assumem-as-redeas-do-poder\\\/#primaryimage\"},\"thumbnailUrl\":\"https:\\\/\\\/www.notibras.com\\\/site\\\/wp-content\\\/uploads\\\/2015\\\/03\\\/des27.jpeg\",\"articleSection\":[\"Opina a\u00ed\"],\"inLanguage\":\"pt-BR\",\"potentialAction\":[{\"@type\":\"CommentAction\",\"name\":\"Comment\",\"target\":[\"https:\\\/\\\/www.notibras.com\\\/site\\\/renan-e-eduardo-encurralam-dilma-e-assumem-as-redeas-do-poder\\\/#respond\"]}]},{\"@type\":\"WebPage\",\"@id\":\"https:\\\/\\\/www.notibras.com\\\/site\\\/renan-e-eduardo-encurralam-dilma-e-assumem-as-redeas-do-poder\\\/\",\"url\":\"https:\\\/\\\/www.notibras.com\\\/site\\\/renan-e-eduardo-encurralam-dilma-e-assumem-as-redeas-do-poder\\\/\",\"name\":\"Renan e Eduardo encurralam Dilma e seguram r\u00e9deas do poder - Notibras\",\"isPartOf\":{\"@id\":\"https:\\\/\\\/www.notibras.com\\\/site\\\/#website\"},\"primaryImageOfPage\":{\"@id\":\"https:\\\/\\\/www.notibras.com\\\/site\\\/renan-e-eduardo-encurralam-dilma-e-assumem-as-redeas-do-poder\\\/#primaryimage\"},\"image\":{\"@id\":\"https:\\\/\\\/www.notibras.com\\\/site\\\/renan-e-eduardo-encurralam-dilma-e-assumem-as-redeas-do-poder\\\/#primaryimage\"},\"thumbnailUrl\":\"https:\\\/\\\/www.notibras.com\\\/site\\\/wp-content\\\/uploads\\\/2015\\\/03\\\/des27.jpeg\",\"datePublished\":\"2015-03-27T10:39:41+00:00\",\"dateModified\":\"2015-03-27T20:14:23+00:00\",\"breadcrumb\":{\"@id\":\"https:\\\/\\\/www.notibras.com\\\/site\\\/renan-e-eduardo-encurralam-dilma-e-assumem-as-redeas-do-poder\\\/#breadcrumb\"},\"inLanguage\":\"pt-BR\",\"potentialAction\":[{\"@type\":\"ReadAction\",\"target\":[\"https:\\\/\\\/www.notibras.com\\\/site\\\/renan-e-eduardo-encurralam-dilma-e-assumem-as-redeas-do-poder\\\/\"]}]},{\"@type\":\"ImageObject\",\"inLanguage\":\"pt-BR\",\"@id\":\"https:\\\/\\\/www.notibras.com\\\/site\\\/renan-e-eduardo-encurralam-dilma-e-assumem-as-redeas-do-poder\\\/#primaryimage\",\"url\":\"https:\\\/\\\/www.notibras.com\\\/site\\\/wp-content\\\/uploads\\\/2015\\\/03\\\/des27.jpeg\",\"contentUrl\":\"https:\\\/\\\/www.notibras.com\\\/site\\\/wp-content\\\/uploads\\\/2015\\\/03\\\/des27.jpeg\",\"width\":640,\"height\":419},{\"@type\":\"BreadcrumbList\",\"@id\":\"https:\\\/\\\/www.notibras.com\\\/site\\\/renan-e-eduardo-encurralam-dilma-e-assumem-as-redeas-do-poder\\\/#breadcrumb\",\"itemListElement\":[{\"@type\":\"ListItem\",\"position\":1,\"name\":\"In\u00edcio\",\"item\":\"https:\\\/\\\/www.notibras.com\\\/site\\\/\"},{\"@type\":\"ListItem\",\"position\":2,\"name\":\"Renan e Eduardo encurralam Dilma e seguram r\u00e9deas do poder\"}]},{\"@type\":\"WebSite\",\"@id\":\"https:\\\/\\\/www.notibras.com\\\/site\\\/#website\",\"url\":\"https:\\\/\\\/www.notibras.com\\\/site\\\/\",\"name\":\"Notibras\",\"description\":\"Not\u00edcias de Bras\u00edlia, do Brasil e do Mundo\",\"publisher\":{\"@id\":\"https:\\\/\\\/www.notibras.com\\\/site\\\/#organization\"},\"potentialAction\":[{\"@type\":\"SearchAction\",\"target\":{\"@type\":\"EntryPoint\",\"urlTemplate\":\"https:\\\/\\\/www.notibras.com\\\/site\\\/?s={search_term_string}\"},\"query-input\":{\"@type\":\"PropertyValueSpecification\",\"valueRequired\":true,\"valueName\":\"search_term_string\"}}],\"inLanguage\":\"pt-BR\"},{\"@type\":\"Organization\",\"@id\":\"https:\\\/\\\/www.notibras.com\\\/site\\\/#organization\",\"name\":\"Grupo Notibras de Comunica\u00e7\u00e3o\",\"url\":\"https:\\\/\\\/www.notibras.com\\\/site\\\/\",\"logo\":{\"@type\":\"ImageObject\",\"inLanguage\":\"pt-BR\",\"@id\":\"https:\\\/\\\/www.notibras.com\\\/site\\\/#\\\/schema\\\/logo\\\/image\\\/\",\"url\":\"https:\\\/\\\/www.notibras.com\\\/site\\\/wp-content\\\/uploads\\\/2023\\\/01\\\/notibras23.png\",\"contentUrl\":\"https:\\\/\\\/www.notibras.com\\\/site\\\/wp-content\\\/uploads\\\/2023\\\/01\\\/notibras23.png\",\"width\":350,\"height\":87,\"caption\":\"Grupo Notibras de Comunica\u00e7\u00e3o\"},\"image\":{\"@id\":\"https:\\\/\\\/www.notibras.com\\\/site\\\/#\\\/schema\\\/logo\\\/image\\\/\"},\"sameAs\":[\"https:\\\/\\\/www.facebook.com\\\/notibras\\\/\",\"https:\\\/\\\/x.com\\\/Notibras\",\"https:\\\/\\\/www.instagram.com\\\/notibras\\\/\"]},{\"@type\":\"Person\",\"@id\":\"https:\\\/\\\/www.notibras.com\\\/site\\\/#\\\/schema\\\/person\\\/36ab0979449956132d3e5b517ea76ac8\",\"name\":\"Reda\u00e7\u00e3o\",\"image\":{\"@type\":\"ImageObject\",\"inLanguage\":\"pt-BR\",\"@id\":\"https:\\\/\\\/secure.gravatar.com\\\/avatar\\\/e0a867bdedb85fd243eadf09663511f96fc81e0720a4a42581f334ad4303aa6b?s=96&d=mm&r=g\",\"url\":\"https:\\\/\\\/secure.gravatar.com\\\/avatar\\\/e0a867bdedb85fd243eadf09663511f96fc81e0720a4a42581f334ad4303aa6b?s=96&d=mm&r=g\",\"contentUrl\":\"https:\\\/\\\/secure.gravatar.com\\\/avatar\\\/e0a867bdedb85fd243eadf09663511f96fc81e0720a4a42581f334ad4303aa6b?s=96&d=mm&r=g\",\"caption\":\"Reda\u00e7\u00e3o\"}}]}<\/script>\n<!-- \/ Yoast SEO plugin. -->","yoast_head_json":{"title":"Renan e Eduardo encurralam Dilma e seguram r\u00e9deas do poder - Notibras","robots":{"index":"index","follow":"follow","max-snippet":"max-snippet:-1","max-image-preview":"max-image-preview:large","max-video-preview":"max-video-preview:-1"},"canonical":"https:\/\/www.notibras.com\/site\/renan-e-eduardo-encurralam-dilma-e-assumem-as-redeas-do-poder\/","og_locale":"pt_BR","og_type":"article","og_title":"Renan e Eduardo encurralam Dilma e seguram r\u00e9deas do poder - Notibras","og_description":"O PMDB est\u00e1 encurralando a presidente Dilma, no momento em que seu governo est\u00e1 na lona e sua popularidade no fundo do po\u00e7o. E tamb\u00e9m procura desestabilizar o PT, que se encontra enroscado at\u00e9 o pesco\u00e7o nas roubalheiras da Petrobras. Um esc\u00e2ndalo considerado o maior da hist\u00f3ria do Brasil e um dos maiores do mundo. [&hellip;]","og_url":"https:\/\/www.notibras.com\/site\/renan-e-eduardo-encurralam-dilma-e-assumem-as-redeas-do-poder\/","og_site_name":"Notibras","article_publisher":"https:\/\/www.facebook.com\/notibras\/","article_published_time":"2015-03-27T10:39:41+00:00","article_modified_time":"2015-03-27T20:14:23+00:00","og_image":[{"width":640,"height":419,"url":"https:\/\/www.notibras.com\/site\/wp-content\/uploads\/2015\/03\/des27.jpeg","type":"image\/jpeg"}],"author":"Reda\u00e7\u00e3o","twitter_card":"summary_large_image","twitter_creator":"@Notibras","twitter_site":"@Notibras","twitter_misc":{"Escrito por":"Reda\u00e7\u00e3o","Est. tempo de leitura":"2 minutos"},"schema":{"@context":"https:\/\/schema.org","@graph":[{"@type":"Article","@id":"https:\/\/www.notibras.com\/site\/renan-e-eduardo-encurralam-dilma-e-assumem-as-redeas-do-poder\/#article","isPartOf":{"@id":"https:\/\/www.notibras.com\/site\/renan-e-eduardo-encurralam-dilma-e-assumem-as-redeas-do-poder\/"},"author":{"name":"Reda\u00e7\u00e3o","@id":"https:\/\/www.notibras.com\/site\/#\/schema\/person\/36ab0979449956132d3e5b517ea76ac8"},"headline":"Renan e Eduardo encurralam Dilma e seguram r\u00e9deas do poder","datePublished":"2015-03-27T10:39:41+00:00","dateModified":"2015-03-27T20:14:23+00:00","mainEntityOfPage":{"@id":"https:\/\/www.notibras.com\/site\/renan-e-eduardo-encurralam-dilma-e-assumem-as-redeas-do-poder\/"},"wordCount":412,"commentCount":0,"publisher":{"@id":"https:\/\/www.notibras.com\/site\/#organization"},"image":{"@id":"https:\/\/www.notibras.com\/site\/renan-e-eduardo-encurralam-dilma-e-assumem-as-redeas-do-poder\/#primaryimage"},"thumbnailUrl":"https:\/\/www.notibras.com\/site\/wp-content\/uploads\/2015\/03\/des27.jpeg","articleSection":["Opina a\u00ed"],"inLanguage":"pt-BR","potentialAction":[{"@type":"CommentAction","name":"Comment","target":["https:\/\/www.notibras.com\/site\/renan-e-eduardo-encurralam-dilma-e-assumem-as-redeas-do-poder\/#respond"]}]},{"@type":"WebPage","@id":"https:\/\/www.notibras.com\/site\/renan-e-eduardo-encurralam-dilma-e-assumem-as-redeas-do-poder\/","url":"https:\/\/www.notibras.com\/site\/renan-e-eduardo-encurralam-dilma-e-assumem-as-redeas-do-poder\/","name":"Renan e Eduardo encurralam Dilma e seguram r\u00e9deas do poder - Notibras","isPartOf":{"@id":"https:\/\/www.notibras.com\/site\/#website"},"primaryImageOfPage":{"@id":"https:\/\/www.notibras.com\/site\/renan-e-eduardo-encurralam-dilma-e-assumem-as-redeas-do-poder\/#primaryimage"},"image":{"@id":"https:\/\/www.notibras.com\/site\/renan-e-eduardo-encurralam-dilma-e-assumem-as-redeas-do-poder\/#primaryimage"},"thumbnailUrl":"https:\/\/www.notibras.com\/site\/wp-content\/uploads\/2015\/03\/des27.jpeg","datePublished":"2015-03-27T10:39:41+00:00","dateModified":"2015-03-27T20:14:23+00:00","breadcrumb":{"@id":"https:\/\/www.notibras.com\/site\/renan-e-eduardo-encurralam-dilma-e-assumem-as-redeas-do-poder\/#breadcrumb"},"inLanguage":"pt-BR","potentialAction":[{"@type":"ReadAction","target":["https:\/\/www.notibras.com\/site\/renan-e-eduardo-encurralam-dilma-e-assumem-as-redeas-do-poder\/"]}]},{"@type":"ImageObject","inLanguage":"pt-BR","@id":"https:\/\/www.notibras.com\/site\/renan-e-eduardo-encurralam-dilma-e-assumem-as-redeas-do-poder\/#primaryimage","url":"https:\/\/www.notibras.com\/site\/wp-content\/uploads\/2015\/03\/des27.jpeg","contentUrl":"https:\/\/www.notibras.com\/site\/wp-content\/uploads\/2015\/03\/des27.jpeg","width":640,"height":419},{"@type":"BreadcrumbList","@id":"https:\/\/www.notibras.com\/site\/renan-e-eduardo-encurralam-dilma-e-assumem-as-redeas-do-poder\/#breadcrumb","itemListElement":[{"@type":"ListItem","position":1,"name":"In\u00edcio","item":"https:\/\/www.notibras.com\/site\/"},{"@type":"ListItem","position":2,"name":"Renan e Eduardo encurralam Dilma e seguram r\u00e9deas do poder"}]},{"@type":"WebSite","@id":"https:\/\/www.notibras.com\/site\/#website","url":"https:\/\/www.notibras.com\/site\/","name":"Notibras","description":"Not\u00edcias de Bras\u00edlia, do Brasil e do Mundo","publisher":{"@id":"https:\/\/www.notibras.com\/site\/#organization"},"potentialAction":[{"@type":"SearchAction","target":{"@type":"EntryPoint","urlTemplate":"https:\/\/www.notibras.com\/site\/?s={search_term_string}"},"query-input":{"@type":"PropertyValueSpecification","valueRequired":true,"valueName":"search_term_string"}}],"inLanguage":"pt-BR"},{"@type":"Organization","@id":"https:\/\/www.notibras.com\/site\/#organization","name":"Grupo Notibras de Comunica\u00e7\u00e3o","url":"https:\/\/www.notibras.com\/site\/","logo":{"@type":"ImageObject","inLanguage":"pt-BR","@id":"https:\/\/www.notibras.com\/site\/#\/schema\/logo\/image\/","url":"https:\/\/www.notibras.com\/site\/wp-content\/uploads\/2023\/01\/notibras23.png","contentUrl":"https:\/\/www.notibras.com\/site\/wp-content\/uploads\/2023\/01\/notibras23.png","width":350,"height":87,"caption":"Grupo Notibras de Comunica\u00e7\u00e3o"},"image":{"@id":"https:\/\/www.notibras.com\/site\/#\/schema\/logo\/image\/"},"sameAs":["https:\/\/www.facebook.com\/notibras\/","https:\/\/x.com\/Notibras","https:\/\/www.instagram.com\/notibras\/"]},{"@type":"Person","@id":"https:\/\/www.notibras.com\/site\/#\/schema\/person\/36ab0979449956132d3e5b517ea76ac8","name":"Reda\u00e7\u00e3o","image":{"@type":"ImageObject","inLanguage":"pt-BR","@id":"https:\/\/secure.gravatar.com\/avatar\/e0a867bdedb85fd243eadf09663511f96fc81e0720a4a42581f334ad4303aa6b?s=96&d=mm&r=g","url":"https:\/\/secure.gravatar.com\/avatar\/e0a867bdedb85fd243eadf09663511f96fc81e0720a4a42581f334ad4303aa6b?s=96&d=mm&r=g","contentUrl":"https:\/\/secure.gravatar.com\/avatar\/e0a867bdedb85fd243eadf09663511f96fc81e0720a4a42581f334ad4303aa6b?s=96&d=mm&r=g","caption":"Reda\u00e7\u00e3o"}}]}},"amp_enabled":true,"_links":{"self":[{"href":"https:\/\/www.notibras.com\/site\/wp-json\/wp\/v2\/posts\/41510","targetHints":{"allow":["GET"]}}],"collection":[{"href":"https:\/\/www.notibras.com\/site\/wp-json\/wp\/v2\/posts"}],"about":[{"href":"https:\/\/www.notibras.com\/site\/wp-json\/wp\/v2\/types\/post"}],"author":[{"embeddable":true,"href":"https:\/\/www.notibras.com\/site\/wp-json\/wp\/v2\/users\/2"}],"replies":[{"embeddable":true,"href":"https:\/\/www.notibras.com\/site\/wp-json\/wp\/v2\/comments?post=41510"}],"version-history":[{"count":0,"href":"https:\/\/www.notibras.com\/site\/wp-json\/wp\/v2\/posts\/41510\/revisions"}],"wp:featuredmedia":[{"embeddable":true,"href":"https:\/\/www.notibras.com\/site\/wp-json\/wp\/v2\/media\/41511"}],"wp:attachment":[{"href":"https:\/\/www.notibras.com\/site\/wp-json\/wp\/v2\/media?parent=41510"}],"wp:term":[{"taxonomy":"category","embeddable":true,"href":"https:\/\/www.notibras.com\/site\/wp-json\/wp\/v2\/categories?post=41510"},{"taxonomy":"post_tag","embeddable":true,"href":"https:\/\/www.notibras.com\/site\/wp-json\/wp\/v2\/tags?post=41510"}],"curies":[{"name":"wp","href":"https:\/\/api.w.org\/{rel}","templated":true}]}}