{"id":41525,"date":"2015-03-27T00:10:06","date_gmt":"2015-03-27T03:10:06","guid":{"rendered":"http:\/\/www.notibras.com\/site\/?p=41525"},"modified":"2015-03-27T12:12:55","modified_gmt":"2015-03-27T15:12:55","slug":"nivel-de-investimentos-tem-o-maior-baque-desde-o-governo-fhc","status":"publish","type":"post","link":"https:\/\/www.notibras.com\/site\/nivel-de-investimentos-tem-o-maior-baque-desde-o-governo-fhc\/","title":{"rendered":"N\u00edvel de investimentos tem o maior baque desde a era FHC"},"content":{"rendered":"<p>Os investimentos no pa\u00eds tiveram queda de 4,4% em 2014, segundo dados das Contas Nacionais, divulgados pelo Instituto Brasileiro de Geografia e Estat\u00edstica (IBGE). Esse \u00e9 o pior desempenho do segmento desde 1999, quando havia sido registrada queda de 8,9%. Em 2013, os investimentos tinham crescido 6,1%.<\/p>\n<p>Segundo a coordenadora de Contas Nacionais do IBGE, Rebeca Palis, a queda dos investimentos foi provocada pelo recuo na produ\u00e7\u00e3o interna e de m\u00e1quinas e equipamentos e pelo desempenho negativo da constru\u00e7\u00e3o civil. A taxa de investimento sobre o Produto Interno Bruto (PIB) ficou em 19,7%, inferior \u00e0 de 2013, quando registrou 20,5%.<\/p>\n<blockquote><p>O consumo das fam\u00edlias teve crescimento de 0,9% no ano. \u00c9 o pior desempenho do segmento desde 2003, ano em que o consumo caiu 0,7%. \u201cA massa salarial continua crescendo. Por outro lado, o cr\u00e9dito n\u00e3o est\u00e1 mais crescendo em termos reais, a Selic [taxa b\u00e1sica de juros] teve aumento e a infla\u00e7\u00e3o em 2014 foi mais alta do que em 2013\u201d, disse Rebeca.<\/p><\/blockquote>\n<p>O consumo do governo teve o melhor desempenho entre os segmentos da demanda, com alta de 1,3%. Mesmo assim, esse foi o pior desempenho do consumo da administra\u00e7\u00e3o p\u00fablica desde 2000, quando houve queda de 0,2%.<\/p>\n<p>A taxa de poupan\u00e7a no pa\u00eds em rela\u00e7\u00e3o ao PIB caiu de 17% em 2013 para 15,8% em 2014. A economia brasileira\u00a0 teve crescimento de 0,1% em 2014, o pior resultado desde 2009, quando houve queda de 0,2%.<\/p>\n","protected":false},"excerpt":{"rendered":"<p>Os investimentos no pa\u00eds tiveram queda de 4,4% em 2014, segundo dados das Contas Nacionais, divulgados pelo Instituto Brasileiro de Geografia e Estat\u00edstica (IBGE). Esse \u00e9 o pior desempenho do segmento desde 1999, quando havia sido registrada queda de 8,9%. Em 2013, os investimentos tinham crescido 6,1%. Segundo a coordenadora de Contas Nacionais do IBGE, [&hellip;]<\/p>\n","protected":false},"author":2,"featured_media":41526,"comment_status":"open","ping_status":"closed","sticky":false,"template":"","format":"standard","meta":{"_acf_changed":false,"footnotes":""},"categories":[16],"tags":[],"class_list":["post-41525","post","type-post","status-publish","format-standard","has-post-thumbnail","hentry","category-brasil"],"acf":[],"yoast_head":"<!-- This site is optimized with the Yoast SEO plugin v27.5 - https:\/\/yoast.com\/product\/yoast-seo-wordpress\/ -->\n<title>N\u00edvel de investimentos tem o maior baque desde a era FHC - Notibras<\/title>\n<meta name=\"robots\" content=\"index, follow, max-snippet:-1, max-image-preview:large, max-video-preview:-1\" \/>\n<link rel=\"canonical\" href=\"https:\/\/www.notibras.com\/site\/nivel-de-investimentos-tem-o-maior-baque-desde-o-governo-fhc\/\" \/>\n<meta property=\"og:locale\" content=\"pt_BR\" \/>\n<meta property=\"og:type\" content=\"article\" \/>\n<meta property=\"og:title\" content=\"N\u00edvel de investimentos tem o maior baque desde a era FHC - Notibras\" \/>\n<meta property=\"og:description\" content=\"Os investimentos no pa\u00eds tiveram queda de 4,4% em 2014, segundo dados das Contas Nacionais, divulgados pelo Instituto Brasileiro de Geografia e Estat\u00edstica (IBGE). Esse \u00e9 o pior desempenho do segmento desde 1999, quando havia sido registrada queda de 8,9%. Em 2013, os investimentos tinham crescido 6,1%. Segundo a coordenadora de Contas Nacionais do IBGE, [&hellip;]\" \/>\n<meta property=\"og:url\" content=\"https:\/\/www.notibras.com\/site\/nivel-de-investimentos-tem-o-maior-baque-desde-o-governo-fhc\/\" \/>\n<meta property=\"og:site_name\" content=\"Notibras\" \/>\n<meta property=\"article:publisher\" content=\"https:\/\/www.facebook.com\/notibras\/\" \/>\n<meta property=\"article:published_time\" content=\"2015-03-27T03:10:06+00:00\" \/>\n<meta property=\"article:modified_time\" content=\"2015-03-27T15:12:55+00:00\" \/>\n<meta property=\"og:image\" content=\"https:\/\/www.notibras.com\/site\/wp-content\/uploads\/2015\/03\/inves.jpeg\" \/>\n\t<meta property=\"og:image:width\" content=\"259\" \/>\n\t<meta property=\"og:image:height\" content=\"194\" \/>\n\t<meta property=\"og:image:type\" content=\"image\/jpeg\" \/>\n<meta name=\"author\" content=\"Reda\u00e7\u00e3o\" \/>\n<meta name=\"twitter:card\" content=\"summary_large_image\" \/>\n<meta name=\"twitter:creator\" content=\"@Notibras\" \/>\n<meta name=\"twitter:site\" content=\"@Notibras\" \/>\n<meta name=\"twitter:label1\" content=\"Escrito por\" \/>\n\t<meta name=\"twitter:data1\" content=\"Reda\u00e7\u00e3o\" \/>\n\t<meta name=\"twitter:label2\" content=\"Est. tempo de leitura\" \/>\n\t<meta name=\"twitter:data2\" content=\"1 minuto\" \/>\n<script type=\"application\/ld+json\" class=\"yoast-schema-graph\">{\"@context\":\"https:\\\/\\\/schema.org\",\"@graph\":[{\"@type\":\"Article\",\"@id\":\"https:\\\/\\\/www.notibras.com\\\/site\\\/nivel-de-investimentos-tem-o-maior-baque-desde-o-governo-fhc\\\/#article\",\"isPartOf\":{\"@id\":\"https:\\\/\\\/www.notibras.com\\\/site\\\/nivel-de-investimentos-tem-o-maior-baque-desde-o-governo-fhc\\\/\"},\"author\":{\"name\":\"Reda\u00e7\u00e3o\",\"@id\":\"https:\\\/\\\/www.notibras.com\\\/site\\\/#\\\/schema\\\/person\\\/36ab0979449956132d3e5b517ea76ac8\"},\"headline\":\"N\u00edvel de investimentos tem o maior baque desde a era FHC\",\"datePublished\":\"2015-03-27T03:10:06+00:00\",\"dateModified\":\"2015-03-27T15:12:55+00:00\",\"mainEntityOfPage\":{\"@id\":\"https:\\\/\\\/www.notibras.com\\\/site\\\/nivel-de-investimentos-tem-o-maior-baque-desde-o-governo-fhc\\\/\"},\"wordCount\":237,\"commentCount\":0,\"publisher\":{\"@id\":\"https:\\\/\\\/www.notibras.com\\\/site\\\/#organization\"},\"image\":{\"@id\":\"https:\\\/\\\/www.notibras.com\\\/site\\\/nivel-de-investimentos-tem-o-maior-baque-desde-o-governo-fhc\\\/#primaryimage\"},\"thumbnailUrl\":\"https:\\\/\\\/www.notibras.com\\\/site\\\/wp-content\\\/uploads\\\/2015\\\/03\\\/inves.jpeg\",\"articleSection\":[\"Brasil\"],\"inLanguage\":\"pt-BR\",\"potentialAction\":[{\"@type\":\"CommentAction\",\"name\":\"Comment\",\"target\":[\"https:\\\/\\\/www.notibras.com\\\/site\\\/nivel-de-investimentos-tem-o-maior-baque-desde-o-governo-fhc\\\/#respond\"]}]},{\"@type\":\"WebPage\",\"@id\":\"https:\\\/\\\/www.notibras.com\\\/site\\\/nivel-de-investimentos-tem-o-maior-baque-desde-o-governo-fhc\\\/\",\"url\":\"https:\\\/\\\/www.notibras.com\\\/site\\\/nivel-de-investimentos-tem-o-maior-baque-desde-o-governo-fhc\\\/\",\"name\":\"N\u00edvel de investimentos tem o maior baque desde a era FHC - Notibras\",\"isPartOf\":{\"@id\":\"https:\\\/\\\/www.notibras.com\\\/site\\\/#website\"},\"primaryImageOfPage\":{\"@id\":\"https:\\\/\\\/www.notibras.com\\\/site\\\/nivel-de-investimentos-tem-o-maior-baque-desde-o-governo-fhc\\\/#primaryimage\"},\"image\":{\"@id\":\"https:\\\/\\\/www.notibras.com\\\/site\\\/nivel-de-investimentos-tem-o-maior-baque-desde-o-governo-fhc\\\/#primaryimage\"},\"thumbnailUrl\":\"https:\\\/\\\/www.notibras.com\\\/site\\\/wp-content\\\/uploads\\\/2015\\\/03\\\/inves.jpeg\",\"datePublished\":\"2015-03-27T03:10:06+00:00\",\"dateModified\":\"2015-03-27T15:12:55+00:00\",\"breadcrumb\":{\"@id\":\"https:\\\/\\\/www.notibras.com\\\/site\\\/nivel-de-investimentos-tem-o-maior-baque-desde-o-governo-fhc\\\/#breadcrumb\"},\"inLanguage\":\"pt-BR\",\"potentialAction\":[{\"@type\":\"ReadAction\",\"target\":[\"https:\\\/\\\/www.notibras.com\\\/site\\\/nivel-de-investimentos-tem-o-maior-baque-desde-o-governo-fhc\\\/\"]}]},{\"@type\":\"ImageObject\",\"inLanguage\":\"pt-BR\",\"@id\":\"https:\\\/\\\/www.notibras.com\\\/site\\\/nivel-de-investimentos-tem-o-maior-baque-desde-o-governo-fhc\\\/#primaryimage\",\"url\":\"https:\\\/\\\/www.notibras.com\\\/site\\\/wp-content\\\/uploads\\\/2015\\\/03\\\/inves.jpeg\",\"contentUrl\":\"https:\\\/\\\/www.notibras.com\\\/site\\\/wp-content\\\/uploads\\\/2015\\\/03\\\/inves.jpeg\",\"width\":259,\"height\":194},{\"@type\":\"BreadcrumbList\",\"@id\":\"https:\\\/\\\/www.notibras.com\\\/site\\\/nivel-de-investimentos-tem-o-maior-baque-desde-o-governo-fhc\\\/#breadcrumb\",\"itemListElement\":[{\"@type\":\"ListItem\",\"position\":1,\"name\":\"In\u00edcio\",\"item\":\"https:\\\/\\\/www.notibras.com\\\/site\\\/\"},{\"@type\":\"ListItem\",\"position\":2,\"name\":\"N\u00edvel de investimentos tem o maior baque desde a era FHC\"}]},{\"@type\":\"WebSite\",\"@id\":\"https:\\\/\\\/www.notibras.com\\\/site\\\/#website\",\"url\":\"https:\\\/\\\/www.notibras.com\\\/site\\\/\",\"name\":\"Notibras\",\"description\":\"Not\u00edcias de Bras\u00edlia, do Brasil e do Mundo\",\"publisher\":{\"@id\":\"https:\\\/\\\/www.notibras.com\\\/site\\\/#organization\"},\"potentialAction\":[{\"@type\":\"SearchAction\",\"target\":{\"@type\":\"EntryPoint\",\"urlTemplate\":\"https:\\\/\\\/www.notibras.com\\\/site\\\/?s={search_term_string}\"},\"query-input\":{\"@type\":\"PropertyValueSpecification\",\"valueRequired\":true,\"valueName\":\"search_term_string\"}}],\"inLanguage\":\"pt-BR\"},{\"@type\":\"Organization\",\"@id\":\"https:\\\/\\\/www.notibras.com\\\/site\\\/#organization\",\"name\":\"Grupo Notibras de Comunica\u00e7\u00e3o\",\"url\":\"https:\\\/\\\/www.notibras.com\\\/site\\\/\",\"logo\":{\"@type\":\"ImageObject\",\"inLanguage\":\"pt-BR\",\"@id\":\"https:\\\/\\\/www.notibras.com\\\/site\\\/#\\\/schema\\\/logo\\\/image\\\/\",\"url\":\"https:\\\/\\\/www.notibras.com\\\/site\\\/wp-content\\\/uploads\\\/2023\\\/01\\\/notibras23.png\",\"contentUrl\":\"https:\\\/\\\/www.notibras.com\\\/site\\\/wp-content\\\/uploads\\\/2023\\\/01\\\/notibras23.png\",\"width\":350,\"height\":87,\"caption\":\"Grupo Notibras de Comunica\u00e7\u00e3o\"},\"image\":{\"@id\":\"https:\\\/\\\/www.notibras.com\\\/site\\\/#\\\/schema\\\/logo\\\/image\\\/\"},\"sameAs\":[\"https:\\\/\\\/www.facebook.com\\\/notibras\\\/\",\"https:\\\/\\\/x.com\\\/Notibras\",\"https:\\\/\\\/www.instagram.com\\\/notibras\\\/\"]},{\"@type\":\"Person\",\"@id\":\"https:\\\/\\\/www.notibras.com\\\/site\\\/#\\\/schema\\\/person\\\/36ab0979449956132d3e5b517ea76ac8\",\"name\":\"Reda\u00e7\u00e3o\",\"image\":{\"@type\":\"ImageObject\",\"inLanguage\":\"pt-BR\",\"@id\":\"https:\\\/\\\/secure.gravatar.com\\\/avatar\\\/e0a867bdedb85fd243eadf09663511f96fc81e0720a4a42581f334ad4303aa6b?s=96&d=mm&r=g\",\"url\":\"https:\\\/\\\/secure.gravatar.com\\\/avatar\\\/e0a867bdedb85fd243eadf09663511f96fc81e0720a4a42581f334ad4303aa6b?s=96&d=mm&r=g\",\"contentUrl\":\"https:\\\/\\\/secure.gravatar.com\\\/avatar\\\/e0a867bdedb85fd243eadf09663511f96fc81e0720a4a42581f334ad4303aa6b?s=96&d=mm&r=g\",\"caption\":\"Reda\u00e7\u00e3o\"}}]}<\/script>\n<!-- \/ Yoast SEO plugin. -->","yoast_head_json":{"title":"N\u00edvel de investimentos tem o maior baque desde a era FHC - Notibras","robots":{"index":"index","follow":"follow","max-snippet":"max-snippet:-1","max-image-preview":"max-image-preview:large","max-video-preview":"max-video-preview:-1"},"canonical":"https:\/\/www.notibras.com\/site\/nivel-de-investimentos-tem-o-maior-baque-desde-o-governo-fhc\/","og_locale":"pt_BR","og_type":"article","og_title":"N\u00edvel de investimentos tem o maior baque desde a era FHC - Notibras","og_description":"Os investimentos no pa\u00eds tiveram queda de 4,4% em 2014, segundo dados das Contas Nacionais, divulgados pelo Instituto Brasileiro de Geografia e Estat\u00edstica (IBGE). Esse \u00e9 o pior desempenho do segmento desde 1999, quando havia sido registrada queda de 8,9%. Em 2013, os investimentos tinham crescido 6,1%. Segundo a coordenadora de Contas Nacionais do IBGE, [&hellip;]","og_url":"https:\/\/www.notibras.com\/site\/nivel-de-investimentos-tem-o-maior-baque-desde-o-governo-fhc\/","og_site_name":"Notibras","article_publisher":"https:\/\/www.facebook.com\/notibras\/","article_published_time":"2015-03-27T03:10:06+00:00","article_modified_time":"2015-03-27T15:12:55+00:00","og_image":[{"width":259,"height":194,"url":"https:\/\/www.notibras.com\/site\/wp-content\/uploads\/2015\/03\/inves.jpeg","type":"image\/jpeg"}],"author":"Reda\u00e7\u00e3o","twitter_card":"summary_large_image","twitter_creator":"@Notibras","twitter_site":"@Notibras","twitter_misc":{"Escrito por":"Reda\u00e7\u00e3o","Est. tempo de leitura":"1 minuto"},"schema":{"@context":"https:\/\/schema.org","@graph":[{"@type":"Article","@id":"https:\/\/www.notibras.com\/site\/nivel-de-investimentos-tem-o-maior-baque-desde-o-governo-fhc\/#article","isPartOf":{"@id":"https:\/\/www.notibras.com\/site\/nivel-de-investimentos-tem-o-maior-baque-desde-o-governo-fhc\/"},"author":{"name":"Reda\u00e7\u00e3o","@id":"https:\/\/www.notibras.com\/site\/#\/schema\/person\/36ab0979449956132d3e5b517ea76ac8"},"headline":"N\u00edvel de investimentos tem o maior baque desde a era FHC","datePublished":"2015-03-27T03:10:06+00:00","dateModified":"2015-03-27T15:12:55+00:00","mainEntityOfPage":{"@id":"https:\/\/www.notibras.com\/site\/nivel-de-investimentos-tem-o-maior-baque-desde-o-governo-fhc\/"},"wordCount":237,"commentCount":0,"publisher":{"@id":"https:\/\/www.notibras.com\/site\/#organization"},"image":{"@id":"https:\/\/www.notibras.com\/site\/nivel-de-investimentos-tem-o-maior-baque-desde-o-governo-fhc\/#primaryimage"},"thumbnailUrl":"https:\/\/www.notibras.com\/site\/wp-content\/uploads\/2015\/03\/inves.jpeg","articleSection":["Brasil"],"inLanguage":"pt-BR","potentialAction":[{"@type":"CommentAction","name":"Comment","target":["https:\/\/www.notibras.com\/site\/nivel-de-investimentos-tem-o-maior-baque-desde-o-governo-fhc\/#respond"]}]},{"@type":"WebPage","@id":"https:\/\/www.notibras.com\/site\/nivel-de-investimentos-tem-o-maior-baque-desde-o-governo-fhc\/","url":"https:\/\/www.notibras.com\/site\/nivel-de-investimentos-tem-o-maior-baque-desde-o-governo-fhc\/","name":"N\u00edvel de investimentos tem o maior baque desde a era FHC - Notibras","isPartOf":{"@id":"https:\/\/www.notibras.com\/site\/#website"},"primaryImageOfPage":{"@id":"https:\/\/www.notibras.com\/site\/nivel-de-investimentos-tem-o-maior-baque-desde-o-governo-fhc\/#primaryimage"},"image":{"@id":"https:\/\/www.notibras.com\/site\/nivel-de-investimentos-tem-o-maior-baque-desde-o-governo-fhc\/#primaryimage"},"thumbnailUrl":"https:\/\/www.notibras.com\/site\/wp-content\/uploads\/2015\/03\/inves.jpeg","datePublished":"2015-03-27T03:10:06+00:00","dateModified":"2015-03-27T15:12:55+00:00","breadcrumb":{"@id":"https:\/\/www.notibras.com\/site\/nivel-de-investimentos-tem-o-maior-baque-desde-o-governo-fhc\/#breadcrumb"},"inLanguage":"pt-BR","potentialAction":[{"@type":"ReadAction","target":["https:\/\/www.notibras.com\/site\/nivel-de-investimentos-tem-o-maior-baque-desde-o-governo-fhc\/"]}]},{"@type":"ImageObject","inLanguage":"pt-BR","@id":"https:\/\/www.notibras.com\/site\/nivel-de-investimentos-tem-o-maior-baque-desde-o-governo-fhc\/#primaryimage","url":"https:\/\/www.notibras.com\/site\/wp-content\/uploads\/2015\/03\/inves.jpeg","contentUrl":"https:\/\/www.notibras.com\/site\/wp-content\/uploads\/2015\/03\/inves.jpeg","width":259,"height":194},{"@type":"BreadcrumbList","@id":"https:\/\/www.notibras.com\/site\/nivel-de-investimentos-tem-o-maior-baque-desde-o-governo-fhc\/#breadcrumb","itemListElement":[{"@type":"ListItem","position":1,"name":"In\u00edcio","item":"https:\/\/www.notibras.com\/site\/"},{"@type":"ListItem","position":2,"name":"N\u00edvel de investimentos tem o maior baque desde a era FHC"}]},{"@type":"WebSite","@id":"https:\/\/www.notibras.com\/site\/#website","url":"https:\/\/www.notibras.com\/site\/","name":"Notibras","description":"Not\u00edcias de Bras\u00edlia, do Brasil e do Mundo","publisher":{"@id":"https:\/\/www.notibras.com\/site\/#organization"},"potentialAction":[{"@type":"SearchAction","target":{"@type":"EntryPoint","urlTemplate":"https:\/\/www.notibras.com\/site\/?s={search_term_string}"},"query-input":{"@type":"PropertyValueSpecification","valueRequired":true,"valueName":"search_term_string"}}],"inLanguage":"pt-BR"},{"@type":"Organization","@id":"https:\/\/www.notibras.com\/site\/#organization","name":"Grupo Notibras de Comunica\u00e7\u00e3o","url":"https:\/\/www.notibras.com\/site\/","logo":{"@type":"ImageObject","inLanguage":"pt-BR","@id":"https:\/\/www.notibras.com\/site\/#\/schema\/logo\/image\/","url":"https:\/\/www.notibras.com\/site\/wp-content\/uploads\/2023\/01\/notibras23.png","contentUrl":"https:\/\/www.notibras.com\/site\/wp-content\/uploads\/2023\/01\/notibras23.png","width":350,"height":87,"caption":"Grupo Notibras de Comunica\u00e7\u00e3o"},"image":{"@id":"https:\/\/www.notibras.com\/site\/#\/schema\/logo\/image\/"},"sameAs":["https:\/\/www.facebook.com\/notibras\/","https:\/\/x.com\/Notibras","https:\/\/www.instagram.com\/notibras\/"]},{"@type":"Person","@id":"https:\/\/www.notibras.com\/site\/#\/schema\/person\/36ab0979449956132d3e5b517ea76ac8","name":"Reda\u00e7\u00e3o","image":{"@type":"ImageObject","inLanguage":"pt-BR","@id":"https:\/\/secure.gravatar.com\/avatar\/e0a867bdedb85fd243eadf09663511f96fc81e0720a4a42581f334ad4303aa6b?s=96&d=mm&r=g","url":"https:\/\/secure.gravatar.com\/avatar\/e0a867bdedb85fd243eadf09663511f96fc81e0720a4a42581f334ad4303aa6b?s=96&d=mm&r=g","contentUrl":"https:\/\/secure.gravatar.com\/avatar\/e0a867bdedb85fd243eadf09663511f96fc81e0720a4a42581f334ad4303aa6b?s=96&d=mm&r=g","caption":"Reda\u00e7\u00e3o"}}]}},"amp_enabled":true,"_links":{"self":[{"href":"https:\/\/www.notibras.com\/site\/wp-json\/wp\/v2\/posts\/41525","targetHints":{"allow":["GET"]}}],"collection":[{"href":"https:\/\/www.notibras.com\/site\/wp-json\/wp\/v2\/posts"}],"about":[{"href":"https:\/\/www.notibras.com\/site\/wp-json\/wp\/v2\/types\/post"}],"author":[{"embeddable":true,"href":"https:\/\/www.notibras.com\/site\/wp-json\/wp\/v2\/users\/2"}],"replies":[{"embeddable":true,"href":"https:\/\/www.notibras.com\/site\/wp-json\/wp\/v2\/comments?post=41525"}],"version-history":[{"count":0,"href":"https:\/\/www.notibras.com\/site\/wp-json\/wp\/v2\/posts\/41525\/revisions"}],"wp:featuredmedia":[{"embeddable":true,"href":"https:\/\/www.notibras.com\/site\/wp-json\/wp\/v2\/media\/41526"}],"wp:attachment":[{"href":"https:\/\/www.notibras.com\/site\/wp-json\/wp\/v2\/media?parent=41525"}],"wp:term":[{"taxonomy":"category","embeddable":true,"href":"https:\/\/www.notibras.com\/site\/wp-json\/wp\/v2\/categories?post=41525"},{"taxonomy":"post_tag","embeddable":true,"href":"https:\/\/www.notibras.com\/site\/wp-json\/wp\/v2\/tags?post=41525"}],"curies":[{"name":"wp","href":"https:\/\/api.w.org\/{rel}","templated":true}]}}