{"id":41615,"date":"2015-03-27T05:39:09","date_gmt":"2015-03-27T08:39:09","guid":{"rendered":"http:\/\/www.notibras.com\/site\/?p=41615"},"modified":"2015-03-28T16:09:46","modified_gmt":"2015-03-28T19:09:46","slug":"41615","status":"publish","type":"post","link":"https:\/\/www.notibras.com\/site\/41615\/","title":{"rendered":"Dilma anuncia Renato Janine para Minist\u00e9rio da Educa\u00e7\u00e3o"},"content":{"rendered":"<p>O fil\u00f3sofo e professor Renato Janine Ribeiro ser\u00e1 o novo ministro da Educa\u00e7\u00e3o. O an\u00fancio foi feito na noite desta sexta 27 pelo Pal\u00e1cio do Planalto. Ele ocupar\u00e1 a vaga deixada por Cid Gomes na semana passada, depois que o ent\u00e3o ministro acusou deputados de serem achacadores e oportunistas.<\/p>\n<p>O novo ministro \u00e9 professor titular de \u00e9tica e filosofia pol\u00edtica da Universidade de S\u00e3o Paulo (USP) e especialista na obra do fil\u00f3sofo ingl\u00eas Thomas Hobbes, sobre quem focou suas pesquisas de mestrado e doutorado. Sobre o fil\u00f3sofo, Ribeiro publicou os livros <em>A Marca do Leviat\u00e3 <\/em>e <em>Ao Leitor Sem Medo<\/em>.<\/p>\n<p>Ribeiro escreveu ainda ensaios sobre filosofia pol\u00edtica focando a realidade brasileira. Ele venceu o Pr\u00eamio Jabuti em 2001 com a obra <em>A Sociedade Contra o Social: O Alto Custo da Vida P\u00fablica no Brasil. <\/em>O fil\u00f3sofo tem ainda publica\u00e7\u00f5es que tratam de democracia, da rela\u00e7\u00e3o da universidade com a sociedade e sobre a forma de fazer pol\u00edtica em geral. Ao todo Ribeiro tem 18 livros editados, al\u00e9m de ensaios e artigos em publica\u00e7\u00f5es cient\u00edficas.<\/p>\n<blockquote><p>No servi\u00e7o p\u00fablico, al\u00e9m de ter sido aprovado no concurso para professor da USP, Janine atuou como membro do Conselho Deliberativo do Conselho Nacional de Desenvolvimento Cient\u00edfico e Tecnol\u00f3gico (CNPq) (1993-1997), do conselho da Sociedade Brasileira para o Progresso da Ci\u00eancia (SBPC)\u00a0 (1997-1999), secret\u00e1rio da SBPC (1999-2001) e diretor de avalia\u00e7\u00e3o da Coordena\u00e7\u00e3o de Aperfei\u00e7oamento de Pessoal de N\u00edvel Superior (Capes) (2004-2008).<\/p><\/blockquote>\n<p>Al\u00e9m disso, foi membro do Conselho Deliberativo do Instituto de Estudos Avan\u00e7ados da USP e \u00e9 membro do Conselho Superior de Estudos Avan\u00e7ados da Federa\u00e7\u00e3o das Ind\u00fastrias do Estado de S\u00e3o Paulo (Fiesp).<\/p>\n<p>Ribeiro fez mestrado na Universit\u00e9 Paris 1 Pantheon-Sorbonne, doutorado pela USP e p\u00f3s-doutorado pela British Library. O novo ministro foi convidado hoje pela presidenta Dilma Rousseff para assumir o cargo e tomar\u00e1 posse no dia 6 de abril.<\/p>\n<p>Felipe Meirelles, com informa\u00e7\u00f5es da ABr<\/p>\n","protected":false},"excerpt":{"rendered":"<p>O fil\u00f3sofo e professor Renato Janine Ribeiro ser\u00e1 o novo ministro da Educa\u00e7\u00e3o. O an\u00fancio foi feito na noite desta sexta 27 pelo Pal\u00e1cio do Planalto. Ele ocupar\u00e1 a vaga deixada por Cid Gomes na semana passada, depois que o ent\u00e3o ministro acusou deputados de serem achacadores e oportunistas. O novo ministro \u00e9 professor titular [&hellip;]<\/p>\n","protected":false},"author":2,"featured_media":41616,"comment_status":"open","ping_status":"closed","sticky":false,"template":"","format":"standard","meta":{"_acf_changed":false,"footnotes":""},"categories":[16],"tags":[],"class_list":["post-41615","post","type-post","status-publish","format-standard","has-post-thumbnail","hentry","category-brasil"],"acf":[],"yoast_head":"<!-- This site is optimized with the Yoast SEO plugin v27.5 - https:\/\/yoast.com\/product\/yoast-seo-wordpress\/ -->\n<title>Dilma anuncia Renato Janine para Minist\u00e9rio da Educa\u00e7\u00e3o - Notibras<\/title>\n<meta name=\"robots\" content=\"index, follow, max-snippet:-1, max-image-preview:large, max-video-preview:-1\" \/>\n<link rel=\"canonical\" href=\"https:\/\/www.notibras.com\/site\/41615\/\" \/>\n<meta property=\"og:locale\" content=\"pt_BR\" \/>\n<meta property=\"og:type\" content=\"article\" \/>\n<meta property=\"og:title\" content=\"Dilma anuncia Renato Janine para Minist\u00e9rio da Educa\u00e7\u00e3o - Notibras\" \/>\n<meta property=\"og:description\" content=\"O fil\u00f3sofo e professor Renato Janine Ribeiro ser\u00e1 o novo ministro da Educa\u00e7\u00e3o. O an\u00fancio foi feito na noite desta sexta 27 pelo Pal\u00e1cio do Planalto. Ele ocupar\u00e1 a vaga deixada por Cid Gomes na semana passada, depois que o ent\u00e3o ministro acusou deputados de serem achacadores e oportunistas. O novo ministro \u00e9 professor titular [&hellip;]\" \/>\n<meta property=\"og:url\" content=\"https:\/\/www.notibras.com\/site\/41615\/\" \/>\n<meta property=\"og:site_name\" content=\"Notibras\" \/>\n<meta property=\"article:publisher\" content=\"https:\/\/www.facebook.com\/notibras\/\" \/>\n<meta property=\"article:published_time\" content=\"2015-03-27T08:39:09+00:00\" \/>\n<meta property=\"article:modified_time\" content=\"2015-03-28T19:09:46+00:00\" \/>\n<meta property=\"og:image\" content=\"https:\/\/www.notibras.com\/site\/wp-content\/uploads\/2015\/03\/edu28.jpg\" \/>\n\t<meta property=\"og:image:width\" content=\"640\" \/>\n\t<meta property=\"og:image:height\" content=\"426\" \/>\n\t<meta property=\"og:image:type\" content=\"image\/jpeg\" \/>\n<meta name=\"author\" content=\"Reda\u00e7\u00e3o\" \/>\n<meta name=\"twitter:card\" content=\"summary_large_image\" \/>\n<meta name=\"twitter:creator\" content=\"@Notibras\" \/>\n<meta name=\"twitter:site\" content=\"@Notibras\" \/>\n<meta name=\"twitter:label1\" content=\"Escrito por\" \/>\n\t<meta name=\"twitter:data1\" content=\"Reda\u00e7\u00e3o\" \/>\n\t<meta name=\"twitter:label2\" content=\"Est. tempo de leitura\" \/>\n\t<meta name=\"twitter:data2\" content=\"2 minutos\" \/>\n<script type=\"application\/ld+json\" class=\"yoast-schema-graph\">{\"@context\":\"https:\\\/\\\/schema.org\",\"@graph\":[{\"@type\":\"Article\",\"@id\":\"https:\\\/\\\/www.notibras.com\\\/site\\\/41615\\\/#article\",\"isPartOf\":{\"@id\":\"https:\\\/\\\/www.notibras.com\\\/site\\\/41615\\\/\"},\"author\":{\"name\":\"Reda\u00e7\u00e3o\",\"@id\":\"https:\\\/\\\/www.notibras.com\\\/site\\\/#\\\/schema\\\/person\\\/36ab0979449956132d3e5b517ea76ac8\"},\"headline\":\"Dilma anuncia Renato Janine para Minist\u00e9rio da Educa\u00e7\u00e3o\",\"datePublished\":\"2015-03-27T08:39:09+00:00\",\"dateModified\":\"2015-03-28T19:09:46+00:00\",\"mainEntityOfPage\":{\"@id\":\"https:\\\/\\\/www.notibras.com\\\/site\\\/41615\\\/\"},\"wordCount\":355,\"commentCount\":0,\"publisher\":{\"@id\":\"https:\\\/\\\/www.notibras.com\\\/site\\\/#organization\"},\"image\":{\"@id\":\"https:\\\/\\\/www.notibras.com\\\/site\\\/41615\\\/#primaryimage\"},\"thumbnailUrl\":\"https:\\\/\\\/www.notibras.com\\\/site\\\/wp-content\\\/uploads\\\/2015\\\/03\\\/edu28.jpg\",\"articleSection\":[\"Brasil\"],\"inLanguage\":\"pt-BR\",\"potentialAction\":[{\"@type\":\"CommentAction\",\"name\":\"Comment\",\"target\":[\"https:\\\/\\\/www.notibras.com\\\/site\\\/41615\\\/#respond\"]}]},{\"@type\":\"WebPage\",\"@id\":\"https:\\\/\\\/www.notibras.com\\\/site\\\/41615\\\/\",\"url\":\"https:\\\/\\\/www.notibras.com\\\/site\\\/41615\\\/\",\"name\":\"Dilma anuncia Renato Janine para Minist\u00e9rio da Educa\u00e7\u00e3o - Notibras\",\"isPartOf\":{\"@id\":\"https:\\\/\\\/www.notibras.com\\\/site\\\/#website\"},\"primaryImageOfPage\":{\"@id\":\"https:\\\/\\\/www.notibras.com\\\/site\\\/41615\\\/#primaryimage\"},\"image\":{\"@id\":\"https:\\\/\\\/www.notibras.com\\\/site\\\/41615\\\/#primaryimage\"},\"thumbnailUrl\":\"https:\\\/\\\/www.notibras.com\\\/site\\\/wp-content\\\/uploads\\\/2015\\\/03\\\/edu28.jpg\",\"datePublished\":\"2015-03-27T08:39:09+00:00\",\"dateModified\":\"2015-03-28T19:09:46+00:00\",\"breadcrumb\":{\"@id\":\"https:\\\/\\\/www.notibras.com\\\/site\\\/41615\\\/#breadcrumb\"},\"inLanguage\":\"pt-BR\",\"potentialAction\":[{\"@type\":\"ReadAction\",\"target\":[\"https:\\\/\\\/www.notibras.com\\\/site\\\/41615\\\/\"]}]},{\"@type\":\"ImageObject\",\"inLanguage\":\"pt-BR\",\"@id\":\"https:\\\/\\\/www.notibras.com\\\/site\\\/41615\\\/#primaryimage\",\"url\":\"https:\\\/\\\/www.notibras.com\\\/site\\\/wp-content\\\/uploads\\\/2015\\\/03\\\/edu28.jpg\",\"contentUrl\":\"https:\\\/\\\/www.notibras.com\\\/site\\\/wp-content\\\/uploads\\\/2015\\\/03\\\/edu28.jpg\",\"width\":640,\"height\":426},{\"@type\":\"BreadcrumbList\",\"@id\":\"https:\\\/\\\/www.notibras.com\\\/site\\\/41615\\\/#breadcrumb\",\"itemListElement\":[{\"@type\":\"ListItem\",\"position\":1,\"name\":\"In\u00edcio\",\"item\":\"https:\\\/\\\/www.notibras.com\\\/site\\\/\"},{\"@type\":\"ListItem\",\"position\":2,\"name\":\"Dilma anuncia Renato Janine para Minist\u00e9rio da Educa\u00e7\u00e3o\"}]},{\"@type\":\"WebSite\",\"@id\":\"https:\\\/\\\/www.notibras.com\\\/site\\\/#website\",\"url\":\"https:\\\/\\\/www.notibras.com\\\/site\\\/\",\"name\":\"Notibras\",\"description\":\"Not\u00edcias de Bras\u00edlia, do Brasil e do Mundo\",\"publisher\":{\"@id\":\"https:\\\/\\\/www.notibras.com\\\/site\\\/#organization\"},\"potentialAction\":[{\"@type\":\"SearchAction\",\"target\":{\"@type\":\"EntryPoint\",\"urlTemplate\":\"https:\\\/\\\/www.notibras.com\\\/site\\\/?s={search_term_string}\"},\"query-input\":{\"@type\":\"PropertyValueSpecification\",\"valueRequired\":true,\"valueName\":\"search_term_string\"}}],\"inLanguage\":\"pt-BR\"},{\"@type\":\"Organization\",\"@id\":\"https:\\\/\\\/www.notibras.com\\\/site\\\/#organization\",\"name\":\"Grupo Notibras de Comunica\u00e7\u00e3o\",\"url\":\"https:\\\/\\\/www.notibras.com\\\/site\\\/\",\"logo\":{\"@type\":\"ImageObject\",\"inLanguage\":\"pt-BR\",\"@id\":\"https:\\\/\\\/www.notibras.com\\\/site\\\/#\\\/schema\\\/logo\\\/image\\\/\",\"url\":\"https:\\\/\\\/www.notibras.com\\\/site\\\/wp-content\\\/uploads\\\/2023\\\/01\\\/notibras23.png\",\"contentUrl\":\"https:\\\/\\\/www.notibras.com\\\/site\\\/wp-content\\\/uploads\\\/2023\\\/01\\\/notibras23.png\",\"width\":350,\"height\":87,\"caption\":\"Grupo Notibras de Comunica\u00e7\u00e3o\"},\"image\":{\"@id\":\"https:\\\/\\\/www.notibras.com\\\/site\\\/#\\\/schema\\\/logo\\\/image\\\/\"},\"sameAs\":[\"https:\\\/\\\/www.facebook.com\\\/notibras\\\/\",\"https:\\\/\\\/x.com\\\/Notibras\",\"https:\\\/\\\/www.instagram.com\\\/notibras\\\/\"]},{\"@type\":\"Person\",\"@id\":\"https:\\\/\\\/www.notibras.com\\\/site\\\/#\\\/schema\\\/person\\\/36ab0979449956132d3e5b517ea76ac8\",\"name\":\"Reda\u00e7\u00e3o\",\"image\":{\"@type\":\"ImageObject\",\"inLanguage\":\"pt-BR\",\"@id\":\"https:\\\/\\\/secure.gravatar.com\\\/avatar\\\/e0a867bdedb85fd243eadf09663511f96fc81e0720a4a42581f334ad4303aa6b?s=96&d=mm&r=g\",\"url\":\"https:\\\/\\\/secure.gravatar.com\\\/avatar\\\/e0a867bdedb85fd243eadf09663511f96fc81e0720a4a42581f334ad4303aa6b?s=96&d=mm&r=g\",\"contentUrl\":\"https:\\\/\\\/secure.gravatar.com\\\/avatar\\\/e0a867bdedb85fd243eadf09663511f96fc81e0720a4a42581f334ad4303aa6b?s=96&d=mm&r=g\",\"caption\":\"Reda\u00e7\u00e3o\"}}]}<\/script>\n<!-- \/ Yoast SEO plugin. -->","yoast_head_json":{"title":"Dilma anuncia Renato Janine para Minist\u00e9rio da Educa\u00e7\u00e3o - Notibras","robots":{"index":"index","follow":"follow","max-snippet":"max-snippet:-1","max-image-preview":"max-image-preview:large","max-video-preview":"max-video-preview:-1"},"canonical":"https:\/\/www.notibras.com\/site\/41615\/","og_locale":"pt_BR","og_type":"article","og_title":"Dilma anuncia Renato Janine para Minist\u00e9rio da Educa\u00e7\u00e3o - Notibras","og_description":"O fil\u00f3sofo e professor Renato Janine Ribeiro ser\u00e1 o novo ministro da Educa\u00e7\u00e3o. O an\u00fancio foi feito na noite desta sexta 27 pelo Pal\u00e1cio do Planalto. Ele ocupar\u00e1 a vaga deixada por Cid Gomes na semana passada, depois que o ent\u00e3o ministro acusou deputados de serem achacadores e oportunistas. O novo ministro \u00e9 professor titular [&hellip;]","og_url":"https:\/\/www.notibras.com\/site\/41615\/","og_site_name":"Notibras","article_publisher":"https:\/\/www.facebook.com\/notibras\/","article_published_time":"2015-03-27T08:39:09+00:00","article_modified_time":"2015-03-28T19:09:46+00:00","og_image":[{"width":640,"height":426,"url":"https:\/\/www.notibras.com\/site\/wp-content\/uploads\/2015\/03\/edu28.jpg","type":"image\/jpeg"}],"author":"Reda\u00e7\u00e3o","twitter_card":"summary_large_image","twitter_creator":"@Notibras","twitter_site":"@Notibras","twitter_misc":{"Escrito por":"Reda\u00e7\u00e3o","Est. tempo de leitura":"2 minutos"},"schema":{"@context":"https:\/\/schema.org","@graph":[{"@type":"Article","@id":"https:\/\/www.notibras.com\/site\/41615\/#article","isPartOf":{"@id":"https:\/\/www.notibras.com\/site\/41615\/"},"author":{"name":"Reda\u00e7\u00e3o","@id":"https:\/\/www.notibras.com\/site\/#\/schema\/person\/36ab0979449956132d3e5b517ea76ac8"},"headline":"Dilma anuncia Renato Janine para Minist\u00e9rio da Educa\u00e7\u00e3o","datePublished":"2015-03-27T08:39:09+00:00","dateModified":"2015-03-28T19:09:46+00:00","mainEntityOfPage":{"@id":"https:\/\/www.notibras.com\/site\/41615\/"},"wordCount":355,"commentCount":0,"publisher":{"@id":"https:\/\/www.notibras.com\/site\/#organization"},"image":{"@id":"https:\/\/www.notibras.com\/site\/41615\/#primaryimage"},"thumbnailUrl":"https:\/\/www.notibras.com\/site\/wp-content\/uploads\/2015\/03\/edu28.jpg","articleSection":["Brasil"],"inLanguage":"pt-BR","potentialAction":[{"@type":"CommentAction","name":"Comment","target":["https:\/\/www.notibras.com\/site\/41615\/#respond"]}]},{"@type":"WebPage","@id":"https:\/\/www.notibras.com\/site\/41615\/","url":"https:\/\/www.notibras.com\/site\/41615\/","name":"Dilma anuncia Renato Janine para Minist\u00e9rio da Educa\u00e7\u00e3o - Notibras","isPartOf":{"@id":"https:\/\/www.notibras.com\/site\/#website"},"primaryImageOfPage":{"@id":"https:\/\/www.notibras.com\/site\/41615\/#primaryimage"},"image":{"@id":"https:\/\/www.notibras.com\/site\/41615\/#primaryimage"},"thumbnailUrl":"https:\/\/www.notibras.com\/site\/wp-content\/uploads\/2015\/03\/edu28.jpg","datePublished":"2015-03-27T08:39:09+00:00","dateModified":"2015-03-28T19:09:46+00:00","breadcrumb":{"@id":"https:\/\/www.notibras.com\/site\/41615\/#breadcrumb"},"inLanguage":"pt-BR","potentialAction":[{"@type":"ReadAction","target":["https:\/\/www.notibras.com\/site\/41615\/"]}]},{"@type":"ImageObject","inLanguage":"pt-BR","@id":"https:\/\/www.notibras.com\/site\/41615\/#primaryimage","url":"https:\/\/www.notibras.com\/site\/wp-content\/uploads\/2015\/03\/edu28.jpg","contentUrl":"https:\/\/www.notibras.com\/site\/wp-content\/uploads\/2015\/03\/edu28.jpg","width":640,"height":426},{"@type":"BreadcrumbList","@id":"https:\/\/www.notibras.com\/site\/41615\/#breadcrumb","itemListElement":[{"@type":"ListItem","position":1,"name":"In\u00edcio","item":"https:\/\/www.notibras.com\/site\/"},{"@type":"ListItem","position":2,"name":"Dilma anuncia Renato Janine para Minist\u00e9rio da Educa\u00e7\u00e3o"}]},{"@type":"WebSite","@id":"https:\/\/www.notibras.com\/site\/#website","url":"https:\/\/www.notibras.com\/site\/","name":"Notibras","description":"Not\u00edcias de Bras\u00edlia, do Brasil e do Mundo","publisher":{"@id":"https:\/\/www.notibras.com\/site\/#organization"},"potentialAction":[{"@type":"SearchAction","target":{"@type":"EntryPoint","urlTemplate":"https:\/\/www.notibras.com\/site\/?s={search_term_string}"},"query-input":{"@type":"PropertyValueSpecification","valueRequired":true,"valueName":"search_term_string"}}],"inLanguage":"pt-BR"},{"@type":"Organization","@id":"https:\/\/www.notibras.com\/site\/#organization","name":"Grupo Notibras de Comunica\u00e7\u00e3o","url":"https:\/\/www.notibras.com\/site\/","logo":{"@type":"ImageObject","inLanguage":"pt-BR","@id":"https:\/\/www.notibras.com\/site\/#\/schema\/logo\/image\/","url":"https:\/\/www.notibras.com\/site\/wp-content\/uploads\/2023\/01\/notibras23.png","contentUrl":"https:\/\/www.notibras.com\/site\/wp-content\/uploads\/2023\/01\/notibras23.png","width":350,"height":87,"caption":"Grupo Notibras de Comunica\u00e7\u00e3o"},"image":{"@id":"https:\/\/www.notibras.com\/site\/#\/schema\/logo\/image\/"},"sameAs":["https:\/\/www.facebook.com\/notibras\/","https:\/\/x.com\/Notibras","https:\/\/www.instagram.com\/notibras\/"]},{"@type":"Person","@id":"https:\/\/www.notibras.com\/site\/#\/schema\/person\/36ab0979449956132d3e5b517ea76ac8","name":"Reda\u00e7\u00e3o","image":{"@type":"ImageObject","inLanguage":"pt-BR","@id":"https:\/\/secure.gravatar.com\/avatar\/e0a867bdedb85fd243eadf09663511f96fc81e0720a4a42581f334ad4303aa6b?s=96&d=mm&r=g","url":"https:\/\/secure.gravatar.com\/avatar\/e0a867bdedb85fd243eadf09663511f96fc81e0720a4a42581f334ad4303aa6b?s=96&d=mm&r=g","contentUrl":"https:\/\/secure.gravatar.com\/avatar\/e0a867bdedb85fd243eadf09663511f96fc81e0720a4a42581f334ad4303aa6b?s=96&d=mm&r=g","caption":"Reda\u00e7\u00e3o"}}]}},"amp_enabled":true,"_links":{"self":[{"href":"https:\/\/www.notibras.com\/site\/wp-json\/wp\/v2\/posts\/41615","targetHints":{"allow":["GET"]}}],"collection":[{"href":"https:\/\/www.notibras.com\/site\/wp-json\/wp\/v2\/posts"}],"about":[{"href":"https:\/\/www.notibras.com\/site\/wp-json\/wp\/v2\/types\/post"}],"author":[{"embeddable":true,"href":"https:\/\/www.notibras.com\/site\/wp-json\/wp\/v2\/users\/2"}],"replies":[{"embeddable":true,"href":"https:\/\/www.notibras.com\/site\/wp-json\/wp\/v2\/comments?post=41615"}],"version-history":[{"count":0,"href":"https:\/\/www.notibras.com\/site\/wp-json\/wp\/v2\/posts\/41615\/revisions"}],"wp:featuredmedia":[{"embeddable":true,"href":"https:\/\/www.notibras.com\/site\/wp-json\/wp\/v2\/media\/41616"}],"wp:attachment":[{"href":"https:\/\/www.notibras.com\/site\/wp-json\/wp\/v2\/media?parent=41615"}],"wp:term":[{"taxonomy":"category","embeddable":true,"href":"https:\/\/www.notibras.com\/site\/wp-json\/wp\/v2\/categories?post=41615"},{"taxonomy":"post_tag","embeddable":true,"href":"https:\/\/www.notibras.com\/site\/wp-json\/wp\/v2\/tags?post=41615"}],"curies":[{"name":"wp","href":"https:\/\/api.w.org\/{rel}","templated":true}]}}