{"id":41642,"date":"2015-03-28T06:49:39","date_gmt":"2015-03-28T09:49:39","guid":{"rendered":"http:\/\/www.notibras.com\/site\/?p=41642"},"modified":"2015-03-28T06:49:39","modified_gmt":"2015-03-28T09:49:39","slug":"apos-bater-franca-brasil-espera-pelo-chile-em-londres","status":"publish","type":"post","link":"https:\/\/www.notibras.com\/site\/apos-bater-franca-brasil-espera-pelo-chile-em-londres\/","title":{"rendered":"Ap\u00f3s bater Fran\u00e7a, Brasil espera pelo Chile em Londres"},"content":{"rendered":"<p>Ap\u00f3s uma hora de voo partindo de Paris, a Sele\u00e7\u00e3o Brasileira desembarcou em Londres na noite desta sexta-feira. Ap\u00f3s a vit\u00f3ria por 3 a 1 sobre a Fran\u00e7a no Stade de France nesta quinta, o t\u00e9cnico Dunga e seus comandados seguiram para a capital inglesa, onde enfrentam o Chile, \u00e0s 15 horas (de Bras\u00edlia) deste domingo.<\/p>\n<p>A chegada da Sele\u00e7\u00e3o foi discreta, poucos torcedores apareceram para pedir aut\u00f3grafos e fotos e nenhum atleta concedeu entrevista, como j\u00e1 era esperado. Todo o elenco seguiu direto do aeroporto para o Hotel Intercontinental Park Lane, onde ficar\u00e1 hospedado at\u00e9 domingo.<\/p>\n<p>A programa\u00e7\u00e3o do Brasil prev\u00ea atendimento \u00e0 imprensa neste s\u00e1bado a partir das 14h30 (de Bras\u00edlia). Logo em seguida, \u00e0s 15 horas, o plantel ter\u00e1 treino de uma hora no Emirates Stadium, casa do Arsenal e palco da partida deste domingo. Ap\u00f3s a atividade ainda h\u00e1 mais entrevistas programadas antes do retorno do grupo ao hotel.<\/p>\n<blockquote><p>Esses amistosos acontecem j\u00e1 em prepara\u00e7\u00e3o para a Copa Am\u00e9rica de 2015, que acontece em junho, no Chile. Na primeira fase, o Brasil ter\u00e1 como advers\u00e1rios, no Grupo C, Venezuela, Peru e Col\u00f4mbia.<\/p><\/blockquote>\n","protected":false},"excerpt":{"rendered":"<p>Ap\u00f3s uma hora de voo partindo de Paris, a Sele\u00e7\u00e3o Brasileira desembarcou em Londres na noite desta sexta-feira. Ap\u00f3s a vit\u00f3ria por 3 a 1 sobre a Fran\u00e7a no Stade de France nesta quinta, o t\u00e9cnico Dunga e seus comandados seguiram para a capital inglesa, onde enfrentam o Chile, \u00e0s 15 horas (de Bras\u00edlia) deste [&hellip;]<\/p>\n","protected":false},"author":2,"featured_media":41643,"comment_status":"open","ping_status":"closed","sticky":false,"template":"","format":"standard","meta":{"_acf_changed":false,"footnotes":""},"categories":[19,29],"tags":[],"class_list":["post-41642","post","type-post","status-publish","format-standard","has-post-thumbnail","hentry","category-esportes","category-futebol"],"acf":[],"yoast_head":"<!-- This site is optimized with the Yoast SEO plugin v27.2 - https:\/\/yoast.com\/product\/yoast-seo-wordpress\/ -->\n<title>Ap\u00f3s bater Fran\u00e7a, Brasil espera pelo Chile em Londres - Notibras<\/title>\n<meta name=\"robots\" content=\"index, follow, max-snippet:-1, max-image-preview:large, max-video-preview:-1\" \/>\n<link rel=\"canonical\" href=\"https:\/\/www.notibras.com\/site\/apos-bater-franca-brasil-espera-pelo-chile-em-londres\/\" \/>\n<meta property=\"og:locale\" content=\"pt_BR\" \/>\n<meta property=\"og:type\" content=\"article\" \/>\n<meta property=\"og:title\" content=\"Ap\u00f3s bater Fran\u00e7a, Brasil espera pelo Chile em Londres - Notibras\" \/>\n<meta property=\"og:description\" content=\"Ap\u00f3s uma hora de voo partindo de Paris, a Sele\u00e7\u00e3o Brasileira desembarcou em Londres na noite desta sexta-feira. Ap\u00f3s a vit\u00f3ria por 3 a 1 sobre a Fran\u00e7a no Stade de France nesta quinta, o t\u00e9cnico Dunga e seus comandados seguiram para a capital inglesa, onde enfrentam o Chile, \u00e0s 15 horas (de Bras\u00edlia) deste [&hellip;]\" \/>\n<meta property=\"og:url\" content=\"https:\/\/www.notibras.com\/site\/apos-bater-franca-brasil-espera-pelo-chile-em-londres\/\" \/>\n<meta property=\"og:site_name\" content=\"Notibras\" \/>\n<meta property=\"article:publisher\" content=\"https:\/\/www.facebook.com\/notibras\/\" \/>\n<meta property=\"article:published_time\" content=\"2015-03-28T09:49:39+00:00\" \/>\n<meta property=\"og:image\" content=\"https:\/\/www.notibras.com\/site\/wp-content\/uploads\/2015\/03\/brasil.jpg\" \/>\n\t<meta property=\"og:image:width\" content=\"620\" \/>\n\t<meta property=\"og:image:height\" content=\"412\" \/>\n\t<meta property=\"og:image:type\" content=\"image\/jpeg\" \/>\n<meta name=\"author\" content=\"Reda\u00e7\u00e3o\" \/>\n<meta name=\"twitter:card\" content=\"summary_large_image\" \/>\n<meta name=\"twitter:creator\" content=\"@Notibras\" \/>\n<meta name=\"twitter:site\" content=\"@Notibras\" \/>\n<meta name=\"twitter:label1\" content=\"Escrito por\" \/>\n\t<meta name=\"twitter:data1\" content=\"Reda\u00e7\u00e3o\" \/>\n\t<meta name=\"twitter:label2\" content=\"Est. tempo de leitura\" \/>\n\t<meta name=\"twitter:data2\" content=\"1 minuto\" \/>\n<script type=\"application\/ld+json\" class=\"yoast-schema-graph\">{\"@context\":\"https:\/\/schema.org\",\"@graph\":[{\"@type\":\"Article\",\"@id\":\"https:\/\/www.notibras.com\/site\/apos-bater-franca-brasil-espera-pelo-chile-em-londres\/#article\",\"isPartOf\":{\"@id\":\"https:\/\/www.notibras.com\/site\/apos-bater-franca-brasil-espera-pelo-chile-em-londres\/\"},\"author\":{\"name\":\"Reda\u00e7\u00e3o\",\"@id\":\"https:\/\/www.notibras.com\/site\/#\/schema\/person\/36ab0979449956132d3e5b517ea76ac8\"},\"headline\":\"Ap\u00f3s bater Fran\u00e7a, Brasil espera pelo Chile em Londres\",\"datePublished\":\"2015-03-28T09:49:39+00:00\",\"mainEntityOfPage\":{\"@id\":\"https:\/\/www.notibras.com\/site\/apos-bater-franca-brasil-espera-pelo-chile-em-londres\/\"},\"wordCount\":208,\"commentCount\":0,\"publisher\":{\"@id\":\"https:\/\/www.notibras.com\/site\/#organization\"},\"image\":{\"@id\":\"https:\/\/www.notibras.com\/site\/apos-bater-franca-brasil-espera-pelo-chile-em-londres\/#primaryimage\"},\"thumbnailUrl\":\"https:\/\/www.notibras.com\/site\/wp-content\/uploads\/2015\/03\/brasil.jpg\",\"articleSection\":[\"Esportes\",\"Futebol\"],\"inLanguage\":\"pt-BR\",\"potentialAction\":[{\"@type\":\"CommentAction\",\"name\":\"Comment\",\"target\":[\"https:\/\/www.notibras.com\/site\/apos-bater-franca-brasil-espera-pelo-chile-em-londres\/#respond\"]}]},{\"@type\":\"WebPage\",\"@id\":\"https:\/\/www.notibras.com\/site\/apos-bater-franca-brasil-espera-pelo-chile-em-londres\/\",\"url\":\"https:\/\/www.notibras.com\/site\/apos-bater-franca-brasil-espera-pelo-chile-em-londres\/\",\"name\":\"Ap\u00f3s bater Fran\u00e7a, Brasil espera pelo Chile em Londres - Notibras\",\"isPartOf\":{\"@id\":\"https:\/\/www.notibras.com\/site\/#website\"},\"primaryImageOfPage\":{\"@id\":\"https:\/\/www.notibras.com\/site\/apos-bater-franca-brasil-espera-pelo-chile-em-londres\/#primaryimage\"},\"image\":{\"@id\":\"https:\/\/www.notibras.com\/site\/apos-bater-franca-brasil-espera-pelo-chile-em-londres\/#primaryimage\"},\"thumbnailUrl\":\"https:\/\/www.notibras.com\/site\/wp-content\/uploads\/2015\/03\/brasil.jpg\",\"datePublished\":\"2015-03-28T09:49:39+00:00\",\"breadcrumb\":{\"@id\":\"https:\/\/www.notibras.com\/site\/apos-bater-franca-brasil-espera-pelo-chile-em-londres\/#breadcrumb\"},\"inLanguage\":\"pt-BR\",\"potentialAction\":[{\"@type\":\"ReadAction\",\"target\":[\"https:\/\/www.notibras.com\/site\/apos-bater-franca-brasil-espera-pelo-chile-em-londres\/\"]}]},{\"@type\":\"ImageObject\",\"inLanguage\":\"pt-BR\",\"@id\":\"https:\/\/www.notibras.com\/site\/apos-bater-franca-brasil-espera-pelo-chile-em-londres\/#primaryimage\",\"url\":\"https:\/\/www.notibras.com\/site\/wp-content\/uploads\/2015\/03\/brasil.jpg\",\"contentUrl\":\"https:\/\/www.notibras.com\/site\/wp-content\/uploads\/2015\/03\/brasil.jpg\",\"width\":620,\"height\":412},{\"@type\":\"BreadcrumbList\",\"@id\":\"https:\/\/www.notibras.com\/site\/apos-bater-franca-brasil-espera-pelo-chile-em-londres\/#breadcrumb\",\"itemListElement\":[{\"@type\":\"ListItem\",\"position\":1,\"name\":\"In\u00edcio\",\"item\":\"https:\/\/www.notibras.com\/site\/\"},{\"@type\":\"ListItem\",\"position\":2,\"name\":\"Ap\u00f3s bater Fran\u00e7a, Brasil espera pelo Chile em Londres\"}]},{\"@type\":\"WebSite\",\"@id\":\"https:\/\/www.notibras.com\/site\/#website\",\"url\":\"https:\/\/www.notibras.com\/site\/\",\"name\":\"Notibras\",\"description\":\"Not\u00edcias de Bras\u00edlia, do Brasil e do Mundo\",\"publisher\":{\"@id\":\"https:\/\/www.notibras.com\/site\/#organization\"},\"potentialAction\":[{\"@type\":\"SearchAction\",\"target\":{\"@type\":\"EntryPoint\",\"urlTemplate\":\"https:\/\/www.notibras.com\/site\/?s={search_term_string}\"},\"query-input\":{\"@type\":\"PropertyValueSpecification\",\"valueRequired\":true,\"valueName\":\"search_term_string\"}}],\"inLanguage\":\"pt-BR\"},{\"@type\":\"Organization\",\"@id\":\"https:\/\/www.notibras.com\/site\/#organization\",\"name\":\"Grupo Notibras de Comunica\u00e7\u00e3o\",\"url\":\"https:\/\/www.notibras.com\/site\/\",\"logo\":{\"@type\":\"ImageObject\",\"inLanguage\":\"pt-BR\",\"@id\":\"https:\/\/www.notibras.com\/site\/#\/schema\/logo\/image\/\",\"url\":\"https:\/\/www.notibras.com\/site\/wp-content\/uploads\/2023\/01\/notibras23.png\",\"contentUrl\":\"https:\/\/www.notibras.com\/site\/wp-content\/uploads\/2023\/01\/notibras23.png\",\"width\":350,\"height\":87,\"caption\":\"Grupo Notibras de Comunica\u00e7\u00e3o\"},\"image\":{\"@id\":\"https:\/\/www.notibras.com\/site\/#\/schema\/logo\/image\/\"},\"sameAs\":[\"https:\/\/www.facebook.com\/notibras\/\",\"https:\/\/x.com\/Notibras\",\"https:\/\/www.instagram.com\/notibras\/\"]},{\"@type\":\"Person\",\"@id\":\"https:\/\/www.notibras.com\/site\/#\/schema\/person\/36ab0979449956132d3e5b517ea76ac8\",\"name\":\"Reda\u00e7\u00e3o\",\"image\":{\"@type\":\"ImageObject\",\"inLanguage\":\"pt-BR\",\"@id\":\"https:\/\/secure.gravatar.com\/avatar\/e0a867bdedb85fd243eadf09663511f96fc81e0720a4a42581f334ad4303aa6b?s=96&d=mm&r=g\",\"url\":\"https:\/\/secure.gravatar.com\/avatar\/e0a867bdedb85fd243eadf09663511f96fc81e0720a4a42581f334ad4303aa6b?s=96&d=mm&r=g\",\"contentUrl\":\"https:\/\/secure.gravatar.com\/avatar\/e0a867bdedb85fd243eadf09663511f96fc81e0720a4a42581f334ad4303aa6b?s=96&d=mm&r=g\",\"caption\":\"Reda\u00e7\u00e3o\"}}]}<\/script>\n<!-- \/ Yoast SEO plugin. -->","yoast_head_json":{"title":"Ap\u00f3s bater Fran\u00e7a, Brasil espera pelo Chile em Londres - Notibras","robots":{"index":"index","follow":"follow","max-snippet":"max-snippet:-1","max-image-preview":"max-image-preview:large","max-video-preview":"max-video-preview:-1"},"canonical":"https:\/\/www.notibras.com\/site\/apos-bater-franca-brasil-espera-pelo-chile-em-londres\/","og_locale":"pt_BR","og_type":"article","og_title":"Ap\u00f3s bater Fran\u00e7a, Brasil espera pelo Chile em Londres - Notibras","og_description":"Ap\u00f3s uma hora de voo partindo de Paris, a Sele\u00e7\u00e3o Brasileira desembarcou em Londres na noite desta sexta-feira. Ap\u00f3s a vit\u00f3ria por 3 a 1 sobre a Fran\u00e7a no Stade de France nesta quinta, o t\u00e9cnico Dunga e seus comandados seguiram para a capital inglesa, onde enfrentam o Chile, \u00e0s 15 horas (de Bras\u00edlia) deste [&hellip;]","og_url":"https:\/\/www.notibras.com\/site\/apos-bater-franca-brasil-espera-pelo-chile-em-londres\/","og_site_name":"Notibras","article_publisher":"https:\/\/www.facebook.com\/notibras\/","article_published_time":"2015-03-28T09:49:39+00:00","og_image":[{"width":620,"height":412,"url":"https:\/\/www.notibras.com\/site\/wp-content\/uploads\/2015\/03\/brasil.jpg","type":"image\/jpeg"}],"author":"Reda\u00e7\u00e3o","twitter_card":"summary_large_image","twitter_creator":"@Notibras","twitter_site":"@Notibras","twitter_misc":{"Escrito por":"Reda\u00e7\u00e3o","Est. tempo de leitura":"1 minuto"},"schema":{"@context":"https:\/\/schema.org","@graph":[{"@type":"Article","@id":"https:\/\/www.notibras.com\/site\/apos-bater-franca-brasil-espera-pelo-chile-em-londres\/#article","isPartOf":{"@id":"https:\/\/www.notibras.com\/site\/apos-bater-franca-brasil-espera-pelo-chile-em-londres\/"},"author":{"name":"Reda\u00e7\u00e3o","@id":"https:\/\/www.notibras.com\/site\/#\/schema\/person\/36ab0979449956132d3e5b517ea76ac8"},"headline":"Ap\u00f3s bater Fran\u00e7a, Brasil espera pelo Chile em Londres","datePublished":"2015-03-28T09:49:39+00:00","mainEntityOfPage":{"@id":"https:\/\/www.notibras.com\/site\/apos-bater-franca-brasil-espera-pelo-chile-em-londres\/"},"wordCount":208,"commentCount":0,"publisher":{"@id":"https:\/\/www.notibras.com\/site\/#organization"},"image":{"@id":"https:\/\/www.notibras.com\/site\/apos-bater-franca-brasil-espera-pelo-chile-em-londres\/#primaryimage"},"thumbnailUrl":"https:\/\/www.notibras.com\/site\/wp-content\/uploads\/2015\/03\/brasil.jpg","articleSection":["Esportes","Futebol"],"inLanguage":"pt-BR","potentialAction":[{"@type":"CommentAction","name":"Comment","target":["https:\/\/www.notibras.com\/site\/apos-bater-franca-brasil-espera-pelo-chile-em-londres\/#respond"]}]},{"@type":"WebPage","@id":"https:\/\/www.notibras.com\/site\/apos-bater-franca-brasil-espera-pelo-chile-em-londres\/","url":"https:\/\/www.notibras.com\/site\/apos-bater-franca-brasil-espera-pelo-chile-em-londres\/","name":"Ap\u00f3s bater Fran\u00e7a, Brasil espera pelo Chile em Londres - Notibras","isPartOf":{"@id":"https:\/\/www.notibras.com\/site\/#website"},"primaryImageOfPage":{"@id":"https:\/\/www.notibras.com\/site\/apos-bater-franca-brasil-espera-pelo-chile-em-londres\/#primaryimage"},"image":{"@id":"https:\/\/www.notibras.com\/site\/apos-bater-franca-brasil-espera-pelo-chile-em-londres\/#primaryimage"},"thumbnailUrl":"https:\/\/www.notibras.com\/site\/wp-content\/uploads\/2015\/03\/brasil.jpg","datePublished":"2015-03-28T09:49:39+00:00","breadcrumb":{"@id":"https:\/\/www.notibras.com\/site\/apos-bater-franca-brasil-espera-pelo-chile-em-londres\/#breadcrumb"},"inLanguage":"pt-BR","potentialAction":[{"@type":"ReadAction","target":["https:\/\/www.notibras.com\/site\/apos-bater-franca-brasil-espera-pelo-chile-em-londres\/"]}]},{"@type":"ImageObject","inLanguage":"pt-BR","@id":"https:\/\/www.notibras.com\/site\/apos-bater-franca-brasil-espera-pelo-chile-em-londres\/#primaryimage","url":"https:\/\/www.notibras.com\/site\/wp-content\/uploads\/2015\/03\/brasil.jpg","contentUrl":"https:\/\/www.notibras.com\/site\/wp-content\/uploads\/2015\/03\/brasil.jpg","width":620,"height":412},{"@type":"BreadcrumbList","@id":"https:\/\/www.notibras.com\/site\/apos-bater-franca-brasil-espera-pelo-chile-em-londres\/#breadcrumb","itemListElement":[{"@type":"ListItem","position":1,"name":"In\u00edcio","item":"https:\/\/www.notibras.com\/site\/"},{"@type":"ListItem","position":2,"name":"Ap\u00f3s bater Fran\u00e7a, Brasil espera pelo Chile em Londres"}]},{"@type":"WebSite","@id":"https:\/\/www.notibras.com\/site\/#website","url":"https:\/\/www.notibras.com\/site\/","name":"Notibras","description":"Not\u00edcias de Bras\u00edlia, do Brasil e do Mundo","publisher":{"@id":"https:\/\/www.notibras.com\/site\/#organization"},"potentialAction":[{"@type":"SearchAction","target":{"@type":"EntryPoint","urlTemplate":"https:\/\/www.notibras.com\/site\/?s={search_term_string}"},"query-input":{"@type":"PropertyValueSpecification","valueRequired":true,"valueName":"search_term_string"}}],"inLanguage":"pt-BR"},{"@type":"Organization","@id":"https:\/\/www.notibras.com\/site\/#organization","name":"Grupo Notibras de Comunica\u00e7\u00e3o","url":"https:\/\/www.notibras.com\/site\/","logo":{"@type":"ImageObject","inLanguage":"pt-BR","@id":"https:\/\/www.notibras.com\/site\/#\/schema\/logo\/image\/","url":"https:\/\/www.notibras.com\/site\/wp-content\/uploads\/2023\/01\/notibras23.png","contentUrl":"https:\/\/www.notibras.com\/site\/wp-content\/uploads\/2023\/01\/notibras23.png","width":350,"height":87,"caption":"Grupo Notibras de Comunica\u00e7\u00e3o"},"image":{"@id":"https:\/\/www.notibras.com\/site\/#\/schema\/logo\/image\/"},"sameAs":["https:\/\/www.facebook.com\/notibras\/","https:\/\/x.com\/Notibras","https:\/\/www.instagram.com\/notibras\/"]},{"@type":"Person","@id":"https:\/\/www.notibras.com\/site\/#\/schema\/person\/36ab0979449956132d3e5b517ea76ac8","name":"Reda\u00e7\u00e3o","image":{"@type":"ImageObject","inLanguage":"pt-BR","@id":"https:\/\/secure.gravatar.com\/avatar\/e0a867bdedb85fd243eadf09663511f96fc81e0720a4a42581f334ad4303aa6b?s=96&d=mm&r=g","url":"https:\/\/secure.gravatar.com\/avatar\/e0a867bdedb85fd243eadf09663511f96fc81e0720a4a42581f334ad4303aa6b?s=96&d=mm&r=g","contentUrl":"https:\/\/secure.gravatar.com\/avatar\/e0a867bdedb85fd243eadf09663511f96fc81e0720a4a42581f334ad4303aa6b?s=96&d=mm&r=g","caption":"Reda\u00e7\u00e3o"}}]}},"amp_enabled":true,"_links":{"self":[{"href":"https:\/\/www.notibras.com\/site\/wp-json\/wp\/v2\/posts\/41642","targetHints":{"allow":["GET"]}}],"collection":[{"href":"https:\/\/www.notibras.com\/site\/wp-json\/wp\/v2\/posts"}],"about":[{"href":"https:\/\/www.notibras.com\/site\/wp-json\/wp\/v2\/types\/post"}],"author":[{"embeddable":true,"href":"https:\/\/www.notibras.com\/site\/wp-json\/wp\/v2\/users\/2"}],"replies":[{"embeddable":true,"href":"https:\/\/www.notibras.com\/site\/wp-json\/wp\/v2\/comments?post=41642"}],"version-history":[{"count":0,"href":"https:\/\/www.notibras.com\/site\/wp-json\/wp\/v2\/posts\/41642\/revisions"}],"wp:featuredmedia":[{"embeddable":true,"href":"https:\/\/www.notibras.com\/site\/wp-json\/wp\/v2\/media\/41643"}],"wp:attachment":[{"href":"https:\/\/www.notibras.com\/site\/wp-json\/wp\/v2\/media?parent=41642"}],"wp:term":[{"taxonomy":"category","embeddable":true,"href":"https:\/\/www.notibras.com\/site\/wp-json\/wp\/v2\/categories?post=41642"},{"taxonomy":"post_tag","embeddable":true,"href":"https:\/\/www.notibras.com\/site\/wp-json\/wp\/v2\/tags?post=41642"}],"curies":[{"name":"wp","href":"https:\/\/api.w.org\/{rel}","templated":true}]}}