{"id":41693,"date":"2015-03-28T10:21:11","date_gmt":"2015-03-28T13:21:11","guid":{"rendered":"http:\/\/www.notibras.com\/site\/?p=41693"},"modified":"2015-03-28T10:21:11","modified_gmt":"2015-03-28T13:21:11","slug":"acordo-de-obama-com-aiatolas-pode-incendiar-oriente-medio","status":"publish","type":"post","link":"https:\/\/www.notibras.com\/site\/acordo-de-obama-com-aiatolas-pode-incendiar-oriente-medio\/","title":{"rendered":"Acordo de Obama com aiatol\u00e1s pode incendiar Oriente M\u00e9dio"},"content":{"rendered":"<p>Eu posso pensar em muitos bons motivos para seguirmos em frente com o acordo nuclear com o Ir\u00e3, mas tamb\u00e9m posso pensar em muitos motivos para n\u00e3o. Assim, se voc\u00ea estiver confuso, permita-me confundi-lo ainda mais.<\/p>\n<p>O acordo proposto para a suspens\u00e3o das san\u00e7\u00f5es ao Ir\u00e3 \u2013 em troca de restri\u00e7\u00f5es \u00e0 sua capacidade de produzir bombas, para que Teer\u00e3 fique a pelo menos um ano da produ\u00e7\u00e3o de uma arma \u2013 precisa ser julgado por si s\u00f3.<\/p>\n<p>Eu ficarei atentamente de olho na qualidade do regime de verifica\u00e7\u00e3o e especificamente no que aconteceria em caso de trapa\u00e7a pelo Ir\u00e3. Mas o acordo precisa ser julgado em termos de como se enquadra nas metas estrat\u00e9gicas americanas mais amplas para a regi\u00e3o, porque um acordo EUA &#8211; Ir\u00e3 seria um terremoto tocando cada canto do Oriente M\u00e9dio.<\/p>\n<p>N\u00e3o foi dada aten\u00e7\u00e3o suficiente para as implica\u00e7\u00f5es regionais \u2013 particularmente o que acontecer\u00e1 se fortalecermos o Ir\u00e3 em um momento em que grandes partes do mundo \u00e1rabe sunita est\u00e3o em crise.<\/p>\n<p>O melhor argumento da equipe de Obama a favor desse acordo com o Ir\u00e3 \u00e9 que, com o tempo, poderia ser &#8220;transformador&#8221;. Isto \u00e9, o fim das san\u00e7\u00f5es poderia abrir o Ir\u00e3 ao mundo e trazer ar fresco o bastante \u2013 o Ir\u00e3 foi deliberadamente isolado desde 1979 pelos aiatol\u00e1s e pela Guarda Revolucion\u00e1ria \u2013 para gradualmente mudar o Ir\u00e3 de um Estado revolucion\u00e1rio para um normal, um menos inclinado a amea\u00e7ar Israel.<\/p>\n<p>Se algu\u00e9m assumir que o Ir\u00e3 j\u00e1 conta com o know-how e as ferramentas para produzir uma arma nuclear, mudar o car\u00e1ter do seu regime \u00e9 a \u00fanica forma dele se tornar menos amea\u00e7ador.<\/p>\n<p>O desafio a esse argumento, explica Karim Sadjadpour, um especialista em Oriente M\u00e9dio do Fundo Carnegie, \u00e9 que apesar da equipe Obama querer acreditar que esse acordo possa ser &#8220;transformador&#8221;, o l\u00edder supremo do Ir\u00e3, Ali Khamenei, &#8220;o v\u00ea apenas como transacional&#8221; \u2013 o Ir\u00e3 tampa seu nariz, fecha o acordo, recupera sua for\u00e7a e dobra a aposta em seus velhos princ\u00edpios revolucion\u00e1rios.<\/p>\n<p>Mas, de novo, nunca se sabe. O que come\u00e7a como transacional pode acabar sendo transformador de formas que ningu\u00e9m pode prever.<\/p>\n<p>Um segundo argumento \u00e9 que o Ir\u00e3 \u00e9 um pa\u00eds e civiliza\u00e7\u00e3o reais, com elei\u00e7\u00f5es competitivas (apesar de restritas), mulheres com escolaridade e for\u00e7as armadas poderosas.<\/p>\n<p>O conserto das rela\u00e7\u00f5es entre EUA e Ir\u00e3 poderia permitir aos americanos administrar melhor e equilibrar o Taleban \u00e1rabe sunita no Afeganist\u00e3o, e contrabalan\u00e7ar os jihadistas sunitas, como os do Estado Isl\u00e2mico, que agora controlam partes do Iraque e da S\u00edria.<\/p>\n<p>Os Estados Unidos t\u00eam dependido demais da Ar\u00e1bia Saudita desde a revolu\u00e7\u00e3o iraniana de 1979, e apesar da fam\u00edlia real saudita e as elites estarem alinhadas com os Estados Unidos, h\u00e1 radicais wahabistas sauditas que financiam a dissemina\u00e7\u00e3o da forma mais puritana, antipluralista, antimulheres do Isl\u00e3, que mudou o car\u00e1ter do islamismo \u00e1rabe e ajudou a fomentar muta\u00e7\u00f5es como o Estado Isl\u00e2mico. Nenhum iraniano esteve envolvido no 11 de Setembro.<\/p>\n<p>De novo, foram agentes iranianos que fizeram os explosivos improvisados mais letais no Iraque, que mataram muitos soldados americanos ali. E foi o Ir\u00e3 que encorajou seus aliados xiitas iraquianos a rejeitarem a prorroga\u00e7\u00e3o da presen\u00e7a militar americana no Iraque e tamb\u00e9m pressionou para privar de poder os sunitas iraquianos, o que ajudou a produzir a contrarrea\u00e7\u00e3o do Estado Isl\u00e2mico.<\/p>\n<blockquote><p>&#8220;Na luta contra o EI, o Ir\u00e3 \u00e9 tanto o incendi\u00e1rio quanto o corpo de bombeiros&#8221;, acrescentou Sadjadpour. Para a Ar\u00e1bia Saudita, ele acrescentou, a ascens\u00e3o do Estado Isl\u00e2mico \u00e9 atribu\u00edda \u00e0 repress\u00e3o dos sunitas na S\u00edria e Iraque pelo Ir\u00e3 e seus clientes xiitas. Para Teer\u00e3, a ascens\u00e3o do Estado Isl\u00e2mico \u00e9 atribu\u00edda ao apoio financeiro e ideol\u00f3gico da Ar\u00e1bia Saudita e seus aliados no Golfo.<\/p><\/blockquote>\n<p>E ambos est\u00e3o certos, o motivo para os interesses dos Estados Unidos n\u00e3o estarem em uma vit\u00f3ria nem dos ide\u00f3logos iranianos e nem dos ide\u00f3logos sauditas, mas sim equilibrando os dois lados um contra o outro, at\u00e9 ficarem exaustos e abandonarem sua antiga rixa xiita-sunita, persa-\u00e1rabe.<\/p>\n<p>De novo, se este acordo nuclear com o Ir\u00e3 for fechado e as san\u00e7\u00f5es forem suspensas, muito mais petr\u00f3leo iraniano chegar\u00e1 ao mercado global, contendo pre\u00e7os e beneficiando os consumidores globais. Por\u00e9m, o Ir\u00e3 teria bilh\u00f5es de d\u00f3lares para gastar em ciberguerra, m\u00edsseis bal\u00edsticos de longo alcance e projetar poder pelo mundo \u00e1rabe, onde seus representantes j\u00e1 dominam quatro capitais \u00e1rabes: Beirute, Bagd\u00e1, Damasco e Sanaa.<\/p>\n<p>Mas, diante da desordem no I\u00eamen, Iraque e S\u00edria, n\u00f3s realmente nos importamos se o Ir\u00e3 bancar o policial ali e se envolver nas lutas intermin\u00e1veis com as mil\u00edcias sunitas? Por 10 anos, foram os Estados Unidos que se desdobraram demais no Iraque e Afeganist\u00e3o.<\/p>\n<p>Agora seria a vez do Ir\u00e3. Eu me sinto mal pelas pessoas que vivem nesses lugares, e certamente dever\u00edamos usar poder a\u00e9reo americano para prevenir que o caos se espalhe para as ilhas de dec\u00eancia, como a Jord\u00e2nia, L\u00edbano e o Curdist\u00e3o iraquiano.<\/p>\n<p>Mas administrar o decl\u00ednio do sistema de Estado \u00e1rabe n\u00e3o \u00e9 um problema que dever\u00edamos tornar nosso. N\u00f3s j\u00e1 provamos amplamente que n\u00e3o sabemos como.<\/p>\n<p>Assim, antes de se decidir sobre o acordo com o Ir\u00e3, pergunte como isso afeta Israel, o pa\u00eds mais amea\u00e7ado pelo Ir\u00e3. Mas tamb\u00e9m pergunte como isso se encaixa na estrat\u00e9gia americana mais ampla para debelar as tens\u00f5es no Oriente M\u00e9dio com o m\u00ednimo envolvimento americano necess\u00e1rio e o pre\u00e7o mais baixo do petr\u00f3leo poss\u00edvel.<\/p>\n<p><strong>Thomas L. Friedman<\/strong><\/p>\n","protected":false},"excerpt":{"rendered":"<p>Eu posso pensar em muitos bons motivos para seguirmos em frente com o acordo nuclear com o Ir\u00e3, mas tamb\u00e9m posso pensar em muitos motivos para n\u00e3o. Assim, se voc\u00ea estiver confuso, permita-me confundi-lo ainda mais. O acordo proposto para a suspens\u00e3o das san\u00e7\u00f5es ao Ir\u00e3 \u2013 em troca de restri\u00e7\u00f5es \u00e0 sua capacidade de [&hellip;]<\/p>\n","protected":false},"author":2,"featured_media":41694,"comment_status":"open","ping_status":"closed","sticky":false,"template":"","format":"standard","meta":{"_acf_changed":false,"footnotes":""},"categories":[25],"tags":[],"class_list":["post-41693","post","type-post","status-publish","format-standard","has-post-thumbnail","hentry","category-opina-ai"],"acf":[],"yoast_head":"<!-- This site is optimized with the Yoast SEO plugin v27.5 - https:\/\/yoast.com\/product\/yoast-seo-wordpress\/ -->\n<title>Acordo de Obama com aiatol\u00e1s pode incendiar Oriente M\u00e9dio - Notibras<\/title>\n<meta name=\"robots\" content=\"index, follow, max-snippet:-1, max-image-preview:large, max-video-preview:-1\" \/>\n<link rel=\"canonical\" href=\"https:\/\/www.notibras.com\/site\/acordo-de-obama-com-aiatolas-pode-incendiar-oriente-medio\/\" \/>\n<meta property=\"og:locale\" content=\"pt_BR\" \/>\n<meta property=\"og:type\" content=\"article\" \/>\n<meta property=\"og:title\" content=\"Acordo de Obama com aiatol\u00e1s pode incendiar Oriente M\u00e9dio - Notibras\" \/>\n<meta property=\"og:description\" content=\"Eu posso pensar em muitos bons motivos para seguirmos em frente com o acordo nuclear com o Ir\u00e3, mas tamb\u00e9m posso pensar em muitos motivos para n\u00e3o. Assim, se voc\u00ea estiver confuso, permita-me confundi-lo ainda mais. O acordo proposto para a suspens\u00e3o das san\u00e7\u00f5es ao Ir\u00e3 \u2013 em troca de restri\u00e7\u00f5es \u00e0 sua capacidade de [&hellip;]\" \/>\n<meta property=\"og:url\" content=\"https:\/\/www.notibras.com\/site\/acordo-de-obama-com-aiatolas-pode-incendiar-oriente-medio\/\" \/>\n<meta property=\"og:site_name\" content=\"Notibras\" \/>\n<meta property=\"article:publisher\" content=\"https:\/\/www.facebook.com\/notibras\/\" \/>\n<meta property=\"article:published_time\" content=\"2015-03-28T13:21:11+00:00\" \/>\n<meta property=\"og:image\" content=\"https:\/\/www.notibras.com\/site\/wp-content\/uploads\/2015\/03\/guerra-do-libano.jpg\" \/>\n\t<meta property=\"og:image:width\" content=\"590\" \/>\n\t<meta property=\"og:image:height\" content=\"443\" \/>\n\t<meta property=\"og:image:type\" content=\"image\/jpeg\" \/>\n<meta name=\"author\" content=\"Reda\u00e7\u00e3o\" \/>\n<meta name=\"twitter:card\" content=\"summary_large_image\" \/>\n<meta name=\"twitter:creator\" content=\"@Notibras\" \/>\n<meta name=\"twitter:site\" content=\"@Notibras\" \/>\n<meta name=\"twitter:label1\" content=\"Escrito por\" \/>\n\t<meta name=\"twitter:data1\" content=\"Reda\u00e7\u00e3o\" \/>\n\t<meta name=\"twitter:label2\" content=\"Est. tempo de leitura\" \/>\n\t<meta name=\"twitter:data2\" content=\"5 minutos\" \/>\n<script type=\"application\/ld+json\" class=\"yoast-schema-graph\">{\"@context\":\"https:\\\/\\\/schema.org\",\"@graph\":[{\"@type\":\"Article\",\"@id\":\"https:\\\/\\\/www.notibras.com\\\/site\\\/acordo-de-obama-com-aiatolas-pode-incendiar-oriente-medio\\\/#article\",\"isPartOf\":{\"@id\":\"https:\\\/\\\/www.notibras.com\\\/site\\\/acordo-de-obama-com-aiatolas-pode-incendiar-oriente-medio\\\/\"},\"author\":{\"name\":\"Reda\u00e7\u00e3o\",\"@id\":\"https:\\\/\\\/www.notibras.com\\\/site\\\/#\\\/schema\\\/person\\\/36ab0979449956132d3e5b517ea76ac8\"},\"headline\":\"Acordo de Obama com aiatol\u00e1s pode incendiar Oriente M\u00e9dio\",\"datePublished\":\"2015-03-28T13:21:11+00:00\",\"mainEntityOfPage\":{\"@id\":\"https:\\\/\\\/www.notibras.com\\\/site\\\/acordo-de-obama-com-aiatolas-pode-incendiar-oriente-medio\\\/\"},\"wordCount\":1001,\"commentCount\":0,\"publisher\":{\"@id\":\"https:\\\/\\\/www.notibras.com\\\/site\\\/#organization\"},\"image\":{\"@id\":\"https:\\\/\\\/www.notibras.com\\\/site\\\/acordo-de-obama-com-aiatolas-pode-incendiar-oriente-medio\\\/#primaryimage\"},\"thumbnailUrl\":\"https:\\\/\\\/www.notibras.com\\\/site\\\/wp-content\\\/uploads\\\/2015\\\/03\\\/guerra-do-libano.jpg\",\"articleSection\":[\"Opina a\u00ed\"],\"inLanguage\":\"pt-BR\",\"potentialAction\":[{\"@type\":\"CommentAction\",\"name\":\"Comment\",\"target\":[\"https:\\\/\\\/www.notibras.com\\\/site\\\/acordo-de-obama-com-aiatolas-pode-incendiar-oriente-medio\\\/#respond\"]}]},{\"@type\":\"WebPage\",\"@id\":\"https:\\\/\\\/www.notibras.com\\\/site\\\/acordo-de-obama-com-aiatolas-pode-incendiar-oriente-medio\\\/\",\"url\":\"https:\\\/\\\/www.notibras.com\\\/site\\\/acordo-de-obama-com-aiatolas-pode-incendiar-oriente-medio\\\/\",\"name\":\"Acordo de Obama com aiatol\u00e1s pode incendiar Oriente M\u00e9dio - Notibras\",\"isPartOf\":{\"@id\":\"https:\\\/\\\/www.notibras.com\\\/site\\\/#website\"},\"primaryImageOfPage\":{\"@id\":\"https:\\\/\\\/www.notibras.com\\\/site\\\/acordo-de-obama-com-aiatolas-pode-incendiar-oriente-medio\\\/#primaryimage\"},\"image\":{\"@id\":\"https:\\\/\\\/www.notibras.com\\\/site\\\/acordo-de-obama-com-aiatolas-pode-incendiar-oriente-medio\\\/#primaryimage\"},\"thumbnailUrl\":\"https:\\\/\\\/www.notibras.com\\\/site\\\/wp-content\\\/uploads\\\/2015\\\/03\\\/guerra-do-libano.jpg\",\"datePublished\":\"2015-03-28T13:21:11+00:00\",\"breadcrumb\":{\"@id\":\"https:\\\/\\\/www.notibras.com\\\/site\\\/acordo-de-obama-com-aiatolas-pode-incendiar-oriente-medio\\\/#breadcrumb\"},\"inLanguage\":\"pt-BR\",\"potentialAction\":[{\"@type\":\"ReadAction\",\"target\":[\"https:\\\/\\\/www.notibras.com\\\/site\\\/acordo-de-obama-com-aiatolas-pode-incendiar-oriente-medio\\\/\"]}]},{\"@type\":\"ImageObject\",\"inLanguage\":\"pt-BR\",\"@id\":\"https:\\\/\\\/www.notibras.com\\\/site\\\/acordo-de-obama-com-aiatolas-pode-incendiar-oriente-medio\\\/#primaryimage\",\"url\":\"https:\\\/\\\/www.notibras.com\\\/site\\\/wp-content\\\/uploads\\\/2015\\\/03\\\/guerra-do-libano.jpg\",\"contentUrl\":\"https:\\\/\\\/www.notibras.com\\\/site\\\/wp-content\\\/uploads\\\/2015\\\/03\\\/guerra-do-libano.jpg\",\"width\":590,\"height\":443},{\"@type\":\"BreadcrumbList\",\"@id\":\"https:\\\/\\\/www.notibras.com\\\/site\\\/acordo-de-obama-com-aiatolas-pode-incendiar-oriente-medio\\\/#breadcrumb\",\"itemListElement\":[{\"@type\":\"ListItem\",\"position\":1,\"name\":\"In\u00edcio\",\"item\":\"https:\\\/\\\/www.notibras.com\\\/site\\\/\"},{\"@type\":\"ListItem\",\"position\":2,\"name\":\"Acordo de Obama com aiatol\u00e1s pode incendiar Oriente M\u00e9dio\"}]},{\"@type\":\"WebSite\",\"@id\":\"https:\\\/\\\/www.notibras.com\\\/site\\\/#website\",\"url\":\"https:\\\/\\\/www.notibras.com\\\/site\\\/\",\"name\":\"Notibras\",\"description\":\"Not\u00edcias de Bras\u00edlia, do Brasil e do Mundo\",\"publisher\":{\"@id\":\"https:\\\/\\\/www.notibras.com\\\/site\\\/#organization\"},\"potentialAction\":[{\"@type\":\"SearchAction\",\"target\":{\"@type\":\"EntryPoint\",\"urlTemplate\":\"https:\\\/\\\/www.notibras.com\\\/site\\\/?s={search_term_string}\"},\"query-input\":{\"@type\":\"PropertyValueSpecification\",\"valueRequired\":true,\"valueName\":\"search_term_string\"}}],\"inLanguage\":\"pt-BR\"},{\"@type\":\"Organization\",\"@id\":\"https:\\\/\\\/www.notibras.com\\\/site\\\/#organization\",\"name\":\"Grupo Notibras de Comunica\u00e7\u00e3o\",\"url\":\"https:\\\/\\\/www.notibras.com\\\/site\\\/\",\"logo\":{\"@type\":\"ImageObject\",\"inLanguage\":\"pt-BR\",\"@id\":\"https:\\\/\\\/www.notibras.com\\\/site\\\/#\\\/schema\\\/logo\\\/image\\\/\",\"url\":\"https:\\\/\\\/www.notibras.com\\\/site\\\/wp-content\\\/uploads\\\/2023\\\/01\\\/notibras23.png\",\"contentUrl\":\"https:\\\/\\\/www.notibras.com\\\/site\\\/wp-content\\\/uploads\\\/2023\\\/01\\\/notibras23.png\",\"width\":350,\"height\":87,\"caption\":\"Grupo Notibras de Comunica\u00e7\u00e3o\"},\"image\":{\"@id\":\"https:\\\/\\\/www.notibras.com\\\/site\\\/#\\\/schema\\\/logo\\\/image\\\/\"},\"sameAs\":[\"https:\\\/\\\/www.facebook.com\\\/notibras\\\/\",\"https:\\\/\\\/x.com\\\/Notibras\",\"https:\\\/\\\/www.instagram.com\\\/notibras\\\/\"]},{\"@type\":\"Person\",\"@id\":\"https:\\\/\\\/www.notibras.com\\\/site\\\/#\\\/schema\\\/person\\\/36ab0979449956132d3e5b517ea76ac8\",\"name\":\"Reda\u00e7\u00e3o\",\"image\":{\"@type\":\"ImageObject\",\"inLanguage\":\"pt-BR\",\"@id\":\"https:\\\/\\\/secure.gravatar.com\\\/avatar\\\/e0a867bdedb85fd243eadf09663511f96fc81e0720a4a42581f334ad4303aa6b?s=96&d=mm&r=g\",\"url\":\"https:\\\/\\\/secure.gravatar.com\\\/avatar\\\/e0a867bdedb85fd243eadf09663511f96fc81e0720a4a42581f334ad4303aa6b?s=96&d=mm&r=g\",\"contentUrl\":\"https:\\\/\\\/secure.gravatar.com\\\/avatar\\\/e0a867bdedb85fd243eadf09663511f96fc81e0720a4a42581f334ad4303aa6b?s=96&d=mm&r=g\",\"caption\":\"Reda\u00e7\u00e3o\"}}]}<\/script>\n<!-- \/ Yoast SEO plugin. -->","yoast_head_json":{"title":"Acordo de Obama com aiatol\u00e1s pode incendiar Oriente M\u00e9dio - Notibras","robots":{"index":"index","follow":"follow","max-snippet":"max-snippet:-1","max-image-preview":"max-image-preview:large","max-video-preview":"max-video-preview:-1"},"canonical":"https:\/\/www.notibras.com\/site\/acordo-de-obama-com-aiatolas-pode-incendiar-oriente-medio\/","og_locale":"pt_BR","og_type":"article","og_title":"Acordo de Obama com aiatol\u00e1s pode incendiar Oriente M\u00e9dio - Notibras","og_description":"Eu posso pensar em muitos bons motivos para seguirmos em frente com o acordo nuclear com o Ir\u00e3, mas tamb\u00e9m posso pensar em muitos motivos para n\u00e3o. Assim, se voc\u00ea estiver confuso, permita-me confundi-lo ainda mais. O acordo proposto para a suspens\u00e3o das san\u00e7\u00f5es ao Ir\u00e3 \u2013 em troca de restri\u00e7\u00f5es \u00e0 sua capacidade de [&hellip;]","og_url":"https:\/\/www.notibras.com\/site\/acordo-de-obama-com-aiatolas-pode-incendiar-oriente-medio\/","og_site_name":"Notibras","article_publisher":"https:\/\/www.facebook.com\/notibras\/","article_published_time":"2015-03-28T13:21:11+00:00","og_image":[{"width":590,"height":443,"url":"https:\/\/www.notibras.com\/site\/wp-content\/uploads\/2015\/03\/guerra-do-libano.jpg","type":"image\/jpeg"}],"author":"Reda\u00e7\u00e3o","twitter_card":"summary_large_image","twitter_creator":"@Notibras","twitter_site":"@Notibras","twitter_misc":{"Escrito por":"Reda\u00e7\u00e3o","Est. tempo de leitura":"5 minutos"},"schema":{"@context":"https:\/\/schema.org","@graph":[{"@type":"Article","@id":"https:\/\/www.notibras.com\/site\/acordo-de-obama-com-aiatolas-pode-incendiar-oriente-medio\/#article","isPartOf":{"@id":"https:\/\/www.notibras.com\/site\/acordo-de-obama-com-aiatolas-pode-incendiar-oriente-medio\/"},"author":{"name":"Reda\u00e7\u00e3o","@id":"https:\/\/www.notibras.com\/site\/#\/schema\/person\/36ab0979449956132d3e5b517ea76ac8"},"headline":"Acordo de Obama com aiatol\u00e1s pode incendiar Oriente M\u00e9dio","datePublished":"2015-03-28T13:21:11+00:00","mainEntityOfPage":{"@id":"https:\/\/www.notibras.com\/site\/acordo-de-obama-com-aiatolas-pode-incendiar-oriente-medio\/"},"wordCount":1001,"commentCount":0,"publisher":{"@id":"https:\/\/www.notibras.com\/site\/#organization"},"image":{"@id":"https:\/\/www.notibras.com\/site\/acordo-de-obama-com-aiatolas-pode-incendiar-oriente-medio\/#primaryimage"},"thumbnailUrl":"https:\/\/www.notibras.com\/site\/wp-content\/uploads\/2015\/03\/guerra-do-libano.jpg","articleSection":["Opina a\u00ed"],"inLanguage":"pt-BR","potentialAction":[{"@type":"CommentAction","name":"Comment","target":["https:\/\/www.notibras.com\/site\/acordo-de-obama-com-aiatolas-pode-incendiar-oriente-medio\/#respond"]}]},{"@type":"WebPage","@id":"https:\/\/www.notibras.com\/site\/acordo-de-obama-com-aiatolas-pode-incendiar-oriente-medio\/","url":"https:\/\/www.notibras.com\/site\/acordo-de-obama-com-aiatolas-pode-incendiar-oriente-medio\/","name":"Acordo de Obama com aiatol\u00e1s pode incendiar Oriente M\u00e9dio - Notibras","isPartOf":{"@id":"https:\/\/www.notibras.com\/site\/#website"},"primaryImageOfPage":{"@id":"https:\/\/www.notibras.com\/site\/acordo-de-obama-com-aiatolas-pode-incendiar-oriente-medio\/#primaryimage"},"image":{"@id":"https:\/\/www.notibras.com\/site\/acordo-de-obama-com-aiatolas-pode-incendiar-oriente-medio\/#primaryimage"},"thumbnailUrl":"https:\/\/www.notibras.com\/site\/wp-content\/uploads\/2015\/03\/guerra-do-libano.jpg","datePublished":"2015-03-28T13:21:11+00:00","breadcrumb":{"@id":"https:\/\/www.notibras.com\/site\/acordo-de-obama-com-aiatolas-pode-incendiar-oriente-medio\/#breadcrumb"},"inLanguage":"pt-BR","potentialAction":[{"@type":"ReadAction","target":["https:\/\/www.notibras.com\/site\/acordo-de-obama-com-aiatolas-pode-incendiar-oriente-medio\/"]}]},{"@type":"ImageObject","inLanguage":"pt-BR","@id":"https:\/\/www.notibras.com\/site\/acordo-de-obama-com-aiatolas-pode-incendiar-oriente-medio\/#primaryimage","url":"https:\/\/www.notibras.com\/site\/wp-content\/uploads\/2015\/03\/guerra-do-libano.jpg","contentUrl":"https:\/\/www.notibras.com\/site\/wp-content\/uploads\/2015\/03\/guerra-do-libano.jpg","width":590,"height":443},{"@type":"BreadcrumbList","@id":"https:\/\/www.notibras.com\/site\/acordo-de-obama-com-aiatolas-pode-incendiar-oriente-medio\/#breadcrumb","itemListElement":[{"@type":"ListItem","position":1,"name":"In\u00edcio","item":"https:\/\/www.notibras.com\/site\/"},{"@type":"ListItem","position":2,"name":"Acordo de Obama com aiatol\u00e1s pode incendiar Oriente M\u00e9dio"}]},{"@type":"WebSite","@id":"https:\/\/www.notibras.com\/site\/#website","url":"https:\/\/www.notibras.com\/site\/","name":"Notibras","description":"Not\u00edcias de Bras\u00edlia, do Brasil e do Mundo","publisher":{"@id":"https:\/\/www.notibras.com\/site\/#organization"},"potentialAction":[{"@type":"SearchAction","target":{"@type":"EntryPoint","urlTemplate":"https:\/\/www.notibras.com\/site\/?s={search_term_string}"},"query-input":{"@type":"PropertyValueSpecification","valueRequired":true,"valueName":"search_term_string"}}],"inLanguage":"pt-BR"},{"@type":"Organization","@id":"https:\/\/www.notibras.com\/site\/#organization","name":"Grupo Notibras de Comunica\u00e7\u00e3o","url":"https:\/\/www.notibras.com\/site\/","logo":{"@type":"ImageObject","inLanguage":"pt-BR","@id":"https:\/\/www.notibras.com\/site\/#\/schema\/logo\/image\/","url":"https:\/\/www.notibras.com\/site\/wp-content\/uploads\/2023\/01\/notibras23.png","contentUrl":"https:\/\/www.notibras.com\/site\/wp-content\/uploads\/2023\/01\/notibras23.png","width":350,"height":87,"caption":"Grupo Notibras de Comunica\u00e7\u00e3o"},"image":{"@id":"https:\/\/www.notibras.com\/site\/#\/schema\/logo\/image\/"},"sameAs":["https:\/\/www.facebook.com\/notibras\/","https:\/\/x.com\/Notibras","https:\/\/www.instagram.com\/notibras\/"]},{"@type":"Person","@id":"https:\/\/www.notibras.com\/site\/#\/schema\/person\/36ab0979449956132d3e5b517ea76ac8","name":"Reda\u00e7\u00e3o","image":{"@type":"ImageObject","inLanguage":"pt-BR","@id":"https:\/\/secure.gravatar.com\/avatar\/e0a867bdedb85fd243eadf09663511f96fc81e0720a4a42581f334ad4303aa6b?s=96&d=mm&r=g","url":"https:\/\/secure.gravatar.com\/avatar\/e0a867bdedb85fd243eadf09663511f96fc81e0720a4a42581f334ad4303aa6b?s=96&d=mm&r=g","contentUrl":"https:\/\/secure.gravatar.com\/avatar\/e0a867bdedb85fd243eadf09663511f96fc81e0720a4a42581f334ad4303aa6b?s=96&d=mm&r=g","caption":"Reda\u00e7\u00e3o"}}]}},"amp_enabled":true,"_links":{"self":[{"href":"https:\/\/www.notibras.com\/site\/wp-json\/wp\/v2\/posts\/41693","targetHints":{"allow":["GET"]}}],"collection":[{"href":"https:\/\/www.notibras.com\/site\/wp-json\/wp\/v2\/posts"}],"about":[{"href":"https:\/\/www.notibras.com\/site\/wp-json\/wp\/v2\/types\/post"}],"author":[{"embeddable":true,"href":"https:\/\/www.notibras.com\/site\/wp-json\/wp\/v2\/users\/2"}],"replies":[{"embeddable":true,"href":"https:\/\/www.notibras.com\/site\/wp-json\/wp\/v2\/comments?post=41693"}],"version-history":[{"count":0,"href":"https:\/\/www.notibras.com\/site\/wp-json\/wp\/v2\/posts\/41693\/revisions"}],"wp:featuredmedia":[{"embeddable":true,"href":"https:\/\/www.notibras.com\/site\/wp-json\/wp\/v2\/media\/41694"}],"wp:attachment":[{"href":"https:\/\/www.notibras.com\/site\/wp-json\/wp\/v2\/media?parent=41693"}],"wp:term":[{"taxonomy":"category","embeddable":true,"href":"https:\/\/www.notibras.com\/site\/wp-json\/wp\/v2\/categories?post=41693"},{"taxonomy":"post_tag","embeddable":true,"href":"https:\/\/www.notibras.com\/site\/wp-json\/wp\/v2\/tags?post=41693"}],"curies":[{"name":"wp","href":"https:\/\/api.w.org\/{rel}","templated":true}]}}