{"id":41903,"date":"2015-03-29T19:18:40","date_gmt":"2015-03-29T22:18:40","guid":{"rendered":"http:\/\/www.notibras.com\/site\/?p=41903"},"modified":"2015-03-29T19:18:40","modified_gmt":"2015-03-29T22:18:40","slug":"love-muda-visual-tira-ziquizira-e-timao-bate-bragantino","status":"publish","type":"post","link":"https:\/\/www.notibras.com\/site\/love-muda-visual-tira-ziquizira-e-timao-bate-bragantino\/","title":{"rendered":"Love muda visual, tira ziquizira e Tim\u00e3o bate Bragantino"},"content":{"rendered":"<p class=\"text\">A \u201czica\u201d de Vagner Love finalmente acabou. Contratado no in\u00edcio do ano pelo Corinthians, o atacante, de visual novo, conseguiu marcar seu primeiro gol com a camisa alvinegra neste domingo. Em Bragan\u00e7a Paulista, o \u201cartilheiro do amor\u201d foi o respons\u00e1vel pela vit\u00f3ria corintiana por 1 a 0 sobre o Bragantino pelo Campeonato Paulista, no encerramento da maratona da equipe no Estadual. Fim do jejum de 10 jogos sem marcar do principal refor\u00e7o de 2015!<\/p>\n<p class=\"text\">O time comandado por Tite fechou a maratona absurda de jogos no Campeonato Paulista. Em apenas uma semana, a equipe jogou quatro vezes pela competi\u00e7\u00e3o. O treinador foi obrigado a mexer no time em todos os jogos\u00a0&#8211; inclusive Petros jogou na lateral esquerda neste domingo. Mesmo com os problemas, foram quatro vit\u00f3rias, sobre Capivariano, Portuguesa, Penapolense e Bragantino.<\/p>\n<blockquote>\n<p class=\"text\">Apesar de jogar com reservas, o Corinthians repetiu a intensidade dos \u00faltimos jogos e come\u00e7ou a partida ligado. O primeiro gol n\u00e3o demorou, com Vagner Love, que marcou pela primeira vez com a camisa corintiana e recebeu festa dos companheiros. O restante da etapa inicial foi controlado pelos visitantes, que n\u00e3o deixaram o Bragantino pressionar com perigo em busca do empate.<\/p>\n<\/blockquote>\n<p class=\"text\">Os \u00faltimos 45 minutos come\u00e7aram com duas bolas na trave acertadas pelo Corinthians em menos de dois minutos de jogo, ambas com Romero. Mais ativo, o time paulistano ficou mais com a bola e evitou a\u00e7\u00f5es dos advers\u00e1rios no in\u00edcio, inclusive tendo v\u00e1rias chances de gol. Inferior tecnicamente, o Bragantino sequer assustou e ficou afundado na briga contra o rebaixamento.<\/p>\n<p class=\"text\">Os corintianos s\u00e3o l\u00edderes do Grupo B com 35 pontos e tamb\u00e9m est\u00e3o em\u00a0primeiro na classifica\u00e7\u00e3o geral. J\u00e1 o Bragantino, com apenas sete pontos na lanterna do Grupo D, corre risco iminente de rebaixamento. Ambos os times voltam a campo pelo Estadual no pr\u00f3ximo fim de semana: o time de Itaquera recebe o Santos em cl\u00e1ssico e o clube de Bragan\u00e7a visita o Rio Claro. Antes, o Corinthians enfrenta Danubio, na quarta-feira, pela Libertadores, em Itaquera.<\/p>\n","protected":false},"excerpt":{"rendered":"<p>A \u201czica\u201d de Vagner Love finalmente acabou. Contratado no in\u00edcio do ano pelo Corinthians, o atacante, de visual novo, conseguiu marcar seu primeiro gol com a camisa alvinegra neste domingo. Em Bragan\u00e7a Paulista, o \u201cartilheiro do amor\u201d foi o respons\u00e1vel pela vit\u00f3ria corintiana por 1 a 0 sobre o Bragantino pelo Campeonato Paulista, no encerramento [&hellip;]<\/p>\n","protected":false},"author":2,"featured_media":41904,"comment_status":"open","ping_status":"closed","sticky":false,"template":"","format":"standard","meta":{"_acf_changed":false,"footnotes":""},"categories":[19,29],"tags":[],"class_list":["post-41903","post","type-post","status-publish","format-standard","has-post-thumbnail","hentry","category-esportes","category-futebol"],"acf":[],"yoast_head":"<!-- This site is optimized with the Yoast SEO plugin v27.2 - https:\/\/yoast.com\/product\/yoast-seo-wordpress\/ -->\n<title>Love muda visual, tira ziquizira e Tim\u00e3o bate Bragantino - Notibras<\/title>\n<meta name=\"robots\" content=\"index, follow, max-snippet:-1, max-image-preview:large, max-video-preview:-1\" \/>\n<link rel=\"canonical\" href=\"https:\/\/www.notibras.com\/site\/love-muda-visual-tira-ziquizira-e-timao-bate-bragantino\/\" \/>\n<meta property=\"og:locale\" content=\"pt_BR\" \/>\n<meta property=\"og:type\" content=\"article\" \/>\n<meta property=\"og:title\" content=\"Love muda visual, tira ziquizira e Tim\u00e3o bate Bragantino - Notibras\" \/>\n<meta property=\"og:description\" content=\"A \u201czica\u201d de Vagner Love finalmente acabou. Contratado no in\u00edcio do ano pelo Corinthians, o atacante, de visual novo, conseguiu marcar seu primeiro gol com a camisa alvinegra neste domingo. Em Bragan\u00e7a Paulista, o \u201cartilheiro do amor\u201d foi o respons\u00e1vel pela vit\u00f3ria corintiana por 1 a 0 sobre o Bragantino pelo Campeonato Paulista, no encerramento [&hellip;]\" \/>\n<meta property=\"og:url\" content=\"https:\/\/www.notibras.com\/site\/love-muda-visual-tira-ziquizira-e-timao-bate-bragantino\/\" \/>\n<meta property=\"og:site_name\" content=\"Notibras\" \/>\n<meta property=\"article:publisher\" content=\"https:\/\/www.facebook.com\/notibras\/\" \/>\n<meta property=\"article:published_time\" content=\"2015-03-29T22:18:40+00:00\" \/>\n<meta property=\"og:image\" content=\"https:\/\/www.notibras.com\/site\/wp-content\/uploads\/2015\/03\/loveagradecegolfabiomoraesfp.jpg\" \/>\n\t<meta property=\"og:image:width\" content=\"460\" \/>\n\t<meta property=\"og:image:height\" content=\"307\" \/>\n\t<meta property=\"og:image:type\" content=\"image\/jpeg\" \/>\n<meta name=\"author\" content=\"Reda\u00e7\u00e3o\" \/>\n<meta name=\"twitter:card\" content=\"summary_large_image\" \/>\n<meta name=\"twitter:creator\" content=\"@Notibras\" \/>\n<meta name=\"twitter:site\" content=\"@Notibras\" \/>\n<meta name=\"twitter:label1\" content=\"Escrito por\" \/>\n\t<meta name=\"twitter:data1\" content=\"Reda\u00e7\u00e3o\" \/>\n\t<meta name=\"twitter:label2\" content=\"Est. tempo de leitura\" \/>\n\t<meta name=\"twitter:data2\" content=\"2 minutos\" \/>\n<script type=\"application\/ld+json\" class=\"yoast-schema-graph\">{\"@context\":\"https:\/\/schema.org\",\"@graph\":[{\"@type\":\"Article\",\"@id\":\"https:\/\/www.notibras.com\/site\/love-muda-visual-tira-ziquizira-e-timao-bate-bragantino\/#article\",\"isPartOf\":{\"@id\":\"https:\/\/www.notibras.com\/site\/love-muda-visual-tira-ziquizira-e-timao-bate-bragantino\/\"},\"author\":{\"name\":\"Reda\u00e7\u00e3o\",\"@id\":\"https:\/\/www.notibras.com\/site\/#\/schema\/person\/36ab0979449956132d3e5b517ea76ac8\"},\"headline\":\"Love muda visual, tira ziquizira e Tim\u00e3o bate Bragantino\",\"datePublished\":\"2015-03-29T22:18:40+00:00\",\"mainEntityOfPage\":{\"@id\":\"https:\/\/www.notibras.com\/site\/love-muda-visual-tira-ziquizira-e-timao-bate-bragantino\/\"},\"wordCount\":358,\"commentCount\":0,\"publisher\":{\"@id\":\"https:\/\/www.notibras.com\/site\/#organization\"},\"image\":{\"@id\":\"https:\/\/www.notibras.com\/site\/love-muda-visual-tira-ziquizira-e-timao-bate-bragantino\/#primaryimage\"},\"thumbnailUrl\":\"https:\/\/www.notibras.com\/site\/wp-content\/uploads\/2015\/03\/loveagradecegolfabiomoraesfp.jpg\",\"articleSection\":[\"Esportes\",\"Futebol\"],\"inLanguage\":\"pt-BR\",\"potentialAction\":[{\"@type\":\"CommentAction\",\"name\":\"Comment\",\"target\":[\"https:\/\/www.notibras.com\/site\/love-muda-visual-tira-ziquizira-e-timao-bate-bragantino\/#respond\"]}]},{\"@type\":\"WebPage\",\"@id\":\"https:\/\/www.notibras.com\/site\/love-muda-visual-tira-ziquizira-e-timao-bate-bragantino\/\",\"url\":\"https:\/\/www.notibras.com\/site\/love-muda-visual-tira-ziquizira-e-timao-bate-bragantino\/\",\"name\":\"Love muda visual, tira ziquizira e Tim\u00e3o bate Bragantino - Notibras\",\"isPartOf\":{\"@id\":\"https:\/\/www.notibras.com\/site\/#website\"},\"primaryImageOfPage\":{\"@id\":\"https:\/\/www.notibras.com\/site\/love-muda-visual-tira-ziquizira-e-timao-bate-bragantino\/#primaryimage\"},\"image\":{\"@id\":\"https:\/\/www.notibras.com\/site\/love-muda-visual-tira-ziquizira-e-timao-bate-bragantino\/#primaryimage\"},\"thumbnailUrl\":\"https:\/\/www.notibras.com\/site\/wp-content\/uploads\/2015\/03\/loveagradecegolfabiomoraesfp.jpg\",\"datePublished\":\"2015-03-29T22:18:40+00:00\",\"breadcrumb\":{\"@id\":\"https:\/\/www.notibras.com\/site\/love-muda-visual-tira-ziquizira-e-timao-bate-bragantino\/#breadcrumb\"},\"inLanguage\":\"pt-BR\",\"potentialAction\":[{\"@type\":\"ReadAction\",\"target\":[\"https:\/\/www.notibras.com\/site\/love-muda-visual-tira-ziquizira-e-timao-bate-bragantino\/\"]}]},{\"@type\":\"ImageObject\",\"inLanguage\":\"pt-BR\",\"@id\":\"https:\/\/www.notibras.com\/site\/love-muda-visual-tira-ziquizira-e-timao-bate-bragantino\/#primaryimage\",\"url\":\"https:\/\/www.notibras.com\/site\/wp-content\/uploads\/2015\/03\/loveagradecegolfabiomoraesfp.jpg\",\"contentUrl\":\"https:\/\/www.notibras.com\/site\/wp-content\/uploads\/2015\/03\/loveagradecegolfabiomoraesfp.jpg\",\"width\":460,\"height\":307},{\"@type\":\"BreadcrumbList\",\"@id\":\"https:\/\/www.notibras.com\/site\/love-muda-visual-tira-ziquizira-e-timao-bate-bragantino\/#breadcrumb\",\"itemListElement\":[{\"@type\":\"ListItem\",\"position\":1,\"name\":\"In\u00edcio\",\"item\":\"https:\/\/www.notibras.com\/site\/\"},{\"@type\":\"ListItem\",\"position\":2,\"name\":\"Love muda visual, tira ziquizira e Tim\u00e3o bate Bragantino\"}]},{\"@type\":\"WebSite\",\"@id\":\"https:\/\/www.notibras.com\/site\/#website\",\"url\":\"https:\/\/www.notibras.com\/site\/\",\"name\":\"Notibras\",\"description\":\"Not\u00edcias de Bras\u00edlia, do Brasil e do Mundo\",\"publisher\":{\"@id\":\"https:\/\/www.notibras.com\/site\/#organization\"},\"potentialAction\":[{\"@type\":\"SearchAction\",\"target\":{\"@type\":\"EntryPoint\",\"urlTemplate\":\"https:\/\/www.notibras.com\/site\/?s={search_term_string}\"},\"query-input\":{\"@type\":\"PropertyValueSpecification\",\"valueRequired\":true,\"valueName\":\"search_term_string\"}}],\"inLanguage\":\"pt-BR\"},{\"@type\":\"Organization\",\"@id\":\"https:\/\/www.notibras.com\/site\/#organization\",\"name\":\"Grupo Notibras de Comunica\u00e7\u00e3o\",\"url\":\"https:\/\/www.notibras.com\/site\/\",\"logo\":{\"@type\":\"ImageObject\",\"inLanguage\":\"pt-BR\",\"@id\":\"https:\/\/www.notibras.com\/site\/#\/schema\/logo\/image\/\",\"url\":\"https:\/\/www.notibras.com\/site\/wp-content\/uploads\/2023\/01\/notibras23.png\",\"contentUrl\":\"https:\/\/www.notibras.com\/site\/wp-content\/uploads\/2023\/01\/notibras23.png\",\"width\":350,\"height\":87,\"caption\":\"Grupo Notibras de Comunica\u00e7\u00e3o\"},\"image\":{\"@id\":\"https:\/\/www.notibras.com\/site\/#\/schema\/logo\/image\/\"},\"sameAs\":[\"https:\/\/www.facebook.com\/notibras\/\",\"https:\/\/x.com\/Notibras\",\"https:\/\/www.instagram.com\/notibras\/\"]},{\"@type\":\"Person\",\"@id\":\"https:\/\/www.notibras.com\/site\/#\/schema\/person\/36ab0979449956132d3e5b517ea76ac8\",\"name\":\"Reda\u00e7\u00e3o\",\"image\":{\"@type\":\"ImageObject\",\"inLanguage\":\"pt-BR\",\"@id\":\"https:\/\/secure.gravatar.com\/avatar\/e0a867bdedb85fd243eadf09663511f96fc81e0720a4a42581f334ad4303aa6b?s=96&d=mm&r=g\",\"url\":\"https:\/\/secure.gravatar.com\/avatar\/e0a867bdedb85fd243eadf09663511f96fc81e0720a4a42581f334ad4303aa6b?s=96&d=mm&r=g\",\"contentUrl\":\"https:\/\/secure.gravatar.com\/avatar\/e0a867bdedb85fd243eadf09663511f96fc81e0720a4a42581f334ad4303aa6b?s=96&d=mm&r=g\",\"caption\":\"Reda\u00e7\u00e3o\"}}]}<\/script>\n<!-- \/ Yoast SEO plugin. -->","yoast_head_json":{"title":"Love muda visual, tira ziquizira e Tim\u00e3o bate Bragantino - Notibras","robots":{"index":"index","follow":"follow","max-snippet":"max-snippet:-1","max-image-preview":"max-image-preview:large","max-video-preview":"max-video-preview:-1"},"canonical":"https:\/\/www.notibras.com\/site\/love-muda-visual-tira-ziquizira-e-timao-bate-bragantino\/","og_locale":"pt_BR","og_type":"article","og_title":"Love muda visual, tira ziquizira e Tim\u00e3o bate Bragantino - Notibras","og_description":"A \u201czica\u201d de Vagner Love finalmente acabou. Contratado no in\u00edcio do ano pelo Corinthians, o atacante, de visual novo, conseguiu marcar seu primeiro gol com a camisa alvinegra neste domingo. Em Bragan\u00e7a Paulista, o \u201cartilheiro do amor\u201d foi o respons\u00e1vel pela vit\u00f3ria corintiana por 1 a 0 sobre o Bragantino pelo Campeonato Paulista, no encerramento [&hellip;]","og_url":"https:\/\/www.notibras.com\/site\/love-muda-visual-tira-ziquizira-e-timao-bate-bragantino\/","og_site_name":"Notibras","article_publisher":"https:\/\/www.facebook.com\/notibras\/","article_published_time":"2015-03-29T22:18:40+00:00","og_image":[{"width":460,"height":307,"url":"https:\/\/www.notibras.com\/site\/wp-content\/uploads\/2015\/03\/loveagradecegolfabiomoraesfp.jpg","type":"image\/jpeg"}],"author":"Reda\u00e7\u00e3o","twitter_card":"summary_large_image","twitter_creator":"@Notibras","twitter_site":"@Notibras","twitter_misc":{"Escrito por":"Reda\u00e7\u00e3o","Est. tempo de leitura":"2 minutos"},"schema":{"@context":"https:\/\/schema.org","@graph":[{"@type":"Article","@id":"https:\/\/www.notibras.com\/site\/love-muda-visual-tira-ziquizira-e-timao-bate-bragantino\/#article","isPartOf":{"@id":"https:\/\/www.notibras.com\/site\/love-muda-visual-tira-ziquizira-e-timao-bate-bragantino\/"},"author":{"name":"Reda\u00e7\u00e3o","@id":"https:\/\/www.notibras.com\/site\/#\/schema\/person\/36ab0979449956132d3e5b517ea76ac8"},"headline":"Love muda visual, tira ziquizira e Tim\u00e3o bate Bragantino","datePublished":"2015-03-29T22:18:40+00:00","mainEntityOfPage":{"@id":"https:\/\/www.notibras.com\/site\/love-muda-visual-tira-ziquizira-e-timao-bate-bragantino\/"},"wordCount":358,"commentCount":0,"publisher":{"@id":"https:\/\/www.notibras.com\/site\/#organization"},"image":{"@id":"https:\/\/www.notibras.com\/site\/love-muda-visual-tira-ziquizira-e-timao-bate-bragantino\/#primaryimage"},"thumbnailUrl":"https:\/\/www.notibras.com\/site\/wp-content\/uploads\/2015\/03\/loveagradecegolfabiomoraesfp.jpg","articleSection":["Esportes","Futebol"],"inLanguage":"pt-BR","potentialAction":[{"@type":"CommentAction","name":"Comment","target":["https:\/\/www.notibras.com\/site\/love-muda-visual-tira-ziquizira-e-timao-bate-bragantino\/#respond"]}]},{"@type":"WebPage","@id":"https:\/\/www.notibras.com\/site\/love-muda-visual-tira-ziquizira-e-timao-bate-bragantino\/","url":"https:\/\/www.notibras.com\/site\/love-muda-visual-tira-ziquizira-e-timao-bate-bragantino\/","name":"Love muda visual, tira ziquizira e Tim\u00e3o bate Bragantino - Notibras","isPartOf":{"@id":"https:\/\/www.notibras.com\/site\/#website"},"primaryImageOfPage":{"@id":"https:\/\/www.notibras.com\/site\/love-muda-visual-tira-ziquizira-e-timao-bate-bragantino\/#primaryimage"},"image":{"@id":"https:\/\/www.notibras.com\/site\/love-muda-visual-tira-ziquizira-e-timao-bate-bragantino\/#primaryimage"},"thumbnailUrl":"https:\/\/www.notibras.com\/site\/wp-content\/uploads\/2015\/03\/loveagradecegolfabiomoraesfp.jpg","datePublished":"2015-03-29T22:18:40+00:00","breadcrumb":{"@id":"https:\/\/www.notibras.com\/site\/love-muda-visual-tira-ziquizira-e-timao-bate-bragantino\/#breadcrumb"},"inLanguage":"pt-BR","potentialAction":[{"@type":"ReadAction","target":["https:\/\/www.notibras.com\/site\/love-muda-visual-tira-ziquizira-e-timao-bate-bragantino\/"]}]},{"@type":"ImageObject","inLanguage":"pt-BR","@id":"https:\/\/www.notibras.com\/site\/love-muda-visual-tira-ziquizira-e-timao-bate-bragantino\/#primaryimage","url":"https:\/\/www.notibras.com\/site\/wp-content\/uploads\/2015\/03\/loveagradecegolfabiomoraesfp.jpg","contentUrl":"https:\/\/www.notibras.com\/site\/wp-content\/uploads\/2015\/03\/loveagradecegolfabiomoraesfp.jpg","width":460,"height":307},{"@type":"BreadcrumbList","@id":"https:\/\/www.notibras.com\/site\/love-muda-visual-tira-ziquizira-e-timao-bate-bragantino\/#breadcrumb","itemListElement":[{"@type":"ListItem","position":1,"name":"In\u00edcio","item":"https:\/\/www.notibras.com\/site\/"},{"@type":"ListItem","position":2,"name":"Love muda visual, tira ziquizira e Tim\u00e3o bate Bragantino"}]},{"@type":"WebSite","@id":"https:\/\/www.notibras.com\/site\/#website","url":"https:\/\/www.notibras.com\/site\/","name":"Notibras","description":"Not\u00edcias de Bras\u00edlia, do Brasil e do Mundo","publisher":{"@id":"https:\/\/www.notibras.com\/site\/#organization"},"potentialAction":[{"@type":"SearchAction","target":{"@type":"EntryPoint","urlTemplate":"https:\/\/www.notibras.com\/site\/?s={search_term_string}"},"query-input":{"@type":"PropertyValueSpecification","valueRequired":true,"valueName":"search_term_string"}}],"inLanguage":"pt-BR"},{"@type":"Organization","@id":"https:\/\/www.notibras.com\/site\/#organization","name":"Grupo Notibras de Comunica\u00e7\u00e3o","url":"https:\/\/www.notibras.com\/site\/","logo":{"@type":"ImageObject","inLanguage":"pt-BR","@id":"https:\/\/www.notibras.com\/site\/#\/schema\/logo\/image\/","url":"https:\/\/www.notibras.com\/site\/wp-content\/uploads\/2023\/01\/notibras23.png","contentUrl":"https:\/\/www.notibras.com\/site\/wp-content\/uploads\/2023\/01\/notibras23.png","width":350,"height":87,"caption":"Grupo Notibras de Comunica\u00e7\u00e3o"},"image":{"@id":"https:\/\/www.notibras.com\/site\/#\/schema\/logo\/image\/"},"sameAs":["https:\/\/www.facebook.com\/notibras\/","https:\/\/x.com\/Notibras","https:\/\/www.instagram.com\/notibras\/"]},{"@type":"Person","@id":"https:\/\/www.notibras.com\/site\/#\/schema\/person\/36ab0979449956132d3e5b517ea76ac8","name":"Reda\u00e7\u00e3o","image":{"@type":"ImageObject","inLanguage":"pt-BR","@id":"https:\/\/secure.gravatar.com\/avatar\/e0a867bdedb85fd243eadf09663511f96fc81e0720a4a42581f334ad4303aa6b?s=96&d=mm&r=g","url":"https:\/\/secure.gravatar.com\/avatar\/e0a867bdedb85fd243eadf09663511f96fc81e0720a4a42581f334ad4303aa6b?s=96&d=mm&r=g","contentUrl":"https:\/\/secure.gravatar.com\/avatar\/e0a867bdedb85fd243eadf09663511f96fc81e0720a4a42581f334ad4303aa6b?s=96&d=mm&r=g","caption":"Reda\u00e7\u00e3o"}}]}},"amp_enabled":true,"_links":{"self":[{"href":"https:\/\/www.notibras.com\/site\/wp-json\/wp\/v2\/posts\/41903","targetHints":{"allow":["GET"]}}],"collection":[{"href":"https:\/\/www.notibras.com\/site\/wp-json\/wp\/v2\/posts"}],"about":[{"href":"https:\/\/www.notibras.com\/site\/wp-json\/wp\/v2\/types\/post"}],"author":[{"embeddable":true,"href":"https:\/\/www.notibras.com\/site\/wp-json\/wp\/v2\/users\/2"}],"replies":[{"embeddable":true,"href":"https:\/\/www.notibras.com\/site\/wp-json\/wp\/v2\/comments?post=41903"}],"version-history":[{"count":0,"href":"https:\/\/www.notibras.com\/site\/wp-json\/wp\/v2\/posts\/41903\/revisions"}],"wp:featuredmedia":[{"embeddable":true,"href":"https:\/\/www.notibras.com\/site\/wp-json\/wp\/v2\/media\/41904"}],"wp:attachment":[{"href":"https:\/\/www.notibras.com\/site\/wp-json\/wp\/v2\/media?parent=41903"}],"wp:term":[{"taxonomy":"category","embeddable":true,"href":"https:\/\/www.notibras.com\/site\/wp-json\/wp\/v2\/categories?post=41903"},{"taxonomy":"post_tag","embeddable":true,"href":"https:\/\/www.notibras.com\/site\/wp-json\/wp\/v2\/tags?post=41903"}],"curies":[{"name":"wp","href":"https:\/\/api.w.org\/{rel}","templated":true}]}}