{"id":41909,"date":"2015-03-29T20:35:40","date_gmt":"2015-03-29T23:35:40","guid":{"rendered":"http:\/\/www.notibras.com\/site\/?p=41909"},"modified":"2015-03-29T21:04:28","modified_gmt":"2015-03-30T00:04:28","slug":"red-bull-corta-as-asas-do-embalado-palmeiras-e-vence-por-2x0","status":"publish","type":"post","link":"https:\/\/www.notibras.com\/site\/red-bull-corta-as-asas-do-embalado-palmeiras-e-vence-por-2x0\/","title":{"rendered":"Red Bull vence por 2 a 0 e corta as asas do embalado Palmeiras"},"content":{"rendered":"<p>Embalado por tr\u00eas vit\u00f3rias seguidas no Campeonato Paulista &#8211; a \u00faltima delas, um passeio por 3 a 0 sobre o rival S\u00e3o Paulo -, o Palmeiras levou um &#8220;banho de \u00e1gua fria&#8221; na noite deste domingo. O time de Oswaldo de Oliveira perdeu por 2 a 0 para o Red Bull no Est\u00e1dio Mois\u00e9s Lucarelli, em Campinas, e viu a boa sequ\u00eancia ser interrompida. Ex-promessa do Corinthians, Lulinha abriu o placar, enquanto o veterano zagueiro Fabiano Eller fez o segundo.<\/p>\n<p class=\"text\">Apesar da derrota, o Palmeiras segue tranquilo na classifica\u00e7\u00e3o: \u00e9 o l\u00edder folgado do Grupo 3 com 27 pontos, j\u00e1 garantido na primeira coloca\u00e7\u00e3o. J\u00e1 o Red Bull deu um importante passo com o triunfo deste domingo, chegando aos 21 pontos no Grupo A e roubando o segundo lugar do Mogi Mirim , que tem 20. O l\u00edder \u00e9 o S\u00e3o Paulo , com 29.<\/p>\n<p class=\"text\">Os 11 titulares palmeirenses foram os mesmos que iniciaram o jogo contra o S\u00e3o Paulo, mas o desempenho alviverde foi totalmente diferente. Anulado pela marca\u00e7\u00e3o compacta do Red Bull, o time da capital pouco criou na primeira etapa, e ainda viu Fernando Prass buscar duas bolas dentro da rede. O destaque da equipe da casa foi Lulinha: marcou o primeiro gol e cruzou para o segundo, que foi marcado por Fabiano Eller ap\u00f3s falha do zagueiro\u00a0Vitor Hugo.<\/p>\n<blockquote>\n<p class=\"text\">O Palmeiras s\u00f3 acordou no segundo tempo ap\u00f3s a entrada do garoto Gabriel Jesus, que substituiu Cristaldo e obrigou o goleiro Juninho a fazer boa defesa logo em seu primeiro lance. Mas a marca\u00e7\u00e3o do Red Bull continuou frustrando os alviverdes, que criaram poucas chances claras de gol. A situa\u00e7\u00e3o piorou ainda mais quando Z\u00e9 Roberto sentiu les\u00e3o e teve que ser substitu\u00eddo por Victor Lu\u00eds, que entrou mal.<\/p>\n<\/blockquote>\n<p class=\"text\">Alan Patrick tamb\u00e9m entrou na vaga de Robinho para tentar superar a aplicada defesa advers\u00e1ria, mas n\u00e3o era o dia do Palmeiras. O pr\u00f3prio Alan perdeu uma chance clara ao chutar para fora ap\u00f3s cruzamento de Lucas, e ficou por isso mesmo: 2 a 0 Red Bull.<\/p>\n","protected":false},"excerpt":{"rendered":"<p>Embalado por tr\u00eas vit\u00f3rias seguidas no Campeonato Paulista &#8211; a \u00faltima delas, um passeio por 3 a 0 sobre o rival S\u00e3o Paulo -, o Palmeiras levou um &#8220;banho de \u00e1gua fria&#8221; na noite deste domingo. O time de Oswaldo de Oliveira perdeu por 2 a 0 para o Red Bull no Est\u00e1dio Mois\u00e9s Lucarelli, [&hellip;]<\/p>\n","protected":false},"author":2,"featured_media":41910,"comment_status":"open","ping_status":"closed","sticky":false,"template":"","format":"standard","meta":{"_acf_changed":false,"footnotes":""},"categories":[19,29],"tags":[],"class_list":["post-41909","post","type-post","status-publish","format-standard","has-post-thumbnail","hentry","category-esportes","category-futebol"],"acf":[],"yoast_head":"<!-- This site is optimized with the Yoast SEO plugin v27.2 - https:\/\/yoast.com\/product\/yoast-seo-wordpress\/ -->\n<title>Red Bull vence por 2 a 0 e corta as asas do embalado Palmeiras - Notibras<\/title>\n<meta name=\"robots\" content=\"index, follow, max-snippet:-1, max-image-preview:large, max-video-preview:-1\" \/>\n<link rel=\"canonical\" href=\"https:\/\/www.notibras.com\/site\/red-bull-corta-as-asas-do-embalado-palmeiras-e-vence-por-2x0\/\" \/>\n<meta property=\"og:locale\" content=\"pt_BR\" \/>\n<meta property=\"og:type\" content=\"article\" \/>\n<meta property=\"og:title\" content=\"Red Bull vence por 2 a 0 e corta as asas do embalado Palmeiras - Notibras\" \/>\n<meta property=\"og:description\" content=\"Embalado por tr\u00eas vit\u00f3rias seguidas no Campeonato Paulista &#8211; a \u00faltima delas, um passeio por 3 a 0 sobre o rival S\u00e3o Paulo -, o Palmeiras levou um &#8220;banho de \u00e1gua fria&#8221; na noite deste domingo. O time de Oswaldo de Oliveira perdeu por 2 a 0 para o Red Bull no Est\u00e1dio Mois\u00e9s Lucarelli, [&hellip;]\" \/>\n<meta property=\"og:url\" content=\"https:\/\/www.notibras.com\/site\/red-bull-corta-as-asas-do-embalado-palmeiras-e-vence-por-2x0\/\" \/>\n<meta property=\"og:site_name\" content=\"Notibras\" \/>\n<meta property=\"article:publisher\" content=\"https:\/\/www.facebook.com\/notibras\/\" \/>\n<meta property=\"article:published_time\" content=\"2015-03-29T23:35:40+00:00\" \/>\n<meta property=\"article:modified_time\" content=\"2015-03-30T00:04:28+00:00\" \/>\n<meta property=\"og:image\" content=\"https:\/\/www.notibras.com\/site\/wp-content\/uploads\/2015\/03\/ellerfestejagolheliosuenagagazeta.jpg\" \/>\n\t<meta property=\"og:image:width\" content=\"460\" \/>\n\t<meta property=\"og:image:height\" content=\"307\" \/>\n\t<meta property=\"og:image:type\" content=\"image\/jpeg\" \/>\n<meta name=\"author\" content=\"Reda\u00e7\u00e3o\" \/>\n<meta name=\"twitter:card\" content=\"summary_large_image\" \/>\n<meta name=\"twitter:creator\" content=\"@Notibras\" \/>\n<meta name=\"twitter:site\" content=\"@Notibras\" \/>\n<meta name=\"twitter:label1\" content=\"Escrito por\" \/>\n\t<meta name=\"twitter:data1\" content=\"Reda\u00e7\u00e3o\" \/>\n\t<meta name=\"twitter:label2\" content=\"Est. tempo de leitura\" \/>\n\t<meta name=\"twitter:data2\" content=\"2 minutos\" \/>\n<script type=\"application\/ld+json\" class=\"yoast-schema-graph\">{\"@context\":\"https:\/\/schema.org\",\"@graph\":[{\"@type\":\"Article\",\"@id\":\"https:\/\/www.notibras.com\/site\/red-bull-corta-as-asas-do-embalado-palmeiras-e-vence-por-2x0\/#article\",\"isPartOf\":{\"@id\":\"https:\/\/www.notibras.com\/site\/red-bull-corta-as-asas-do-embalado-palmeiras-e-vence-por-2x0\/\"},\"author\":{\"name\":\"Reda\u00e7\u00e3o\",\"@id\":\"https:\/\/www.notibras.com\/site\/#\/schema\/person\/36ab0979449956132d3e5b517ea76ac8\"},\"headline\":\"Red Bull vence por 2 a 0 e corta as asas do embalado Palmeiras\",\"datePublished\":\"2015-03-29T23:35:40+00:00\",\"dateModified\":\"2015-03-30T00:04:28+00:00\",\"mainEntityOfPage\":{\"@id\":\"https:\/\/www.notibras.com\/site\/red-bull-corta-as-asas-do-embalado-palmeiras-e-vence-por-2x0\/\"},\"wordCount\":360,\"commentCount\":0,\"publisher\":{\"@id\":\"https:\/\/www.notibras.com\/site\/#organization\"},\"image\":{\"@id\":\"https:\/\/www.notibras.com\/site\/red-bull-corta-as-asas-do-embalado-palmeiras-e-vence-por-2x0\/#primaryimage\"},\"thumbnailUrl\":\"https:\/\/www.notibras.com\/site\/wp-content\/uploads\/2015\/03\/ellerfestejagolheliosuenagagazeta.jpg\",\"articleSection\":[\"Esportes\",\"Futebol\"],\"inLanguage\":\"pt-BR\",\"potentialAction\":[{\"@type\":\"CommentAction\",\"name\":\"Comment\",\"target\":[\"https:\/\/www.notibras.com\/site\/red-bull-corta-as-asas-do-embalado-palmeiras-e-vence-por-2x0\/#respond\"]}]},{\"@type\":\"WebPage\",\"@id\":\"https:\/\/www.notibras.com\/site\/red-bull-corta-as-asas-do-embalado-palmeiras-e-vence-por-2x0\/\",\"url\":\"https:\/\/www.notibras.com\/site\/red-bull-corta-as-asas-do-embalado-palmeiras-e-vence-por-2x0\/\",\"name\":\"Red Bull vence por 2 a 0 e corta as asas do embalado Palmeiras - Notibras\",\"isPartOf\":{\"@id\":\"https:\/\/www.notibras.com\/site\/#website\"},\"primaryImageOfPage\":{\"@id\":\"https:\/\/www.notibras.com\/site\/red-bull-corta-as-asas-do-embalado-palmeiras-e-vence-por-2x0\/#primaryimage\"},\"image\":{\"@id\":\"https:\/\/www.notibras.com\/site\/red-bull-corta-as-asas-do-embalado-palmeiras-e-vence-por-2x0\/#primaryimage\"},\"thumbnailUrl\":\"https:\/\/www.notibras.com\/site\/wp-content\/uploads\/2015\/03\/ellerfestejagolheliosuenagagazeta.jpg\",\"datePublished\":\"2015-03-29T23:35:40+00:00\",\"dateModified\":\"2015-03-30T00:04:28+00:00\",\"breadcrumb\":{\"@id\":\"https:\/\/www.notibras.com\/site\/red-bull-corta-as-asas-do-embalado-palmeiras-e-vence-por-2x0\/#breadcrumb\"},\"inLanguage\":\"pt-BR\",\"potentialAction\":[{\"@type\":\"ReadAction\",\"target\":[\"https:\/\/www.notibras.com\/site\/red-bull-corta-as-asas-do-embalado-palmeiras-e-vence-por-2x0\/\"]}]},{\"@type\":\"ImageObject\",\"inLanguage\":\"pt-BR\",\"@id\":\"https:\/\/www.notibras.com\/site\/red-bull-corta-as-asas-do-embalado-palmeiras-e-vence-por-2x0\/#primaryimage\",\"url\":\"https:\/\/www.notibras.com\/site\/wp-content\/uploads\/2015\/03\/ellerfestejagolheliosuenagagazeta.jpg\",\"contentUrl\":\"https:\/\/www.notibras.com\/site\/wp-content\/uploads\/2015\/03\/ellerfestejagolheliosuenagagazeta.jpg\",\"width\":460,\"height\":307},{\"@type\":\"BreadcrumbList\",\"@id\":\"https:\/\/www.notibras.com\/site\/red-bull-corta-as-asas-do-embalado-palmeiras-e-vence-por-2x0\/#breadcrumb\",\"itemListElement\":[{\"@type\":\"ListItem\",\"position\":1,\"name\":\"In\u00edcio\",\"item\":\"https:\/\/www.notibras.com\/site\/\"},{\"@type\":\"ListItem\",\"position\":2,\"name\":\"Red Bull vence por 2 a 0 e corta as asas do embalado Palmeiras\"}]},{\"@type\":\"WebSite\",\"@id\":\"https:\/\/www.notibras.com\/site\/#website\",\"url\":\"https:\/\/www.notibras.com\/site\/\",\"name\":\"Notibras\",\"description\":\"Not\u00edcias de Bras\u00edlia, do Brasil e do Mundo\",\"publisher\":{\"@id\":\"https:\/\/www.notibras.com\/site\/#organization\"},\"potentialAction\":[{\"@type\":\"SearchAction\",\"target\":{\"@type\":\"EntryPoint\",\"urlTemplate\":\"https:\/\/www.notibras.com\/site\/?s={search_term_string}\"},\"query-input\":{\"@type\":\"PropertyValueSpecification\",\"valueRequired\":true,\"valueName\":\"search_term_string\"}}],\"inLanguage\":\"pt-BR\"},{\"@type\":\"Organization\",\"@id\":\"https:\/\/www.notibras.com\/site\/#organization\",\"name\":\"Grupo Notibras de Comunica\u00e7\u00e3o\",\"url\":\"https:\/\/www.notibras.com\/site\/\",\"logo\":{\"@type\":\"ImageObject\",\"inLanguage\":\"pt-BR\",\"@id\":\"https:\/\/www.notibras.com\/site\/#\/schema\/logo\/image\/\",\"url\":\"https:\/\/www.notibras.com\/site\/wp-content\/uploads\/2023\/01\/notibras23.png\",\"contentUrl\":\"https:\/\/www.notibras.com\/site\/wp-content\/uploads\/2023\/01\/notibras23.png\",\"width\":350,\"height\":87,\"caption\":\"Grupo Notibras de Comunica\u00e7\u00e3o\"},\"image\":{\"@id\":\"https:\/\/www.notibras.com\/site\/#\/schema\/logo\/image\/\"},\"sameAs\":[\"https:\/\/www.facebook.com\/notibras\/\",\"https:\/\/x.com\/Notibras\",\"https:\/\/www.instagram.com\/notibras\/\"]},{\"@type\":\"Person\",\"@id\":\"https:\/\/www.notibras.com\/site\/#\/schema\/person\/36ab0979449956132d3e5b517ea76ac8\",\"name\":\"Reda\u00e7\u00e3o\",\"image\":{\"@type\":\"ImageObject\",\"inLanguage\":\"pt-BR\",\"@id\":\"https:\/\/secure.gravatar.com\/avatar\/e0a867bdedb85fd243eadf09663511f96fc81e0720a4a42581f334ad4303aa6b?s=96&d=mm&r=g\",\"url\":\"https:\/\/secure.gravatar.com\/avatar\/e0a867bdedb85fd243eadf09663511f96fc81e0720a4a42581f334ad4303aa6b?s=96&d=mm&r=g\",\"contentUrl\":\"https:\/\/secure.gravatar.com\/avatar\/e0a867bdedb85fd243eadf09663511f96fc81e0720a4a42581f334ad4303aa6b?s=96&d=mm&r=g\",\"caption\":\"Reda\u00e7\u00e3o\"}}]}<\/script>\n<!-- \/ Yoast SEO plugin. -->","yoast_head_json":{"title":"Red Bull vence por 2 a 0 e corta as asas do embalado Palmeiras - Notibras","robots":{"index":"index","follow":"follow","max-snippet":"max-snippet:-1","max-image-preview":"max-image-preview:large","max-video-preview":"max-video-preview:-1"},"canonical":"https:\/\/www.notibras.com\/site\/red-bull-corta-as-asas-do-embalado-palmeiras-e-vence-por-2x0\/","og_locale":"pt_BR","og_type":"article","og_title":"Red Bull vence por 2 a 0 e corta as asas do embalado Palmeiras - Notibras","og_description":"Embalado por tr\u00eas vit\u00f3rias seguidas no Campeonato Paulista &#8211; a \u00faltima delas, um passeio por 3 a 0 sobre o rival S\u00e3o Paulo -, o Palmeiras levou um &#8220;banho de \u00e1gua fria&#8221; na noite deste domingo. O time de Oswaldo de Oliveira perdeu por 2 a 0 para o Red Bull no Est\u00e1dio Mois\u00e9s Lucarelli, [&hellip;]","og_url":"https:\/\/www.notibras.com\/site\/red-bull-corta-as-asas-do-embalado-palmeiras-e-vence-por-2x0\/","og_site_name":"Notibras","article_publisher":"https:\/\/www.facebook.com\/notibras\/","article_published_time":"2015-03-29T23:35:40+00:00","article_modified_time":"2015-03-30T00:04:28+00:00","og_image":[{"width":460,"height":307,"url":"https:\/\/www.notibras.com\/site\/wp-content\/uploads\/2015\/03\/ellerfestejagolheliosuenagagazeta.jpg","type":"image\/jpeg"}],"author":"Reda\u00e7\u00e3o","twitter_card":"summary_large_image","twitter_creator":"@Notibras","twitter_site":"@Notibras","twitter_misc":{"Escrito por":"Reda\u00e7\u00e3o","Est. tempo de leitura":"2 minutos"},"schema":{"@context":"https:\/\/schema.org","@graph":[{"@type":"Article","@id":"https:\/\/www.notibras.com\/site\/red-bull-corta-as-asas-do-embalado-palmeiras-e-vence-por-2x0\/#article","isPartOf":{"@id":"https:\/\/www.notibras.com\/site\/red-bull-corta-as-asas-do-embalado-palmeiras-e-vence-por-2x0\/"},"author":{"name":"Reda\u00e7\u00e3o","@id":"https:\/\/www.notibras.com\/site\/#\/schema\/person\/36ab0979449956132d3e5b517ea76ac8"},"headline":"Red Bull vence por 2 a 0 e corta as asas do embalado Palmeiras","datePublished":"2015-03-29T23:35:40+00:00","dateModified":"2015-03-30T00:04:28+00:00","mainEntityOfPage":{"@id":"https:\/\/www.notibras.com\/site\/red-bull-corta-as-asas-do-embalado-palmeiras-e-vence-por-2x0\/"},"wordCount":360,"commentCount":0,"publisher":{"@id":"https:\/\/www.notibras.com\/site\/#organization"},"image":{"@id":"https:\/\/www.notibras.com\/site\/red-bull-corta-as-asas-do-embalado-palmeiras-e-vence-por-2x0\/#primaryimage"},"thumbnailUrl":"https:\/\/www.notibras.com\/site\/wp-content\/uploads\/2015\/03\/ellerfestejagolheliosuenagagazeta.jpg","articleSection":["Esportes","Futebol"],"inLanguage":"pt-BR","potentialAction":[{"@type":"CommentAction","name":"Comment","target":["https:\/\/www.notibras.com\/site\/red-bull-corta-as-asas-do-embalado-palmeiras-e-vence-por-2x0\/#respond"]}]},{"@type":"WebPage","@id":"https:\/\/www.notibras.com\/site\/red-bull-corta-as-asas-do-embalado-palmeiras-e-vence-por-2x0\/","url":"https:\/\/www.notibras.com\/site\/red-bull-corta-as-asas-do-embalado-palmeiras-e-vence-por-2x0\/","name":"Red Bull vence por 2 a 0 e corta as asas do embalado Palmeiras - Notibras","isPartOf":{"@id":"https:\/\/www.notibras.com\/site\/#website"},"primaryImageOfPage":{"@id":"https:\/\/www.notibras.com\/site\/red-bull-corta-as-asas-do-embalado-palmeiras-e-vence-por-2x0\/#primaryimage"},"image":{"@id":"https:\/\/www.notibras.com\/site\/red-bull-corta-as-asas-do-embalado-palmeiras-e-vence-por-2x0\/#primaryimage"},"thumbnailUrl":"https:\/\/www.notibras.com\/site\/wp-content\/uploads\/2015\/03\/ellerfestejagolheliosuenagagazeta.jpg","datePublished":"2015-03-29T23:35:40+00:00","dateModified":"2015-03-30T00:04:28+00:00","breadcrumb":{"@id":"https:\/\/www.notibras.com\/site\/red-bull-corta-as-asas-do-embalado-palmeiras-e-vence-por-2x0\/#breadcrumb"},"inLanguage":"pt-BR","potentialAction":[{"@type":"ReadAction","target":["https:\/\/www.notibras.com\/site\/red-bull-corta-as-asas-do-embalado-palmeiras-e-vence-por-2x0\/"]}]},{"@type":"ImageObject","inLanguage":"pt-BR","@id":"https:\/\/www.notibras.com\/site\/red-bull-corta-as-asas-do-embalado-palmeiras-e-vence-por-2x0\/#primaryimage","url":"https:\/\/www.notibras.com\/site\/wp-content\/uploads\/2015\/03\/ellerfestejagolheliosuenagagazeta.jpg","contentUrl":"https:\/\/www.notibras.com\/site\/wp-content\/uploads\/2015\/03\/ellerfestejagolheliosuenagagazeta.jpg","width":460,"height":307},{"@type":"BreadcrumbList","@id":"https:\/\/www.notibras.com\/site\/red-bull-corta-as-asas-do-embalado-palmeiras-e-vence-por-2x0\/#breadcrumb","itemListElement":[{"@type":"ListItem","position":1,"name":"In\u00edcio","item":"https:\/\/www.notibras.com\/site\/"},{"@type":"ListItem","position":2,"name":"Red Bull vence por 2 a 0 e corta as asas do embalado Palmeiras"}]},{"@type":"WebSite","@id":"https:\/\/www.notibras.com\/site\/#website","url":"https:\/\/www.notibras.com\/site\/","name":"Notibras","description":"Not\u00edcias de Bras\u00edlia, do Brasil e do Mundo","publisher":{"@id":"https:\/\/www.notibras.com\/site\/#organization"},"potentialAction":[{"@type":"SearchAction","target":{"@type":"EntryPoint","urlTemplate":"https:\/\/www.notibras.com\/site\/?s={search_term_string}"},"query-input":{"@type":"PropertyValueSpecification","valueRequired":true,"valueName":"search_term_string"}}],"inLanguage":"pt-BR"},{"@type":"Organization","@id":"https:\/\/www.notibras.com\/site\/#organization","name":"Grupo Notibras de Comunica\u00e7\u00e3o","url":"https:\/\/www.notibras.com\/site\/","logo":{"@type":"ImageObject","inLanguage":"pt-BR","@id":"https:\/\/www.notibras.com\/site\/#\/schema\/logo\/image\/","url":"https:\/\/www.notibras.com\/site\/wp-content\/uploads\/2023\/01\/notibras23.png","contentUrl":"https:\/\/www.notibras.com\/site\/wp-content\/uploads\/2023\/01\/notibras23.png","width":350,"height":87,"caption":"Grupo Notibras de Comunica\u00e7\u00e3o"},"image":{"@id":"https:\/\/www.notibras.com\/site\/#\/schema\/logo\/image\/"},"sameAs":["https:\/\/www.facebook.com\/notibras\/","https:\/\/x.com\/Notibras","https:\/\/www.instagram.com\/notibras\/"]},{"@type":"Person","@id":"https:\/\/www.notibras.com\/site\/#\/schema\/person\/36ab0979449956132d3e5b517ea76ac8","name":"Reda\u00e7\u00e3o","image":{"@type":"ImageObject","inLanguage":"pt-BR","@id":"https:\/\/secure.gravatar.com\/avatar\/e0a867bdedb85fd243eadf09663511f96fc81e0720a4a42581f334ad4303aa6b?s=96&d=mm&r=g","url":"https:\/\/secure.gravatar.com\/avatar\/e0a867bdedb85fd243eadf09663511f96fc81e0720a4a42581f334ad4303aa6b?s=96&d=mm&r=g","contentUrl":"https:\/\/secure.gravatar.com\/avatar\/e0a867bdedb85fd243eadf09663511f96fc81e0720a4a42581f334ad4303aa6b?s=96&d=mm&r=g","caption":"Reda\u00e7\u00e3o"}}]}},"amp_enabled":true,"_links":{"self":[{"href":"https:\/\/www.notibras.com\/site\/wp-json\/wp\/v2\/posts\/41909","targetHints":{"allow":["GET"]}}],"collection":[{"href":"https:\/\/www.notibras.com\/site\/wp-json\/wp\/v2\/posts"}],"about":[{"href":"https:\/\/www.notibras.com\/site\/wp-json\/wp\/v2\/types\/post"}],"author":[{"embeddable":true,"href":"https:\/\/www.notibras.com\/site\/wp-json\/wp\/v2\/users\/2"}],"replies":[{"embeddable":true,"href":"https:\/\/www.notibras.com\/site\/wp-json\/wp\/v2\/comments?post=41909"}],"version-history":[{"count":0,"href":"https:\/\/www.notibras.com\/site\/wp-json\/wp\/v2\/posts\/41909\/revisions"}],"wp:featuredmedia":[{"embeddable":true,"href":"https:\/\/www.notibras.com\/site\/wp-json\/wp\/v2\/media\/41910"}],"wp:attachment":[{"href":"https:\/\/www.notibras.com\/site\/wp-json\/wp\/v2\/media?parent=41909"}],"wp:term":[{"taxonomy":"category","embeddable":true,"href":"https:\/\/www.notibras.com\/site\/wp-json\/wp\/v2\/categories?post=41909"},{"taxonomy":"post_tag","embeddable":true,"href":"https:\/\/www.notibras.com\/site\/wp-json\/wp\/v2\/tags?post=41909"}],"curies":[{"name":"wp","href":"https:\/\/api.w.org\/{rel}","templated":true}]}}