{"id":41916,"date":"2015-03-29T22:41:43","date_gmt":"2015-03-30T01:41:43","guid":{"rendered":"http:\/\/www.notibras.com\/site\/?p=41916"},"modified":"2015-03-30T01:47:11","modified_gmt":"2015-03-30T04:47:11","slug":"rede-conta-novas-assinaturas-e-espera-registro-para-abril","status":"publish","type":"post","link":"https:\/\/www.notibras.com\/site\/rede-conta-novas-assinaturas-e-espera-registro-para-abril\/","title":{"rendered":"Rede conta novas assinaturas e espera o registro para abril"},"content":{"rendered":"<p>Ap\u00f3s dois dias reunidos em Bras\u00edlia para discutir a\u00e7\u00f5es para os pr\u00f3ximos meses, os membros do Elo Nacional da Rede Sustentabilidade informaram que v\u00e3o ingressar no Tribunal Superior Eleitoral (TSE) at\u00e9 o fim de abril com as assinaturas necess\u00e1rias para sua valida\u00e7\u00e3o como partido. Segundo o porta-voz da agremia\u00e7\u00e3o, Basileo Margarido, 80 mil assinaturas est\u00e3o em processo de certifica\u00e7\u00e3o. Para a concess\u00e3o do registro pela Tribunal Superior Eleitoral (TSE), faltam 32 mil.<\/p>\n<blockquote><p>\u201cAt\u00e9 o final de abril devemos ingressar com as assinaturas validadas que faltam para que o TSE possa analisar e julgar o pedido de registro da Rede Sustentabilidade\u201d, afirmou Basileo Margarido, observando que cerca de 450 mil assinaturas j\u00e1 foram reconhecidas pelo TSE em 2013. &#8220;Oitenta mil est\u00e3o em processo de certifica\u00e7\u00e3o nos cart\u00f3rios. Ent\u00e3o, temos grande margem, mais que o dobro do que falta, considerando que nem todas as assinaturas ser\u00e3o validadas pelos cart\u00f3rios\u201d, acrescentou.<\/p><\/blockquote>\n<p>O porta-voz da Rede disse que a coleta de assinaturas tamb\u00e9m continuar\u00e1 at\u00e9 o registro do novo partido. Ele tamb\u00e9m afirmou que, at\u00e9 l\u00e1 Marina Silva, maior expoente da agremia\u00e7\u00e3o, continuar\u00e1 filiada ao PSB, partido ao qual se integrou para participar da campanha presidencial de 2014, ap\u00f3s a Rede Sustentabilidade n\u00e3o conseguir o registro.<\/p>\n<p>Basileo Margarido explicou que, ap\u00f3s receber o pedido, o TSE tem 30 dias para o julgamento, e depois disso a Rede Sustentabilidade pretende se dedicar \u00e0 sua organiza\u00e7\u00e3o. Segundo o porta-voz, a Rede j\u00e1 \u00e9 um partido de fato, com inst\u00e2ncias j\u00e1 constitu\u00eddas em mais de 20 estados. \u201cTemos uma s\u00e9rie de a\u00e7\u00f5es que ter\u00e3o de ser adotadas para transformar as filia\u00e7\u00f5es pol\u00edticas em filia\u00e7\u00f5es partid\u00e1rias, de acordo com a legisla\u00e7\u00e3o eleitoral partid\u00e1ria. Temos at\u00e9 final de maio para adotar e preparar o partido para aprofundar sua organiza\u00e7\u00e3o, inclusive considerando as elei\u00e7\u00f5es de 2016\u201d, salientou.<\/p>\n<p>Em rela\u00e7\u00e3o a outros partidos que pediram recentemente registro ao TSE, ou est\u00e3o na imin\u00eancia de faz\u00ea-lo, Basileo Margarido disse que n\u00e3o os v\u00ea como concorrentes atr\u00e1s de um mesmo nicho de eleitores desiludidos com a pol\u00edtica em vigor no pa\u00eds. \u201cN\u00e3o vemos um partido pol\u00edtico como um nicho. Temos nossas propostas, nossas ideias, nosso ide\u00e1rio, nosso manifesto, nosso estatuto que dialoga com as grandes quest\u00f5es da sociedade. Ent\u00e3o, n\u00e3o vejo competi\u00e7\u00e3o.\u201d<\/p>\n<p><strong>Danilo Macedo, ABr<\/strong><\/p>\n","protected":false},"excerpt":{"rendered":"<p>Ap\u00f3s dois dias reunidos em Bras\u00edlia para discutir a\u00e7\u00f5es para os pr\u00f3ximos meses, os membros do Elo Nacional da Rede Sustentabilidade informaram que v\u00e3o ingressar no Tribunal Superior Eleitoral (TSE) at\u00e9 o fim de abril com as assinaturas necess\u00e1rias para sua valida\u00e7\u00e3o como partido. Segundo o porta-voz da agremia\u00e7\u00e3o, Basileo Margarido, 80 mil assinaturas est\u00e3o [&hellip;]<\/p>\n","protected":false},"author":2,"featured_media":41917,"comment_status":"open","ping_status":"closed","sticky":false,"template":"","format":"standard","meta":{"_acf_changed":false,"footnotes":""},"categories":[16],"tags":[],"class_list":["post-41916","post","type-post","status-publish","format-standard","has-post-thumbnail","hentry","category-brasil"],"acf":[],"yoast_head":"<!-- This site is optimized with the Yoast SEO plugin v27.5 - https:\/\/yoast.com\/product\/yoast-seo-wordpress\/ -->\n<title>Rede conta novas assinaturas e espera o registro para abril - Notibras<\/title>\n<meta name=\"robots\" content=\"index, follow, max-snippet:-1, max-image-preview:large, max-video-preview:-1\" \/>\n<link rel=\"canonical\" href=\"https:\/\/www.notibras.com\/site\/rede-conta-novas-assinaturas-e-espera-registro-para-abril\/\" \/>\n<meta property=\"og:locale\" content=\"pt_BR\" \/>\n<meta property=\"og:type\" content=\"article\" \/>\n<meta property=\"og:title\" content=\"Rede conta novas assinaturas e espera o registro para abril - Notibras\" \/>\n<meta property=\"og:description\" content=\"Ap\u00f3s dois dias reunidos em Bras\u00edlia para discutir a\u00e7\u00f5es para os pr\u00f3ximos meses, os membros do Elo Nacional da Rede Sustentabilidade informaram que v\u00e3o ingressar no Tribunal Superior Eleitoral (TSE) at\u00e9 o fim de abril com as assinaturas necess\u00e1rias para sua valida\u00e7\u00e3o como partido. Segundo o porta-voz da agremia\u00e7\u00e3o, Basileo Margarido, 80 mil assinaturas est\u00e3o [&hellip;]\" \/>\n<meta property=\"og:url\" content=\"https:\/\/www.notibras.com\/site\/rede-conta-novas-assinaturas-e-espera-registro-para-abril\/\" \/>\n<meta property=\"og:site_name\" content=\"Notibras\" \/>\n<meta property=\"article:publisher\" content=\"https:\/\/www.facebook.com\/notibras\/\" \/>\n<meta property=\"article:published_time\" content=\"2015-03-30T01:41:43+00:00\" \/>\n<meta property=\"article:modified_time\" content=\"2015-03-30T04:47:11+00:00\" \/>\n<meta property=\"og:image\" content=\"https:\/\/www.notibras.com\/site\/wp-content\/uploads\/2015\/03\/rede.29.jpg\" \/>\n\t<meta property=\"og:image:width\" content=\"277\" \/>\n\t<meta property=\"og:image:height\" content=\"160\" \/>\n\t<meta property=\"og:image:type\" content=\"image\/jpeg\" \/>\n<meta name=\"author\" content=\"Reda\u00e7\u00e3o\" \/>\n<meta name=\"twitter:card\" content=\"summary_large_image\" \/>\n<meta name=\"twitter:creator\" content=\"@Notibras\" \/>\n<meta name=\"twitter:site\" content=\"@Notibras\" \/>\n<meta name=\"twitter:label1\" content=\"Escrito por\" \/>\n\t<meta name=\"twitter:data1\" content=\"Reda\u00e7\u00e3o\" \/>\n\t<meta name=\"twitter:label2\" content=\"Est. tempo de leitura\" \/>\n\t<meta name=\"twitter:data2\" content=\"2 minutos\" \/>\n<script type=\"application\/ld+json\" class=\"yoast-schema-graph\">{\"@context\":\"https:\\\/\\\/schema.org\",\"@graph\":[{\"@type\":\"Article\",\"@id\":\"https:\\\/\\\/www.notibras.com\\\/site\\\/rede-conta-novas-assinaturas-e-espera-registro-para-abril\\\/#article\",\"isPartOf\":{\"@id\":\"https:\\\/\\\/www.notibras.com\\\/site\\\/rede-conta-novas-assinaturas-e-espera-registro-para-abril\\\/\"},\"author\":{\"name\":\"Reda\u00e7\u00e3o\",\"@id\":\"https:\\\/\\\/www.notibras.com\\\/site\\\/#\\\/schema\\\/person\\\/36ab0979449956132d3e5b517ea76ac8\"},\"headline\":\"Rede conta novas assinaturas e espera o registro para abril\",\"datePublished\":\"2015-03-30T01:41:43+00:00\",\"dateModified\":\"2015-03-30T04:47:11+00:00\",\"mainEntityOfPage\":{\"@id\":\"https:\\\/\\\/www.notibras.com\\\/site\\\/rede-conta-novas-assinaturas-e-espera-registro-para-abril\\\/\"},\"wordCount\":424,\"commentCount\":0,\"publisher\":{\"@id\":\"https:\\\/\\\/www.notibras.com\\\/site\\\/#organization\"},\"image\":{\"@id\":\"https:\\\/\\\/www.notibras.com\\\/site\\\/rede-conta-novas-assinaturas-e-espera-registro-para-abril\\\/#primaryimage\"},\"thumbnailUrl\":\"https:\\\/\\\/www.notibras.com\\\/site\\\/wp-content\\\/uploads\\\/2015\\\/03\\\/rede.29.jpg\",\"articleSection\":[\"Brasil\"],\"inLanguage\":\"pt-BR\",\"potentialAction\":[{\"@type\":\"CommentAction\",\"name\":\"Comment\",\"target\":[\"https:\\\/\\\/www.notibras.com\\\/site\\\/rede-conta-novas-assinaturas-e-espera-registro-para-abril\\\/#respond\"]}]},{\"@type\":\"WebPage\",\"@id\":\"https:\\\/\\\/www.notibras.com\\\/site\\\/rede-conta-novas-assinaturas-e-espera-registro-para-abril\\\/\",\"url\":\"https:\\\/\\\/www.notibras.com\\\/site\\\/rede-conta-novas-assinaturas-e-espera-registro-para-abril\\\/\",\"name\":\"Rede conta novas assinaturas e espera o registro para abril - Notibras\",\"isPartOf\":{\"@id\":\"https:\\\/\\\/www.notibras.com\\\/site\\\/#website\"},\"primaryImageOfPage\":{\"@id\":\"https:\\\/\\\/www.notibras.com\\\/site\\\/rede-conta-novas-assinaturas-e-espera-registro-para-abril\\\/#primaryimage\"},\"image\":{\"@id\":\"https:\\\/\\\/www.notibras.com\\\/site\\\/rede-conta-novas-assinaturas-e-espera-registro-para-abril\\\/#primaryimage\"},\"thumbnailUrl\":\"https:\\\/\\\/www.notibras.com\\\/site\\\/wp-content\\\/uploads\\\/2015\\\/03\\\/rede.29.jpg\",\"datePublished\":\"2015-03-30T01:41:43+00:00\",\"dateModified\":\"2015-03-30T04:47:11+00:00\",\"breadcrumb\":{\"@id\":\"https:\\\/\\\/www.notibras.com\\\/site\\\/rede-conta-novas-assinaturas-e-espera-registro-para-abril\\\/#breadcrumb\"},\"inLanguage\":\"pt-BR\",\"potentialAction\":[{\"@type\":\"ReadAction\",\"target\":[\"https:\\\/\\\/www.notibras.com\\\/site\\\/rede-conta-novas-assinaturas-e-espera-registro-para-abril\\\/\"]}]},{\"@type\":\"ImageObject\",\"inLanguage\":\"pt-BR\",\"@id\":\"https:\\\/\\\/www.notibras.com\\\/site\\\/rede-conta-novas-assinaturas-e-espera-registro-para-abril\\\/#primaryimage\",\"url\":\"https:\\\/\\\/www.notibras.com\\\/site\\\/wp-content\\\/uploads\\\/2015\\\/03\\\/rede.29.jpg\",\"contentUrl\":\"https:\\\/\\\/www.notibras.com\\\/site\\\/wp-content\\\/uploads\\\/2015\\\/03\\\/rede.29.jpg\",\"width\":277,\"height\":160},{\"@type\":\"BreadcrumbList\",\"@id\":\"https:\\\/\\\/www.notibras.com\\\/site\\\/rede-conta-novas-assinaturas-e-espera-registro-para-abril\\\/#breadcrumb\",\"itemListElement\":[{\"@type\":\"ListItem\",\"position\":1,\"name\":\"In\u00edcio\",\"item\":\"https:\\\/\\\/www.notibras.com\\\/site\\\/\"},{\"@type\":\"ListItem\",\"position\":2,\"name\":\"Rede conta novas assinaturas e espera o registro para abril\"}]},{\"@type\":\"WebSite\",\"@id\":\"https:\\\/\\\/www.notibras.com\\\/site\\\/#website\",\"url\":\"https:\\\/\\\/www.notibras.com\\\/site\\\/\",\"name\":\"Notibras\",\"description\":\"Not\u00edcias de Bras\u00edlia, do Brasil e do Mundo\",\"publisher\":{\"@id\":\"https:\\\/\\\/www.notibras.com\\\/site\\\/#organization\"},\"potentialAction\":[{\"@type\":\"SearchAction\",\"target\":{\"@type\":\"EntryPoint\",\"urlTemplate\":\"https:\\\/\\\/www.notibras.com\\\/site\\\/?s={search_term_string}\"},\"query-input\":{\"@type\":\"PropertyValueSpecification\",\"valueRequired\":true,\"valueName\":\"search_term_string\"}}],\"inLanguage\":\"pt-BR\"},{\"@type\":\"Organization\",\"@id\":\"https:\\\/\\\/www.notibras.com\\\/site\\\/#organization\",\"name\":\"Grupo Notibras de Comunica\u00e7\u00e3o\",\"url\":\"https:\\\/\\\/www.notibras.com\\\/site\\\/\",\"logo\":{\"@type\":\"ImageObject\",\"inLanguage\":\"pt-BR\",\"@id\":\"https:\\\/\\\/www.notibras.com\\\/site\\\/#\\\/schema\\\/logo\\\/image\\\/\",\"url\":\"https:\\\/\\\/www.notibras.com\\\/site\\\/wp-content\\\/uploads\\\/2023\\\/01\\\/notibras23.png\",\"contentUrl\":\"https:\\\/\\\/www.notibras.com\\\/site\\\/wp-content\\\/uploads\\\/2023\\\/01\\\/notibras23.png\",\"width\":350,\"height\":87,\"caption\":\"Grupo Notibras de Comunica\u00e7\u00e3o\"},\"image\":{\"@id\":\"https:\\\/\\\/www.notibras.com\\\/site\\\/#\\\/schema\\\/logo\\\/image\\\/\"},\"sameAs\":[\"https:\\\/\\\/www.facebook.com\\\/notibras\\\/\",\"https:\\\/\\\/x.com\\\/Notibras\",\"https:\\\/\\\/www.instagram.com\\\/notibras\\\/\"]},{\"@type\":\"Person\",\"@id\":\"https:\\\/\\\/www.notibras.com\\\/site\\\/#\\\/schema\\\/person\\\/36ab0979449956132d3e5b517ea76ac8\",\"name\":\"Reda\u00e7\u00e3o\",\"image\":{\"@type\":\"ImageObject\",\"inLanguage\":\"pt-BR\",\"@id\":\"https:\\\/\\\/secure.gravatar.com\\\/avatar\\\/e0a867bdedb85fd243eadf09663511f96fc81e0720a4a42581f334ad4303aa6b?s=96&d=mm&r=g\",\"url\":\"https:\\\/\\\/secure.gravatar.com\\\/avatar\\\/e0a867bdedb85fd243eadf09663511f96fc81e0720a4a42581f334ad4303aa6b?s=96&d=mm&r=g\",\"contentUrl\":\"https:\\\/\\\/secure.gravatar.com\\\/avatar\\\/e0a867bdedb85fd243eadf09663511f96fc81e0720a4a42581f334ad4303aa6b?s=96&d=mm&r=g\",\"caption\":\"Reda\u00e7\u00e3o\"}}]}<\/script>\n<!-- \/ Yoast SEO plugin. -->","yoast_head_json":{"title":"Rede conta novas assinaturas e espera o registro para abril - Notibras","robots":{"index":"index","follow":"follow","max-snippet":"max-snippet:-1","max-image-preview":"max-image-preview:large","max-video-preview":"max-video-preview:-1"},"canonical":"https:\/\/www.notibras.com\/site\/rede-conta-novas-assinaturas-e-espera-registro-para-abril\/","og_locale":"pt_BR","og_type":"article","og_title":"Rede conta novas assinaturas e espera o registro para abril - Notibras","og_description":"Ap\u00f3s dois dias reunidos em Bras\u00edlia para discutir a\u00e7\u00f5es para os pr\u00f3ximos meses, os membros do Elo Nacional da Rede Sustentabilidade informaram que v\u00e3o ingressar no Tribunal Superior Eleitoral (TSE) at\u00e9 o fim de abril com as assinaturas necess\u00e1rias para sua valida\u00e7\u00e3o como partido. Segundo o porta-voz da agremia\u00e7\u00e3o, Basileo Margarido, 80 mil assinaturas est\u00e3o [&hellip;]","og_url":"https:\/\/www.notibras.com\/site\/rede-conta-novas-assinaturas-e-espera-registro-para-abril\/","og_site_name":"Notibras","article_publisher":"https:\/\/www.facebook.com\/notibras\/","article_published_time":"2015-03-30T01:41:43+00:00","article_modified_time":"2015-03-30T04:47:11+00:00","og_image":[{"width":277,"height":160,"url":"https:\/\/www.notibras.com\/site\/wp-content\/uploads\/2015\/03\/rede.29.jpg","type":"image\/jpeg"}],"author":"Reda\u00e7\u00e3o","twitter_card":"summary_large_image","twitter_creator":"@Notibras","twitter_site":"@Notibras","twitter_misc":{"Escrito por":"Reda\u00e7\u00e3o","Est. tempo de leitura":"2 minutos"},"schema":{"@context":"https:\/\/schema.org","@graph":[{"@type":"Article","@id":"https:\/\/www.notibras.com\/site\/rede-conta-novas-assinaturas-e-espera-registro-para-abril\/#article","isPartOf":{"@id":"https:\/\/www.notibras.com\/site\/rede-conta-novas-assinaturas-e-espera-registro-para-abril\/"},"author":{"name":"Reda\u00e7\u00e3o","@id":"https:\/\/www.notibras.com\/site\/#\/schema\/person\/36ab0979449956132d3e5b517ea76ac8"},"headline":"Rede conta novas assinaturas e espera o registro para abril","datePublished":"2015-03-30T01:41:43+00:00","dateModified":"2015-03-30T04:47:11+00:00","mainEntityOfPage":{"@id":"https:\/\/www.notibras.com\/site\/rede-conta-novas-assinaturas-e-espera-registro-para-abril\/"},"wordCount":424,"commentCount":0,"publisher":{"@id":"https:\/\/www.notibras.com\/site\/#organization"},"image":{"@id":"https:\/\/www.notibras.com\/site\/rede-conta-novas-assinaturas-e-espera-registro-para-abril\/#primaryimage"},"thumbnailUrl":"https:\/\/www.notibras.com\/site\/wp-content\/uploads\/2015\/03\/rede.29.jpg","articleSection":["Brasil"],"inLanguage":"pt-BR","potentialAction":[{"@type":"CommentAction","name":"Comment","target":["https:\/\/www.notibras.com\/site\/rede-conta-novas-assinaturas-e-espera-registro-para-abril\/#respond"]}]},{"@type":"WebPage","@id":"https:\/\/www.notibras.com\/site\/rede-conta-novas-assinaturas-e-espera-registro-para-abril\/","url":"https:\/\/www.notibras.com\/site\/rede-conta-novas-assinaturas-e-espera-registro-para-abril\/","name":"Rede conta novas assinaturas e espera o registro para abril - Notibras","isPartOf":{"@id":"https:\/\/www.notibras.com\/site\/#website"},"primaryImageOfPage":{"@id":"https:\/\/www.notibras.com\/site\/rede-conta-novas-assinaturas-e-espera-registro-para-abril\/#primaryimage"},"image":{"@id":"https:\/\/www.notibras.com\/site\/rede-conta-novas-assinaturas-e-espera-registro-para-abril\/#primaryimage"},"thumbnailUrl":"https:\/\/www.notibras.com\/site\/wp-content\/uploads\/2015\/03\/rede.29.jpg","datePublished":"2015-03-30T01:41:43+00:00","dateModified":"2015-03-30T04:47:11+00:00","breadcrumb":{"@id":"https:\/\/www.notibras.com\/site\/rede-conta-novas-assinaturas-e-espera-registro-para-abril\/#breadcrumb"},"inLanguage":"pt-BR","potentialAction":[{"@type":"ReadAction","target":["https:\/\/www.notibras.com\/site\/rede-conta-novas-assinaturas-e-espera-registro-para-abril\/"]}]},{"@type":"ImageObject","inLanguage":"pt-BR","@id":"https:\/\/www.notibras.com\/site\/rede-conta-novas-assinaturas-e-espera-registro-para-abril\/#primaryimage","url":"https:\/\/www.notibras.com\/site\/wp-content\/uploads\/2015\/03\/rede.29.jpg","contentUrl":"https:\/\/www.notibras.com\/site\/wp-content\/uploads\/2015\/03\/rede.29.jpg","width":277,"height":160},{"@type":"BreadcrumbList","@id":"https:\/\/www.notibras.com\/site\/rede-conta-novas-assinaturas-e-espera-registro-para-abril\/#breadcrumb","itemListElement":[{"@type":"ListItem","position":1,"name":"In\u00edcio","item":"https:\/\/www.notibras.com\/site\/"},{"@type":"ListItem","position":2,"name":"Rede conta novas assinaturas e espera o registro para abril"}]},{"@type":"WebSite","@id":"https:\/\/www.notibras.com\/site\/#website","url":"https:\/\/www.notibras.com\/site\/","name":"Notibras","description":"Not\u00edcias de Bras\u00edlia, do Brasil e do Mundo","publisher":{"@id":"https:\/\/www.notibras.com\/site\/#organization"},"potentialAction":[{"@type":"SearchAction","target":{"@type":"EntryPoint","urlTemplate":"https:\/\/www.notibras.com\/site\/?s={search_term_string}"},"query-input":{"@type":"PropertyValueSpecification","valueRequired":true,"valueName":"search_term_string"}}],"inLanguage":"pt-BR"},{"@type":"Organization","@id":"https:\/\/www.notibras.com\/site\/#organization","name":"Grupo Notibras de Comunica\u00e7\u00e3o","url":"https:\/\/www.notibras.com\/site\/","logo":{"@type":"ImageObject","inLanguage":"pt-BR","@id":"https:\/\/www.notibras.com\/site\/#\/schema\/logo\/image\/","url":"https:\/\/www.notibras.com\/site\/wp-content\/uploads\/2023\/01\/notibras23.png","contentUrl":"https:\/\/www.notibras.com\/site\/wp-content\/uploads\/2023\/01\/notibras23.png","width":350,"height":87,"caption":"Grupo Notibras de Comunica\u00e7\u00e3o"},"image":{"@id":"https:\/\/www.notibras.com\/site\/#\/schema\/logo\/image\/"},"sameAs":["https:\/\/www.facebook.com\/notibras\/","https:\/\/x.com\/Notibras","https:\/\/www.instagram.com\/notibras\/"]},{"@type":"Person","@id":"https:\/\/www.notibras.com\/site\/#\/schema\/person\/36ab0979449956132d3e5b517ea76ac8","name":"Reda\u00e7\u00e3o","image":{"@type":"ImageObject","inLanguage":"pt-BR","@id":"https:\/\/secure.gravatar.com\/avatar\/e0a867bdedb85fd243eadf09663511f96fc81e0720a4a42581f334ad4303aa6b?s=96&d=mm&r=g","url":"https:\/\/secure.gravatar.com\/avatar\/e0a867bdedb85fd243eadf09663511f96fc81e0720a4a42581f334ad4303aa6b?s=96&d=mm&r=g","contentUrl":"https:\/\/secure.gravatar.com\/avatar\/e0a867bdedb85fd243eadf09663511f96fc81e0720a4a42581f334ad4303aa6b?s=96&d=mm&r=g","caption":"Reda\u00e7\u00e3o"}}]}},"amp_enabled":true,"_links":{"self":[{"href":"https:\/\/www.notibras.com\/site\/wp-json\/wp\/v2\/posts\/41916","targetHints":{"allow":["GET"]}}],"collection":[{"href":"https:\/\/www.notibras.com\/site\/wp-json\/wp\/v2\/posts"}],"about":[{"href":"https:\/\/www.notibras.com\/site\/wp-json\/wp\/v2\/types\/post"}],"author":[{"embeddable":true,"href":"https:\/\/www.notibras.com\/site\/wp-json\/wp\/v2\/users\/2"}],"replies":[{"embeddable":true,"href":"https:\/\/www.notibras.com\/site\/wp-json\/wp\/v2\/comments?post=41916"}],"version-history":[{"count":0,"href":"https:\/\/www.notibras.com\/site\/wp-json\/wp\/v2\/posts\/41916\/revisions"}],"wp:featuredmedia":[{"embeddable":true,"href":"https:\/\/www.notibras.com\/site\/wp-json\/wp\/v2\/media\/41917"}],"wp:attachment":[{"href":"https:\/\/www.notibras.com\/site\/wp-json\/wp\/v2\/media?parent=41916"}],"wp:term":[{"taxonomy":"category","embeddable":true,"href":"https:\/\/www.notibras.com\/site\/wp-json\/wp\/v2\/categories?post=41916"},{"taxonomy":"post_tag","embeddable":true,"href":"https:\/\/www.notibras.com\/site\/wp-json\/wp\/v2\/tags?post=41916"}],"curies":[{"name":"wp","href":"https:\/\/api.w.org\/{rel}","templated":true}]}}