{"id":41975,"date":"2015-03-30T00:30:35","date_gmt":"2015-03-30T03:30:35","guid":{"rendered":"http:\/\/www.notibras.com\/site\/?p=41975"},"modified":"2015-03-30T13:06:32","modified_gmt":"2015-03-30T16:06:32","slug":"voo-da-turquia-para-o-brasil-desce-no-marrocos-apos-ameaca-de-bomba","status":"publish","type":"post","link":"https:\/\/www.notibras.com\/site\/voo-da-turquia-para-o-brasil-desce-no-marrocos-apos-ameaca-de-bomba\/","title":{"rendered":"Voo da Turquia para o Brasil desce no Marrocos ap\u00f3s amea\u00e7a de bomba"},"content":{"rendered":"<p>Um avi\u00e3o da Turkish Airlines que saiu de Istambul, na Turquia, com destino a S\u00e3o Paulo desviou sua rota para Casablanca, no Marrocos, depois de declarar emerg\u00eancia por conta de uma amea\u00e7a de bomba, disse uma porta-voz da companhia nesta segunda-feira (30). Ele pousou em seguran\u00e7a por volta das 9h30 de Bras\u00edlia.<\/p>\n<p>Segundo a imprensa turca, a companhia a\u00e9rea informou que o alerta ocorreu ap\u00f3s um bilhete com a palavra \u201cbomba\u201d ter sido encontrado em um dos banheiros da aeronave. Isso aconteceu logo ap\u00f3s a decolagem.<\/p>\n<p>O voo decolou \u00e0s 10h18 de Istambul (4h18 de Bras\u00edlia). Segundo a &#8220;CNN Turk&#8221;, quando a aeronave chegou a norte da \u00c1frica, a tripula\u00e7\u00e3o pediu autoriza\u00e7\u00e3o para um pouso de emerg\u00eancia e foi direcionada para Casablanca.<\/p>\n<p>Os passageiros desembarcaram ap\u00f3s o pouso e foram levados para as depend\u00eancias do aeroporto antes da entrada de uma equipe do esquadr\u00e3o antibombas na aeronave.<\/p>\n<blockquote><p>Segundo a companhia a\u00e9rea, \u00e9 um procedimento padr\u00e3o realizar um pouso de emerg\u00eancia em casos como este. O avi\u00e3o, um Boeing 777, levava 256 passageiros.<\/p><\/blockquote>\n<p>A Turkish Airlines informou ainda que est\u00e1 dando continuidade \u00e0s investiga\u00e7\u00f5es necess\u00e1rias a bordo e que uma decis\u00e3o sobre a continua\u00e7\u00e3o do voo para S\u00e3o Paulo ser\u00e1 decidida de acordo com o resultado da investiga\u00e7\u00e3o.<\/p>\n<p>A porta-voz da companhia disse que o voo para S\u00e3o Paulo ser\u00e1 retomado assim que for considerado seguro.<\/p>\n<p>Procurada, a Ag\u00eancia Nacional de Avia\u00e7\u00e3o Civil (Anac) disse n\u00e3o ter informa\u00e7\u00f5es sobre o voo desviado.<\/p>\n<p>A assessoria da imprensa da Turkish Airlines no Brasil disse que ainda n\u00e3o recebeu o comunicado oficial da companhia sobre o incidente.<\/p>\n<p>Autoridades do aeroporto de Casablanca disseram que o local operava normalmente e os pousos e decolagens n\u00e3o foram afetados.<\/p>\n<p>No domingo (29), outro voo da mesma companhia que seguia de Istambul para T\u00f3quio, no Jap\u00e3o, teve que retornar ao aeroporto turco ap\u00f3s um bilhete com a mensagem \u201cC-4 Cargo\u201d ter sido encontrado em um dos banheiros. A mensagem fazia men\u00e7\u00e3o \u00e0 presen\u00e7a de explosivos na parte de carga da aeronave.<\/p>\n<p>O avi\u00e3o voltou a Istambul e pousou em seguran\u00e7a tr\u00eas horas ap\u00f3s a decolagem. Os passageiros foram levados para o terminal e inspecionados para verificar a presen\u00e7a de explosivos. O avi\u00e3o tamb\u00e9m foi verificado, mas nada foi encontrado.<\/p>\n","protected":false},"excerpt":{"rendered":"<p>Um avi\u00e3o da Turkish Airlines que saiu de Istambul, na Turquia, com destino a S\u00e3o Paulo desviou sua rota para Casablanca, no Marrocos, depois de declarar emerg\u00eancia por conta de uma amea\u00e7a de bomba, disse uma porta-voz da companhia nesta segunda-feira (30). Ele pousou em seguran\u00e7a por volta das 9h30 de Bras\u00edlia. Segundo a imprensa [&hellip;]<\/p>\n","protected":false},"author":2,"featured_media":41976,"comment_status":"open","ping_status":"closed","sticky":false,"template":"","format":"standard","meta":{"_acf_changed":false,"footnotes":""},"categories":[16],"tags":[],"class_list":["post-41975","post","type-post","status-publish","format-standard","has-post-thumbnail","hentry","category-brasil"],"acf":[],"yoast_head":"<!-- This site is optimized with the Yoast SEO plugin v27.5 - https:\/\/yoast.com\/product\/yoast-seo-wordpress\/ -->\n<title>Voo da Turquia para o Brasil desce no Marrocos ap\u00f3s amea\u00e7a de bomba - Notibras<\/title>\n<meta name=\"robots\" content=\"index, follow, max-snippet:-1, max-image-preview:large, max-video-preview:-1\" \/>\n<link rel=\"canonical\" href=\"https:\/\/www.notibras.com\/site\/voo-da-turquia-para-o-brasil-desce-no-marrocos-apos-ameaca-de-bomba\/\" \/>\n<meta property=\"og:locale\" content=\"pt_BR\" \/>\n<meta property=\"og:type\" content=\"article\" \/>\n<meta property=\"og:title\" content=\"Voo da Turquia para o Brasil desce no Marrocos ap\u00f3s amea\u00e7a de bomba - Notibras\" \/>\n<meta property=\"og:description\" content=\"Um avi\u00e3o da Turkish Airlines que saiu de Istambul, na Turquia, com destino a S\u00e3o Paulo desviou sua rota para Casablanca, no Marrocos, depois de declarar emerg\u00eancia por conta de uma amea\u00e7a de bomba, disse uma porta-voz da companhia nesta segunda-feira (30). Ele pousou em seguran\u00e7a por volta das 9h30 de Bras\u00edlia. Segundo a imprensa [&hellip;]\" \/>\n<meta property=\"og:url\" content=\"https:\/\/www.notibras.com\/site\/voo-da-turquia-para-o-brasil-desce-no-marrocos-apos-ameaca-de-bomba\/\" \/>\n<meta property=\"og:site_name\" content=\"Notibras\" \/>\n<meta property=\"article:publisher\" content=\"https:\/\/www.facebook.com\/notibras\/\" \/>\n<meta property=\"article:published_time\" content=\"2015-03-30T03:30:35+00:00\" \/>\n<meta property=\"article:modified_time\" content=\"2015-03-30T16:06:32+00:00\" \/>\n<meta property=\"og:image\" content=\"https:\/\/www.notibras.com\/site\/wp-content\/uploads\/2015\/03\/110401-Turkish737800-01.jpg\" \/>\n\t<meta property=\"og:image:width\" content=\"650\" \/>\n\t<meta property=\"og:image:height\" content=\"433\" \/>\n\t<meta property=\"og:image:type\" content=\"image\/jpeg\" \/>\n<meta name=\"author\" content=\"Reda\u00e7\u00e3o\" \/>\n<meta name=\"twitter:card\" content=\"summary_large_image\" \/>\n<meta name=\"twitter:creator\" content=\"@Notibras\" \/>\n<meta name=\"twitter:site\" content=\"@Notibras\" \/>\n<meta name=\"twitter:label1\" content=\"Escrito por\" \/>\n\t<meta name=\"twitter:data1\" content=\"Reda\u00e7\u00e3o\" \/>\n\t<meta name=\"twitter:label2\" content=\"Est. tempo de leitura\" \/>\n\t<meta name=\"twitter:data2\" content=\"2 minutos\" \/>\n<script type=\"application\/ld+json\" class=\"yoast-schema-graph\">{\"@context\":\"https:\\\/\\\/schema.org\",\"@graph\":[{\"@type\":\"Article\",\"@id\":\"https:\\\/\\\/www.notibras.com\\\/site\\\/voo-da-turquia-para-o-brasil-desce-no-marrocos-apos-ameaca-de-bomba\\\/#article\",\"isPartOf\":{\"@id\":\"https:\\\/\\\/www.notibras.com\\\/site\\\/voo-da-turquia-para-o-brasil-desce-no-marrocos-apos-ameaca-de-bomba\\\/\"},\"author\":{\"name\":\"Reda\u00e7\u00e3o\",\"@id\":\"https:\\\/\\\/www.notibras.com\\\/site\\\/#\\\/schema\\\/person\\\/36ab0979449956132d3e5b517ea76ac8\"},\"headline\":\"Voo da Turquia para o Brasil desce no Marrocos ap\u00f3s amea\u00e7a de bomba\",\"datePublished\":\"2015-03-30T03:30:35+00:00\",\"dateModified\":\"2015-03-30T16:06:32+00:00\",\"mainEntityOfPage\":{\"@id\":\"https:\\\/\\\/www.notibras.com\\\/site\\\/voo-da-turquia-para-o-brasil-desce-no-marrocos-apos-ameaca-de-bomba\\\/\"},\"wordCount\":425,\"commentCount\":0,\"publisher\":{\"@id\":\"https:\\\/\\\/www.notibras.com\\\/site\\\/#organization\"},\"image\":{\"@id\":\"https:\\\/\\\/www.notibras.com\\\/site\\\/voo-da-turquia-para-o-brasil-desce-no-marrocos-apos-ameaca-de-bomba\\\/#primaryimage\"},\"thumbnailUrl\":\"https:\\\/\\\/www.notibras.com\\\/site\\\/wp-content\\\/uploads\\\/2015\\\/03\\\/110401-Turkish737800-01.jpg\",\"articleSection\":[\"Brasil\"],\"inLanguage\":\"pt-BR\",\"potentialAction\":[{\"@type\":\"CommentAction\",\"name\":\"Comment\",\"target\":[\"https:\\\/\\\/www.notibras.com\\\/site\\\/voo-da-turquia-para-o-brasil-desce-no-marrocos-apos-ameaca-de-bomba\\\/#respond\"]}]},{\"@type\":\"WebPage\",\"@id\":\"https:\\\/\\\/www.notibras.com\\\/site\\\/voo-da-turquia-para-o-brasil-desce-no-marrocos-apos-ameaca-de-bomba\\\/\",\"url\":\"https:\\\/\\\/www.notibras.com\\\/site\\\/voo-da-turquia-para-o-brasil-desce-no-marrocos-apos-ameaca-de-bomba\\\/\",\"name\":\"Voo da Turquia para o Brasil desce no Marrocos ap\u00f3s amea\u00e7a de bomba - Notibras\",\"isPartOf\":{\"@id\":\"https:\\\/\\\/www.notibras.com\\\/site\\\/#website\"},\"primaryImageOfPage\":{\"@id\":\"https:\\\/\\\/www.notibras.com\\\/site\\\/voo-da-turquia-para-o-brasil-desce-no-marrocos-apos-ameaca-de-bomba\\\/#primaryimage\"},\"image\":{\"@id\":\"https:\\\/\\\/www.notibras.com\\\/site\\\/voo-da-turquia-para-o-brasil-desce-no-marrocos-apos-ameaca-de-bomba\\\/#primaryimage\"},\"thumbnailUrl\":\"https:\\\/\\\/www.notibras.com\\\/site\\\/wp-content\\\/uploads\\\/2015\\\/03\\\/110401-Turkish737800-01.jpg\",\"datePublished\":\"2015-03-30T03:30:35+00:00\",\"dateModified\":\"2015-03-30T16:06:32+00:00\",\"breadcrumb\":{\"@id\":\"https:\\\/\\\/www.notibras.com\\\/site\\\/voo-da-turquia-para-o-brasil-desce-no-marrocos-apos-ameaca-de-bomba\\\/#breadcrumb\"},\"inLanguage\":\"pt-BR\",\"potentialAction\":[{\"@type\":\"ReadAction\",\"target\":[\"https:\\\/\\\/www.notibras.com\\\/site\\\/voo-da-turquia-para-o-brasil-desce-no-marrocos-apos-ameaca-de-bomba\\\/\"]}]},{\"@type\":\"ImageObject\",\"inLanguage\":\"pt-BR\",\"@id\":\"https:\\\/\\\/www.notibras.com\\\/site\\\/voo-da-turquia-para-o-brasil-desce-no-marrocos-apos-ameaca-de-bomba\\\/#primaryimage\",\"url\":\"https:\\\/\\\/www.notibras.com\\\/site\\\/wp-content\\\/uploads\\\/2015\\\/03\\\/110401-Turkish737800-01.jpg\",\"contentUrl\":\"https:\\\/\\\/www.notibras.com\\\/site\\\/wp-content\\\/uploads\\\/2015\\\/03\\\/110401-Turkish737800-01.jpg\",\"width\":650,\"height\":433},{\"@type\":\"BreadcrumbList\",\"@id\":\"https:\\\/\\\/www.notibras.com\\\/site\\\/voo-da-turquia-para-o-brasil-desce-no-marrocos-apos-ameaca-de-bomba\\\/#breadcrumb\",\"itemListElement\":[{\"@type\":\"ListItem\",\"position\":1,\"name\":\"In\u00edcio\",\"item\":\"https:\\\/\\\/www.notibras.com\\\/site\\\/\"},{\"@type\":\"ListItem\",\"position\":2,\"name\":\"Voo da Turquia para o Brasil desce no Marrocos ap\u00f3s amea\u00e7a de bomba\"}]},{\"@type\":\"WebSite\",\"@id\":\"https:\\\/\\\/www.notibras.com\\\/site\\\/#website\",\"url\":\"https:\\\/\\\/www.notibras.com\\\/site\\\/\",\"name\":\"Notibras\",\"description\":\"Not\u00edcias de Bras\u00edlia, do Brasil e do Mundo\",\"publisher\":{\"@id\":\"https:\\\/\\\/www.notibras.com\\\/site\\\/#organization\"},\"potentialAction\":[{\"@type\":\"SearchAction\",\"target\":{\"@type\":\"EntryPoint\",\"urlTemplate\":\"https:\\\/\\\/www.notibras.com\\\/site\\\/?s={search_term_string}\"},\"query-input\":{\"@type\":\"PropertyValueSpecification\",\"valueRequired\":true,\"valueName\":\"search_term_string\"}}],\"inLanguage\":\"pt-BR\"},{\"@type\":\"Organization\",\"@id\":\"https:\\\/\\\/www.notibras.com\\\/site\\\/#organization\",\"name\":\"Grupo Notibras de Comunica\u00e7\u00e3o\",\"url\":\"https:\\\/\\\/www.notibras.com\\\/site\\\/\",\"logo\":{\"@type\":\"ImageObject\",\"inLanguage\":\"pt-BR\",\"@id\":\"https:\\\/\\\/www.notibras.com\\\/site\\\/#\\\/schema\\\/logo\\\/image\\\/\",\"url\":\"https:\\\/\\\/www.notibras.com\\\/site\\\/wp-content\\\/uploads\\\/2023\\\/01\\\/notibras23.png\",\"contentUrl\":\"https:\\\/\\\/www.notibras.com\\\/site\\\/wp-content\\\/uploads\\\/2023\\\/01\\\/notibras23.png\",\"width\":350,\"height\":87,\"caption\":\"Grupo Notibras de Comunica\u00e7\u00e3o\"},\"image\":{\"@id\":\"https:\\\/\\\/www.notibras.com\\\/site\\\/#\\\/schema\\\/logo\\\/image\\\/\"},\"sameAs\":[\"https:\\\/\\\/www.facebook.com\\\/notibras\\\/\",\"https:\\\/\\\/x.com\\\/Notibras\",\"https:\\\/\\\/www.instagram.com\\\/notibras\\\/\"]},{\"@type\":\"Person\",\"@id\":\"https:\\\/\\\/www.notibras.com\\\/site\\\/#\\\/schema\\\/person\\\/36ab0979449956132d3e5b517ea76ac8\",\"name\":\"Reda\u00e7\u00e3o\",\"image\":{\"@type\":\"ImageObject\",\"inLanguage\":\"pt-BR\",\"@id\":\"https:\\\/\\\/secure.gravatar.com\\\/avatar\\\/e0a867bdedb85fd243eadf09663511f96fc81e0720a4a42581f334ad4303aa6b?s=96&d=mm&r=g\",\"url\":\"https:\\\/\\\/secure.gravatar.com\\\/avatar\\\/e0a867bdedb85fd243eadf09663511f96fc81e0720a4a42581f334ad4303aa6b?s=96&d=mm&r=g\",\"contentUrl\":\"https:\\\/\\\/secure.gravatar.com\\\/avatar\\\/e0a867bdedb85fd243eadf09663511f96fc81e0720a4a42581f334ad4303aa6b?s=96&d=mm&r=g\",\"caption\":\"Reda\u00e7\u00e3o\"}}]}<\/script>\n<!-- \/ Yoast SEO plugin. -->","yoast_head_json":{"title":"Voo da Turquia para o Brasil desce no Marrocos ap\u00f3s amea\u00e7a de bomba - Notibras","robots":{"index":"index","follow":"follow","max-snippet":"max-snippet:-1","max-image-preview":"max-image-preview:large","max-video-preview":"max-video-preview:-1"},"canonical":"https:\/\/www.notibras.com\/site\/voo-da-turquia-para-o-brasil-desce-no-marrocos-apos-ameaca-de-bomba\/","og_locale":"pt_BR","og_type":"article","og_title":"Voo da Turquia para o Brasil desce no Marrocos ap\u00f3s amea\u00e7a de bomba - Notibras","og_description":"Um avi\u00e3o da Turkish Airlines que saiu de Istambul, na Turquia, com destino a S\u00e3o Paulo desviou sua rota para Casablanca, no Marrocos, depois de declarar emerg\u00eancia por conta de uma amea\u00e7a de bomba, disse uma porta-voz da companhia nesta segunda-feira (30). Ele pousou em seguran\u00e7a por volta das 9h30 de Bras\u00edlia. Segundo a imprensa [&hellip;]","og_url":"https:\/\/www.notibras.com\/site\/voo-da-turquia-para-o-brasil-desce-no-marrocos-apos-ameaca-de-bomba\/","og_site_name":"Notibras","article_publisher":"https:\/\/www.facebook.com\/notibras\/","article_published_time":"2015-03-30T03:30:35+00:00","article_modified_time":"2015-03-30T16:06:32+00:00","og_image":[{"width":650,"height":433,"url":"https:\/\/www.notibras.com\/site\/wp-content\/uploads\/2015\/03\/110401-Turkish737800-01.jpg","type":"image\/jpeg"}],"author":"Reda\u00e7\u00e3o","twitter_card":"summary_large_image","twitter_creator":"@Notibras","twitter_site":"@Notibras","twitter_misc":{"Escrito por":"Reda\u00e7\u00e3o","Est. tempo de leitura":"2 minutos"},"schema":{"@context":"https:\/\/schema.org","@graph":[{"@type":"Article","@id":"https:\/\/www.notibras.com\/site\/voo-da-turquia-para-o-brasil-desce-no-marrocos-apos-ameaca-de-bomba\/#article","isPartOf":{"@id":"https:\/\/www.notibras.com\/site\/voo-da-turquia-para-o-brasil-desce-no-marrocos-apos-ameaca-de-bomba\/"},"author":{"name":"Reda\u00e7\u00e3o","@id":"https:\/\/www.notibras.com\/site\/#\/schema\/person\/36ab0979449956132d3e5b517ea76ac8"},"headline":"Voo da Turquia para o Brasil desce no Marrocos ap\u00f3s amea\u00e7a de bomba","datePublished":"2015-03-30T03:30:35+00:00","dateModified":"2015-03-30T16:06:32+00:00","mainEntityOfPage":{"@id":"https:\/\/www.notibras.com\/site\/voo-da-turquia-para-o-brasil-desce-no-marrocos-apos-ameaca-de-bomba\/"},"wordCount":425,"commentCount":0,"publisher":{"@id":"https:\/\/www.notibras.com\/site\/#organization"},"image":{"@id":"https:\/\/www.notibras.com\/site\/voo-da-turquia-para-o-brasil-desce-no-marrocos-apos-ameaca-de-bomba\/#primaryimage"},"thumbnailUrl":"https:\/\/www.notibras.com\/site\/wp-content\/uploads\/2015\/03\/110401-Turkish737800-01.jpg","articleSection":["Brasil"],"inLanguage":"pt-BR","potentialAction":[{"@type":"CommentAction","name":"Comment","target":["https:\/\/www.notibras.com\/site\/voo-da-turquia-para-o-brasil-desce-no-marrocos-apos-ameaca-de-bomba\/#respond"]}]},{"@type":"WebPage","@id":"https:\/\/www.notibras.com\/site\/voo-da-turquia-para-o-brasil-desce-no-marrocos-apos-ameaca-de-bomba\/","url":"https:\/\/www.notibras.com\/site\/voo-da-turquia-para-o-brasil-desce-no-marrocos-apos-ameaca-de-bomba\/","name":"Voo da Turquia para o Brasil desce no Marrocos ap\u00f3s amea\u00e7a de bomba - Notibras","isPartOf":{"@id":"https:\/\/www.notibras.com\/site\/#website"},"primaryImageOfPage":{"@id":"https:\/\/www.notibras.com\/site\/voo-da-turquia-para-o-brasil-desce-no-marrocos-apos-ameaca-de-bomba\/#primaryimage"},"image":{"@id":"https:\/\/www.notibras.com\/site\/voo-da-turquia-para-o-brasil-desce-no-marrocos-apos-ameaca-de-bomba\/#primaryimage"},"thumbnailUrl":"https:\/\/www.notibras.com\/site\/wp-content\/uploads\/2015\/03\/110401-Turkish737800-01.jpg","datePublished":"2015-03-30T03:30:35+00:00","dateModified":"2015-03-30T16:06:32+00:00","breadcrumb":{"@id":"https:\/\/www.notibras.com\/site\/voo-da-turquia-para-o-brasil-desce-no-marrocos-apos-ameaca-de-bomba\/#breadcrumb"},"inLanguage":"pt-BR","potentialAction":[{"@type":"ReadAction","target":["https:\/\/www.notibras.com\/site\/voo-da-turquia-para-o-brasil-desce-no-marrocos-apos-ameaca-de-bomba\/"]}]},{"@type":"ImageObject","inLanguage":"pt-BR","@id":"https:\/\/www.notibras.com\/site\/voo-da-turquia-para-o-brasil-desce-no-marrocos-apos-ameaca-de-bomba\/#primaryimage","url":"https:\/\/www.notibras.com\/site\/wp-content\/uploads\/2015\/03\/110401-Turkish737800-01.jpg","contentUrl":"https:\/\/www.notibras.com\/site\/wp-content\/uploads\/2015\/03\/110401-Turkish737800-01.jpg","width":650,"height":433},{"@type":"BreadcrumbList","@id":"https:\/\/www.notibras.com\/site\/voo-da-turquia-para-o-brasil-desce-no-marrocos-apos-ameaca-de-bomba\/#breadcrumb","itemListElement":[{"@type":"ListItem","position":1,"name":"In\u00edcio","item":"https:\/\/www.notibras.com\/site\/"},{"@type":"ListItem","position":2,"name":"Voo da Turquia para o Brasil desce no Marrocos ap\u00f3s amea\u00e7a de bomba"}]},{"@type":"WebSite","@id":"https:\/\/www.notibras.com\/site\/#website","url":"https:\/\/www.notibras.com\/site\/","name":"Notibras","description":"Not\u00edcias de Bras\u00edlia, do Brasil e do Mundo","publisher":{"@id":"https:\/\/www.notibras.com\/site\/#organization"},"potentialAction":[{"@type":"SearchAction","target":{"@type":"EntryPoint","urlTemplate":"https:\/\/www.notibras.com\/site\/?s={search_term_string}"},"query-input":{"@type":"PropertyValueSpecification","valueRequired":true,"valueName":"search_term_string"}}],"inLanguage":"pt-BR"},{"@type":"Organization","@id":"https:\/\/www.notibras.com\/site\/#organization","name":"Grupo Notibras de Comunica\u00e7\u00e3o","url":"https:\/\/www.notibras.com\/site\/","logo":{"@type":"ImageObject","inLanguage":"pt-BR","@id":"https:\/\/www.notibras.com\/site\/#\/schema\/logo\/image\/","url":"https:\/\/www.notibras.com\/site\/wp-content\/uploads\/2023\/01\/notibras23.png","contentUrl":"https:\/\/www.notibras.com\/site\/wp-content\/uploads\/2023\/01\/notibras23.png","width":350,"height":87,"caption":"Grupo Notibras de Comunica\u00e7\u00e3o"},"image":{"@id":"https:\/\/www.notibras.com\/site\/#\/schema\/logo\/image\/"},"sameAs":["https:\/\/www.facebook.com\/notibras\/","https:\/\/x.com\/Notibras","https:\/\/www.instagram.com\/notibras\/"]},{"@type":"Person","@id":"https:\/\/www.notibras.com\/site\/#\/schema\/person\/36ab0979449956132d3e5b517ea76ac8","name":"Reda\u00e7\u00e3o","image":{"@type":"ImageObject","inLanguage":"pt-BR","@id":"https:\/\/secure.gravatar.com\/avatar\/e0a867bdedb85fd243eadf09663511f96fc81e0720a4a42581f334ad4303aa6b?s=96&d=mm&r=g","url":"https:\/\/secure.gravatar.com\/avatar\/e0a867bdedb85fd243eadf09663511f96fc81e0720a4a42581f334ad4303aa6b?s=96&d=mm&r=g","contentUrl":"https:\/\/secure.gravatar.com\/avatar\/e0a867bdedb85fd243eadf09663511f96fc81e0720a4a42581f334ad4303aa6b?s=96&d=mm&r=g","caption":"Reda\u00e7\u00e3o"}}]}},"amp_enabled":true,"_links":{"self":[{"href":"https:\/\/www.notibras.com\/site\/wp-json\/wp\/v2\/posts\/41975","targetHints":{"allow":["GET"]}}],"collection":[{"href":"https:\/\/www.notibras.com\/site\/wp-json\/wp\/v2\/posts"}],"about":[{"href":"https:\/\/www.notibras.com\/site\/wp-json\/wp\/v2\/types\/post"}],"author":[{"embeddable":true,"href":"https:\/\/www.notibras.com\/site\/wp-json\/wp\/v2\/users\/2"}],"replies":[{"embeddable":true,"href":"https:\/\/www.notibras.com\/site\/wp-json\/wp\/v2\/comments?post=41975"}],"version-history":[{"count":0,"href":"https:\/\/www.notibras.com\/site\/wp-json\/wp\/v2\/posts\/41975\/revisions"}],"wp:featuredmedia":[{"embeddable":true,"href":"https:\/\/www.notibras.com\/site\/wp-json\/wp\/v2\/media\/41976"}],"wp:attachment":[{"href":"https:\/\/www.notibras.com\/site\/wp-json\/wp\/v2\/media?parent=41975"}],"wp:term":[{"taxonomy":"category","embeddable":true,"href":"https:\/\/www.notibras.com\/site\/wp-json\/wp\/v2\/categories?post=41975"},{"taxonomy":"post_tag","embeddable":true,"href":"https:\/\/www.notibras.com\/site\/wp-json\/wp\/v2\/tags?post=41975"}],"curies":[{"name":"wp","href":"https:\/\/api.w.org\/{rel}","templated":true}]}}