{"id":42150,"date":"2015-03-31T08:54:40","date_gmt":"2015-03-31T11:54:40","guid":{"rendered":"http:\/\/www.notibras.com\/site\/?p=42150"},"modified":"2015-03-31T08:56:02","modified_gmt":"2015-03-31T11:56:02","slug":"passageiro-que-nada-aumento-na-conta-da-luz-veio-para-ficar","status":"publish","type":"post","link":"https:\/\/www.notibras.com\/site\/passageiro-que-nada-aumento-na-conta-da-luz-veio-para-ficar\/","title":{"rendered":"Passageiro que nada. Aumento na conta da luz veio para ficar"},"content":{"rendered":"<p>O consumidor de energia j\u00e1 percebeu a forte eleva\u00e7\u00e3o de sua conta de energia el\u00e9trica. O aumento m\u00e9dio das tarifas em 2015 ser\u00e1 de 50%.<\/p>\n<p>Os aumentos se iniciaram em janeiro com a ado\u00e7\u00e3o das bandeiras tarif\u00e1rias, regime que n\u00e3o altera a remunera\u00e7\u00e3o das distribuidoras, ou de qualquer outro agente do setor, mas busca sincronizar as tarifas aos custos correntes de gera\u00e7\u00e3o de energia.<\/p>\n<p>A perspectiva \u00e9 de que a &#8220;bandeira vermelha&#8221; vigore o ano inteiro, refletindo condi\u00e7\u00f5es\u00a0mais custosas\u00a0de gera\u00e7\u00e3o de energia e\u00a0elevando a receita tarif\u00e1ria em 16% no ano.<\/p>\n<p>O segundo impacto sobre a tarifa ocorreu em mar\u00e7o, quando a Aneel, reguladora do setor, efetuou a revis\u00e3o extraordin\u00e1ria das tarifas de 62 distribuidoras com intuito de restabelecer o equil\u00edbrio econ\u00f4mico-financeiro, fortemente abalado. Esse efeito resultou num aumento m\u00e9dio de 23% das tarifas.<\/p>\n<p>A terceira frente de aumentos deve ocorrer ao longo do ano, na data de reajuste anual de cada distribuidora. Estima-se que os reajustes resultem num aumento de 10%, em m\u00e9dia.<\/p>\n<blockquote><p>O governo afirma que os aumentos s\u00e3o passageiros e causados pela estiagem, que por sua vez reduziu a oferta de gera\u00e7\u00e3o hidrel\u00e9trica. A estiagem, de fato, explica uma parte da escassez de oferta, mas outra parte decorre de atrasos na entrada de novas usinas e linhas de transmiss\u00e3o.<\/p><\/blockquote>\n<p>No entanto, a escassez de oferta causada por estiagem e atrasos responde por apenas 54% da alta das tarifas de 2015, e seu impacto nas tarifas hoje \u00e9 maior que no passado. Isso aconteceu porque a renova\u00e7\u00e3o das concess\u00f5es hidrel\u00e9tricas no novo regime de cotas, estabelecido em 2012 pela Medida Provis\u00f3ria 579, transferiu o risco hidrol\u00f3gico dos geradores aos consumidores.<\/p>\n<p>Outros 11% do aumento das tarifas de 2015 decorrem dos erros de gest\u00e3o por parte do governo na contrata\u00e7\u00e3o de energia. O governo administra essa contrata\u00e7\u00e3o por meio dos leil\u00f5es de energia, mas, desde o final de 2012, o governo deixou de realizar o leil\u00e3o anual para recontrata\u00e7\u00e3o de energia de usinas existentes.<\/p>\n<p>Sendo assim, uma parcela da energia vem sendo comprada semanalmente no mercado de curto prazo a pre\u00e7os elevad\u00edssimos. Esse impacto teria sido menor se os consumidores estivessem 100% protegidos com contratos de longo prazo.<\/p>\n<p>Os 35% restantes, que explicam o aumento das tarifas em 2015, decorrem da eleva\u00e7\u00e3o do encargo CDE (Conta de Desenvolvimento Energ\u00e9tico), que aumentou 1.013%, de R$ 1,7 bilh\u00e3o em 2014 para R$ 18,9 bilh\u00f5es em 2015. A CDE arca com os custos das pol\u00edticas p\u00fablicas do governo no setor el\u00e9trico, tais como:<\/p>\n<ol>\n<li>Subs\u00eddios aos consumidores rurais, de baixa renda e de sistemas isolados na regi\u00e3o Norte;<\/li>\n<li>Subs\u00eddios para a energia utilizada em saneamento e irriga\u00e7\u00e3o;<\/li>\n<li>Incentivos para a gera\u00e7\u00e3o a partir de fontes alternativas;<\/li>\n<li>Programa de universaliza\u00e7\u00e3o do fornecimento de energia;<\/li>\n<li>Subs\u00eddios para a aquisi\u00e7\u00e3o de carv\u00e3o mineral;<\/li>\n<li>Pagamento de indeniza\u00e7\u00f5es da revers\u00e3o de ativos de concess\u00f5es vincendas.<\/li>\n<li>Esses programas governamentais deveriam ser custeados pela Uni\u00e3o, como foi feito em 2013 e 2014, no entanto, com a deteriora\u00e7\u00e3o de suas finan\u00e7as, o governo voltou a embuti-los na conta de luz.<\/li>\n<\/ol>\n<p>A explos\u00e3o da CDE tem ainda um agravante: a regra de rateio desse encargo n\u00e3o foi concebida para arcar com todos esses programas, o que tem distorcido as tarifas e resultado numa eleva\u00e7\u00e3o exacerbada das tarifas dos consumidores, principalmente nas regi\u00f5es Centro-Oeste, Sul e Sudeste.<\/p>\n<blockquote><p>Percebe-se, portanto, que uma parcela da eleva\u00e7\u00e3o das tarifas n\u00e3o \u00e9 tempor\u00e1ria e veio para ficar. Mais de um ter\u00e7o da eleva\u00e7\u00e3o se deve a encargos que s\u00f3 diminuir\u00e3o se houver altera\u00e7\u00e3o de pol\u00edticas p\u00fablicas. Al\u00e9m disso, pagaremos os empr\u00e9stimos contra\u00eddos nesse per\u00edodo de crise pelos pr\u00f3ximos quatro anos.<\/p><\/blockquote>\n<p>Os custos de gera\u00e7\u00e3o tamb\u00e9m n\u00e3o devem reduzir t\u00e3o cedo, pois o governo est\u00e1 determinado a evitar um racionamento a qualquer custo, levando-nos a terminar 2015 com os reservat\u00f3rios nos seus limites m\u00ednimos novamente. Isso significa que, se n\u00e3o houver chuvas extraordin\u00e1rias no pr\u00f3ximo ver\u00e3o, 2016 ser\u00e1 mais um ano de custos alt\u00edssimos para o consumidor.<\/p>\n<p>As medidas tomadas pela Aneel voltadas ao realismo tarif\u00e1rio s\u00e3o importantes para o reordenamento do setor e para a restaura\u00e7\u00e3o de sua sustentabilidade econ\u00f4mico-financeira. Esperamos que daqui pra frente interven\u00e7\u00f5es governamentais sejam mais cuidadosas, porque o pre\u00e7o cobrado do voluntarismo pr\u00e9-eleitoral tardou, mas chegou.<\/p>\n<p><strong>Claudio J. D. Sales e Richard Lee Hochstetler <\/strong><\/p>\n","protected":false},"excerpt":{"rendered":"<p>O consumidor de energia j\u00e1 percebeu a forte eleva\u00e7\u00e3o de sua conta de energia el\u00e9trica. O aumento m\u00e9dio das tarifas em 2015 ser\u00e1 de 50%. Os aumentos se iniciaram em janeiro com a ado\u00e7\u00e3o das bandeiras tarif\u00e1rias, regime que n\u00e3o altera a remunera\u00e7\u00e3o das distribuidoras, ou de qualquer outro agente do setor, mas busca sincronizar [&hellip;]<\/p>\n","protected":false},"author":2,"featured_media":42151,"comment_status":"open","ping_status":"closed","sticky":false,"template":"","format":"standard","meta":{"_acf_changed":false,"footnotes":""},"categories":[25],"tags":[],"class_list":["post-42150","post","type-post","status-publish","format-standard","has-post-thumbnail","hentry","category-opina-ai"],"acf":[],"yoast_head":"<!-- This site is optimized with the Yoast SEO plugin v27.5 - https:\/\/yoast.com\/product\/yoast-seo-wordpress\/ -->\n<title>Passageiro que nada. Aumento na conta da luz veio para ficar - Notibras<\/title>\n<meta name=\"robots\" content=\"index, follow, max-snippet:-1, max-image-preview:large, max-video-preview:-1\" \/>\n<link rel=\"canonical\" href=\"https:\/\/www.notibras.com\/site\/passageiro-que-nada-aumento-na-conta-da-luz-veio-para-ficar\/\" \/>\n<meta property=\"og:locale\" content=\"pt_BR\" \/>\n<meta property=\"og:type\" content=\"article\" \/>\n<meta property=\"og:title\" content=\"Passageiro que nada. Aumento na conta da luz veio para ficar - Notibras\" \/>\n<meta property=\"og:description\" content=\"O consumidor de energia j\u00e1 percebeu a forte eleva\u00e7\u00e3o de sua conta de energia el\u00e9trica. O aumento m\u00e9dio das tarifas em 2015 ser\u00e1 de 50%. Os aumentos se iniciaram em janeiro com a ado\u00e7\u00e3o das bandeiras tarif\u00e1rias, regime que n\u00e3o altera a remunera\u00e7\u00e3o das distribuidoras, ou de qualquer outro agente do setor, mas busca sincronizar [&hellip;]\" \/>\n<meta property=\"og:url\" content=\"https:\/\/www.notibras.com\/site\/passageiro-que-nada-aumento-na-conta-da-luz-veio-para-ficar\/\" \/>\n<meta property=\"og:site_name\" content=\"Notibras\" \/>\n<meta property=\"article:publisher\" content=\"https:\/\/www.facebook.com\/notibras\/\" \/>\n<meta property=\"article:published_time\" content=\"2015-03-31T11:54:40+00:00\" \/>\n<meta property=\"article:modified_time\" content=\"2015-03-31T11:56:02+00:00\" \/>\n<meta property=\"og:image\" content=\"https:\/\/www.notibras.com\/site\/wp-content\/uploads\/2015\/03\/recorde1.jpg\" \/>\n\t<meta property=\"og:image:width\" content=\"550\" \/>\n\t<meta property=\"og:image:height\" content=\"360\" \/>\n\t<meta property=\"og:image:type\" content=\"image\/jpeg\" \/>\n<meta name=\"author\" content=\"Reda\u00e7\u00e3o\" \/>\n<meta name=\"twitter:card\" content=\"summary_large_image\" \/>\n<meta name=\"twitter:creator\" content=\"@Notibras\" \/>\n<meta name=\"twitter:site\" content=\"@Notibras\" \/>\n<meta name=\"twitter:label1\" content=\"Escrito por\" \/>\n\t<meta name=\"twitter:data1\" content=\"Reda\u00e7\u00e3o\" \/>\n\t<meta name=\"twitter:label2\" content=\"Est. tempo de leitura\" \/>\n\t<meta name=\"twitter:data2\" content=\"4 minutos\" \/>\n<script type=\"application\/ld+json\" class=\"yoast-schema-graph\">{\"@context\":\"https:\\\/\\\/schema.org\",\"@graph\":[{\"@type\":\"Article\",\"@id\":\"https:\\\/\\\/www.notibras.com\\\/site\\\/passageiro-que-nada-aumento-na-conta-da-luz-veio-para-ficar\\\/#article\",\"isPartOf\":{\"@id\":\"https:\\\/\\\/www.notibras.com\\\/site\\\/passageiro-que-nada-aumento-na-conta-da-luz-veio-para-ficar\\\/\"},\"author\":{\"name\":\"Reda\u00e7\u00e3o\",\"@id\":\"https:\\\/\\\/www.notibras.com\\\/site\\\/#\\\/schema\\\/person\\\/36ab0979449956132d3e5b517ea76ac8\"},\"headline\":\"Passageiro que nada. Aumento na conta da luz veio para ficar\",\"datePublished\":\"2015-03-31T11:54:40+00:00\",\"dateModified\":\"2015-03-31T11:56:02+00:00\",\"mainEntityOfPage\":{\"@id\":\"https:\\\/\\\/www.notibras.com\\\/site\\\/passageiro-que-nada-aumento-na-conta-da-luz-veio-para-ficar\\\/\"},\"wordCount\":779,\"commentCount\":0,\"publisher\":{\"@id\":\"https:\\\/\\\/www.notibras.com\\\/site\\\/#organization\"},\"image\":{\"@id\":\"https:\\\/\\\/www.notibras.com\\\/site\\\/passageiro-que-nada-aumento-na-conta-da-luz-veio-para-ficar\\\/#primaryimage\"},\"thumbnailUrl\":\"https:\\\/\\\/www.notibras.com\\\/site\\\/wp-content\\\/uploads\\\/2015\\\/03\\\/recorde1.jpg\",\"articleSection\":[\"Opina a\u00ed\"],\"inLanguage\":\"pt-BR\",\"potentialAction\":[{\"@type\":\"CommentAction\",\"name\":\"Comment\",\"target\":[\"https:\\\/\\\/www.notibras.com\\\/site\\\/passageiro-que-nada-aumento-na-conta-da-luz-veio-para-ficar\\\/#respond\"]}]},{\"@type\":\"WebPage\",\"@id\":\"https:\\\/\\\/www.notibras.com\\\/site\\\/passageiro-que-nada-aumento-na-conta-da-luz-veio-para-ficar\\\/\",\"url\":\"https:\\\/\\\/www.notibras.com\\\/site\\\/passageiro-que-nada-aumento-na-conta-da-luz-veio-para-ficar\\\/\",\"name\":\"Passageiro que nada. Aumento na conta da luz veio para ficar - Notibras\",\"isPartOf\":{\"@id\":\"https:\\\/\\\/www.notibras.com\\\/site\\\/#website\"},\"primaryImageOfPage\":{\"@id\":\"https:\\\/\\\/www.notibras.com\\\/site\\\/passageiro-que-nada-aumento-na-conta-da-luz-veio-para-ficar\\\/#primaryimage\"},\"image\":{\"@id\":\"https:\\\/\\\/www.notibras.com\\\/site\\\/passageiro-que-nada-aumento-na-conta-da-luz-veio-para-ficar\\\/#primaryimage\"},\"thumbnailUrl\":\"https:\\\/\\\/www.notibras.com\\\/site\\\/wp-content\\\/uploads\\\/2015\\\/03\\\/recorde1.jpg\",\"datePublished\":\"2015-03-31T11:54:40+00:00\",\"dateModified\":\"2015-03-31T11:56:02+00:00\",\"breadcrumb\":{\"@id\":\"https:\\\/\\\/www.notibras.com\\\/site\\\/passageiro-que-nada-aumento-na-conta-da-luz-veio-para-ficar\\\/#breadcrumb\"},\"inLanguage\":\"pt-BR\",\"potentialAction\":[{\"@type\":\"ReadAction\",\"target\":[\"https:\\\/\\\/www.notibras.com\\\/site\\\/passageiro-que-nada-aumento-na-conta-da-luz-veio-para-ficar\\\/\"]}]},{\"@type\":\"ImageObject\",\"inLanguage\":\"pt-BR\",\"@id\":\"https:\\\/\\\/www.notibras.com\\\/site\\\/passageiro-que-nada-aumento-na-conta-da-luz-veio-para-ficar\\\/#primaryimage\",\"url\":\"https:\\\/\\\/www.notibras.com\\\/site\\\/wp-content\\\/uploads\\\/2015\\\/03\\\/recorde1.jpg\",\"contentUrl\":\"https:\\\/\\\/www.notibras.com\\\/site\\\/wp-content\\\/uploads\\\/2015\\\/03\\\/recorde1.jpg\",\"width\":550,\"height\":360},{\"@type\":\"BreadcrumbList\",\"@id\":\"https:\\\/\\\/www.notibras.com\\\/site\\\/passageiro-que-nada-aumento-na-conta-da-luz-veio-para-ficar\\\/#breadcrumb\",\"itemListElement\":[{\"@type\":\"ListItem\",\"position\":1,\"name\":\"In\u00edcio\",\"item\":\"https:\\\/\\\/www.notibras.com\\\/site\\\/\"},{\"@type\":\"ListItem\",\"position\":2,\"name\":\"Passageiro que nada. Aumento na conta da luz veio para ficar\"}]},{\"@type\":\"WebSite\",\"@id\":\"https:\\\/\\\/www.notibras.com\\\/site\\\/#website\",\"url\":\"https:\\\/\\\/www.notibras.com\\\/site\\\/\",\"name\":\"Notibras\",\"description\":\"Not\u00edcias de Bras\u00edlia, do Brasil e do Mundo\",\"publisher\":{\"@id\":\"https:\\\/\\\/www.notibras.com\\\/site\\\/#organization\"},\"potentialAction\":[{\"@type\":\"SearchAction\",\"target\":{\"@type\":\"EntryPoint\",\"urlTemplate\":\"https:\\\/\\\/www.notibras.com\\\/site\\\/?s={search_term_string}\"},\"query-input\":{\"@type\":\"PropertyValueSpecification\",\"valueRequired\":true,\"valueName\":\"search_term_string\"}}],\"inLanguage\":\"pt-BR\"},{\"@type\":\"Organization\",\"@id\":\"https:\\\/\\\/www.notibras.com\\\/site\\\/#organization\",\"name\":\"Grupo Notibras de Comunica\u00e7\u00e3o\",\"url\":\"https:\\\/\\\/www.notibras.com\\\/site\\\/\",\"logo\":{\"@type\":\"ImageObject\",\"inLanguage\":\"pt-BR\",\"@id\":\"https:\\\/\\\/www.notibras.com\\\/site\\\/#\\\/schema\\\/logo\\\/image\\\/\",\"url\":\"https:\\\/\\\/www.notibras.com\\\/site\\\/wp-content\\\/uploads\\\/2023\\\/01\\\/notibras23.png\",\"contentUrl\":\"https:\\\/\\\/www.notibras.com\\\/site\\\/wp-content\\\/uploads\\\/2023\\\/01\\\/notibras23.png\",\"width\":350,\"height\":87,\"caption\":\"Grupo Notibras de Comunica\u00e7\u00e3o\"},\"image\":{\"@id\":\"https:\\\/\\\/www.notibras.com\\\/site\\\/#\\\/schema\\\/logo\\\/image\\\/\"},\"sameAs\":[\"https:\\\/\\\/www.facebook.com\\\/notibras\\\/\",\"https:\\\/\\\/x.com\\\/Notibras\",\"https:\\\/\\\/www.instagram.com\\\/notibras\\\/\"]},{\"@type\":\"Person\",\"@id\":\"https:\\\/\\\/www.notibras.com\\\/site\\\/#\\\/schema\\\/person\\\/36ab0979449956132d3e5b517ea76ac8\",\"name\":\"Reda\u00e7\u00e3o\",\"image\":{\"@type\":\"ImageObject\",\"inLanguage\":\"pt-BR\",\"@id\":\"https:\\\/\\\/secure.gravatar.com\\\/avatar\\\/e0a867bdedb85fd243eadf09663511f96fc81e0720a4a42581f334ad4303aa6b?s=96&d=mm&r=g\",\"url\":\"https:\\\/\\\/secure.gravatar.com\\\/avatar\\\/e0a867bdedb85fd243eadf09663511f96fc81e0720a4a42581f334ad4303aa6b?s=96&d=mm&r=g\",\"contentUrl\":\"https:\\\/\\\/secure.gravatar.com\\\/avatar\\\/e0a867bdedb85fd243eadf09663511f96fc81e0720a4a42581f334ad4303aa6b?s=96&d=mm&r=g\",\"caption\":\"Reda\u00e7\u00e3o\"}}]}<\/script>\n<!-- \/ Yoast SEO plugin. -->","yoast_head_json":{"title":"Passageiro que nada. Aumento na conta da luz veio para ficar - Notibras","robots":{"index":"index","follow":"follow","max-snippet":"max-snippet:-1","max-image-preview":"max-image-preview:large","max-video-preview":"max-video-preview:-1"},"canonical":"https:\/\/www.notibras.com\/site\/passageiro-que-nada-aumento-na-conta-da-luz-veio-para-ficar\/","og_locale":"pt_BR","og_type":"article","og_title":"Passageiro que nada. Aumento na conta da luz veio para ficar - Notibras","og_description":"O consumidor de energia j\u00e1 percebeu a forte eleva\u00e7\u00e3o de sua conta de energia el\u00e9trica. O aumento m\u00e9dio das tarifas em 2015 ser\u00e1 de 50%. Os aumentos se iniciaram em janeiro com a ado\u00e7\u00e3o das bandeiras tarif\u00e1rias, regime que n\u00e3o altera a remunera\u00e7\u00e3o das distribuidoras, ou de qualquer outro agente do setor, mas busca sincronizar [&hellip;]","og_url":"https:\/\/www.notibras.com\/site\/passageiro-que-nada-aumento-na-conta-da-luz-veio-para-ficar\/","og_site_name":"Notibras","article_publisher":"https:\/\/www.facebook.com\/notibras\/","article_published_time":"2015-03-31T11:54:40+00:00","article_modified_time":"2015-03-31T11:56:02+00:00","og_image":[{"width":550,"height":360,"url":"https:\/\/www.notibras.com\/site\/wp-content\/uploads\/2015\/03\/recorde1.jpg","type":"image\/jpeg"}],"author":"Reda\u00e7\u00e3o","twitter_card":"summary_large_image","twitter_creator":"@Notibras","twitter_site":"@Notibras","twitter_misc":{"Escrito por":"Reda\u00e7\u00e3o","Est. tempo de leitura":"4 minutos"},"schema":{"@context":"https:\/\/schema.org","@graph":[{"@type":"Article","@id":"https:\/\/www.notibras.com\/site\/passageiro-que-nada-aumento-na-conta-da-luz-veio-para-ficar\/#article","isPartOf":{"@id":"https:\/\/www.notibras.com\/site\/passageiro-que-nada-aumento-na-conta-da-luz-veio-para-ficar\/"},"author":{"name":"Reda\u00e7\u00e3o","@id":"https:\/\/www.notibras.com\/site\/#\/schema\/person\/36ab0979449956132d3e5b517ea76ac8"},"headline":"Passageiro que nada. Aumento na conta da luz veio para ficar","datePublished":"2015-03-31T11:54:40+00:00","dateModified":"2015-03-31T11:56:02+00:00","mainEntityOfPage":{"@id":"https:\/\/www.notibras.com\/site\/passageiro-que-nada-aumento-na-conta-da-luz-veio-para-ficar\/"},"wordCount":779,"commentCount":0,"publisher":{"@id":"https:\/\/www.notibras.com\/site\/#organization"},"image":{"@id":"https:\/\/www.notibras.com\/site\/passageiro-que-nada-aumento-na-conta-da-luz-veio-para-ficar\/#primaryimage"},"thumbnailUrl":"https:\/\/www.notibras.com\/site\/wp-content\/uploads\/2015\/03\/recorde1.jpg","articleSection":["Opina a\u00ed"],"inLanguage":"pt-BR","potentialAction":[{"@type":"CommentAction","name":"Comment","target":["https:\/\/www.notibras.com\/site\/passageiro-que-nada-aumento-na-conta-da-luz-veio-para-ficar\/#respond"]}]},{"@type":"WebPage","@id":"https:\/\/www.notibras.com\/site\/passageiro-que-nada-aumento-na-conta-da-luz-veio-para-ficar\/","url":"https:\/\/www.notibras.com\/site\/passageiro-que-nada-aumento-na-conta-da-luz-veio-para-ficar\/","name":"Passageiro que nada. Aumento na conta da luz veio para ficar - Notibras","isPartOf":{"@id":"https:\/\/www.notibras.com\/site\/#website"},"primaryImageOfPage":{"@id":"https:\/\/www.notibras.com\/site\/passageiro-que-nada-aumento-na-conta-da-luz-veio-para-ficar\/#primaryimage"},"image":{"@id":"https:\/\/www.notibras.com\/site\/passageiro-que-nada-aumento-na-conta-da-luz-veio-para-ficar\/#primaryimage"},"thumbnailUrl":"https:\/\/www.notibras.com\/site\/wp-content\/uploads\/2015\/03\/recorde1.jpg","datePublished":"2015-03-31T11:54:40+00:00","dateModified":"2015-03-31T11:56:02+00:00","breadcrumb":{"@id":"https:\/\/www.notibras.com\/site\/passageiro-que-nada-aumento-na-conta-da-luz-veio-para-ficar\/#breadcrumb"},"inLanguage":"pt-BR","potentialAction":[{"@type":"ReadAction","target":["https:\/\/www.notibras.com\/site\/passageiro-que-nada-aumento-na-conta-da-luz-veio-para-ficar\/"]}]},{"@type":"ImageObject","inLanguage":"pt-BR","@id":"https:\/\/www.notibras.com\/site\/passageiro-que-nada-aumento-na-conta-da-luz-veio-para-ficar\/#primaryimage","url":"https:\/\/www.notibras.com\/site\/wp-content\/uploads\/2015\/03\/recorde1.jpg","contentUrl":"https:\/\/www.notibras.com\/site\/wp-content\/uploads\/2015\/03\/recorde1.jpg","width":550,"height":360},{"@type":"BreadcrumbList","@id":"https:\/\/www.notibras.com\/site\/passageiro-que-nada-aumento-na-conta-da-luz-veio-para-ficar\/#breadcrumb","itemListElement":[{"@type":"ListItem","position":1,"name":"In\u00edcio","item":"https:\/\/www.notibras.com\/site\/"},{"@type":"ListItem","position":2,"name":"Passageiro que nada. Aumento na conta da luz veio para ficar"}]},{"@type":"WebSite","@id":"https:\/\/www.notibras.com\/site\/#website","url":"https:\/\/www.notibras.com\/site\/","name":"Notibras","description":"Not\u00edcias de Bras\u00edlia, do Brasil e do Mundo","publisher":{"@id":"https:\/\/www.notibras.com\/site\/#organization"},"potentialAction":[{"@type":"SearchAction","target":{"@type":"EntryPoint","urlTemplate":"https:\/\/www.notibras.com\/site\/?s={search_term_string}"},"query-input":{"@type":"PropertyValueSpecification","valueRequired":true,"valueName":"search_term_string"}}],"inLanguage":"pt-BR"},{"@type":"Organization","@id":"https:\/\/www.notibras.com\/site\/#organization","name":"Grupo Notibras de Comunica\u00e7\u00e3o","url":"https:\/\/www.notibras.com\/site\/","logo":{"@type":"ImageObject","inLanguage":"pt-BR","@id":"https:\/\/www.notibras.com\/site\/#\/schema\/logo\/image\/","url":"https:\/\/www.notibras.com\/site\/wp-content\/uploads\/2023\/01\/notibras23.png","contentUrl":"https:\/\/www.notibras.com\/site\/wp-content\/uploads\/2023\/01\/notibras23.png","width":350,"height":87,"caption":"Grupo Notibras de Comunica\u00e7\u00e3o"},"image":{"@id":"https:\/\/www.notibras.com\/site\/#\/schema\/logo\/image\/"},"sameAs":["https:\/\/www.facebook.com\/notibras\/","https:\/\/x.com\/Notibras","https:\/\/www.instagram.com\/notibras\/"]},{"@type":"Person","@id":"https:\/\/www.notibras.com\/site\/#\/schema\/person\/36ab0979449956132d3e5b517ea76ac8","name":"Reda\u00e7\u00e3o","image":{"@type":"ImageObject","inLanguage":"pt-BR","@id":"https:\/\/secure.gravatar.com\/avatar\/e0a867bdedb85fd243eadf09663511f96fc81e0720a4a42581f334ad4303aa6b?s=96&d=mm&r=g","url":"https:\/\/secure.gravatar.com\/avatar\/e0a867bdedb85fd243eadf09663511f96fc81e0720a4a42581f334ad4303aa6b?s=96&d=mm&r=g","contentUrl":"https:\/\/secure.gravatar.com\/avatar\/e0a867bdedb85fd243eadf09663511f96fc81e0720a4a42581f334ad4303aa6b?s=96&d=mm&r=g","caption":"Reda\u00e7\u00e3o"}}]}},"amp_enabled":true,"_links":{"self":[{"href":"https:\/\/www.notibras.com\/site\/wp-json\/wp\/v2\/posts\/42150","targetHints":{"allow":["GET"]}}],"collection":[{"href":"https:\/\/www.notibras.com\/site\/wp-json\/wp\/v2\/posts"}],"about":[{"href":"https:\/\/www.notibras.com\/site\/wp-json\/wp\/v2\/types\/post"}],"author":[{"embeddable":true,"href":"https:\/\/www.notibras.com\/site\/wp-json\/wp\/v2\/users\/2"}],"replies":[{"embeddable":true,"href":"https:\/\/www.notibras.com\/site\/wp-json\/wp\/v2\/comments?post=42150"}],"version-history":[{"count":0,"href":"https:\/\/www.notibras.com\/site\/wp-json\/wp\/v2\/posts\/42150\/revisions"}],"wp:featuredmedia":[{"embeddable":true,"href":"https:\/\/www.notibras.com\/site\/wp-json\/wp\/v2\/media\/42151"}],"wp:attachment":[{"href":"https:\/\/www.notibras.com\/site\/wp-json\/wp\/v2\/media?parent=42150"}],"wp:term":[{"taxonomy":"category","embeddable":true,"href":"https:\/\/www.notibras.com\/site\/wp-json\/wp\/v2\/categories?post=42150"},{"taxonomy":"post_tag","embeddable":true,"href":"https:\/\/www.notibras.com\/site\/wp-json\/wp\/v2\/tags?post=42150"}],"curies":[{"name":"wp","href":"https:\/\/api.w.org\/{rel}","templated":true}]}}