{"id":4218,"date":"2014-03-13T07:05:17","date_gmt":"2014-03-13T10:05:17","guid":{"rendered":"http:\/\/www.notibras.com\/site\/?p=4218"},"modified":"2014-03-13T07:05:17","modified_gmt":"2014-03-13T10:05:17","slug":"atletico-mineiro-sai-atras-vira-mas-cede-empate-no-paraguai","status":"publish","type":"post","link":"https:\/\/www.notibras.com\/site\/atletico-mineiro-sai-atras-vira-mas-cede-empate-no-paraguai\/","title":{"rendered":"Atl\u00e9tico Mineiro sai atr\u00e1s, vira, mas cede empate no Paraguai"},"content":{"rendered":"<p>O Atl\u00e9tico-MG saiu atr\u00e1s no placar na partida contra o Nacional nesta quarta-feira, virou, mas\u00a0acabou sofrendo o empate por 2 a 2 com um gol de p\u00eanalti no fim do jogo no Est\u00e1dio 3\u00a0de Febrero. Com gols de Josu\u00e9 e J\u00f4 &#8211; Melgarejo e Torales descontaram\u00a0-, os mineiros mantiveram a invencibilidade em tr\u00eas rodadas da Copa Libertadores da Am\u00e9rica.<\/p>\n<p>Com duas vit\u00f3rias e tr\u00eas empates na competi\u00e7\u00e3o continental, o clube mineiro \u00e9 o l\u00edder isolado do Grupo 4\u00a0com sete pontos, tr\u00eas de vantagem para o segundo da chave, que \u00e9 o pr\u00f3prio Nacional. Zamora e Santa Fe, outros membros do grupo, t\u00eam tr\u00eas pontos.<\/p>\n<p>Apesar de o Atl\u00e9tico-MG ter iniciado bem a partida, com boa participa\u00e7\u00e3o de Fernandinho, foi o Nacional quem abriu o marcador. Melgarejo infiltrou na \u00e1rea aos 8min da etapa inaugural e tocou por baixo do goleiro Victor, que sa\u00eda do gol, para colocar os paraguaios em vantagem.<\/p>\n<p>Insatisfeito com o resultado, o time mineiro manteve o volume ofensivo e conseguiu o empate aos 21min. Ronaldinho abriu espa\u00e7o na meia lua e rolou para Josu\u00e9, que bateu cruzado no canto inferior esquerdo de Don.<\/p>\n<p>A virada demorou apenas cinco minutos para sair. O argentino\u00a0D\u00e1tolo, improvisado como lateral pelo t\u00e9cnico Paulo Autuori,\u00a0disparou pela ponta esquerda, se livrou de dois zagueiros e cruzou rasteiro para\u00a0J\u00f4 s\u00f3 ter o trabalho de empurrar para as redes, sem marca\u00e7\u00e3o.<\/p>\n<p>O atual campe\u00e3o da Libertadores n\u00e3o ficou satisfeito com o resultado e continuou buscando os espa\u00e7os no ataque tanto no final do primeiro tempo quanto no come\u00e7o do segundo, sem se intimidar com o fato de ser a equipe visitante. A postura ousada, por\u00e9m, permitiu que os paraguaios atacassem e contra-atacassem com perigo.<\/p>\n<p>Aos 40min, um cruzamento despretensioso do lado direito da defesa do Atl\u00e9tico-MG resultou em um p\u00eanalti para os donos da casa, ap\u00f3s um toque de m\u00e3o dentro da \u00e1rea. Torales bateu no meio do gol e fechou o placar no empate por 2 a 2.<\/p>\n<p>Na quarta rodada do Grupo 4 da Libertadores, o Atl\u00e9tico-MG enfrenta o Nacional pela segunda vez, s\u00f3 que desta vez na Arena Independ\u00eancia. Santa Fe e Zamora tamb\u00e9m repetem, na Col\u00f4mbia,\u00a0o confronto desta quarta-feira e terminou 1 a 1 na Venezuela.<\/p>\n","protected":false},"excerpt":{"rendered":"<p>O Atl\u00e9tico-MG saiu atr\u00e1s no placar na partida contra o Nacional nesta quarta-feira, virou, mas\u00a0acabou sofrendo o empate por 2 a 2 com um gol de p\u00eanalti no fim do jogo no Est\u00e1dio 3\u00a0de Febrero. Com gols de Josu\u00e9 e J\u00f4 &#8211; Melgarejo e Torales descontaram\u00a0-, os mineiros mantiveram a invencibilidade em tr\u00eas rodadas da [&hellip;]<\/p>\n","protected":false},"author":2,"featured_media":4219,"comment_status":"open","ping_status":"closed","sticky":false,"template":"","format":"standard","meta":{"_acf_changed":false,"footnotes":""},"categories":[19],"tags":[],"class_list":["post-4218","post","type-post","status-publish","format-standard","has-post-thumbnail","hentry","category-esportes"],"acf":[],"_links":{"self":[{"href":"https:\/\/www.notibras.com\/site\/wp-json\/wp\/v2\/posts\/4218","targetHints":{"allow":["GET"]}}],"collection":[{"href":"https:\/\/www.notibras.com\/site\/wp-json\/wp\/v2\/posts"}],"about":[{"href":"https:\/\/www.notibras.com\/site\/wp-json\/wp\/v2\/types\/post"}],"author":[{"embeddable":true,"href":"https:\/\/www.notibras.com\/site\/wp-json\/wp\/v2\/users\/2"}],"replies":[{"embeddable":true,"href":"https:\/\/www.notibras.com\/site\/wp-json\/wp\/v2\/comments?post=4218"}],"version-history":[{"count":0,"href":"https:\/\/www.notibras.com\/site\/wp-json\/wp\/v2\/posts\/4218\/revisions"}],"wp:featuredmedia":[{"embeddable":true,"href":"https:\/\/www.notibras.com\/site\/wp-json\/wp\/v2\/media\/4219"}],"wp:attachment":[{"href":"https:\/\/www.notibras.com\/site\/wp-json\/wp\/v2\/media?parent=4218"}],"wp:term":[{"taxonomy":"category","embeddable":true,"href":"https:\/\/www.notibras.com\/site\/wp-json\/wp\/v2\/categories?post=4218"},{"taxonomy":"post_tag","embeddable":true,"href":"https:\/\/www.notibras.com\/site\/wp-json\/wp\/v2\/tags?post=4218"}],"curies":[{"name":"wp","href":"https:\/\/api.w.org\/{rel}","templated":true}]}}