{"id":4221,"date":"2014-03-13T07:08:09","date_gmt":"2014-03-13T10:08:09","guid":{"rendered":"http:\/\/www.notibras.com\/site\/?p=4221"},"modified":"2014-03-13T07:08:09","modified_gmt":"2014-03-13T10:08:09","slug":"flamengo-decepciona-e-tropeca-contra-bolivar-no-maracana","status":"publish","type":"post","link":"https:\/\/www.notibras.com\/site\/flamengo-decepciona-e-tropeca-contra-bolivar-no-maracana\/","title":{"rendered":"Flamengo decepciona e trope\u00e7a contra Bol\u00edvar no Maracan\u00e3"},"content":{"rendered":"<p>O Flamengo n\u00e3o fez valer a fama de sua torcida no Maracan\u00e3 nesta quarta-feira. Ap\u00f3s bater o Emelec-EQU pela segunda rodada do Grupo 7 da Copa Libertadores da Am\u00e9rica,\u00a0o time rubro-negro decepcionou e cedeu empate ao Bol\u00edvar-BOL por 2 a 2, perdendo a chance de assumir a lideran\u00e7a da chave e embolando a classifica\u00e7\u00e3o ao final do primeiro turno.<\/p>\n<p>O resultado levou o Fla aos quatro pontos ganhos, ao lado do Le\u00f3n-MEX, mas com melhor saldo de gols, portanto na segunda coloca\u00e7\u00e3o. Com seis pontos, o Emelec \u00e9 o novo l\u00edder, j\u00e1 que derrotou o pr\u00f3prio clube mexicano nesta ter\u00e7a por 2 a 1, enquanto o Bol\u00edvar est\u00e1 com apenas dois e ocupa a lanterna do Grupo 7.<\/p>\n<p>O jogo no Maracan\u00e3 pegou fogo mesmo no segundo tempo. Logo aos 6min, Arce roubou a bola de Wallace, chegou ao fundo do campo e cruzou para tr\u00e1s. Ferreira ajeitou e Capdevilla concluiu rasteiro para abrir o placar para o Bol\u00edvar. Mas o Flamengo diminuiu dois minutos depois. Everton dominou na intermedi\u00e1ria, experimentou o arremate e deixou tudo igual.<\/p>\n<p>O time carioca conseguiu a virada, para del\u00edrio da torcida rubro-negra, aos 20min. Paulinho acelerou pela direita e centrou na \u00e1rea, Alecsandro n\u00e3o conseguiu a conclus\u00e3o, e Everton, bem colocado e oportunista, finalizou no alto e anotou o segundo. Contudo, o Bol\u00edvar igualou na sequ\u00eancia. Pedriel recebeu nas costas da zaga carioca e venceu o goleiro Felipe.<\/p>\n<p>Flamengo e Bol\u00edvar voltam a se encontrar na pr\u00f3xima rodada, quando a equipe boliviana receber\u00e1 o visitante rubro-negro no Est\u00e1dio Hernando Silles, \u00e0s 22h, na quarta-feira da semana que vem. Le\u00f3n e Emelec tamb\u00e9m se encaram no mesmo dia e hor\u00e1rio, no Nou Camp, no M\u00e9xico.<\/p>\n","protected":false},"excerpt":{"rendered":"<p>O Flamengo n\u00e3o fez valer a fama de sua torcida no Maracan\u00e3 nesta quarta-feira. Ap\u00f3s bater o Emelec-EQU pela segunda rodada do Grupo 7 da Copa Libertadores da Am\u00e9rica,\u00a0o time rubro-negro decepcionou e cedeu empate ao Bol\u00edvar-BOL por 2 a 2, perdendo a chance de assumir a lideran\u00e7a da chave e embolando a classifica\u00e7\u00e3o ao [&hellip;]<\/p>\n","protected":false},"author":2,"featured_media":4222,"comment_status":"open","ping_status":"closed","sticky":false,"template":"","format":"standard","meta":{"_acf_changed":false,"footnotes":""},"categories":[19],"tags":[],"class_list":["post-4221","post","type-post","status-publish","format-standard","has-post-thumbnail","hentry","category-esportes"],"acf":[],"_links":{"self":[{"href":"https:\/\/www.notibras.com\/site\/wp-json\/wp\/v2\/posts\/4221","targetHints":{"allow":["GET"]}}],"collection":[{"href":"https:\/\/www.notibras.com\/site\/wp-json\/wp\/v2\/posts"}],"about":[{"href":"https:\/\/www.notibras.com\/site\/wp-json\/wp\/v2\/types\/post"}],"author":[{"embeddable":true,"href":"https:\/\/www.notibras.com\/site\/wp-json\/wp\/v2\/users\/2"}],"replies":[{"embeddable":true,"href":"https:\/\/www.notibras.com\/site\/wp-json\/wp\/v2\/comments?post=4221"}],"version-history":[{"count":0,"href":"https:\/\/www.notibras.com\/site\/wp-json\/wp\/v2\/posts\/4221\/revisions"}],"wp:featuredmedia":[{"embeddable":true,"href":"https:\/\/www.notibras.com\/site\/wp-json\/wp\/v2\/media\/4222"}],"wp:attachment":[{"href":"https:\/\/www.notibras.com\/site\/wp-json\/wp\/v2\/media?parent=4221"}],"wp:term":[{"taxonomy":"category","embeddable":true,"href":"https:\/\/www.notibras.com\/site\/wp-json\/wp\/v2\/categories?post=4221"},{"taxonomy":"post_tag","embeddable":true,"href":"https:\/\/www.notibras.com\/site\/wp-json\/wp\/v2\/tags?post=4221"}],"curies":[{"name":"wp","href":"https:\/\/api.w.org\/{rel}","templated":true}]}}