{"id":42381,"date":"2015-04-01T22:00:29","date_gmt":"2015-04-02T01:00:29","guid":{"rendered":"http:\/\/www.notibras.com\/site\/?p=42381"},"modified":"2015-04-01T22:38:54","modified_gmt":"2015-04-02T01:38:54","slug":"san-lorenzo-bate-sao-paulo-e-esquenta-briga-pelo-2o-lugar","status":"publish","type":"post","link":"https:\/\/www.notibras.com\/site\/san-lorenzo-bate-sao-paulo-e-esquenta-briga-pelo-2o-lugar\/","title":{"rendered":"San Lorenzo bate S\u00e3o Paulo e esquenta briga pelo 2\u00ba lugar"},"content":{"rendered":"<p>O S\u00e3o Paulo  n\u00e3o conseguiu segurar a press\u00e3o do San Lorenzo e acabou perdendo no est\u00e1dio Nuevo Gas\u00f4metro, pela quarta rodada do Grupo 2 da Copa Libertadores .\u00a0Cauteruccio, ap\u00f3s grande jogada individual, marcou o \u00fanico gol do jogo e garantiu a vit\u00f3ria por 1 a 0 para os donos da casa.<\/p>\n<p>Apesar da derrota, o S\u00e3o Paulo continua na segunda posi\u00e7\u00e3o do Grupo 2,\u00a0atr\u00e1s apenas do Corinthians, l\u00edder isolado da chave. Agora, o San Lorenzo encosta no clube tricolor, com os mesmos seis pontos conquistados, mas perde no saldo de gol e, por isso, aparece no terceiro lugar.<\/p>\n<blockquote>\n<p class=\"text\">Apesar de n\u00e3o criar absolutamente nada no setor ofensivo, o S\u00e3o Paulo compensou com uma partida muito segura defensivamente, quase n\u00e3o levando sustos dos donos da casa. Pressionado no campo de defesa durante quase todo primeiro tempo, a equipe brasileira errou apenas em um dos cruzamentos, \u00fanica arma dos argentinos, quando Toloi e Luc\u00e3o n\u00e3o viram a chegada de Blanco, que, apesar de sozinho, cabeceou longe da meta defendida por Rog\u00e9rio Ceni.<\/p>\n<\/blockquote>\n<p class=\"text\">Com Centuri\u00f3n no lugar de Alan Kardec, que se machucou no fim da primeira etapa, o S\u00e3o Paulo ganhou mais movimenta\u00e7\u00e3o no setor ofensivo e come\u00e7ou melhor na etapa final. Ao inv\u00e9s de ficar esperando os argentinos no campo de defesa, a equipe comandada por Muricy Ramalho come\u00e7ou a\u00a0arriscar mais troca\u00a0de passes no ataque e\u00a0arrancadas individuais. Por\u00e9m, sem acertar o passe final, n\u00e3o criaram problemas para o San Lorenzo.<\/p>\n<p class=\"text\">Os argentinos, por sua vez, apostavam apenas nas bolas al\u00e7adas na \u00e1rea, todas bem interceptadas pela zaga s\u00e3o-paulina. Por\u00e9m, em desses\u00a0chut\u00f5es\u00a0para frente, o ataque do San Lorenzo brilhou. Luc\u00e3o n\u00e3o conseguiu interceptar pelo alto e viu\u00a0Cauteruccio aplicar um chap\u00e9u em Rafael Tol\u00f3i, invadir a \u00e1rea e bater forte para abrir o placar. O S\u00e3o Paulo at\u00e9 tentou esbo\u00e7ar uma rea\u00e7\u00e3o, mas n\u00e3o parou na marca\u00e7\u00e3o rival e acabou sucumbindo ao San Lorenzo.<\/p>\n","protected":false},"excerpt":{"rendered":"<p>O S\u00e3o Paulo n\u00e3o conseguiu segurar a press\u00e3o do San Lorenzo e acabou perdendo no est\u00e1dio Nuevo Gas\u00f4metro, pela quarta rodada do Grupo 2 da Copa Libertadores .\u00a0Cauteruccio, ap\u00f3s grande jogada individual, marcou o \u00fanico gol do jogo e garantiu a vit\u00f3ria por 1 a 0 para os donos da casa. Apesar da derrota, o [&hellip;]<\/p>\n","protected":false},"author":2,"featured_media":42382,"comment_status":"open","ping_status":"closed","sticky":false,"template":"","format":"standard","meta":{"_acf_changed":false,"footnotes":""},"categories":[19,29],"tags":[],"class_list":["post-42381","post","type-post","status-publish","format-standard","has-post-thumbnail","hentry","category-esportes","category-futebol"],"acf":[],"yoast_head":"<!-- This site is optimized with the Yoast SEO plugin v27.2 - https:\/\/yoast.com\/product\/yoast-seo-wordpress\/ -->\n<title>San Lorenzo bate S\u00e3o Paulo e esquenta briga pelo 2\u00ba lugar - Notibras<\/title>\n<meta name=\"robots\" content=\"index, follow, max-snippet:-1, max-image-preview:large, max-video-preview:-1\" \/>\n<link rel=\"canonical\" href=\"https:\/\/www.notibras.com\/site\/san-lorenzo-bate-sao-paulo-e-esquenta-briga-pelo-2o-lugar\/\" \/>\n<meta property=\"og:locale\" content=\"pt_BR\" \/>\n<meta property=\"og:type\" content=\"article\" \/>\n<meta property=\"og:title\" content=\"San Lorenzo bate S\u00e3o Paulo e esquenta briga pelo 2\u00ba lugar - Notibras\" \/>\n<meta property=\"og:description\" content=\"O S\u00e3o Paulo n\u00e3o conseguiu segurar a press\u00e3o do San Lorenzo e acabou perdendo no est\u00e1dio Nuevo Gas\u00f4metro, pela quarta rodada do Grupo 2 da Copa Libertadores .\u00a0Cauteruccio, ap\u00f3s grande jogada individual, marcou o \u00fanico gol do jogo e garantiu a vit\u00f3ria por 1 a 0 para os donos da casa. Apesar da derrota, o [&hellip;]\" \/>\n<meta property=\"og:url\" content=\"https:\/\/www.notibras.com\/site\/san-lorenzo-bate-sao-paulo-e-esquenta-briga-pelo-2o-lugar\/\" \/>\n<meta property=\"og:site_name\" content=\"Notibras\" \/>\n<meta property=\"article:publisher\" content=\"https:\/\/www.facebook.com\/notibras\/\" \/>\n<meta property=\"article:published_time\" content=\"2015-04-02T01:00:29+00:00\" \/>\n<meta property=\"article:modified_time\" content=\"2015-04-02T01:38:54+00:00\" \/>\n<meta property=\"og:image\" content=\"https:\/\/www.notibras.com\/site\/wp-content\/uploads\/2015\/04\/kardectentanatachapisarenkoap.jpg\" \/>\n\t<meta property=\"og:image:width\" content=\"460\" \/>\n\t<meta property=\"og:image:height\" content=\"309\" \/>\n\t<meta property=\"og:image:type\" content=\"image\/jpeg\" \/>\n<meta name=\"author\" content=\"Reda\u00e7\u00e3o\" \/>\n<meta name=\"twitter:card\" content=\"summary_large_image\" \/>\n<meta name=\"twitter:creator\" content=\"@Notibras\" \/>\n<meta name=\"twitter:site\" content=\"@Notibras\" \/>\n<meta name=\"twitter:label1\" content=\"Escrito por\" \/>\n\t<meta name=\"twitter:data1\" content=\"Reda\u00e7\u00e3o\" \/>\n\t<meta name=\"twitter:label2\" content=\"Est. tempo de leitura\" \/>\n\t<meta name=\"twitter:data2\" content=\"2 minutos\" \/>\n<script type=\"application\/ld+json\" class=\"yoast-schema-graph\">{\"@context\":\"https:\/\/schema.org\",\"@graph\":[{\"@type\":\"Article\",\"@id\":\"https:\/\/www.notibras.com\/site\/san-lorenzo-bate-sao-paulo-e-esquenta-briga-pelo-2o-lugar\/#article\",\"isPartOf\":{\"@id\":\"https:\/\/www.notibras.com\/site\/san-lorenzo-bate-sao-paulo-e-esquenta-briga-pelo-2o-lugar\/\"},\"author\":{\"name\":\"Reda\u00e7\u00e3o\",\"@id\":\"https:\/\/www.notibras.com\/site\/#\/schema\/person\/36ab0979449956132d3e5b517ea76ac8\"},\"headline\":\"San Lorenzo bate S\u00e3o Paulo e esquenta briga pelo 2\u00ba lugar\",\"datePublished\":\"2015-04-02T01:00:29+00:00\",\"dateModified\":\"2015-04-02T01:38:54+00:00\",\"mainEntityOfPage\":{\"@id\":\"https:\/\/www.notibras.com\/site\/san-lorenzo-bate-sao-paulo-e-esquenta-briga-pelo-2o-lugar\/\"},\"wordCount\":363,\"commentCount\":0,\"publisher\":{\"@id\":\"https:\/\/www.notibras.com\/site\/#organization\"},\"image\":{\"@id\":\"https:\/\/www.notibras.com\/site\/san-lorenzo-bate-sao-paulo-e-esquenta-briga-pelo-2o-lugar\/#primaryimage\"},\"thumbnailUrl\":\"https:\/\/www.notibras.com\/site\/wp-content\/uploads\/2015\/04\/kardectentanatachapisarenkoap.jpg\",\"articleSection\":[\"Esportes\",\"Futebol\"],\"inLanguage\":\"pt-BR\",\"potentialAction\":[{\"@type\":\"CommentAction\",\"name\":\"Comment\",\"target\":[\"https:\/\/www.notibras.com\/site\/san-lorenzo-bate-sao-paulo-e-esquenta-briga-pelo-2o-lugar\/#respond\"]}]},{\"@type\":\"WebPage\",\"@id\":\"https:\/\/www.notibras.com\/site\/san-lorenzo-bate-sao-paulo-e-esquenta-briga-pelo-2o-lugar\/\",\"url\":\"https:\/\/www.notibras.com\/site\/san-lorenzo-bate-sao-paulo-e-esquenta-briga-pelo-2o-lugar\/\",\"name\":\"San Lorenzo bate S\u00e3o Paulo e esquenta briga pelo 2\u00ba lugar - Notibras\",\"isPartOf\":{\"@id\":\"https:\/\/www.notibras.com\/site\/#website\"},\"primaryImageOfPage\":{\"@id\":\"https:\/\/www.notibras.com\/site\/san-lorenzo-bate-sao-paulo-e-esquenta-briga-pelo-2o-lugar\/#primaryimage\"},\"image\":{\"@id\":\"https:\/\/www.notibras.com\/site\/san-lorenzo-bate-sao-paulo-e-esquenta-briga-pelo-2o-lugar\/#primaryimage\"},\"thumbnailUrl\":\"https:\/\/www.notibras.com\/site\/wp-content\/uploads\/2015\/04\/kardectentanatachapisarenkoap.jpg\",\"datePublished\":\"2015-04-02T01:00:29+00:00\",\"dateModified\":\"2015-04-02T01:38:54+00:00\",\"breadcrumb\":{\"@id\":\"https:\/\/www.notibras.com\/site\/san-lorenzo-bate-sao-paulo-e-esquenta-briga-pelo-2o-lugar\/#breadcrumb\"},\"inLanguage\":\"pt-BR\",\"potentialAction\":[{\"@type\":\"ReadAction\",\"target\":[\"https:\/\/www.notibras.com\/site\/san-lorenzo-bate-sao-paulo-e-esquenta-briga-pelo-2o-lugar\/\"]}]},{\"@type\":\"ImageObject\",\"inLanguage\":\"pt-BR\",\"@id\":\"https:\/\/www.notibras.com\/site\/san-lorenzo-bate-sao-paulo-e-esquenta-briga-pelo-2o-lugar\/#primaryimage\",\"url\":\"https:\/\/www.notibras.com\/site\/wp-content\/uploads\/2015\/04\/kardectentanatachapisarenkoap.jpg\",\"contentUrl\":\"https:\/\/www.notibras.com\/site\/wp-content\/uploads\/2015\/04\/kardectentanatachapisarenkoap.jpg\",\"width\":460,\"height\":309},{\"@type\":\"BreadcrumbList\",\"@id\":\"https:\/\/www.notibras.com\/site\/san-lorenzo-bate-sao-paulo-e-esquenta-briga-pelo-2o-lugar\/#breadcrumb\",\"itemListElement\":[{\"@type\":\"ListItem\",\"position\":1,\"name\":\"In\u00edcio\",\"item\":\"https:\/\/www.notibras.com\/site\/\"},{\"@type\":\"ListItem\",\"position\":2,\"name\":\"San Lorenzo bate S\u00e3o Paulo e esquenta briga pelo 2\u00ba lugar\"}]},{\"@type\":\"WebSite\",\"@id\":\"https:\/\/www.notibras.com\/site\/#website\",\"url\":\"https:\/\/www.notibras.com\/site\/\",\"name\":\"Notibras\",\"description\":\"Not\u00edcias de Bras\u00edlia, do Brasil e do Mundo\",\"publisher\":{\"@id\":\"https:\/\/www.notibras.com\/site\/#organization\"},\"potentialAction\":[{\"@type\":\"SearchAction\",\"target\":{\"@type\":\"EntryPoint\",\"urlTemplate\":\"https:\/\/www.notibras.com\/site\/?s={search_term_string}\"},\"query-input\":{\"@type\":\"PropertyValueSpecification\",\"valueRequired\":true,\"valueName\":\"search_term_string\"}}],\"inLanguage\":\"pt-BR\"},{\"@type\":\"Organization\",\"@id\":\"https:\/\/www.notibras.com\/site\/#organization\",\"name\":\"Grupo Notibras de Comunica\u00e7\u00e3o\",\"url\":\"https:\/\/www.notibras.com\/site\/\",\"logo\":{\"@type\":\"ImageObject\",\"inLanguage\":\"pt-BR\",\"@id\":\"https:\/\/www.notibras.com\/site\/#\/schema\/logo\/image\/\",\"url\":\"https:\/\/www.notibras.com\/site\/wp-content\/uploads\/2023\/01\/notibras23.png\",\"contentUrl\":\"https:\/\/www.notibras.com\/site\/wp-content\/uploads\/2023\/01\/notibras23.png\",\"width\":350,\"height\":87,\"caption\":\"Grupo Notibras de Comunica\u00e7\u00e3o\"},\"image\":{\"@id\":\"https:\/\/www.notibras.com\/site\/#\/schema\/logo\/image\/\"},\"sameAs\":[\"https:\/\/www.facebook.com\/notibras\/\",\"https:\/\/x.com\/Notibras\",\"https:\/\/www.instagram.com\/notibras\/\"]},{\"@type\":\"Person\",\"@id\":\"https:\/\/www.notibras.com\/site\/#\/schema\/person\/36ab0979449956132d3e5b517ea76ac8\",\"name\":\"Reda\u00e7\u00e3o\",\"image\":{\"@type\":\"ImageObject\",\"inLanguage\":\"pt-BR\",\"@id\":\"https:\/\/secure.gravatar.com\/avatar\/e0a867bdedb85fd243eadf09663511f96fc81e0720a4a42581f334ad4303aa6b?s=96&d=mm&r=g\",\"url\":\"https:\/\/secure.gravatar.com\/avatar\/e0a867bdedb85fd243eadf09663511f96fc81e0720a4a42581f334ad4303aa6b?s=96&d=mm&r=g\",\"contentUrl\":\"https:\/\/secure.gravatar.com\/avatar\/e0a867bdedb85fd243eadf09663511f96fc81e0720a4a42581f334ad4303aa6b?s=96&d=mm&r=g\",\"caption\":\"Reda\u00e7\u00e3o\"}}]}<\/script>\n<!-- \/ Yoast SEO plugin. -->","yoast_head_json":{"title":"San Lorenzo bate S\u00e3o Paulo e esquenta briga pelo 2\u00ba lugar - Notibras","robots":{"index":"index","follow":"follow","max-snippet":"max-snippet:-1","max-image-preview":"max-image-preview:large","max-video-preview":"max-video-preview:-1"},"canonical":"https:\/\/www.notibras.com\/site\/san-lorenzo-bate-sao-paulo-e-esquenta-briga-pelo-2o-lugar\/","og_locale":"pt_BR","og_type":"article","og_title":"San Lorenzo bate S\u00e3o Paulo e esquenta briga pelo 2\u00ba lugar - Notibras","og_description":"O S\u00e3o Paulo n\u00e3o conseguiu segurar a press\u00e3o do San Lorenzo e acabou perdendo no est\u00e1dio Nuevo Gas\u00f4metro, pela quarta rodada do Grupo 2 da Copa Libertadores .\u00a0Cauteruccio, ap\u00f3s grande jogada individual, marcou o \u00fanico gol do jogo e garantiu a vit\u00f3ria por 1 a 0 para os donos da casa. Apesar da derrota, o [&hellip;]","og_url":"https:\/\/www.notibras.com\/site\/san-lorenzo-bate-sao-paulo-e-esquenta-briga-pelo-2o-lugar\/","og_site_name":"Notibras","article_publisher":"https:\/\/www.facebook.com\/notibras\/","article_published_time":"2015-04-02T01:00:29+00:00","article_modified_time":"2015-04-02T01:38:54+00:00","og_image":[{"width":460,"height":309,"url":"https:\/\/www.notibras.com\/site\/wp-content\/uploads\/2015\/04\/kardectentanatachapisarenkoap.jpg","type":"image\/jpeg"}],"author":"Reda\u00e7\u00e3o","twitter_card":"summary_large_image","twitter_creator":"@Notibras","twitter_site":"@Notibras","twitter_misc":{"Escrito por":"Reda\u00e7\u00e3o","Est. tempo de leitura":"2 minutos"},"schema":{"@context":"https:\/\/schema.org","@graph":[{"@type":"Article","@id":"https:\/\/www.notibras.com\/site\/san-lorenzo-bate-sao-paulo-e-esquenta-briga-pelo-2o-lugar\/#article","isPartOf":{"@id":"https:\/\/www.notibras.com\/site\/san-lorenzo-bate-sao-paulo-e-esquenta-briga-pelo-2o-lugar\/"},"author":{"name":"Reda\u00e7\u00e3o","@id":"https:\/\/www.notibras.com\/site\/#\/schema\/person\/36ab0979449956132d3e5b517ea76ac8"},"headline":"San Lorenzo bate S\u00e3o Paulo e esquenta briga pelo 2\u00ba lugar","datePublished":"2015-04-02T01:00:29+00:00","dateModified":"2015-04-02T01:38:54+00:00","mainEntityOfPage":{"@id":"https:\/\/www.notibras.com\/site\/san-lorenzo-bate-sao-paulo-e-esquenta-briga-pelo-2o-lugar\/"},"wordCount":363,"commentCount":0,"publisher":{"@id":"https:\/\/www.notibras.com\/site\/#organization"},"image":{"@id":"https:\/\/www.notibras.com\/site\/san-lorenzo-bate-sao-paulo-e-esquenta-briga-pelo-2o-lugar\/#primaryimage"},"thumbnailUrl":"https:\/\/www.notibras.com\/site\/wp-content\/uploads\/2015\/04\/kardectentanatachapisarenkoap.jpg","articleSection":["Esportes","Futebol"],"inLanguage":"pt-BR","potentialAction":[{"@type":"CommentAction","name":"Comment","target":["https:\/\/www.notibras.com\/site\/san-lorenzo-bate-sao-paulo-e-esquenta-briga-pelo-2o-lugar\/#respond"]}]},{"@type":"WebPage","@id":"https:\/\/www.notibras.com\/site\/san-lorenzo-bate-sao-paulo-e-esquenta-briga-pelo-2o-lugar\/","url":"https:\/\/www.notibras.com\/site\/san-lorenzo-bate-sao-paulo-e-esquenta-briga-pelo-2o-lugar\/","name":"San Lorenzo bate S\u00e3o Paulo e esquenta briga pelo 2\u00ba lugar - Notibras","isPartOf":{"@id":"https:\/\/www.notibras.com\/site\/#website"},"primaryImageOfPage":{"@id":"https:\/\/www.notibras.com\/site\/san-lorenzo-bate-sao-paulo-e-esquenta-briga-pelo-2o-lugar\/#primaryimage"},"image":{"@id":"https:\/\/www.notibras.com\/site\/san-lorenzo-bate-sao-paulo-e-esquenta-briga-pelo-2o-lugar\/#primaryimage"},"thumbnailUrl":"https:\/\/www.notibras.com\/site\/wp-content\/uploads\/2015\/04\/kardectentanatachapisarenkoap.jpg","datePublished":"2015-04-02T01:00:29+00:00","dateModified":"2015-04-02T01:38:54+00:00","breadcrumb":{"@id":"https:\/\/www.notibras.com\/site\/san-lorenzo-bate-sao-paulo-e-esquenta-briga-pelo-2o-lugar\/#breadcrumb"},"inLanguage":"pt-BR","potentialAction":[{"@type":"ReadAction","target":["https:\/\/www.notibras.com\/site\/san-lorenzo-bate-sao-paulo-e-esquenta-briga-pelo-2o-lugar\/"]}]},{"@type":"ImageObject","inLanguage":"pt-BR","@id":"https:\/\/www.notibras.com\/site\/san-lorenzo-bate-sao-paulo-e-esquenta-briga-pelo-2o-lugar\/#primaryimage","url":"https:\/\/www.notibras.com\/site\/wp-content\/uploads\/2015\/04\/kardectentanatachapisarenkoap.jpg","contentUrl":"https:\/\/www.notibras.com\/site\/wp-content\/uploads\/2015\/04\/kardectentanatachapisarenkoap.jpg","width":460,"height":309},{"@type":"BreadcrumbList","@id":"https:\/\/www.notibras.com\/site\/san-lorenzo-bate-sao-paulo-e-esquenta-briga-pelo-2o-lugar\/#breadcrumb","itemListElement":[{"@type":"ListItem","position":1,"name":"In\u00edcio","item":"https:\/\/www.notibras.com\/site\/"},{"@type":"ListItem","position":2,"name":"San Lorenzo bate S\u00e3o Paulo e esquenta briga pelo 2\u00ba lugar"}]},{"@type":"WebSite","@id":"https:\/\/www.notibras.com\/site\/#website","url":"https:\/\/www.notibras.com\/site\/","name":"Notibras","description":"Not\u00edcias de Bras\u00edlia, do Brasil e do Mundo","publisher":{"@id":"https:\/\/www.notibras.com\/site\/#organization"},"potentialAction":[{"@type":"SearchAction","target":{"@type":"EntryPoint","urlTemplate":"https:\/\/www.notibras.com\/site\/?s={search_term_string}"},"query-input":{"@type":"PropertyValueSpecification","valueRequired":true,"valueName":"search_term_string"}}],"inLanguage":"pt-BR"},{"@type":"Organization","@id":"https:\/\/www.notibras.com\/site\/#organization","name":"Grupo Notibras de Comunica\u00e7\u00e3o","url":"https:\/\/www.notibras.com\/site\/","logo":{"@type":"ImageObject","inLanguage":"pt-BR","@id":"https:\/\/www.notibras.com\/site\/#\/schema\/logo\/image\/","url":"https:\/\/www.notibras.com\/site\/wp-content\/uploads\/2023\/01\/notibras23.png","contentUrl":"https:\/\/www.notibras.com\/site\/wp-content\/uploads\/2023\/01\/notibras23.png","width":350,"height":87,"caption":"Grupo Notibras de Comunica\u00e7\u00e3o"},"image":{"@id":"https:\/\/www.notibras.com\/site\/#\/schema\/logo\/image\/"},"sameAs":["https:\/\/www.facebook.com\/notibras\/","https:\/\/x.com\/Notibras","https:\/\/www.instagram.com\/notibras\/"]},{"@type":"Person","@id":"https:\/\/www.notibras.com\/site\/#\/schema\/person\/36ab0979449956132d3e5b517ea76ac8","name":"Reda\u00e7\u00e3o","image":{"@type":"ImageObject","inLanguage":"pt-BR","@id":"https:\/\/secure.gravatar.com\/avatar\/e0a867bdedb85fd243eadf09663511f96fc81e0720a4a42581f334ad4303aa6b?s=96&d=mm&r=g","url":"https:\/\/secure.gravatar.com\/avatar\/e0a867bdedb85fd243eadf09663511f96fc81e0720a4a42581f334ad4303aa6b?s=96&d=mm&r=g","contentUrl":"https:\/\/secure.gravatar.com\/avatar\/e0a867bdedb85fd243eadf09663511f96fc81e0720a4a42581f334ad4303aa6b?s=96&d=mm&r=g","caption":"Reda\u00e7\u00e3o"}}]}},"amp_enabled":true,"_links":{"self":[{"href":"https:\/\/www.notibras.com\/site\/wp-json\/wp\/v2\/posts\/42381","targetHints":{"allow":["GET"]}}],"collection":[{"href":"https:\/\/www.notibras.com\/site\/wp-json\/wp\/v2\/posts"}],"about":[{"href":"https:\/\/www.notibras.com\/site\/wp-json\/wp\/v2\/types\/post"}],"author":[{"embeddable":true,"href":"https:\/\/www.notibras.com\/site\/wp-json\/wp\/v2\/users\/2"}],"replies":[{"embeddable":true,"href":"https:\/\/www.notibras.com\/site\/wp-json\/wp\/v2\/comments?post=42381"}],"version-history":[{"count":0,"href":"https:\/\/www.notibras.com\/site\/wp-json\/wp\/v2\/posts\/42381\/revisions"}],"wp:featuredmedia":[{"embeddable":true,"href":"https:\/\/www.notibras.com\/site\/wp-json\/wp\/v2\/media\/42382"}],"wp:attachment":[{"href":"https:\/\/www.notibras.com\/site\/wp-json\/wp\/v2\/media?parent=42381"}],"wp:term":[{"taxonomy":"category","embeddable":true,"href":"https:\/\/www.notibras.com\/site\/wp-json\/wp\/v2\/categories?post=42381"},{"taxonomy":"post_tag","embeddable":true,"href":"https:\/\/www.notibras.com\/site\/wp-json\/wp\/v2\/tags?post=42381"}],"curies":[{"name":"wp","href":"https:\/\/api.w.org\/{rel}","templated":true}]}}