{"id":42480,"date":"2015-04-02T11:28:38","date_gmt":"2015-04-02T14:28:38","guid":{"rendered":"http:\/\/www.notibras.com\/site\/?p=42480"},"modified":"2015-04-02T13:33:03","modified_gmt":"2015-04-02T16:33:03","slug":"falada-pelos-primeiros-habitantes-lingua-nheengatu-nao-era-escrita","status":"publish","type":"post","link":"https:\/\/www.notibras.com\/site\/falada-pelos-primeiros-habitantes-lingua-nheengatu-nao-era-escrita\/","title":{"rendered":"Falada pelos primeiros habitantes, l\u00edngua Nheengatu n\u00e3o era escrita"},"content":{"rendered":"<p>O padre e santo, Jos\u00e9 de Anchieta, (1534 \u2013 1595) foi quem teve o cuidado de estudar e de aprender a l\u00edngua dos habitantes da col\u00f4nia do Brasil, quando aportou em 1554, aos 19 anos de idade, para poder exercer as suas atividades mission\u00e1rias. Por isso mesmo, estudou, pesquisou e at\u00e9 mesmo, publicou a primeira gram\u00e1tica da l\u00edngua Tupi, informando as suas caracter\u00edsticas. Todas as l\u00ednguas do mundo, 1612, segundo o Comp\u00eandio Ethnologue, t\u00eam a sua gram\u00e1tica, mesmo que seja informal e rudimentarmente resumida.<\/p>\n<p>O professor Salvador Pires Pontes (1891 \u2013 1982), graduado em Farm\u00e1cia pela Universidade de Ouro Preto, Minas Gerais, em 1912, dedicou-se, tamb\u00e9m, ao estudo dos idiomas falados pelos povos Tupis: Tupinamb\u00e1s, Tupiniquins, Caet\u00e9s e outras tribos que habitavam as terras do Brasil, antes mesmo do seu descobrimento. Escreveu \u201cNo\u00e7\u00f5es da gram\u00e1tica Tupi\u201d, editado pela Imprensa Oficial de Minas Gerais, Belo Horizonte, 1981.<\/p>\n<p>Os brasileiros estariam falando a l\u00edngua Nheengatu ainda hoje, se n\u00e3o fosse a interfer\u00eancia do Marqu\u00eas de Pombal, (1699 \u2013 1782), ent\u00e3o governante de Portugal. Por seu decreto, em 1758, proibiu o seu uso no territ\u00f3rio da col\u00f4nia ultramarina do Brasil. Essa l\u00edngua Nheengatu era, para ele, uma \u201cinven\u00e7\u00e3o diab\u00f3lica\u201d. At\u00e9 essa \u00e9poca, era falada por aproximadamente, 75% da popula\u00e7\u00e3o dessa col\u00f4nia. E hoje, como teria sido?<\/p>\n<p>Mesmo com esse decreto, a gram\u00e1tica e o vocabul\u00e1rio da l\u00edngua portuguesa foram enriquecidos pela influ\u00eancia das tribos primitivas. Principalmente, o vocabul\u00e1rio. Hoje, h\u00e1 palavras de uso comum, que nem se imaginam as suas origens tupis. Os top\u00f4nimos s\u00e3o os principais baluartes das l\u00ednguas ind\u00edgenas. Tamb\u00e9m as plantas e os animais. Guarapari, Ibituruna, Itabira, Ita\u00fana, Itacolomi.<\/p>\n<p>Assim, considera-se enriquecido o vocabul\u00e1rio da l\u00edngua portuguesa no Brasil, mesmo que esses termos introduzidos passem desapercebidos em Portugal, e em outras na\u00e7\u00f5es lus\u00f3fonas. Os mission\u00e1rios que aqui aportassem deveriam estudar e falar o Nheengatu, para o exerc\u00edcio religioso.<\/p>\n<p>A maior parte dos substantivos do Nheengatu eram palavras ox\u00edtonas, isto \u00e9, tinham o acento caindo na \u00faltima s\u00edlaba.<\/p>\n<blockquote><p>Alguns sons comuns na l\u00edngua portuguesa eram desconhecidos para os tupis. Assim, eram omitidos os sons das letras \u201cl, r, f, v, z\u201d \u2013 deixando vest\u00edgios no linguajar de algumas regi\u00f5es brasileiras. Essa dificuldade fon\u00e9tica aparece ainda hoje, como nas pron\u00fancias de \u201cmelhor \u2013 mi\u00f3\u201d, \u201cfam\u00edlia \u2013 famia\u201d,\u00a0 \u201cmulher &#8211; mui\u00e9\u201d, \u201ccarta \u2013 caita\u201d, \u201cporta \u2013 poita\u201d. Da\u00ed tamb\u00e9m a resist\u00eancia dos brasileiros no uso do pronome \u201clhe\u201d, dif\u00edcil de se pronunciar.<\/p><\/blockquote>\n<p>Outra caracter\u00edstica do idioma Nheengatu \u00e9 a inexist\u00eancias dos artigos definidos e indefinidos, e dos g\u00eaneros masculino e feminino.<\/p>\n<p>A nasala\u00e7\u00e3o era um fen\u00f4meno inexplic\u00e1vel pela sua frequ\u00eancia. Assim, o verbo \u201c<em>nheeng\u00e1<\/em>\u00a0\u2013 falar. At\u00e9 o\u00a0<em>nhenhenh\u00e9m<\/em>\u00a0\u2013 lengalenga, fala\u00e7\u00e3o. E o pr\u00f3prio deus\u00a0<em>Tup\u00e3,<\/em>\u00a0foneticamente nasalado. Kurumin ou kunumin: crian\u00e7a.<\/p>\n<p>Outro fato interessante \u00e9 a composi\u00e7\u00e3o das palavras, ajuntadas formando um ideograma. Aglutinantes. As palavras adquiriam ideias em continuidade. \u201c<em>muria\u00e9<\/em>\u00a0\u2013 fruta que envenena\u201d,\u00a0<em>ipanema<\/em>\u00a0\u2013 \u00e1gua muito ruim para se beber. H\u00e1 ainda os sufixos determinantes de tamanho \u2013 mirim e a\u00e7u. Ou os formadores de macho e f\u00eamea.<\/p>\n<p>Y \u2013 \u00e1gua, curso, rio;<\/p>\n<p>Ty \u2013 \u00e1gua. Tiet\u00ea: \u00e1gua que corre, fundo<\/p>\n<p>Cy \u2013 m\u00e3e, fonte, origem<\/p>\n<p>uba \u2013 pai<\/p>\n<p>ab\u00e1 \u2013 macho (pessoas, animais)<\/p>\n<p>oca \u2013 casa<\/p>\n<p>Pir\u00e1 \u2013 peixe.<\/p>\n<p>Os n\u00fameros?<\/p>\n<p>YEP\u00ca \u2013 um&#8230; sozinho. MOCOIN \u2013 par, dois. ET\u00ca \u2013 muitos. Assim: PIRA\u00a0 ET\u00ca, muitos peixes. Ou PIRAET\u00c1.-<\/p>\n<p>Masculino\/Feminino \u2013 N\u00e3o h\u00e1 os g\u00eaneros nem n\u00fameros. Para distinguir sexos, basta antepor ou pospor aos substantivos: CUNH\u00c3, feminino, mulher, \u00edndia ou APIABA, que significa, macho homem ou animal.<\/p>\n<p>JAGUARA \u2013 APIABA \u2013 c\u00e3o macho<\/p>\n<p>JAGUARA \u2013 CUNH\u00c3 \u2013 cadela, f\u00eamea<\/p>\n<p>Algumas palavras do Nheengatu, hoje, de cidadania brasileira:<\/p>\n<p>Capenga, catapora, cupim, curumim, gamb\u00e1, guar\u00e1, guri, lengalenga, mandioca, perereca, pipoca, pitanga, sa\u00fava, xar\u00e1, tiririca, mutir\u00e3o, macuco, oi (sauda\u00e7\u00e3o tupi), oca, maloca, mameluco, Mantiqueira, maracan\u00e3, maracuj\u00e1, maritaca, mirim, mingau, moranga, muri\u00e7oca, abacate, abacaxi, arapuca, araponga, piranha, pindorama, pinda\u00edba, tocaia, capinar, socar, pereba, tor\u00f3, jururu, cutucar \u2013 Jurandir, Iara, Jacira, Iraci, Moema, Ubirajara, Potiguar, Potira, Ubirat\u00e3.<\/p>\n<p>As l\u00ednguas primitivas t\u00eam as suas caracter\u00edsticas dirigidas para as necessidades imediatas e b\u00e1sicas do meio grupal, na vida cotidiana, na alimenta\u00e7\u00e3o e na subsist\u00eancia. Os fen\u00f4menos da natureza, as intemp\u00e9ries, a ca\u00e7a e a pesca. E as rela\u00e7\u00f5es com os animais que disputavam formas de conviv\u00eancia em constante luta. Assim, o vocabul\u00e1rio n\u00e3o poderia ir al\u00e9m desses limites.<\/p>\n<p><strong>Rog\u00e9rio Alvarenga<\/strong><\/p>\n","protected":false},"excerpt":{"rendered":"<p>O padre e santo, Jos\u00e9 de Anchieta, (1534 \u2013 1595) foi quem teve o cuidado de estudar e de aprender a l\u00edngua dos habitantes da col\u00f4nia do Brasil, quando aportou em 1554, aos 19 anos de idade, para poder exercer as suas atividades mission\u00e1rias. Por isso mesmo, estudou, pesquisou e at\u00e9 mesmo, publicou a primeira [&hellip;]<\/p>\n","protected":false},"author":2,"featured_media":42482,"comment_status":"open","ping_status":"closed","sticky":false,"template":"","format":"standard","meta":{"_acf_changed":false,"footnotes":""},"categories":[25],"tags":[],"class_list":["post-42480","post","type-post","status-publish","format-standard","has-post-thumbnail","hentry","category-opina-ai"],"acf":[],"yoast_head":"<!-- This site is optimized with the Yoast SEO plugin v27.5 - https:\/\/yoast.com\/product\/yoast-seo-wordpress\/ -->\n<title>Falada pelos primeiros habitantes, l\u00edngua Nheengatu n\u00e3o era escrita - Notibras<\/title>\n<meta name=\"robots\" content=\"index, follow, max-snippet:-1, max-image-preview:large, max-video-preview:-1\" \/>\n<link rel=\"canonical\" href=\"https:\/\/www.notibras.com\/site\/falada-pelos-primeiros-habitantes-lingua-nheengatu-nao-era-escrita\/\" \/>\n<meta property=\"og:locale\" content=\"pt_BR\" \/>\n<meta property=\"og:type\" content=\"article\" \/>\n<meta property=\"og:title\" content=\"Falada pelos primeiros habitantes, l\u00edngua Nheengatu n\u00e3o era escrita - Notibras\" \/>\n<meta property=\"og:description\" content=\"O padre e santo, Jos\u00e9 de Anchieta, (1534 \u2013 1595) foi quem teve o cuidado de estudar e de aprender a l\u00edngua dos habitantes da col\u00f4nia do Brasil, quando aportou em 1554, aos 19 anos de idade, para poder exercer as suas atividades mission\u00e1rias. Por isso mesmo, estudou, pesquisou e at\u00e9 mesmo, publicou a primeira [&hellip;]\" \/>\n<meta property=\"og:url\" content=\"https:\/\/www.notibras.com\/site\/falada-pelos-primeiros-habitantes-lingua-nheengatu-nao-era-escrita\/\" \/>\n<meta property=\"og:site_name\" content=\"Notibras\" \/>\n<meta property=\"article:publisher\" content=\"https:\/\/www.facebook.com\/notibras\/\" \/>\n<meta property=\"article:published_time\" content=\"2015-04-02T14:28:38+00:00\" \/>\n<meta property=\"article:modified_time\" content=\"2015-04-02T16:33:03+00:00\" \/>\n<meta property=\"og:image\" content=\"https:\/\/www.notibras.com\/site\/wp-content\/uploads\/2015\/04\/O-QUE-FAZ-DE-UM-INDIO-INDIO.jpg\" \/>\n\t<meta property=\"og:image:width\" content=\"500\" \/>\n\t<meta property=\"og:image:height\" content=\"333\" \/>\n\t<meta property=\"og:image:type\" content=\"image\/jpeg\" \/>\n<meta name=\"author\" content=\"Reda\u00e7\u00e3o\" \/>\n<meta name=\"twitter:card\" content=\"summary_large_image\" \/>\n<meta name=\"twitter:creator\" content=\"@Notibras\" \/>\n<meta name=\"twitter:site\" content=\"@Notibras\" \/>\n<meta name=\"twitter:label1\" content=\"Escrito por\" \/>\n\t<meta name=\"twitter:data1\" content=\"Reda\u00e7\u00e3o\" \/>\n\t<meta name=\"twitter:label2\" content=\"Est. tempo de leitura\" \/>\n\t<meta name=\"twitter:data2\" content=\"4 minutos\" \/>\n<script type=\"application\/ld+json\" class=\"yoast-schema-graph\">{\"@context\":\"https:\\\/\\\/schema.org\",\"@graph\":[{\"@type\":\"Article\",\"@id\":\"https:\\\/\\\/www.notibras.com\\\/site\\\/falada-pelos-primeiros-habitantes-lingua-nheengatu-nao-era-escrita\\\/#article\",\"isPartOf\":{\"@id\":\"https:\\\/\\\/www.notibras.com\\\/site\\\/falada-pelos-primeiros-habitantes-lingua-nheengatu-nao-era-escrita\\\/\"},\"author\":{\"name\":\"Reda\u00e7\u00e3o\",\"@id\":\"https:\\\/\\\/www.notibras.com\\\/site\\\/#\\\/schema\\\/person\\\/36ab0979449956132d3e5b517ea76ac8\"},\"headline\":\"Falada pelos primeiros habitantes, l\u00edngua Nheengatu n\u00e3o era escrita\",\"datePublished\":\"2015-04-02T14:28:38+00:00\",\"dateModified\":\"2015-04-02T16:33:03+00:00\",\"mainEntityOfPage\":{\"@id\":\"https:\\\/\\\/www.notibras.com\\\/site\\\/falada-pelos-primeiros-habitantes-lingua-nheengatu-nao-era-escrita\\\/\"},\"wordCount\":782,\"commentCount\":0,\"publisher\":{\"@id\":\"https:\\\/\\\/www.notibras.com\\\/site\\\/#organization\"},\"image\":{\"@id\":\"https:\\\/\\\/www.notibras.com\\\/site\\\/falada-pelos-primeiros-habitantes-lingua-nheengatu-nao-era-escrita\\\/#primaryimage\"},\"thumbnailUrl\":\"https:\\\/\\\/www.notibras.com\\\/site\\\/wp-content\\\/uploads\\\/2015\\\/04\\\/O-QUE-FAZ-DE-UM-INDIO-INDIO.jpg\",\"articleSection\":[\"Opina a\u00ed\"],\"inLanguage\":\"pt-BR\",\"potentialAction\":[{\"@type\":\"CommentAction\",\"name\":\"Comment\",\"target\":[\"https:\\\/\\\/www.notibras.com\\\/site\\\/falada-pelos-primeiros-habitantes-lingua-nheengatu-nao-era-escrita\\\/#respond\"]}]},{\"@type\":\"WebPage\",\"@id\":\"https:\\\/\\\/www.notibras.com\\\/site\\\/falada-pelos-primeiros-habitantes-lingua-nheengatu-nao-era-escrita\\\/\",\"url\":\"https:\\\/\\\/www.notibras.com\\\/site\\\/falada-pelos-primeiros-habitantes-lingua-nheengatu-nao-era-escrita\\\/\",\"name\":\"Falada pelos primeiros habitantes, l\u00edngua Nheengatu n\u00e3o era escrita - Notibras\",\"isPartOf\":{\"@id\":\"https:\\\/\\\/www.notibras.com\\\/site\\\/#website\"},\"primaryImageOfPage\":{\"@id\":\"https:\\\/\\\/www.notibras.com\\\/site\\\/falada-pelos-primeiros-habitantes-lingua-nheengatu-nao-era-escrita\\\/#primaryimage\"},\"image\":{\"@id\":\"https:\\\/\\\/www.notibras.com\\\/site\\\/falada-pelos-primeiros-habitantes-lingua-nheengatu-nao-era-escrita\\\/#primaryimage\"},\"thumbnailUrl\":\"https:\\\/\\\/www.notibras.com\\\/site\\\/wp-content\\\/uploads\\\/2015\\\/04\\\/O-QUE-FAZ-DE-UM-INDIO-INDIO.jpg\",\"datePublished\":\"2015-04-02T14:28:38+00:00\",\"dateModified\":\"2015-04-02T16:33:03+00:00\",\"breadcrumb\":{\"@id\":\"https:\\\/\\\/www.notibras.com\\\/site\\\/falada-pelos-primeiros-habitantes-lingua-nheengatu-nao-era-escrita\\\/#breadcrumb\"},\"inLanguage\":\"pt-BR\",\"potentialAction\":[{\"@type\":\"ReadAction\",\"target\":[\"https:\\\/\\\/www.notibras.com\\\/site\\\/falada-pelos-primeiros-habitantes-lingua-nheengatu-nao-era-escrita\\\/\"]}]},{\"@type\":\"ImageObject\",\"inLanguage\":\"pt-BR\",\"@id\":\"https:\\\/\\\/www.notibras.com\\\/site\\\/falada-pelos-primeiros-habitantes-lingua-nheengatu-nao-era-escrita\\\/#primaryimage\",\"url\":\"https:\\\/\\\/www.notibras.com\\\/site\\\/wp-content\\\/uploads\\\/2015\\\/04\\\/O-QUE-FAZ-DE-UM-INDIO-INDIO.jpg\",\"contentUrl\":\"https:\\\/\\\/www.notibras.com\\\/site\\\/wp-content\\\/uploads\\\/2015\\\/04\\\/O-QUE-FAZ-DE-UM-INDIO-INDIO.jpg\",\"width\":500,\"height\":333},{\"@type\":\"BreadcrumbList\",\"@id\":\"https:\\\/\\\/www.notibras.com\\\/site\\\/falada-pelos-primeiros-habitantes-lingua-nheengatu-nao-era-escrita\\\/#breadcrumb\",\"itemListElement\":[{\"@type\":\"ListItem\",\"position\":1,\"name\":\"In\u00edcio\",\"item\":\"https:\\\/\\\/www.notibras.com\\\/site\\\/\"},{\"@type\":\"ListItem\",\"position\":2,\"name\":\"Falada pelos primeiros habitantes, l\u00edngua Nheengatu n\u00e3o era escrita\"}]},{\"@type\":\"WebSite\",\"@id\":\"https:\\\/\\\/www.notibras.com\\\/site\\\/#website\",\"url\":\"https:\\\/\\\/www.notibras.com\\\/site\\\/\",\"name\":\"Notibras\",\"description\":\"Not\u00edcias de Bras\u00edlia, do Brasil e do Mundo\",\"publisher\":{\"@id\":\"https:\\\/\\\/www.notibras.com\\\/site\\\/#organization\"},\"potentialAction\":[{\"@type\":\"SearchAction\",\"target\":{\"@type\":\"EntryPoint\",\"urlTemplate\":\"https:\\\/\\\/www.notibras.com\\\/site\\\/?s={search_term_string}\"},\"query-input\":{\"@type\":\"PropertyValueSpecification\",\"valueRequired\":true,\"valueName\":\"search_term_string\"}}],\"inLanguage\":\"pt-BR\"},{\"@type\":\"Organization\",\"@id\":\"https:\\\/\\\/www.notibras.com\\\/site\\\/#organization\",\"name\":\"Grupo Notibras de Comunica\u00e7\u00e3o\",\"url\":\"https:\\\/\\\/www.notibras.com\\\/site\\\/\",\"logo\":{\"@type\":\"ImageObject\",\"inLanguage\":\"pt-BR\",\"@id\":\"https:\\\/\\\/www.notibras.com\\\/site\\\/#\\\/schema\\\/logo\\\/image\\\/\",\"url\":\"https:\\\/\\\/www.notibras.com\\\/site\\\/wp-content\\\/uploads\\\/2023\\\/01\\\/notibras23.png\",\"contentUrl\":\"https:\\\/\\\/www.notibras.com\\\/site\\\/wp-content\\\/uploads\\\/2023\\\/01\\\/notibras23.png\",\"width\":350,\"height\":87,\"caption\":\"Grupo Notibras de Comunica\u00e7\u00e3o\"},\"image\":{\"@id\":\"https:\\\/\\\/www.notibras.com\\\/site\\\/#\\\/schema\\\/logo\\\/image\\\/\"},\"sameAs\":[\"https:\\\/\\\/www.facebook.com\\\/notibras\\\/\",\"https:\\\/\\\/x.com\\\/Notibras\",\"https:\\\/\\\/www.instagram.com\\\/notibras\\\/\"]},{\"@type\":\"Person\",\"@id\":\"https:\\\/\\\/www.notibras.com\\\/site\\\/#\\\/schema\\\/person\\\/36ab0979449956132d3e5b517ea76ac8\",\"name\":\"Reda\u00e7\u00e3o\",\"image\":{\"@type\":\"ImageObject\",\"inLanguage\":\"pt-BR\",\"@id\":\"https:\\\/\\\/secure.gravatar.com\\\/avatar\\\/e0a867bdedb85fd243eadf09663511f96fc81e0720a4a42581f334ad4303aa6b?s=96&d=mm&r=g\",\"url\":\"https:\\\/\\\/secure.gravatar.com\\\/avatar\\\/e0a867bdedb85fd243eadf09663511f96fc81e0720a4a42581f334ad4303aa6b?s=96&d=mm&r=g\",\"contentUrl\":\"https:\\\/\\\/secure.gravatar.com\\\/avatar\\\/e0a867bdedb85fd243eadf09663511f96fc81e0720a4a42581f334ad4303aa6b?s=96&d=mm&r=g\",\"caption\":\"Reda\u00e7\u00e3o\"}}]}<\/script>\n<!-- \/ Yoast SEO plugin. -->","yoast_head_json":{"title":"Falada pelos primeiros habitantes, l\u00edngua Nheengatu n\u00e3o era escrita - Notibras","robots":{"index":"index","follow":"follow","max-snippet":"max-snippet:-1","max-image-preview":"max-image-preview:large","max-video-preview":"max-video-preview:-1"},"canonical":"https:\/\/www.notibras.com\/site\/falada-pelos-primeiros-habitantes-lingua-nheengatu-nao-era-escrita\/","og_locale":"pt_BR","og_type":"article","og_title":"Falada pelos primeiros habitantes, l\u00edngua Nheengatu n\u00e3o era escrita - Notibras","og_description":"O padre e santo, Jos\u00e9 de Anchieta, (1534 \u2013 1595) foi quem teve o cuidado de estudar e de aprender a l\u00edngua dos habitantes da col\u00f4nia do Brasil, quando aportou em 1554, aos 19 anos de idade, para poder exercer as suas atividades mission\u00e1rias. Por isso mesmo, estudou, pesquisou e at\u00e9 mesmo, publicou a primeira [&hellip;]","og_url":"https:\/\/www.notibras.com\/site\/falada-pelos-primeiros-habitantes-lingua-nheengatu-nao-era-escrita\/","og_site_name":"Notibras","article_publisher":"https:\/\/www.facebook.com\/notibras\/","article_published_time":"2015-04-02T14:28:38+00:00","article_modified_time":"2015-04-02T16:33:03+00:00","og_image":[{"width":500,"height":333,"url":"https:\/\/www.notibras.com\/site\/wp-content\/uploads\/2015\/04\/O-QUE-FAZ-DE-UM-INDIO-INDIO.jpg","type":"image\/jpeg"}],"author":"Reda\u00e7\u00e3o","twitter_card":"summary_large_image","twitter_creator":"@Notibras","twitter_site":"@Notibras","twitter_misc":{"Escrito por":"Reda\u00e7\u00e3o","Est. tempo de leitura":"4 minutos"},"schema":{"@context":"https:\/\/schema.org","@graph":[{"@type":"Article","@id":"https:\/\/www.notibras.com\/site\/falada-pelos-primeiros-habitantes-lingua-nheengatu-nao-era-escrita\/#article","isPartOf":{"@id":"https:\/\/www.notibras.com\/site\/falada-pelos-primeiros-habitantes-lingua-nheengatu-nao-era-escrita\/"},"author":{"name":"Reda\u00e7\u00e3o","@id":"https:\/\/www.notibras.com\/site\/#\/schema\/person\/36ab0979449956132d3e5b517ea76ac8"},"headline":"Falada pelos primeiros habitantes, l\u00edngua Nheengatu n\u00e3o era escrita","datePublished":"2015-04-02T14:28:38+00:00","dateModified":"2015-04-02T16:33:03+00:00","mainEntityOfPage":{"@id":"https:\/\/www.notibras.com\/site\/falada-pelos-primeiros-habitantes-lingua-nheengatu-nao-era-escrita\/"},"wordCount":782,"commentCount":0,"publisher":{"@id":"https:\/\/www.notibras.com\/site\/#organization"},"image":{"@id":"https:\/\/www.notibras.com\/site\/falada-pelos-primeiros-habitantes-lingua-nheengatu-nao-era-escrita\/#primaryimage"},"thumbnailUrl":"https:\/\/www.notibras.com\/site\/wp-content\/uploads\/2015\/04\/O-QUE-FAZ-DE-UM-INDIO-INDIO.jpg","articleSection":["Opina a\u00ed"],"inLanguage":"pt-BR","potentialAction":[{"@type":"CommentAction","name":"Comment","target":["https:\/\/www.notibras.com\/site\/falada-pelos-primeiros-habitantes-lingua-nheengatu-nao-era-escrita\/#respond"]}]},{"@type":"WebPage","@id":"https:\/\/www.notibras.com\/site\/falada-pelos-primeiros-habitantes-lingua-nheengatu-nao-era-escrita\/","url":"https:\/\/www.notibras.com\/site\/falada-pelos-primeiros-habitantes-lingua-nheengatu-nao-era-escrita\/","name":"Falada pelos primeiros habitantes, l\u00edngua Nheengatu n\u00e3o era escrita - Notibras","isPartOf":{"@id":"https:\/\/www.notibras.com\/site\/#website"},"primaryImageOfPage":{"@id":"https:\/\/www.notibras.com\/site\/falada-pelos-primeiros-habitantes-lingua-nheengatu-nao-era-escrita\/#primaryimage"},"image":{"@id":"https:\/\/www.notibras.com\/site\/falada-pelos-primeiros-habitantes-lingua-nheengatu-nao-era-escrita\/#primaryimage"},"thumbnailUrl":"https:\/\/www.notibras.com\/site\/wp-content\/uploads\/2015\/04\/O-QUE-FAZ-DE-UM-INDIO-INDIO.jpg","datePublished":"2015-04-02T14:28:38+00:00","dateModified":"2015-04-02T16:33:03+00:00","breadcrumb":{"@id":"https:\/\/www.notibras.com\/site\/falada-pelos-primeiros-habitantes-lingua-nheengatu-nao-era-escrita\/#breadcrumb"},"inLanguage":"pt-BR","potentialAction":[{"@type":"ReadAction","target":["https:\/\/www.notibras.com\/site\/falada-pelos-primeiros-habitantes-lingua-nheengatu-nao-era-escrita\/"]}]},{"@type":"ImageObject","inLanguage":"pt-BR","@id":"https:\/\/www.notibras.com\/site\/falada-pelos-primeiros-habitantes-lingua-nheengatu-nao-era-escrita\/#primaryimage","url":"https:\/\/www.notibras.com\/site\/wp-content\/uploads\/2015\/04\/O-QUE-FAZ-DE-UM-INDIO-INDIO.jpg","contentUrl":"https:\/\/www.notibras.com\/site\/wp-content\/uploads\/2015\/04\/O-QUE-FAZ-DE-UM-INDIO-INDIO.jpg","width":500,"height":333},{"@type":"BreadcrumbList","@id":"https:\/\/www.notibras.com\/site\/falada-pelos-primeiros-habitantes-lingua-nheengatu-nao-era-escrita\/#breadcrumb","itemListElement":[{"@type":"ListItem","position":1,"name":"In\u00edcio","item":"https:\/\/www.notibras.com\/site\/"},{"@type":"ListItem","position":2,"name":"Falada pelos primeiros habitantes, l\u00edngua Nheengatu n\u00e3o era escrita"}]},{"@type":"WebSite","@id":"https:\/\/www.notibras.com\/site\/#website","url":"https:\/\/www.notibras.com\/site\/","name":"Notibras","description":"Not\u00edcias de Bras\u00edlia, do Brasil e do Mundo","publisher":{"@id":"https:\/\/www.notibras.com\/site\/#organization"},"potentialAction":[{"@type":"SearchAction","target":{"@type":"EntryPoint","urlTemplate":"https:\/\/www.notibras.com\/site\/?s={search_term_string}"},"query-input":{"@type":"PropertyValueSpecification","valueRequired":true,"valueName":"search_term_string"}}],"inLanguage":"pt-BR"},{"@type":"Organization","@id":"https:\/\/www.notibras.com\/site\/#organization","name":"Grupo Notibras de Comunica\u00e7\u00e3o","url":"https:\/\/www.notibras.com\/site\/","logo":{"@type":"ImageObject","inLanguage":"pt-BR","@id":"https:\/\/www.notibras.com\/site\/#\/schema\/logo\/image\/","url":"https:\/\/www.notibras.com\/site\/wp-content\/uploads\/2023\/01\/notibras23.png","contentUrl":"https:\/\/www.notibras.com\/site\/wp-content\/uploads\/2023\/01\/notibras23.png","width":350,"height":87,"caption":"Grupo Notibras de Comunica\u00e7\u00e3o"},"image":{"@id":"https:\/\/www.notibras.com\/site\/#\/schema\/logo\/image\/"},"sameAs":["https:\/\/www.facebook.com\/notibras\/","https:\/\/x.com\/Notibras","https:\/\/www.instagram.com\/notibras\/"]},{"@type":"Person","@id":"https:\/\/www.notibras.com\/site\/#\/schema\/person\/36ab0979449956132d3e5b517ea76ac8","name":"Reda\u00e7\u00e3o","image":{"@type":"ImageObject","inLanguage":"pt-BR","@id":"https:\/\/secure.gravatar.com\/avatar\/e0a867bdedb85fd243eadf09663511f96fc81e0720a4a42581f334ad4303aa6b?s=96&d=mm&r=g","url":"https:\/\/secure.gravatar.com\/avatar\/e0a867bdedb85fd243eadf09663511f96fc81e0720a4a42581f334ad4303aa6b?s=96&d=mm&r=g","contentUrl":"https:\/\/secure.gravatar.com\/avatar\/e0a867bdedb85fd243eadf09663511f96fc81e0720a4a42581f334ad4303aa6b?s=96&d=mm&r=g","caption":"Reda\u00e7\u00e3o"}}]}},"amp_enabled":true,"_links":{"self":[{"href":"https:\/\/www.notibras.com\/site\/wp-json\/wp\/v2\/posts\/42480","targetHints":{"allow":["GET"]}}],"collection":[{"href":"https:\/\/www.notibras.com\/site\/wp-json\/wp\/v2\/posts"}],"about":[{"href":"https:\/\/www.notibras.com\/site\/wp-json\/wp\/v2\/types\/post"}],"author":[{"embeddable":true,"href":"https:\/\/www.notibras.com\/site\/wp-json\/wp\/v2\/users\/2"}],"replies":[{"embeddable":true,"href":"https:\/\/www.notibras.com\/site\/wp-json\/wp\/v2\/comments?post=42480"}],"version-history":[{"count":0,"href":"https:\/\/www.notibras.com\/site\/wp-json\/wp\/v2\/posts\/42480\/revisions"}],"wp:featuredmedia":[{"embeddable":true,"href":"https:\/\/www.notibras.com\/site\/wp-json\/wp\/v2\/media\/42482"}],"wp:attachment":[{"href":"https:\/\/www.notibras.com\/site\/wp-json\/wp\/v2\/media?parent=42480"}],"wp:term":[{"taxonomy":"category","embeddable":true,"href":"https:\/\/www.notibras.com\/site\/wp-json\/wp\/v2\/categories?post=42480"},{"taxonomy":"post_tag","embeddable":true,"href":"https:\/\/www.notibras.com\/site\/wp-json\/wp\/v2\/tags?post=42480"}],"curies":[{"name":"wp","href":"https:\/\/api.w.org\/{rel}","templated":true}]}}