{"id":42591,"date":"2015-04-03T11:32:26","date_gmt":"2015-04-03T14:32:26","guid":{"rendered":"http:\/\/www.notibras.com\/site\/?p=42591"},"modified":"2015-04-03T16:02:41","modified_gmt":"2015-04-03T19:02:41","slug":"arautos-do-evangelho-invadem-as-ruas-proclamando-jesus-cristo","status":"publish","type":"post","link":"https:\/\/www.notibras.com\/site\/arautos-do-evangelho-invadem-as-ruas-proclamando-jesus-cristo\/","title":{"rendered":"Arautos do Evangelho invadem nossas ruas resgatando Jesus Cristo"},"content":{"rendered":"<p>O mineiro Lucas Alves Gramiscelli, de 26 anos, foi ordenado padre no dia 22 de agosto, ap\u00f3s 11 anos de estudos e forma\u00e7\u00e3o nos semin\u00e1rios da Associa\u00e7\u00e3o Arautos do Evangelho, sociedade de vida apost\u00f3lica aprovada pelo Vaticano que chama a aten\u00e7\u00e3o pelo visual de seus membros &#8211; homens, mulheres, adolescentes e crian\u00e7as que cal\u00e7am botas de cano longo e vestem t\u00fanicas de estilo medieval, com uma cruz desenhada no peito e uma corrente e um ter\u00e7o amarrados na cintura.<\/p>\n<p>Ele conheceu a institui\u00e7\u00e3o em Belo Horizonte e decidiu ser sacerdote durante os cursos de Filosofia e Teologia em S\u00e3o Paulo. Agora, revela o jornal O Estado de S. Paulo, \u00e9 professor e formador de seminaristas no Col\u00e9gio Internacional Arautos do Evangelho, em Embu das Artes, com mais de 100 alunos.<\/p>\n<p>Os meninos, provenientes de dez pa\u00edses, chegam atra\u00eddos pela proposta de vida baseada nas li\u00e7\u00f5es do Evangelho e na devo\u00e7\u00e3o a Maria, a m\u00e3e de Jesus. Todos se tratam por &#8220;senhor&#8221;, independentemente da idade, pois \u00e9 assim que os mais velhos se dirigem \u00e0queles que se matriculam com 12 anos ou at\u00e9 menos. Nas casas e nos col\u00e9gios das irm\u00e3s, a ala feminina dos Arautos do Evangelho, o tratamento de &#8220;senhora&#8221; n\u00e3o deixa de incomodar, mas ningu\u00e9m reclama.<\/p>\n<blockquote><p>&#8220;Cerca de 96% dos arautos (cl\u00e9rigos, irm\u00e3s e seminaristas) t\u00eam menos de 30 anos&#8221;, informa o padre Alex Barbosa de Brito, de 42 anos, reitor do col\u00e9gio e semin\u00e1rio de Embu das Artes. S\u00e9rios e calados nas horas de reflex\u00e3o, s\u00e3o alegres e brincalh\u00f5es nos contatos com quem visita seus conventos.<\/p><\/blockquote>\n<p>Fundados no Brasil por monsenhor Jo\u00e3o Cl\u00e1 Dias, seu superior geral, os Arautos t\u00eam mais de 9 mil membros em 72 pa\u00edses. S\u00e3o 1,8 mil no ramo masculino (leigos e cl\u00e9rigos, dos quais 140 s\u00e3o padres e 20 di\u00e1conos), 800 irm\u00e3s no ramo feminino e cerca de 4 mil homens e mulheres na Ordem Terceira, al\u00e9m de 2,5 mil aspirantes, em fase de aproxima\u00e7\u00e3o.<\/p>\n<p>&#8220;\u00c9 tudo uma beleza, sobretudo o ensino da Igreja&#8221;, disse o indiano Ashley Gerard, de 15 anos, que chegou h\u00e1 dez meses da \u00cdndia para estudar em S\u00e3o Paulo. De fam\u00edlia cat\u00f3lica, ele deixou os pais e a irm\u00e3 ca\u00e7ula para seguir os Arautos, sem saber ainda o que far\u00e1 no futuro.<\/p>\n<blockquote><p>\u00c9 o caso tamb\u00e9m do espanhol David Camarillo, de 14 anos, h\u00e1 seis meses no col\u00e9gio de Embu das Artes. Seus pais se surpreenderam quando ele lhes disse que gostaria de vir para o Brasil, atendendo ao convite dos arautos que visitaram seu col\u00e9gio em Madri, no dia 13 de maio, festa de Nossa Senhora de F\u00e1tima.<\/p><\/blockquote>\n","protected":false},"excerpt":{"rendered":"<p>O mineiro Lucas Alves Gramiscelli, de 26 anos, foi ordenado padre no dia 22 de agosto, ap\u00f3s 11 anos de estudos e forma\u00e7\u00e3o nos semin\u00e1rios da Associa\u00e7\u00e3o Arautos do Evangelho, sociedade de vida apost\u00f3lica aprovada pelo Vaticano que chama a aten\u00e7\u00e3o pelo visual de seus membros &#8211; homens, mulheres, adolescentes e crian\u00e7as que cal\u00e7am botas [&hellip;]<\/p>\n","protected":false},"author":2,"featured_media":42592,"comment_status":"open","ping_status":"closed","sticky":false,"template":"","format":"standard","meta":{"_acf_changed":false,"footnotes":""},"categories":[16],"tags":[],"class_list":["post-42591","post","type-post","status-publish","format-standard","has-post-thumbnail","hentry","category-brasil"],"acf":[],"_links":{"self":[{"href":"https:\/\/www.notibras.com\/site\/wp-json\/wp\/v2\/posts\/42591","targetHints":{"allow":["GET"]}}],"collection":[{"href":"https:\/\/www.notibras.com\/site\/wp-json\/wp\/v2\/posts"}],"about":[{"href":"https:\/\/www.notibras.com\/site\/wp-json\/wp\/v2\/types\/post"}],"author":[{"embeddable":true,"href":"https:\/\/www.notibras.com\/site\/wp-json\/wp\/v2\/users\/2"}],"replies":[{"embeddable":true,"href":"https:\/\/www.notibras.com\/site\/wp-json\/wp\/v2\/comments?post=42591"}],"version-history":[{"count":0,"href":"https:\/\/www.notibras.com\/site\/wp-json\/wp\/v2\/posts\/42591\/revisions"}],"wp:featuredmedia":[{"embeddable":true,"href":"https:\/\/www.notibras.com\/site\/wp-json\/wp\/v2\/media\/42592"}],"wp:attachment":[{"href":"https:\/\/www.notibras.com\/site\/wp-json\/wp\/v2\/media?parent=42591"}],"wp:term":[{"taxonomy":"category","embeddable":true,"href":"https:\/\/www.notibras.com\/site\/wp-json\/wp\/v2\/categories?post=42591"},{"taxonomy":"post_tag","embeddable":true,"href":"https:\/\/www.notibras.com\/site\/wp-json\/wp\/v2\/tags?post=42591"}],"curies":[{"name":"wp","href":"https:\/\/api.w.org\/{rel}","templated":true}]}}