{"id":42651,"date":"2015-04-03T21:19:13","date_gmt":"2015-04-04T00:19:13","guid":{"rendered":"http:\/\/www.notibras.com\/site\/?p=42651"},"modified":"2015-04-03T21:19:13","modified_gmt":"2015-04-04T00:19:13","slug":"telecomunicacoes-no-brasil-seguem-a-lei-do-velho-oeste","status":"publish","type":"post","link":"https:\/\/www.notibras.com\/site\/telecomunicacoes-no-brasil-seguem-a-lei-do-velho-oeste\/","title":{"rendered":"Telecomunica\u00e7\u00f5es no Brasil seguem a lei do Velho Oeste"},"content":{"rendered":"<p>Na palma da m\u00e3o, as pessoas carregam um dos mais fant\u00e1sticos equipamentos j\u00e1 inventados e que, a um s\u00f3 tempo, tem as fun\u00e7\u00f5es de telefone, r\u00e1dio, TV, cinema, aparelho de som, rel\u00f3gio, cron\u00f4metro, calend\u00e1rio, agenda e computador, dentre outras.<\/p>\n<p>\u00c9 prov\u00e1vel que alguns consumidores at\u00e9 se esque\u00e7am de que o telefone foi criado, originalmente, para fazer e receber liga\u00e7\u00f5es de voz. A p\u00e9, no metr\u00f4, no \u00f4nibus, no autom\u00f3vel, em casa, na escola, no restaurante e no cinema h\u00e1 sempre muitos teclando, checando e respondendo os e-mails, trocando mensagens e visitando algum site.<\/p>\n<p>Essa paix\u00e3o dos brasileiros pela internet tem alavancado as vendas de celulares com acesso \u00e0 web. Segundo a Anatel, que deveria regular esta \u00e1rea, havia mais de 160 milh\u00f5es de linhas com acesso \u00e0 banda larga m\u00f3vel no final do ano passado.<\/p>\n<p>N\u00e3o \u00e9 preciso ser um especialista para entender que, com tais n\u00fameros, as teles deveriam ter investido intensamente em infraestrutura, ou seja, em uma rede que suportasse todo esse tr\u00e1fego e o fizesse com boa velocidade.<\/p>\n<blockquote><p>Infelizmente, acontece no acesso m\u00f3vel a mesma coisa que no tr\u00e2nsito das grandes e m\u00e9dias cidades do pa\u00eds: est\u00edmulos ao cr\u00e9dito multiplicaram o n\u00famero de autom\u00f3veis sem que ruas e avenidas fossem ampliadas para receber tamanho tr\u00e1fego.<\/p><\/blockquote>\n<p>Por isso, o congestionamento provocado pelo excesso de autom\u00f3veis, \u00f4nibus, caminh\u00f5es e motocicletas nos consome v\u00e1rias horas di\u00e1rias, da mesma forma que n\u00e3o conseguimos visitar sites, baixar v\u00eddeos, m\u00fasicas e imagens, nem enviar esses conte\u00fados na velocidade contratada.<\/p>\n<p>Segundo relat\u00f3rio da empresa Akamai, o Brasil fica em 89\u00ba lugar, entre 142 pa\u00edses, na velocidade de conex\u00e3o. Ficamos atr\u00e1s em velocidade m\u00e9dia de acesso n\u00e3o somente dos pa\u00edses mais desenvolvidos, mas do Uruguai, Chile, M\u00e9xico, Argentina, Peru, Col\u00f4mbia e Equador.<\/p>\n<p>Essa lentid\u00e3o prejudica a comunica\u00e7\u00e3o, a informa\u00e7\u00e3o, o trabalho e o lazer. \u00c9 mais um indicador negativo na disputa mundial pelos mercados, que reduz a competitividade das empresas no Brasil.<\/p>\n<p>Diagnosticar o problema \u00e9 t\u00e3o f\u00e1cil quanto testar a velocidade da banda larga, com o aux\u00edlio de v\u00e1rios sites. Mas como melhorar esta situa\u00e7\u00e3o, que nos irrita, atrapalha e atrasa?<\/p>\n<p>Mesmo que a Anatel fiscalize as companhias que prestam servi\u00e7os de telecomunica\u00e7\u00f5es e as multe quando n\u00e3o entregarem o que venderam, n\u00e3o h\u00e1 grandes mudan\u00e7as no atual quadro porque dificilmente as empresas recolhem essas multas.<\/p>\n<p>Da mesma forma, o minist\u00e9rio das Comunica\u00e7\u00f5es, o Legislativo e o Judici\u00e1rio deveriam ser mais sens\u00edveis \u00e0s dificuldades enfrentadas pelos consumidores. Pagamos caro por algo que n\u00e3o funciona.<\/p>\n<blockquote><p>\u00c9 bem verdade que, do ponto de vista formal e legal, as teles seriam obrigadas, desde o final do ano passado, a garantir taxas de transmiss\u00e3o de 80%, em m\u00e9dia, para baixar e enviar arquivos. E no m\u00ednimo 40% na transmiss\u00e3o instant\u00e2nea. Ganha um doce quem conseguir essa fa\u00e7anha, seja nos computadores ou nos celulares.<\/p><\/blockquote>\n<p>H\u00e1, al\u00e9m disso, leni\u00eancia oficial com rela\u00e7\u00e3o \u00e0 m\u00e1 qualidade desses servi\u00e7os. Um exemplo disso foi a autoriza\u00e7\u00e3o para comercializa\u00e7\u00e3o da tecnologia 4G, quando a 3G ainda n\u00e3o funciona adequadamente.<\/p>\n<p>A orienta\u00e7\u00e3o aos consumidores lesados \u00e9 que registrem, por uma semana ou um m\u00eas, as velocidades de acesso. E que verifiquem se est\u00e3o recebendo a taxa de transmiss\u00e3o contratada. Se isso n\u00e3o ocorrer, recorram a uma entidade de defesa do consumidor. Se for o caso, poder\u00e3o reclamar judicialmente o descumprimento do contrato.<\/p>\n<p>Manifestem-se, tamb\u00e9m, nas redes sociais. Reclamem de suas operadoras \u00e0 Anatel. Enviem e-mail para os deputados e senadores nos quais votaram. Apoiem mobiliza\u00e7\u00f5es como &#8220;Em busca do 3G perdido&#8221;, que realizamos nos \u00faltimos anos.<\/p>\n<p>Estamos fazendo um estudo sobre a banda larga fixa, com os dados di\u00e1rios enviados por consumidores. Em breve, faremos isso tamb\u00e9m com o acesso \u00e0 internet m\u00f3vel.<\/p>\n<p>Pressionamos as autoridades a tomar provid\u00eancias, para acabar com o &#8220;velho oeste&#8221; nas telecomunica\u00e7\u00f5es, no qual manda quem tem mais poder de fogo.<\/p>\n<p><strong>Maria In\u00eas Dolci<\/strong><\/p>\n","protected":false},"excerpt":{"rendered":"<p>Na palma da m\u00e3o, as pessoas carregam um dos mais fant\u00e1sticos equipamentos j\u00e1 inventados e que, a um s\u00f3 tempo, tem as fun\u00e7\u00f5es de telefone, r\u00e1dio, TV, cinema, aparelho de som, rel\u00f3gio, cron\u00f4metro, calend\u00e1rio, agenda e computador, dentre outras. \u00c9 prov\u00e1vel que alguns consumidores at\u00e9 se esque\u00e7am de que o telefone foi criado, originalmente, para [&hellip;]<\/p>\n","protected":false},"author":2,"featured_media":42652,"comment_status":"open","ping_status":"closed","sticky":false,"template":"","format":"standard","meta":{"_acf_changed":false,"footnotes":""},"categories":[25],"tags":[],"class_list":["post-42651","post","type-post","status-publish","format-standard","has-post-thumbnail","hentry","category-opina-ai"],"acf":[],"yoast_head":"<!-- This site is optimized with the Yoast SEO plugin v27.5 - https:\/\/yoast.com\/product\/yoast-seo-wordpress\/ -->\n<title>Telecomunica\u00e7\u00f5es no Brasil seguem a lei do Velho Oeste - Notibras<\/title>\n<meta name=\"robots\" content=\"index, follow, max-snippet:-1, max-image-preview:large, max-video-preview:-1\" \/>\n<link rel=\"canonical\" href=\"https:\/\/www.notibras.com\/site\/telecomunicacoes-no-brasil-seguem-a-lei-do-velho-oeste\/\" \/>\n<meta property=\"og:locale\" content=\"pt_BR\" \/>\n<meta property=\"og:type\" content=\"article\" \/>\n<meta property=\"og:title\" content=\"Telecomunica\u00e7\u00f5es no Brasil seguem a lei do Velho Oeste - Notibras\" \/>\n<meta property=\"og:description\" content=\"Na palma da m\u00e3o, as pessoas carregam um dos mais fant\u00e1sticos equipamentos j\u00e1 inventados e que, a um s\u00f3 tempo, tem as fun\u00e7\u00f5es de telefone, r\u00e1dio, TV, cinema, aparelho de som, rel\u00f3gio, cron\u00f4metro, calend\u00e1rio, agenda e computador, dentre outras. \u00c9 prov\u00e1vel que alguns consumidores at\u00e9 se esque\u00e7am de que o telefone foi criado, originalmente, para [&hellip;]\" \/>\n<meta property=\"og:url\" content=\"https:\/\/www.notibras.com\/site\/telecomunicacoes-no-brasil-seguem-a-lei-do-velho-oeste\/\" \/>\n<meta property=\"og:site_name\" content=\"Notibras\" \/>\n<meta property=\"article:publisher\" content=\"https:\/\/www.facebook.com\/notibras\/\" \/>\n<meta property=\"article:published_time\" content=\"2015-04-04T00:19:13+00:00\" \/>\n<meta property=\"og:image\" content=\"https:\/\/www.notibras.com\/site\/wp-content\/uploads\/2015\/04\/op043.jpg\" \/>\n\t<meta property=\"og:image:width\" content=\"665\" \/>\n\t<meta property=\"og:image:height\" content=\"444\" \/>\n\t<meta property=\"og:image:type\" content=\"image\/jpeg\" \/>\n<meta name=\"author\" content=\"Reda\u00e7\u00e3o\" \/>\n<meta name=\"twitter:card\" content=\"summary_large_image\" \/>\n<meta name=\"twitter:creator\" content=\"@Notibras\" \/>\n<meta name=\"twitter:site\" content=\"@Notibras\" \/>\n<meta name=\"twitter:label1\" content=\"Escrito por\" \/>\n\t<meta name=\"twitter:data1\" content=\"Reda\u00e7\u00e3o\" \/>\n\t<meta name=\"twitter:label2\" content=\"Est. tempo de leitura\" \/>\n\t<meta name=\"twitter:data2\" content=\"4 minutos\" \/>\n<script type=\"application\/ld+json\" class=\"yoast-schema-graph\">{\"@context\":\"https:\\\/\\\/schema.org\",\"@graph\":[{\"@type\":\"Article\",\"@id\":\"https:\\\/\\\/www.notibras.com\\\/site\\\/telecomunicacoes-no-brasil-seguem-a-lei-do-velho-oeste\\\/#article\",\"isPartOf\":{\"@id\":\"https:\\\/\\\/www.notibras.com\\\/site\\\/telecomunicacoes-no-brasil-seguem-a-lei-do-velho-oeste\\\/\"},\"author\":{\"name\":\"Reda\u00e7\u00e3o\",\"@id\":\"https:\\\/\\\/www.notibras.com\\\/site\\\/#\\\/schema\\\/person\\\/36ab0979449956132d3e5b517ea76ac8\"},\"headline\":\"Telecomunica\u00e7\u00f5es no Brasil seguem a lei do Velho Oeste\",\"datePublished\":\"2015-04-04T00:19:13+00:00\",\"mainEntityOfPage\":{\"@id\":\"https:\\\/\\\/www.notibras.com\\\/site\\\/telecomunicacoes-no-brasil-seguem-a-lei-do-velho-oeste\\\/\"},\"wordCount\":716,\"commentCount\":0,\"publisher\":{\"@id\":\"https:\\\/\\\/www.notibras.com\\\/site\\\/#organization\"},\"image\":{\"@id\":\"https:\\\/\\\/www.notibras.com\\\/site\\\/telecomunicacoes-no-brasil-seguem-a-lei-do-velho-oeste\\\/#primaryimage\"},\"thumbnailUrl\":\"https:\\\/\\\/www.notibras.com\\\/site\\\/wp-content\\\/uploads\\\/2015\\\/04\\\/op043.jpg\",\"articleSection\":[\"Opina a\u00ed\"],\"inLanguage\":\"pt-BR\",\"potentialAction\":[{\"@type\":\"CommentAction\",\"name\":\"Comment\",\"target\":[\"https:\\\/\\\/www.notibras.com\\\/site\\\/telecomunicacoes-no-brasil-seguem-a-lei-do-velho-oeste\\\/#respond\"]}]},{\"@type\":\"WebPage\",\"@id\":\"https:\\\/\\\/www.notibras.com\\\/site\\\/telecomunicacoes-no-brasil-seguem-a-lei-do-velho-oeste\\\/\",\"url\":\"https:\\\/\\\/www.notibras.com\\\/site\\\/telecomunicacoes-no-brasil-seguem-a-lei-do-velho-oeste\\\/\",\"name\":\"Telecomunica\u00e7\u00f5es no Brasil seguem a lei do Velho Oeste - Notibras\",\"isPartOf\":{\"@id\":\"https:\\\/\\\/www.notibras.com\\\/site\\\/#website\"},\"primaryImageOfPage\":{\"@id\":\"https:\\\/\\\/www.notibras.com\\\/site\\\/telecomunicacoes-no-brasil-seguem-a-lei-do-velho-oeste\\\/#primaryimage\"},\"image\":{\"@id\":\"https:\\\/\\\/www.notibras.com\\\/site\\\/telecomunicacoes-no-brasil-seguem-a-lei-do-velho-oeste\\\/#primaryimage\"},\"thumbnailUrl\":\"https:\\\/\\\/www.notibras.com\\\/site\\\/wp-content\\\/uploads\\\/2015\\\/04\\\/op043.jpg\",\"datePublished\":\"2015-04-04T00:19:13+00:00\",\"breadcrumb\":{\"@id\":\"https:\\\/\\\/www.notibras.com\\\/site\\\/telecomunicacoes-no-brasil-seguem-a-lei-do-velho-oeste\\\/#breadcrumb\"},\"inLanguage\":\"pt-BR\",\"potentialAction\":[{\"@type\":\"ReadAction\",\"target\":[\"https:\\\/\\\/www.notibras.com\\\/site\\\/telecomunicacoes-no-brasil-seguem-a-lei-do-velho-oeste\\\/\"]}]},{\"@type\":\"ImageObject\",\"inLanguage\":\"pt-BR\",\"@id\":\"https:\\\/\\\/www.notibras.com\\\/site\\\/telecomunicacoes-no-brasil-seguem-a-lei-do-velho-oeste\\\/#primaryimage\",\"url\":\"https:\\\/\\\/www.notibras.com\\\/site\\\/wp-content\\\/uploads\\\/2015\\\/04\\\/op043.jpg\",\"contentUrl\":\"https:\\\/\\\/www.notibras.com\\\/site\\\/wp-content\\\/uploads\\\/2015\\\/04\\\/op043.jpg\",\"width\":665,\"height\":444},{\"@type\":\"BreadcrumbList\",\"@id\":\"https:\\\/\\\/www.notibras.com\\\/site\\\/telecomunicacoes-no-brasil-seguem-a-lei-do-velho-oeste\\\/#breadcrumb\",\"itemListElement\":[{\"@type\":\"ListItem\",\"position\":1,\"name\":\"In\u00edcio\",\"item\":\"https:\\\/\\\/www.notibras.com\\\/site\\\/\"},{\"@type\":\"ListItem\",\"position\":2,\"name\":\"Telecomunica\u00e7\u00f5es no Brasil seguem a lei do Velho Oeste\"}]},{\"@type\":\"WebSite\",\"@id\":\"https:\\\/\\\/www.notibras.com\\\/site\\\/#website\",\"url\":\"https:\\\/\\\/www.notibras.com\\\/site\\\/\",\"name\":\"Notibras\",\"description\":\"Not\u00edcias de Bras\u00edlia, do Brasil e do Mundo\",\"publisher\":{\"@id\":\"https:\\\/\\\/www.notibras.com\\\/site\\\/#organization\"},\"potentialAction\":[{\"@type\":\"SearchAction\",\"target\":{\"@type\":\"EntryPoint\",\"urlTemplate\":\"https:\\\/\\\/www.notibras.com\\\/site\\\/?s={search_term_string}\"},\"query-input\":{\"@type\":\"PropertyValueSpecification\",\"valueRequired\":true,\"valueName\":\"search_term_string\"}}],\"inLanguage\":\"pt-BR\"},{\"@type\":\"Organization\",\"@id\":\"https:\\\/\\\/www.notibras.com\\\/site\\\/#organization\",\"name\":\"Grupo Notibras de Comunica\u00e7\u00e3o\",\"url\":\"https:\\\/\\\/www.notibras.com\\\/site\\\/\",\"logo\":{\"@type\":\"ImageObject\",\"inLanguage\":\"pt-BR\",\"@id\":\"https:\\\/\\\/www.notibras.com\\\/site\\\/#\\\/schema\\\/logo\\\/image\\\/\",\"url\":\"https:\\\/\\\/www.notibras.com\\\/site\\\/wp-content\\\/uploads\\\/2023\\\/01\\\/notibras23.png\",\"contentUrl\":\"https:\\\/\\\/www.notibras.com\\\/site\\\/wp-content\\\/uploads\\\/2023\\\/01\\\/notibras23.png\",\"width\":350,\"height\":87,\"caption\":\"Grupo Notibras de Comunica\u00e7\u00e3o\"},\"image\":{\"@id\":\"https:\\\/\\\/www.notibras.com\\\/site\\\/#\\\/schema\\\/logo\\\/image\\\/\"},\"sameAs\":[\"https:\\\/\\\/www.facebook.com\\\/notibras\\\/\",\"https:\\\/\\\/x.com\\\/Notibras\",\"https:\\\/\\\/www.instagram.com\\\/notibras\\\/\"]},{\"@type\":\"Person\",\"@id\":\"https:\\\/\\\/www.notibras.com\\\/site\\\/#\\\/schema\\\/person\\\/36ab0979449956132d3e5b517ea76ac8\",\"name\":\"Reda\u00e7\u00e3o\",\"image\":{\"@type\":\"ImageObject\",\"inLanguage\":\"pt-BR\",\"@id\":\"https:\\\/\\\/secure.gravatar.com\\\/avatar\\\/e0a867bdedb85fd243eadf09663511f96fc81e0720a4a42581f334ad4303aa6b?s=96&d=mm&r=g\",\"url\":\"https:\\\/\\\/secure.gravatar.com\\\/avatar\\\/e0a867bdedb85fd243eadf09663511f96fc81e0720a4a42581f334ad4303aa6b?s=96&d=mm&r=g\",\"contentUrl\":\"https:\\\/\\\/secure.gravatar.com\\\/avatar\\\/e0a867bdedb85fd243eadf09663511f96fc81e0720a4a42581f334ad4303aa6b?s=96&d=mm&r=g\",\"caption\":\"Reda\u00e7\u00e3o\"}}]}<\/script>\n<!-- \/ Yoast SEO plugin. -->","yoast_head_json":{"title":"Telecomunica\u00e7\u00f5es no Brasil seguem a lei do Velho Oeste - Notibras","robots":{"index":"index","follow":"follow","max-snippet":"max-snippet:-1","max-image-preview":"max-image-preview:large","max-video-preview":"max-video-preview:-1"},"canonical":"https:\/\/www.notibras.com\/site\/telecomunicacoes-no-brasil-seguem-a-lei-do-velho-oeste\/","og_locale":"pt_BR","og_type":"article","og_title":"Telecomunica\u00e7\u00f5es no Brasil seguem a lei do Velho Oeste - Notibras","og_description":"Na palma da m\u00e3o, as pessoas carregam um dos mais fant\u00e1sticos equipamentos j\u00e1 inventados e que, a um s\u00f3 tempo, tem as fun\u00e7\u00f5es de telefone, r\u00e1dio, TV, cinema, aparelho de som, rel\u00f3gio, cron\u00f4metro, calend\u00e1rio, agenda e computador, dentre outras. \u00c9 prov\u00e1vel que alguns consumidores at\u00e9 se esque\u00e7am de que o telefone foi criado, originalmente, para [&hellip;]","og_url":"https:\/\/www.notibras.com\/site\/telecomunicacoes-no-brasil-seguem-a-lei-do-velho-oeste\/","og_site_name":"Notibras","article_publisher":"https:\/\/www.facebook.com\/notibras\/","article_published_time":"2015-04-04T00:19:13+00:00","og_image":[{"width":665,"height":444,"url":"https:\/\/www.notibras.com\/site\/wp-content\/uploads\/2015\/04\/op043.jpg","type":"image\/jpeg"}],"author":"Reda\u00e7\u00e3o","twitter_card":"summary_large_image","twitter_creator":"@Notibras","twitter_site":"@Notibras","twitter_misc":{"Escrito por":"Reda\u00e7\u00e3o","Est. tempo de leitura":"4 minutos"},"schema":{"@context":"https:\/\/schema.org","@graph":[{"@type":"Article","@id":"https:\/\/www.notibras.com\/site\/telecomunicacoes-no-brasil-seguem-a-lei-do-velho-oeste\/#article","isPartOf":{"@id":"https:\/\/www.notibras.com\/site\/telecomunicacoes-no-brasil-seguem-a-lei-do-velho-oeste\/"},"author":{"name":"Reda\u00e7\u00e3o","@id":"https:\/\/www.notibras.com\/site\/#\/schema\/person\/36ab0979449956132d3e5b517ea76ac8"},"headline":"Telecomunica\u00e7\u00f5es no Brasil seguem a lei do Velho Oeste","datePublished":"2015-04-04T00:19:13+00:00","mainEntityOfPage":{"@id":"https:\/\/www.notibras.com\/site\/telecomunicacoes-no-brasil-seguem-a-lei-do-velho-oeste\/"},"wordCount":716,"commentCount":0,"publisher":{"@id":"https:\/\/www.notibras.com\/site\/#organization"},"image":{"@id":"https:\/\/www.notibras.com\/site\/telecomunicacoes-no-brasil-seguem-a-lei-do-velho-oeste\/#primaryimage"},"thumbnailUrl":"https:\/\/www.notibras.com\/site\/wp-content\/uploads\/2015\/04\/op043.jpg","articleSection":["Opina a\u00ed"],"inLanguage":"pt-BR","potentialAction":[{"@type":"CommentAction","name":"Comment","target":["https:\/\/www.notibras.com\/site\/telecomunicacoes-no-brasil-seguem-a-lei-do-velho-oeste\/#respond"]}]},{"@type":"WebPage","@id":"https:\/\/www.notibras.com\/site\/telecomunicacoes-no-brasil-seguem-a-lei-do-velho-oeste\/","url":"https:\/\/www.notibras.com\/site\/telecomunicacoes-no-brasil-seguem-a-lei-do-velho-oeste\/","name":"Telecomunica\u00e7\u00f5es no Brasil seguem a lei do Velho Oeste - Notibras","isPartOf":{"@id":"https:\/\/www.notibras.com\/site\/#website"},"primaryImageOfPage":{"@id":"https:\/\/www.notibras.com\/site\/telecomunicacoes-no-brasil-seguem-a-lei-do-velho-oeste\/#primaryimage"},"image":{"@id":"https:\/\/www.notibras.com\/site\/telecomunicacoes-no-brasil-seguem-a-lei-do-velho-oeste\/#primaryimage"},"thumbnailUrl":"https:\/\/www.notibras.com\/site\/wp-content\/uploads\/2015\/04\/op043.jpg","datePublished":"2015-04-04T00:19:13+00:00","breadcrumb":{"@id":"https:\/\/www.notibras.com\/site\/telecomunicacoes-no-brasil-seguem-a-lei-do-velho-oeste\/#breadcrumb"},"inLanguage":"pt-BR","potentialAction":[{"@type":"ReadAction","target":["https:\/\/www.notibras.com\/site\/telecomunicacoes-no-brasil-seguem-a-lei-do-velho-oeste\/"]}]},{"@type":"ImageObject","inLanguage":"pt-BR","@id":"https:\/\/www.notibras.com\/site\/telecomunicacoes-no-brasil-seguem-a-lei-do-velho-oeste\/#primaryimage","url":"https:\/\/www.notibras.com\/site\/wp-content\/uploads\/2015\/04\/op043.jpg","contentUrl":"https:\/\/www.notibras.com\/site\/wp-content\/uploads\/2015\/04\/op043.jpg","width":665,"height":444},{"@type":"BreadcrumbList","@id":"https:\/\/www.notibras.com\/site\/telecomunicacoes-no-brasil-seguem-a-lei-do-velho-oeste\/#breadcrumb","itemListElement":[{"@type":"ListItem","position":1,"name":"In\u00edcio","item":"https:\/\/www.notibras.com\/site\/"},{"@type":"ListItem","position":2,"name":"Telecomunica\u00e7\u00f5es no Brasil seguem a lei do Velho Oeste"}]},{"@type":"WebSite","@id":"https:\/\/www.notibras.com\/site\/#website","url":"https:\/\/www.notibras.com\/site\/","name":"Notibras","description":"Not\u00edcias de Bras\u00edlia, do Brasil e do Mundo","publisher":{"@id":"https:\/\/www.notibras.com\/site\/#organization"},"potentialAction":[{"@type":"SearchAction","target":{"@type":"EntryPoint","urlTemplate":"https:\/\/www.notibras.com\/site\/?s={search_term_string}"},"query-input":{"@type":"PropertyValueSpecification","valueRequired":true,"valueName":"search_term_string"}}],"inLanguage":"pt-BR"},{"@type":"Organization","@id":"https:\/\/www.notibras.com\/site\/#organization","name":"Grupo Notibras de Comunica\u00e7\u00e3o","url":"https:\/\/www.notibras.com\/site\/","logo":{"@type":"ImageObject","inLanguage":"pt-BR","@id":"https:\/\/www.notibras.com\/site\/#\/schema\/logo\/image\/","url":"https:\/\/www.notibras.com\/site\/wp-content\/uploads\/2023\/01\/notibras23.png","contentUrl":"https:\/\/www.notibras.com\/site\/wp-content\/uploads\/2023\/01\/notibras23.png","width":350,"height":87,"caption":"Grupo Notibras de Comunica\u00e7\u00e3o"},"image":{"@id":"https:\/\/www.notibras.com\/site\/#\/schema\/logo\/image\/"},"sameAs":["https:\/\/www.facebook.com\/notibras\/","https:\/\/x.com\/Notibras","https:\/\/www.instagram.com\/notibras\/"]},{"@type":"Person","@id":"https:\/\/www.notibras.com\/site\/#\/schema\/person\/36ab0979449956132d3e5b517ea76ac8","name":"Reda\u00e7\u00e3o","image":{"@type":"ImageObject","inLanguage":"pt-BR","@id":"https:\/\/secure.gravatar.com\/avatar\/e0a867bdedb85fd243eadf09663511f96fc81e0720a4a42581f334ad4303aa6b?s=96&d=mm&r=g","url":"https:\/\/secure.gravatar.com\/avatar\/e0a867bdedb85fd243eadf09663511f96fc81e0720a4a42581f334ad4303aa6b?s=96&d=mm&r=g","contentUrl":"https:\/\/secure.gravatar.com\/avatar\/e0a867bdedb85fd243eadf09663511f96fc81e0720a4a42581f334ad4303aa6b?s=96&d=mm&r=g","caption":"Reda\u00e7\u00e3o"}}]}},"amp_enabled":true,"_links":{"self":[{"href":"https:\/\/www.notibras.com\/site\/wp-json\/wp\/v2\/posts\/42651","targetHints":{"allow":["GET"]}}],"collection":[{"href":"https:\/\/www.notibras.com\/site\/wp-json\/wp\/v2\/posts"}],"about":[{"href":"https:\/\/www.notibras.com\/site\/wp-json\/wp\/v2\/types\/post"}],"author":[{"embeddable":true,"href":"https:\/\/www.notibras.com\/site\/wp-json\/wp\/v2\/users\/2"}],"replies":[{"embeddable":true,"href":"https:\/\/www.notibras.com\/site\/wp-json\/wp\/v2\/comments?post=42651"}],"version-history":[{"count":0,"href":"https:\/\/www.notibras.com\/site\/wp-json\/wp\/v2\/posts\/42651\/revisions"}],"wp:featuredmedia":[{"embeddable":true,"href":"https:\/\/www.notibras.com\/site\/wp-json\/wp\/v2\/media\/42652"}],"wp:attachment":[{"href":"https:\/\/www.notibras.com\/site\/wp-json\/wp\/v2\/media?parent=42651"}],"wp:term":[{"taxonomy":"category","embeddable":true,"href":"https:\/\/www.notibras.com\/site\/wp-json\/wp\/v2\/categories?post=42651"},{"taxonomy":"post_tag","embeddable":true,"href":"https:\/\/www.notibras.com\/site\/wp-json\/wp\/v2\/tags?post=42651"}],"curies":[{"name":"wp","href":"https:\/\/api.w.org\/{rel}","templated":true}]}}