{"id":42730,"date":"2015-04-04T20:41:43","date_gmt":"2015-04-04T23:41:43","guid":{"rendered":"http:\/\/www.notibras.com\/site\/?p=42730"},"modified":"2015-04-04T20:41:43","modified_gmt":"2015-04-04T23:41:43","slug":"dudu-da-show-na-volta-de-valdivia-e-palmeiras-bate-mogi","status":"publish","type":"post","link":"https:\/\/www.notibras.com\/site\/dudu-da-show-na-volta-de-valdivia-e-palmeiras-bate-mogi\/","title":{"rendered":"Dudu d\u00e1 show na volta de Vald\u00edvia e Palmeiras bate Mogi"},"content":{"rendered":"<p>O Palmeiras n\u00e3o deu muitas chances para o Mogi Mirim na noite deste s\u00e1bado (4), no Allianz Parque, na 14\u00aa rodada do Campeonato Paulista. No dia que ficou marcado como o retorno de Valdivia aos gramados ap\u00f3s quatro meses de inatividade, o nome do jogo foi Dudu, que fez dois gols e deu uma assist\u00eancia na vit\u00f3ria por 3 a 1 e praticamente assegurou o triunfo j\u00e1 no primeiro tempo.<\/p>\n<p>Com o resultado, o time do Palestra It\u00e1lia chega aos 30 pontos e passa a ser segundo colocado no geral, atr\u00e1s apenas de Corinthians e \u00e0 frente de S\u00e3o Paulo e Santos, que ainda jogam neste domingo. O placar tamb\u00e9m define a elimina\u00e7\u00e3o do Mogi e o Red Bull como o advers\u00e1rio do time do Morumbi no mata-mata.<\/p>\n<p>Agora, na rodada final, o Palmeiras joga contra o Ituano, na pr\u00f3xima quarta-feira (8), \u00e0s 22h, fora de casa. No mesmo dia e hor\u00e1rio, o Mogi encara o Botafogo de Ribeir\u00e3o, dentro de casa.<\/p>\n<blockquote><p>O Palmeiras j\u00e1 praticamente definiu a sua vit\u00f3ria aos 14 minutos do primeiro tempo, com dois gols de Dudu. No primeiro, Cristaldo recebeu bela bola de Lucas, deu de calcanhar para Robinho, que achou o camisa 7 entrando para abrir o placar. Em seguida, foi a vez de Robinho, mais uma vez, tabela com Dudu, que saiu na cara do gol e ampliou o placar.<\/p><\/blockquote>\n<p>Os gols animaram a torcida, que empurrou o time ainda mais \u00e0 frente. Do seu gol, Fernando Prass assistia tranquilamente a Cristaldo tocar outra bola para Dudu. O atacante achou Robinho entrando na pequena \u00e1rea e s\u00f3 rolou, para um belo chute que ampliou o placar.<\/p>\n<p>No segundo tempo, o Mogi veio com duas substitui\u00e7\u00f5es que surtiram efeito quase que imediato. Rivaldinho e Geovane entraram nos lugares de Magr\u00e3o e Hygor. Ap\u00f3s boa tabela entre eles, Geovane saiu cara a cara com Fernando Prass e deu toque para encobrir o goleiro na sa\u00edda de bola. A torcida n\u00e3o se abalou. Pelo contr\u00e1rio, passou a incentivar ainda mais e comemorou quando Oswaldo, aos 16 minutos, chamou Valdivia para entrar.<\/p>\n<p>O Palmeiras administrava com tranquilidade a vit\u00f3ria, at\u00e9 que Vitor Hugo bobeou no dom\u00ednio e precisou fazer a falta. Como j\u00e1 estava pendurado, sofreu outro amarelo e deixou o time com um a menos em campo. A op\u00e7\u00e3o foi tirar Robinho para a entrada de Jackson. A mudan\u00e7a fez o time se poupar para garantir os tr\u00eas pontos.<\/p>\n","protected":false},"excerpt":{"rendered":"<p>O Palmeiras n\u00e3o deu muitas chances para o Mogi Mirim na noite deste s\u00e1bado (4), no Allianz Parque, na 14\u00aa rodada do Campeonato Paulista. No dia que ficou marcado como o retorno de Valdivia aos gramados ap\u00f3s quatro meses de inatividade, o nome do jogo foi Dudu, que fez dois gols e deu uma assist\u00eancia [&hellip;]<\/p>\n","protected":false},"author":2,"featured_media":42731,"comment_status":"open","ping_status":"closed","sticky":false,"template":"","format":"standard","meta":{"_acf_changed":false,"footnotes":""},"categories":[19,29],"tags":[],"class_list":["post-42730","post","type-post","status-publish","format-standard","has-post-thumbnail","hentry","category-esportes","category-futebol"],"acf":[],"yoast_head":"<!-- This site is optimized with the Yoast SEO plugin v27.2 - https:\/\/yoast.com\/product\/yoast-seo-wordpress\/ -->\n<title>Dudu d\u00e1 show na volta de Vald\u00edvia e Palmeiras bate Mogi - Notibras<\/title>\n<meta name=\"robots\" content=\"index, follow, max-snippet:-1, max-image-preview:large, max-video-preview:-1\" \/>\n<link rel=\"canonical\" href=\"https:\/\/www.notibras.com\/site\/dudu-da-show-na-volta-de-valdivia-e-palmeiras-bate-mogi\/\" \/>\n<meta property=\"og:locale\" content=\"pt_BR\" \/>\n<meta property=\"og:type\" content=\"article\" \/>\n<meta property=\"og:title\" content=\"Dudu d\u00e1 show na volta de Vald\u00edvia e Palmeiras bate Mogi - Notibras\" \/>\n<meta property=\"og:description\" content=\"O Palmeiras n\u00e3o deu muitas chances para o Mogi Mirim na noite deste s\u00e1bado (4), no Allianz Parque, na 14\u00aa rodada do Campeonato Paulista. No dia que ficou marcado como o retorno de Valdivia aos gramados ap\u00f3s quatro meses de inatividade, o nome do jogo foi Dudu, que fez dois gols e deu uma assist\u00eancia [&hellip;]\" \/>\n<meta property=\"og:url\" content=\"https:\/\/www.notibras.com\/site\/dudu-da-show-na-volta-de-valdivia-e-palmeiras-bate-mogi\/\" \/>\n<meta property=\"og:site_name\" content=\"Notibras\" \/>\n<meta property=\"article:publisher\" content=\"https:\/\/www.facebook.com\/notibras\/\" \/>\n<meta property=\"article:published_time\" content=\"2015-04-04T23:41:43+00:00\" \/>\n<meta property=\"og:image\" content=\"https:\/\/www.notibras.com\/site\/wp-content\/uploads\/2015\/04\/dudu4.jpg\" \/>\n\t<meta property=\"og:image:width\" content=\"460\" \/>\n\t<meta property=\"og:image:height\" content=\"307\" \/>\n\t<meta property=\"og:image:type\" content=\"image\/jpeg\" \/>\n<meta name=\"author\" content=\"Reda\u00e7\u00e3o\" \/>\n<meta name=\"twitter:card\" content=\"summary_large_image\" \/>\n<meta name=\"twitter:creator\" content=\"@Notibras\" \/>\n<meta name=\"twitter:site\" content=\"@Notibras\" \/>\n<meta name=\"twitter:label1\" content=\"Escrito por\" \/>\n\t<meta name=\"twitter:data1\" content=\"Reda\u00e7\u00e3o\" \/>\n\t<meta name=\"twitter:label2\" content=\"Est. tempo de leitura\" \/>\n\t<meta name=\"twitter:data2\" content=\"2 minutos\" \/>\n<script type=\"application\/ld+json\" class=\"yoast-schema-graph\">{\"@context\":\"https:\/\/schema.org\",\"@graph\":[{\"@type\":\"Article\",\"@id\":\"https:\/\/www.notibras.com\/site\/dudu-da-show-na-volta-de-valdivia-e-palmeiras-bate-mogi\/#article\",\"isPartOf\":{\"@id\":\"https:\/\/www.notibras.com\/site\/dudu-da-show-na-volta-de-valdivia-e-palmeiras-bate-mogi\/\"},\"author\":{\"name\":\"Reda\u00e7\u00e3o\",\"@id\":\"https:\/\/www.notibras.com\/site\/#\/schema\/person\/36ab0979449956132d3e5b517ea76ac8\"},\"headline\":\"Dudu d\u00e1 show na volta de Vald\u00edvia e Palmeiras bate Mogi\",\"datePublished\":\"2015-04-04T23:41:43+00:00\",\"mainEntityOfPage\":{\"@id\":\"https:\/\/www.notibras.com\/site\/dudu-da-show-na-volta-de-valdivia-e-palmeiras-bate-mogi\/\"},\"wordCount\":430,\"commentCount\":0,\"publisher\":{\"@id\":\"https:\/\/www.notibras.com\/site\/#organization\"},\"image\":{\"@id\":\"https:\/\/www.notibras.com\/site\/dudu-da-show-na-volta-de-valdivia-e-palmeiras-bate-mogi\/#primaryimage\"},\"thumbnailUrl\":\"https:\/\/www.notibras.com\/site\/wp-content\/uploads\/2015\/04\/dudu4.jpg\",\"articleSection\":[\"Esportes\",\"Futebol\"],\"inLanguage\":\"pt-BR\",\"potentialAction\":[{\"@type\":\"CommentAction\",\"name\":\"Comment\",\"target\":[\"https:\/\/www.notibras.com\/site\/dudu-da-show-na-volta-de-valdivia-e-palmeiras-bate-mogi\/#respond\"]}]},{\"@type\":\"WebPage\",\"@id\":\"https:\/\/www.notibras.com\/site\/dudu-da-show-na-volta-de-valdivia-e-palmeiras-bate-mogi\/\",\"url\":\"https:\/\/www.notibras.com\/site\/dudu-da-show-na-volta-de-valdivia-e-palmeiras-bate-mogi\/\",\"name\":\"Dudu d\u00e1 show na volta de Vald\u00edvia e Palmeiras bate Mogi - Notibras\",\"isPartOf\":{\"@id\":\"https:\/\/www.notibras.com\/site\/#website\"},\"primaryImageOfPage\":{\"@id\":\"https:\/\/www.notibras.com\/site\/dudu-da-show-na-volta-de-valdivia-e-palmeiras-bate-mogi\/#primaryimage\"},\"image\":{\"@id\":\"https:\/\/www.notibras.com\/site\/dudu-da-show-na-volta-de-valdivia-e-palmeiras-bate-mogi\/#primaryimage\"},\"thumbnailUrl\":\"https:\/\/www.notibras.com\/site\/wp-content\/uploads\/2015\/04\/dudu4.jpg\",\"datePublished\":\"2015-04-04T23:41:43+00:00\",\"breadcrumb\":{\"@id\":\"https:\/\/www.notibras.com\/site\/dudu-da-show-na-volta-de-valdivia-e-palmeiras-bate-mogi\/#breadcrumb\"},\"inLanguage\":\"pt-BR\",\"potentialAction\":[{\"@type\":\"ReadAction\",\"target\":[\"https:\/\/www.notibras.com\/site\/dudu-da-show-na-volta-de-valdivia-e-palmeiras-bate-mogi\/\"]}]},{\"@type\":\"ImageObject\",\"inLanguage\":\"pt-BR\",\"@id\":\"https:\/\/www.notibras.com\/site\/dudu-da-show-na-volta-de-valdivia-e-palmeiras-bate-mogi\/#primaryimage\",\"url\":\"https:\/\/www.notibras.com\/site\/wp-content\/uploads\/2015\/04\/dudu4.jpg\",\"contentUrl\":\"https:\/\/www.notibras.com\/site\/wp-content\/uploads\/2015\/04\/dudu4.jpg\",\"width\":460,\"height\":307},{\"@type\":\"BreadcrumbList\",\"@id\":\"https:\/\/www.notibras.com\/site\/dudu-da-show-na-volta-de-valdivia-e-palmeiras-bate-mogi\/#breadcrumb\",\"itemListElement\":[{\"@type\":\"ListItem\",\"position\":1,\"name\":\"In\u00edcio\",\"item\":\"https:\/\/www.notibras.com\/site\/\"},{\"@type\":\"ListItem\",\"position\":2,\"name\":\"Dudu d\u00e1 show na volta de Vald\u00edvia e Palmeiras bate Mogi\"}]},{\"@type\":\"WebSite\",\"@id\":\"https:\/\/www.notibras.com\/site\/#website\",\"url\":\"https:\/\/www.notibras.com\/site\/\",\"name\":\"Notibras\",\"description\":\"Not\u00edcias de Bras\u00edlia, do Brasil e do Mundo\",\"publisher\":{\"@id\":\"https:\/\/www.notibras.com\/site\/#organization\"},\"potentialAction\":[{\"@type\":\"SearchAction\",\"target\":{\"@type\":\"EntryPoint\",\"urlTemplate\":\"https:\/\/www.notibras.com\/site\/?s={search_term_string}\"},\"query-input\":{\"@type\":\"PropertyValueSpecification\",\"valueRequired\":true,\"valueName\":\"search_term_string\"}}],\"inLanguage\":\"pt-BR\"},{\"@type\":\"Organization\",\"@id\":\"https:\/\/www.notibras.com\/site\/#organization\",\"name\":\"Grupo Notibras de Comunica\u00e7\u00e3o\",\"url\":\"https:\/\/www.notibras.com\/site\/\",\"logo\":{\"@type\":\"ImageObject\",\"inLanguage\":\"pt-BR\",\"@id\":\"https:\/\/www.notibras.com\/site\/#\/schema\/logo\/image\/\",\"url\":\"https:\/\/www.notibras.com\/site\/wp-content\/uploads\/2023\/01\/notibras23.png\",\"contentUrl\":\"https:\/\/www.notibras.com\/site\/wp-content\/uploads\/2023\/01\/notibras23.png\",\"width\":350,\"height\":87,\"caption\":\"Grupo Notibras de Comunica\u00e7\u00e3o\"},\"image\":{\"@id\":\"https:\/\/www.notibras.com\/site\/#\/schema\/logo\/image\/\"},\"sameAs\":[\"https:\/\/www.facebook.com\/notibras\/\",\"https:\/\/x.com\/Notibras\",\"https:\/\/www.instagram.com\/notibras\/\"]},{\"@type\":\"Person\",\"@id\":\"https:\/\/www.notibras.com\/site\/#\/schema\/person\/36ab0979449956132d3e5b517ea76ac8\",\"name\":\"Reda\u00e7\u00e3o\",\"image\":{\"@type\":\"ImageObject\",\"inLanguage\":\"pt-BR\",\"@id\":\"https:\/\/secure.gravatar.com\/avatar\/e0a867bdedb85fd243eadf09663511f96fc81e0720a4a42581f334ad4303aa6b?s=96&d=mm&r=g\",\"url\":\"https:\/\/secure.gravatar.com\/avatar\/e0a867bdedb85fd243eadf09663511f96fc81e0720a4a42581f334ad4303aa6b?s=96&d=mm&r=g\",\"contentUrl\":\"https:\/\/secure.gravatar.com\/avatar\/e0a867bdedb85fd243eadf09663511f96fc81e0720a4a42581f334ad4303aa6b?s=96&d=mm&r=g\",\"caption\":\"Reda\u00e7\u00e3o\"}}]}<\/script>\n<!-- \/ Yoast SEO plugin. -->","yoast_head_json":{"title":"Dudu d\u00e1 show na volta de Vald\u00edvia e Palmeiras bate Mogi - Notibras","robots":{"index":"index","follow":"follow","max-snippet":"max-snippet:-1","max-image-preview":"max-image-preview:large","max-video-preview":"max-video-preview:-1"},"canonical":"https:\/\/www.notibras.com\/site\/dudu-da-show-na-volta-de-valdivia-e-palmeiras-bate-mogi\/","og_locale":"pt_BR","og_type":"article","og_title":"Dudu d\u00e1 show na volta de Vald\u00edvia e Palmeiras bate Mogi - Notibras","og_description":"O Palmeiras n\u00e3o deu muitas chances para o Mogi Mirim na noite deste s\u00e1bado (4), no Allianz Parque, na 14\u00aa rodada do Campeonato Paulista. No dia que ficou marcado como o retorno de Valdivia aos gramados ap\u00f3s quatro meses de inatividade, o nome do jogo foi Dudu, que fez dois gols e deu uma assist\u00eancia [&hellip;]","og_url":"https:\/\/www.notibras.com\/site\/dudu-da-show-na-volta-de-valdivia-e-palmeiras-bate-mogi\/","og_site_name":"Notibras","article_publisher":"https:\/\/www.facebook.com\/notibras\/","article_published_time":"2015-04-04T23:41:43+00:00","og_image":[{"width":460,"height":307,"url":"https:\/\/www.notibras.com\/site\/wp-content\/uploads\/2015\/04\/dudu4.jpg","type":"image\/jpeg"}],"author":"Reda\u00e7\u00e3o","twitter_card":"summary_large_image","twitter_creator":"@Notibras","twitter_site":"@Notibras","twitter_misc":{"Escrito por":"Reda\u00e7\u00e3o","Est. tempo de leitura":"2 minutos"},"schema":{"@context":"https:\/\/schema.org","@graph":[{"@type":"Article","@id":"https:\/\/www.notibras.com\/site\/dudu-da-show-na-volta-de-valdivia-e-palmeiras-bate-mogi\/#article","isPartOf":{"@id":"https:\/\/www.notibras.com\/site\/dudu-da-show-na-volta-de-valdivia-e-palmeiras-bate-mogi\/"},"author":{"name":"Reda\u00e7\u00e3o","@id":"https:\/\/www.notibras.com\/site\/#\/schema\/person\/36ab0979449956132d3e5b517ea76ac8"},"headline":"Dudu d\u00e1 show na volta de Vald\u00edvia e Palmeiras bate Mogi","datePublished":"2015-04-04T23:41:43+00:00","mainEntityOfPage":{"@id":"https:\/\/www.notibras.com\/site\/dudu-da-show-na-volta-de-valdivia-e-palmeiras-bate-mogi\/"},"wordCount":430,"commentCount":0,"publisher":{"@id":"https:\/\/www.notibras.com\/site\/#organization"},"image":{"@id":"https:\/\/www.notibras.com\/site\/dudu-da-show-na-volta-de-valdivia-e-palmeiras-bate-mogi\/#primaryimage"},"thumbnailUrl":"https:\/\/www.notibras.com\/site\/wp-content\/uploads\/2015\/04\/dudu4.jpg","articleSection":["Esportes","Futebol"],"inLanguage":"pt-BR","potentialAction":[{"@type":"CommentAction","name":"Comment","target":["https:\/\/www.notibras.com\/site\/dudu-da-show-na-volta-de-valdivia-e-palmeiras-bate-mogi\/#respond"]}]},{"@type":"WebPage","@id":"https:\/\/www.notibras.com\/site\/dudu-da-show-na-volta-de-valdivia-e-palmeiras-bate-mogi\/","url":"https:\/\/www.notibras.com\/site\/dudu-da-show-na-volta-de-valdivia-e-palmeiras-bate-mogi\/","name":"Dudu d\u00e1 show na volta de Vald\u00edvia e Palmeiras bate Mogi - Notibras","isPartOf":{"@id":"https:\/\/www.notibras.com\/site\/#website"},"primaryImageOfPage":{"@id":"https:\/\/www.notibras.com\/site\/dudu-da-show-na-volta-de-valdivia-e-palmeiras-bate-mogi\/#primaryimage"},"image":{"@id":"https:\/\/www.notibras.com\/site\/dudu-da-show-na-volta-de-valdivia-e-palmeiras-bate-mogi\/#primaryimage"},"thumbnailUrl":"https:\/\/www.notibras.com\/site\/wp-content\/uploads\/2015\/04\/dudu4.jpg","datePublished":"2015-04-04T23:41:43+00:00","breadcrumb":{"@id":"https:\/\/www.notibras.com\/site\/dudu-da-show-na-volta-de-valdivia-e-palmeiras-bate-mogi\/#breadcrumb"},"inLanguage":"pt-BR","potentialAction":[{"@type":"ReadAction","target":["https:\/\/www.notibras.com\/site\/dudu-da-show-na-volta-de-valdivia-e-palmeiras-bate-mogi\/"]}]},{"@type":"ImageObject","inLanguage":"pt-BR","@id":"https:\/\/www.notibras.com\/site\/dudu-da-show-na-volta-de-valdivia-e-palmeiras-bate-mogi\/#primaryimage","url":"https:\/\/www.notibras.com\/site\/wp-content\/uploads\/2015\/04\/dudu4.jpg","contentUrl":"https:\/\/www.notibras.com\/site\/wp-content\/uploads\/2015\/04\/dudu4.jpg","width":460,"height":307},{"@type":"BreadcrumbList","@id":"https:\/\/www.notibras.com\/site\/dudu-da-show-na-volta-de-valdivia-e-palmeiras-bate-mogi\/#breadcrumb","itemListElement":[{"@type":"ListItem","position":1,"name":"In\u00edcio","item":"https:\/\/www.notibras.com\/site\/"},{"@type":"ListItem","position":2,"name":"Dudu d\u00e1 show na volta de Vald\u00edvia e Palmeiras bate Mogi"}]},{"@type":"WebSite","@id":"https:\/\/www.notibras.com\/site\/#website","url":"https:\/\/www.notibras.com\/site\/","name":"Notibras","description":"Not\u00edcias de Bras\u00edlia, do Brasil e do Mundo","publisher":{"@id":"https:\/\/www.notibras.com\/site\/#organization"},"potentialAction":[{"@type":"SearchAction","target":{"@type":"EntryPoint","urlTemplate":"https:\/\/www.notibras.com\/site\/?s={search_term_string}"},"query-input":{"@type":"PropertyValueSpecification","valueRequired":true,"valueName":"search_term_string"}}],"inLanguage":"pt-BR"},{"@type":"Organization","@id":"https:\/\/www.notibras.com\/site\/#organization","name":"Grupo Notibras de Comunica\u00e7\u00e3o","url":"https:\/\/www.notibras.com\/site\/","logo":{"@type":"ImageObject","inLanguage":"pt-BR","@id":"https:\/\/www.notibras.com\/site\/#\/schema\/logo\/image\/","url":"https:\/\/www.notibras.com\/site\/wp-content\/uploads\/2023\/01\/notibras23.png","contentUrl":"https:\/\/www.notibras.com\/site\/wp-content\/uploads\/2023\/01\/notibras23.png","width":350,"height":87,"caption":"Grupo Notibras de Comunica\u00e7\u00e3o"},"image":{"@id":"https:\/\/www.notibras.com\/site\/#\/schema\/logo\/image\/"},"sameAs":["https:\/\/www.facebook.com\/notibras\/","https:\/\/x.com\/Notibras","https:\/\/www.instagram.com\/notibras\/"]},{"@type":"Person","@id":"https:\/\/www.notibras.com\/site\/#\/schema\/person\/36ab0979449956132d3e5b517ea76ac8","name":"Reda\u00e7\u00e3o","image":{"@type":"ImageObject","inLanguage":"pt-BR","@id":"https:\/\/secure.gravatar.com\/avatar\/e0a867bdedb85fd243eadf09663511f96fc81e0720a4a42581f334ad4303aa6b?s=96&d=mm&r=g","url":"https:\/\/secure.gravatar.com\/avatar\/e0a867bdedb85fd243eadf09663511f96fc81e0720a4a42581f334ad4303aa6b?s=96&d=mm&r=g","contentUrl":"https:\/\/secure.gravatar.com\/avatar\/e0a867bdedb85fd243eadf09663511f96fc81e0720a4a42581f334ad4303aa6b?s=96&d=mm&r=g","caption":"Reda\u00e7\u00e3o"}}]}},"amp_enabled":true,"_links":{"self":[{"href":"https:\/\/www.notibras.com\/site\/wp-json\/wp\/v2\/posts\/42730","targetHints":{"allow":["GET"]}}],"collection":[{"href":"https:\/\/www.notibras.com\/site\/wp-json\/wp\/v2\/posts"}],"about":[{"href":"https:\/\/www.notibras.com\/site\/wp-json\/wp\/v2\/types\/post"}],"author":[{"embeddable":true,"href":"https:\/\/www.notibras.com\/site\/wp-json\/wp\/v2\/users\/2"}],"replies":[{"embeddable":true,"href":"https:\/\/www.notibras.com\/site\/wp-json\/wp\/v2\/comments?post=42730"}],"version-history":[{"count":0,"href":"https:\/\/www.notibras.com\/site\/wp-json\/wp\/v2\/posts\/42730\/revisions"}],"wp:featuredmedia":[{"embeddable":true,"href":"https:\/\/www.notibras.com\/site\/wp-json\/wp\/v2\/media\/42731"}],"wp:attachment":[{"href":"https:\/\/www.notibras.com\/site\/wp-json\/wp\/v2\/media?parent=42730"}],"wp:term":[{"taxonomy":"category","embeddable":true,"href":"https:\/\/www.notibras.com\/site\/wp-json\/wp\/v2\/categories?post=42730"},{"taxonomy":"post_tag","embeddable":true,"href":"https:\/\/www.notibras.com\/site\/wp-json\/wp\/v2\/tags?post=42730"}],"curies":[{"name":"wp","href":"https:\/\/api.w.org\/{rel}","templated":true}]}}