{"id":42768,"date":"2015-04-05T08:07:40","date_gmt":"2015-04-05T11:07:40","guid":{"rendered":"http:\/\/www.notibras.com\/site\/?p=42768"},"modified":"2015-04-05T15:48:05","modified_gmt":"2015-04-05T18:48:05","slug":"lava-jato-seca-cofres-pt-fica-no-vermelho-e-comeca-a-cortar-gatos","status":"publish","type":"post","link":"https:\/\/www.notibras.com\/site\/lava-jato-seca-cofres-pt-fica-no-vermelho-e-comeca-a-cortar-gatos\/","title":{"rendered":"Lava Jato seca cofres, PT fica no vermelho e j\u00e1 come\u00e7a a cortar gastos com mordomia"},"content":{"rendered":"<p>O Partido dos Trabalhadores est\u00e1 se vendo obrigado a cortar gastos ap\u00f3s sofrer uma brutal queda de arrecada\u00e7\u00e3o provocada pela redu\u00e7\u00e3o das doa\u00e7\u00f5es privadas desde que o tesoureiro\u00a0da sigla, Jo\u00e3o Vaccari Neto, se tornou\u00a0um dos alvos da investiga\u00e7\u00e3o da Opera\u00e7\u00e3o Lava Jato. A informa\u00e7\u00e3o \u00e9 do jornal Estado de S. Paulo.<\/p>\n<p class=\"text\">O uso de passagens a\u00e9reas por dirigentes foi limitado, o aluguel de espa\u00e7os para eventos foi otimizado e funcion\u00e1rios foram demitidos de diret\u00f3rios regionais.\u00a0Tamb\u00e9m houve redu\u00e7\u00e3o nas verbas com t\u00e1xi, combust\u00edvel, alimenta\u00e7\u00e3o, servi\u00e7os t\u00e9cnicos de terceiros, advogados e gr\u00e1ficas.<\/p>\n<p class=\"text\">Depois de ter a verba de telefonemas reduzida de R$ 500 para R$ 100, alguns integrantes da Executiva Nacional da sigla optaram por trocar\u00a0de celular e optar por operadoras mais baratas.<\/p>\n<p class=\"text\">A executiva petista\u00a0ou pagou suas pr\u00f3prias passagens, ou usou\u00a0pontos acumulados em programas de fidelidade\u00a0para adquirir os bilhetes\u00a0e participar de reuni\u00e3o com o ex-presidente Lula e presidentes estaduais,\u00a0na \u00faltima segunda-feira, 30.<\/p>\n<blockquote>\n<p class=\"text\">No anivers\u00e1rio de 35 anos do partido, celebrado\u00a0em fevereiro em Belo Horizonte, dirigentes de outros Estados que participaram de um semin\u00e1rio de forma\u00e7\u00e3o pol\u00edtica tiveram que arcar com as pr\u00f3prias despesas. Alguns deles se hospedaram em casas de colega, outros\u00a0fizeram vaquinha para pagar o combust\u00edvel.<\/p>\n<\/blockquote>\n<p class=\"text\">Ajustes tamb\u00e9m t\u00eam sido feitos nos diret\u00f3rios estaduais do partido. Pelo menos 30 funcion\u00e1rios dos escrit\u00f3rios estaduais foram demitidos desde o in\u00edcio do ano, sendo os do\u00a0Rio Grande do Sul e de S\u00e3o Paulo os mais afetados. Eles perderam apoio nacional e\u00a0tiveram repasses do fundo partid\u00e1rio suspensos por erros de contabilidade.<\/p>\n","protected":false},"excerpt":{"rendered":"<p>O Partido dos Trabalhadores est\u00e1 se vendo obrigado a cortar gastos ap\u00f3s sofrer uma brutal queda de arrecada\u00e7\u00e3o provocada pela redu\u00e7\u00e3o das doa\u00e7\u00f5es privadas desde que o tesoureiro\u00a0da sigla, Jo\u00e3o Vaccari Neto, se tornou\u00a0um dos alvos da investiga\u00e7\u00e3o da Opera\u00e7\u00e3o Lava Jato. A informa\u00e7\u00e3o \u00e9 do jornal Estado de S. Paulo. O uso de passagens [&hellip;]<\/p>\n","protected":false},"author":2,"featured_media":42769,"comment_status":"open","ping_status":"closed","sticky":false,"template":"","format":"standard","meta":{"_acf_changed":false,"footnotes":""},"categories":[16],"tags":[],"class_list":["post-42768","post","type-post","status-publish","format-standard","has-post-thumbnail","hentry","category-brasil"],"acf":[],"_links":{"self":[{"href":"https:\/\/www.notibras.com\/site\/wp-json\/wp\/v2\/posts\/42768","targetHints":{"allow":["GET"]}}],"collection":[{"href":"https:\/\/www.notibras.com\/site\/wp-json\/wp\/v2\/posts"}],"about":[{"href":"https:\/\/www.notibras.com\/site\/wp-json\/wp\/v2\/types\/post"}],"author":[{"embeddable":true,"href":"https:\/\/www.notibras.com\/site\/wp-json\/wp\/v2\/users\/2"}],"replies":[{"embeddable":true,"href":"https:\/\/www.notibras.com\/site\/wp-json\/wp\/v2\/comments?post=42768"}],"version-history":[{"count":0,"href":"https:\/\/www.notibras.com\/site\/wp-json\/wp\/v2\/posts\/42768\/revisions"}],"wp:featuredmedia":[{"embeddable":true,"href":"https:\/\/www.notibras.com\/site\/wp-json\/wp\/v2\/media\/42769"}],"wp:attachment":[{"href":"https:\/\/www.notibras.com\/site\/wp-json\/wp\/v2\/media?parent=42768"}],"wp:term":[{"taxonomy":"category","embeddable":true,"href":"https:\/\/www.notibras.com\/site\/wp-json\/wp\/v2\/categories?post=42768"},{"taxonomy":"post_tag","embeddable":true,"href":"https:\/\/www.notibras.com\/site\/wp-json\/wp\/v2\/tags?post=42768"}],"curies":[{"name":"wp","href":"https:\/\/api.w.org\/{rel}","templated":true}]}}