{"id":42787,"date":"2015-04-05T09:56:24","date_gmt":"2015-04-05T12:56:24","guid":{"rendered":"http:\/\/www.notibras.com\/site\/?p=42787"},"modified":"2015-04-05T09:56:24","modified_gmt":"2015-04-05T12:56:24","slug":"brasil-precisa-de-justica-nao-de-acoes-tramitando-em-tribunais","status":"publish","type":"post","link":"https:\/\/www.notibras.com\/site\/brasil-precisa-de-justica-nao-de-acoes-tramitando-em-tribunais\/","title":{"rendered":"Brasil precisa de justi\u00e7a, n\u00e3o de a\u00e7\u00f5es tramitando em tribunais"},"content":{"rendered":"<p>O novo CPC (C\u00f3digo de Processo Civil) est\u00e1 no per\u00edodo de vacatio legis, ou seja: come\u00e7ar\u00e1 a valer dentro de um ano. Para isso, precisa ser bem conhecido agora, pois representa a poss\u00edvel mudan\u00e7a de paradigma numa rep\u00fablica em que as corpora\u00e7\u00f5es s\u00e3o fortes e fazem valer, sem grandes dificuldades, os interesses que representam.<\/p>\n<p>Por incr\u00edvel que pare\u00e7a, a filosofia do CPC \u00e9 a de evitar o processo. Quem ainda n\u00e3o percebeu que a ci\u00eancia processual, no af\u00e3 de obter a aspirada autonomia cient\u00edfica, num determinado momento se tornou muito mais importante do que o pr\u00f3prio direito do qual seria instrumento de consecu\u00e7\u00e3o?<\/p>\n<p>A excessiva judicializa\u00e7\u00e3o de todos os assuntos tornou o Brasil o mais demandista dentre todos os pa\u00edses do mundo. Chegou-se a um ponto em que litigar se mostrou lesivo a quem tem direito e lucrativo a quem o n\u00e3o det\u00e9m. \u00c9 uma pervers\u00e3o que o CPC quer enfrentar.<\/p>\n<p>Como o far\u00e1? Prestigiando as alternativas \u00e0 resolu\u00e7\u00e3o de conflitos que n\u00e3o constituem novidade no direito anglo-sax\u00e3o. Ali sabe-se que &#8216;tempo \u00e9 dinheiro&#8217; e, por isso, os processos n\u00e3o podem ter voca\u00e7\u00e3o de infinitude como aqui.<\/p>\n<p>Os mecanismos de acordos amig\u00e1veis representam uma resposta muito mais satisfat\u00f3ria a todos os envolvidos. Primeiro, s\u00e3o iniciativas aut\u00f4nomas: dependem dos interessados; enquanto o processo \u00e9 heter\u00f4nomo, representa a interven\u00e7\u00e3o for\u00e7ada do Estado na vida dos particulares. Segundo, soluciona o conflito, enquanto a decis\u00e3o judicial pode terminar o processo e acirrar a controv\u00e9rsia entre as partes.<\/p>\n<p>Por fim, pode ser feito rapidamente e economiza tempo, dinheiro e ang\u00fastia de todos. J\u00e1 um processo num sistema de 4 inst\u00e2ncias e 50 recursos \u00e9 algo que pode n\u00e3o terminar durante a vida do litigante ou do litigado.<\/p>\n<blockquote><p>Assim, o advogado que vivenciar o novo CPC dever\u00e1 estar preparado para ser um solucionador de problemas de quem o constituir, n\u00e3o um criador de demandas. Dever\u00e1 saber lidar com a media\u00e7\u00e3o antes do oferecimento da contesta\u00e7\u00e3o, enfrentar a tentativa de concilia\u00e7\u00e3o obrigat\u00f3ria e conhecer adequadamente seu impacto para o cliente, para a empresa e para o sistema Justi\u00e7a.<\/p><\/blockquote>\n<p>Precisar\u00e1 equacionar a estrat\u00e9gia de defesa dos interesses em jogo, cotejando-os com o custo-benef\u00edcio de utiliza\u00e7\u00e3o de uma das alternativas existentes ou ado\u00e7\u00e3o de outras que depender\u00e3o de sua criatividade.<\/p>\n<p>A negocia\u00e7\u00e3o processual \u00e9 uma nova cultura que precisa ser introduzida e assimilada no mundo contempor\u00e2neo, at\u00e9 com utiliza\u00e7\u00e3o de sistemas eletr\u00f4nicos hoje dispon\u00edveis. Os canais digitais, as redes web conferem celeridade \u00e0s tratativas negociais, cuja confidencialidade \u00e9 garantida, ao contr\u00e1rio do processo tradicional, onde a publicidade \u00e9 a regra.<\/p>\n<p>Enfim, para que tenhamos menos processos em ju\u00edzo, o que representar\u00e1 uma inje\u00e7\u00e3o vitam\u00ednica na Rep\u00fablica Federativa do Brasil, os advogados ter\u00e3o de ajustar suas mentalidades, ainda hoje predominantemente adversariais, ao esp\u00edrito do quanto menos processo melhor.<\/p>\n<p>O pa\u00eds precisa \u00e9 de justi\u00e7a, n\u00e3o de a\u00e7\u00f5es em tr\u00e2mite pelos quase cem tribunais nacionais.<\/p>\n<p><strong>Jos\u00e9 Renato Nalini<\/strong><\/p>\n","protected":false},"excerpt":{"rendered":"<p>O novo CPC (C\u00f3digo de Processo Civil) est\u00e1 no per\u00edodo de vacatio legis, ou seja: come\u00e7ar\u00e1 a valer dentro de um ano. Para isso, precisa ser bem conhecido agora, pois representa a poss\u00edvel mudan\u00e7a de paradigma numa rep\u00fablica em que as corpora\u00e7\u00f5es s\u00e3o fortes e fazem valer, sem grandes dificuldades, os interesses que representam. Por [&hellip;]<\/p>\n","protected":false},"author":2,"featured_media":42788,"comment_status":"open","ping_status":"closed","sticky":false,"template":"","format":"standard","meta":{"_acf_changed":false,"footnotes":""},"categories":[25],"tags":[],"class_list":["post-42787","post","type-post","status-publish","format-standard","has-post-thumbnail","hentry","category-opina-ai"],"acf":[],"yoast_head":"<!-- This site is optimized with the Yoast SEO plugin v27.5 - https:\/\/yoast.com\/product\/yoast-seo-wordpress\/ -->\n<title>Brasil precisa de justi\u00e7a, n\u00e3o de a\u00e7\u00f5es tramitando em tribunais - Notibras<\/title>\n<meta name=\"robots\" content=\"index, follow, max-snippet:-1, max-image-preview:large, max-video-preview:-1\" \/>\n<link rel=\"canonical\" href=\"https:\/\/www.notibras.com\/site\/brasil-precisa-de-justica-nao-de-acoes-tramitando-em-tribunais\/\" \/>\n<meta property=\"og:locale\" content=\"pt_BR\" \/>\n<meta property=\"og:type\" content=\"article\" \/>\n<meta property=\"og:title\" content=\"Brasil precisa de justi\u00e7a, n\u00e3o de a\u00e7\u00f5es tramitando em tribunais - Notibras\" \/>\n<meta property=\"og:description\" content=\"O novo CPC (C\u00f3digo de Processo Civil) est\u00e1 no per\u00edodo de vacatio legis, ou seja: come\u00e7ar\u00e1 a valer dentro de um ano. Para isso, precisa ser bem conhecido agora, pois representa a poss\u00edvel mudan\u00e7a de paradigma numa rep\u00fablica em que as corpora\u00e7\u00f5es s\u00e3o fortes e fazem valer, sem grandes dificuldades, os interesses que representam. Por [&hellip;]\" \/>\n<meta property=\"og:url\" content=\"https:\/\/www.notibras.com\/site\/brasil-precisa-de-justica-nao-de-acoes-tramitando-em-tribunais\/\" \/>\n<meta property=\"og:site_name\" content=\"Notibras\" \/>\n<meta property=\"article:publisher\" content=\"https:\/\/www.facebook.com\/notibras\/\" \/>\n<meta property=\"article:published_time\" content=\"2015-04-05T12:56:24+00:00\" \/>\n<meta property=\"og:image\" content=\"https:\/\/www.notibras.com\/site\/wp-content\/uploads\/2015\/04\/justica1.jpg\" \/>\n\t<meta property=\"og:image:width\" content=\"847\" \/>\n\t<meta property=\"og:image:height\" content=\"567\" \/>\n\t<meta property=\"og:image:type\" content=\"image\/jpeg\" \/>\n<meta name=\"author\" content=\"Reda\u00e7\u00e3o\" \/>\n<meta name=\"twitter:card\" content=\"summary_large_image\" \/>\n<meta name=\"twitter:creator\" content=\"@Notibras\" \/>\n<meta name=\"twitter:site\" content=\"@Notibras\" \/>\n<meta name=\"twitter:label1\" content=\"Escrito por\" \/>\n\t<meta name=\"twitter:data1\" content=\"Reda\u00e7\u00e3o\" \/>\n\t<meta name=\"twitter:label2\" content=\"Est. tempo de leitura\" \/>\n\t<meta name=\"twitter:data2\" content=\"3 minutos\" \/>\n<script type=\"application\/ld+json\" class=\"yoast-schema-graph\">{\"@context\":\"https:\\\/\\\/schema.org\",\"@graph\":[{\"@type\":\"Article\",\"@id\":\"https:\\\/\\\/www.notibras.com\\\/site\\\/brasil-precisa-de-justica-nao-de-acoes-tramitando-em-tribunais\\\/#article\",\"isPartOf\":{\"@id\":\"https:\\\/\\\/www.notibras.com\\\/site\\\/brasil-precisa-de-justica-nao-de-acoes-tramitando-em-tribunais\\\/\"},\"author\":{\"name\":\"Reda\u00e7\u00e3o\",\"@id\":\"https:\\\/\\\/www.notibras.com\\\/site\\\/#\\\/schema\\\/person\\\/36ab0979449956132d3e5b517ea76ac8\"},\"headline\":\"Brasil precisa de justi\u00e7a, n\u00e3o de a\u00e7\u00f5es tramitando em tribunais\",\"datePublished\":\"2015-04-05T12:56:24+00:00\",\"mainEntityOfPage\":{\"@id\":\"https:\\\/\\\/www.notibras.com\\\/site\\\/brasil-precisa-de-justica-nao-de-acoes-tramitando-em-tribunais\\\/\"},\"wordCount\":543,\"commentCount\":0,\"publisher\":{\"@id\":\"https:\\\/\\\/www.notibras.com\\\/site\\\/#organization\"},\"image\":{\"@id\":\"https:\\\/\\\/www.notibras.com\\\/site\\\/brasil-precisa-de-justica-nao-de-acoes-tramitando-em-tribunais\\\/#primaryimage\"},\"thumbnailUrl\":\"https:\\\/\\\/www.notibras.com\\\/site\\\/wp-content\\\/uploads\\\/2015\\\/04\\\/justica1.jpg\",\"articleSection\":[\"Opina a\u00ed\"],\"inLanguage\":\"pt-BR\",\"potentialAction\":[{\"@type\":\"CommentAction\",\"name\":\"Comment\",\"target\":[\"https:\\\/\\\/www.notibras.com\\\/site\\\/brasil-precisa-de-justica-nao-de-acoes-tramitando-em-tribunais\\\/#respond\"]}]},{\"@type\":\"WebPage\",\"@id\":\"https:\\\/\\\/www.notibras.com\\\/site\\\/brasil-precisa-de-justica-nao-de-acoes-tramitando-em-tribunais\\\/\",\"url\":\"https:\\\/\\\/www.notibras.com\\\/site\\\/brasil-precisa-de-justica-nao-de-acoes-tramitando-em-tribunais\\\/\",\"name\":\"Brasil precisa de justi\u00e7a, n\u00e3o de a\u00e7\u00f5es tramitando em tribunais - Notibras\",\"isPartOf\":{\"@id\":\"https:\\\/\\\/www.notibras.com\\\/site\\\/#website\"},\"primaryImageOfPage\":{\"@id\":\"https:\\\/\\\/www.notibras.com\\\/site\\\/brasil-precisa-de-justica-nao-de-acoes-tramitando-em-tribunais\\\/#primaryimage\"},\"image\":{\"@id\":\"https:\\\/\\\/www.notibras.com\\\/site\\\/brasil-precisa-de-justica-nao-de-acoes-tramitando-em-tribunais\\\/#primaryimage\"},\"thumbnailUrl\":\"https:\\\/\\\/www.notibras.com\\\/site\\\/wp-content\\\/uploads\\\/2015\\\/04\\\/justica1.jpg\",\"datePublished\":\"2015-04-05T12:56:24+00:00\",\"breadcrumb\":{\"@id\":\"https:\\\/\\\/www.notibras.com\\\/site\\\/brasil-precisa-de-justica-nao-de-acoes-tramitando-em-tribunais\\\/#breadcrumb\"},\"inLanguage\":\"pt-BR\",\"potentialAction\":[{\"@type\":\"ReadAction\",\"target\":[\"https:\\\/\\\/www.notibras.com\\\/site\\\/brasil-precisa-de-justica-nao-de-acoes-tramitando-em-tribunais\\\/\"]}]},{\"@type\":\"ImageObject\",\"inLanguage\":\"pt-BR\",\"@id\":\"https:\\\/\\\/www.notibras.com\\\/site\\\/brasil-precisa-de-justica-nao-de-acoes-tramitando-em-tribunais\\\/#primaryimage\",\"url\":\"https:\\\/\\\/www.notibras.com\\\/site\\\/wp-content\\\/uploads\\\/2015\\\/04\\\/justica1.jpg\",\"contentUrl\":\"https:\\\/\\\/www.notibras.com\\\/site\\\/wp-content\\\/uploads\\\/2015\\\/04\\\/justica1.jpg\",\"width\":847,\"height\":567},{\"@type\":\"BreadcrumbList\",\"@id\":\"https:\\\/\\\/www.notibras.com\\\/site\\\/brasil-precisa-de-justica-nao-de-acoes-tramitando-em-tribunais\\\/#breadcrumb\",\"itemListElement\":[{\"@type\":\"ListItem\",\"position\":1,\"name\":\"In\u00edcio\",\"item\":\"https:\\\/\\\/www.notibras.com\\\/site\\\/\"},{\"@type\":\"ListItem\",\"position\":2,\"name\":\"Brasil precisa de justi\u00e7a, n\u00e3o de a\u00e7\u00f5es tramitando em tribunais\"}]},{\"@type\":\"WebSite\",\"@id\":\"https:\\\/\\\/www.notibras.com\\\/site\\\/#website\",\"url\":\"https:\\\/\\\/www.notibras.com\\\/site\\\/\",\"name\":\"Notibras\",\"description\":\"Not\u00edcias de Bras\u00edlia, do Brasil e do Mundo\",\"publisher\":{\"@id\":\"https:\\\/\\\/www.notibras.com\\\/site\\\/#organization\"},\"potentialAction\":[{\"@type\":\"SearchAction\",\"target\":{\"@type\":\"EntryPoint\",\"urlTemplate\":\"https:\\\/\\\/www.notibras.com\\\/site\\\/?s={search_term_string}\"},\"query-input\":{\"@type\":\"PropertyValueSpecification\",\"valueRequired\":true,\"valueName\":\"search_term_string\"}}],\"inLanguage\":\"pt-BR\"},{\"@type\":\"Organization\",\"@id\":\"https:\\\/\\\/www.notibras.com\\\/site\\\/#organization\",\"name\":\"Grupo Notibras de Comunica\u00e7\u00e3o\",\"url\":\"https:\\\/\\\/www.notibras.com\\\/site\\\/\",\"logo\":{\"@type\":\"ImageObject\",\"inLanguage\":\"pt-BR\",\"@id\":\"https:\\\/\\\/www.notibras.com\\\/site\\\/#\\\/schema\\\/logo\\\/image\\\/\",\"url\":\"https:\\\/\\\/www.notibras.com\\\/site\\\/wp-content\\\/uploads\\\/2023\\\/01\\\/notibras23.png\",\"contentUrl\":\"https:\\\/\\\/www.notibras.com\\\/site\\\/wp-content\\\/uploads\\\/2023\\\/01\\\/notibras23.png\",\"width\":350,\"height\":87,\"caption\":\"Grupo Notibras de Comunica\u00e7\u00e3o\"},\"image\":{\"@id\":\"https:\\\/\\\/www.notibras.com\\\/site\\\/#\\\/schema\\\/logo\\\/image\\\/\"},\"sameAs\":[\"https:\\\/\\\/www.facebook.com\\\/notibras\\\/\",\"https:\\\/\\\/x.com\\\/Notibras\",\"https:\\\/\\\/www.instagram.com\\\/notibras\\\/\"]},{\"@type\":\"Person\",\"@id\":\"https:\\\/\\\/www.notibras.com\\\/site\\\/#\\\/schema\\\/person\\\/36ab0979449956132d3e5b517ea76ac8\",\"name\":\"Reda\u00e7\u00e3o\",\"image\":{\"@type\":\"ImageObject\",\"inLanguage\":\"pt-BR\",\"@id\":\"https:\\\/\\\/secure.gravatar.com\\\/avatar\\\/e0a867bdedb85fd243eadf09663511f96fc81e0720a4a42581f334ad4303aa6b?s=96&d=mm&r=g\",\"url\":\"https:\\\/\\\/secure.gravatar.com\\\/avatar\\\/e0a867bdedb85fd243eadf09663511f96fc81e0720a4a42581f334ad4303aa6b?s=96&d=mm&r=g\",\"contentUrl\":\"https:\\\/\\\/secure.gravatar.com\\\/avatar\\\/e0a867bdedb85fd243eadf09663511f96fc81e0720a4a42581f334ad4303aa6b?s=96&d=mm&r=g\",\"caption\":\"Reda\u00e7\u00e3o\"}}]}<\/script>\n<!-- \/ Yoast SEO plugin. -->","yoast_head_json":{"title":"Brasil precisa de justi\u00e7a, n\u00e3o de a\u00e7\u00f5es tramitando em tribunais - Notibras","robots":{"index":"index","follow":"follow","max-snippet":"max-snippet:-1","max-image-preview":"max-image-preview:large","max-video-preview":"max-video-preview:-1"},"canonical":"https:\/\/www.notibras.com\/site\/brasil-precisa-de-justica-nao-de-acoes-tramitando-em-tribunais\/","og_locale":"pt_BR","og_type":"article","og_title":"Brasil precisa de justi\u00e7a, n\u00e3o de a\u00e7\u00f5es tramitando em tribunais - Notibras","og_description":"O novo CPC (C\u00f3digo de Processo Civil) est\u00e1 no per\u00edodo de vacatio legis, ou seja: come\u00e7ar\u00e1 a valer dentro de um ano. Para isso, precisa ser bem conhecido agora, pois representa a poss\u00edvel mudan\u00e7a de paradigma numa rep\u00fablica em que as corpora\u00e7\u00f5es s\u00e3o fortes e fazem valer, sem grandes dificuldades, os interesses que representam. Por [&hellip;]","og_url":"https:\/\/www.notibras.com\/site\/brasil-precisa-de-justica-nao-de-acoes-tramitando-em-tribunais\/","og_site_name":"Notibras","article_publisher":"https:\/\/www.facebook.com\/notibras\/","article_published_time":"2015-04-05T12:56:24+00:00","og_image":[{"width":847,"height":567,"url":"https:\/\/www.notibras.com\/site\/wp-content\/uploads\/2015\/04\/justica1.jpg","type":"image\/jpeg"}],"author":"Reda\u00e7\u00e3o","twitter_card":"summary_large_image","twitter_creator":"@Notibras","twitter_site":"@Notibras","twitter_misc":{"Escrito por":"Reda\u00e7\u00e3o","Est. tempo de leitura":"3 minutos"},"schema":{"@context":"https:\/\/schema.org","@graph":[{"@type":"Article","@id":"https:\/\/www.notibras.com\/site\/brasil-precisa-de-justica-nao-de-acoes-tramitando-em-tribunais\/#article","isPartOf":{"@id":"https:\/\/www.notibras.com\/site\/brasil-precisa-de-justica-nao-de-acoes-tramitando-em-tribunais\/"},"author":{"name":"Reda\u00e7\u00e3o","@id":"https:\/\/www.notibras.com\/site\/#\/schema\/person\/36ab0979449956132d3e5b517ea76ac8"},"headline":"Brasil precisa de justi\u00e7a, n\u00e3o de a\u00e7\u00f5es tramitando em tribunais","datePublished":"2015-04-05T12:56:24+00:00","mainEntityOfPage":{"@id":"https:\/\/www.notibras.com\/site\/brasil-precisa-de-justica-nao-de-acoes-tramitando-em-tribunais\/"},"wordCount":543,"commentCount":0,"publisher":{"@id":"https:\/\/www.notibras.com\/site\/#organization"},"image":{"@id":"https:\/\/www.notibras.com\/site\/brasil-precisa-de-justica-nao-de-acoes-tramitando-em-tribunais\/#primaryimage"},"thumbnailUrl":"https:\/\/www.notibras.com\/site\/wp-content\/uploads\/2015\/04\/justica1.jpg","articleSection":["Opina a\u00ed"],"inLanguage":"pt-BR","potentialAction":[{"@type":"CommentAction","name":"Comment","target":["https:\/\/www.notibras.com\/site\/brasil-precisa-de-justica-nao-de-acoes-tramitando-em-tribunais\/#respond"]}]},{"@type":"WebPage","@id":"https:\/\/www.notibras.com\/site\/brasil-precisa-de-justica-nao-de-acoes-tramitando-em-tribunais\/","url":"https:\/\/www.notibras.com\/site\/brasil-precisa-de-justica-nao-de-acoes-tramitando-em-tribunais\/","name":"Brasil precisa de justi\u00e7a, n\u00e3o de a\u00e7\u00f5es tramitando em tribunais - Notibras","isPartOf":{"@id":"https:\/\/www.notibras.com\/site\/#website"},"primaryImageOfPage":{"@id":"https:\/\/www.notibras.com\/site\/brasil-precisa-de-justica-nao-de-acoes-tramitando-em-tribunais\/#primaryimage"},"image":{"@id":"https:\/\/www.notibras.com\/site\/brasil-precisa-de-justica-nao-de-acoes-tramitando-em-tribunais\/#primaryimage"},"thumbnailUrl":"https:\/\/www.notibras.com\/site\/wp-content\/uploads\/2015\/04\/justica1.jpg","datePublished":"2015-04-05T12:56:24+00:00","breadcrumb":{"@id":"https:\/\/www.notibras.com\/site\/brasil-precisa-de-justica-nao-de-acoes-tramitando-em-tribunais\/#breadcrumb"},"inLanguage":"pt-BR","potentialAction":[{"@type":"ReadAction","target":["https:\/\/www.notibras.com\/site\/brasil-precisa-de-justica-nao-de-acoes-tramitando-em-tribunais\/"]}]},{"@type":"ImageObject","inLanguage":"pt-BR","@id":"https:\/\/www.notibras.com\/site\/brasil-precisa-de-justica-nao-de-acoes-tramitando-em-tribunais\/#primaryimage","url":"https:\/\/www.notibras.com\/site\/wp-content\/uploads\/2015\/04\/justica1.jpg","contentUrl":"https:\/\/www.notibras.com\/site\/wp-content\/uploads\/2015\/04\/justica1.jpg","width":847,"height":567},{"@type":"BreadcrumbList","@id":"https:\/\/www.notibras.com\/site\/brasil-precisa-de-justica-nao-de-acoes-tramitando-em-tribunais\/#breadcrumb","itemListElement":[{"@type":"ListItem","position":1,"name":"In\u00edcio","item":"https:\/\/www.notibras.com\/site\/"},{"@type":"ListItem","position":2,"name":"Brasil precisa de justi\u00e7a, n\u00e3o de a\u00e7\u00f5es tramitando em tribunais"}]},{"@type":"WebSite","@id":"https:\/\/www.notibras.com\/site\/#website","url":"https:\/\/www.notibras.com\/site\/","name":"Notibras","description":"Not\u00edcias de Bras\u00edlia, do Brasil e do Mundo","publisher":{"@id":"https:\/\/www.notibras.com\/site\/#organization"},"potentialAction":[{"@type":"SearchAction","target":{"@type":"EntryPoint","urlTemplate":"https:\/\/www.notibras.com\/site\/?s={search_term_string}"},"query-input":{"@type":"PropertyValueSpecification","valueRequired":true,"valueName":"search_term_string"}}],"inLanguage":"pt-BR"},{"@type":"Organization","@id":"https:\/\/www.notibras.com\/site\/#organization","name":"Grupo Notibras de Comunica\u00e7\u00e3o","url":"https:\/\/www.notibras.com\/site\/","logo":{"@type":"ImageObject","inLanguage":"pt-BR","@id":"https:\/\/www.notibras.com\/site\/#\/schema\/logo\/image\/","url":"https:\/\/www.notibras.com\/site\/wp-content\/uploads\/2023\/01\/notibras23.png","contentUrl":"https:\/\/www.notibras.com\/site\/wp-content\/uploads\/2023\/01\/notibras23.png","width":350,"height":87,"caption":"Grupo Notibras de Comunica\u00e7\u00e3o"},"image":{"@id":"https:\/\/www.notibras.com\/site\/#\/schema\/logo\/image\/"},"sameAs":["https:\/\/www.facebook.com\/notibras\/","https:\/\/x.com\/Notibras","https:\/\/www.instagram.com\/notibras\/"]},{"@type":"Person","@id":"https:\/\/www.notibras.com\/site\/#\/schema\/person\/36ab0979449956132d3e5b517ea76ac8","name":"Reda\u00e7\u00e3o","image":{"@type":"ImageObject","inLanguage":"pt-BR","@id":"https:\/\/secure.gravatar.com\/avatar\/e0a867bdedb85fd243eadf09663511f96fc81e0720a4a42581f334ad4303aa6b?s=96&d=mm&r=g","url":"https:\/\/secure.gravatar.com\/avatar\/e0a867bdedb85fd243eadf09663511f96fc81e0720a4a42581f334ad4303aa6b?s=96&d=mm&r=g","contentUrl":"https:\/\/secure.gravatar.com\/avatar\/e0a867bdedb85fd243eadf09663511f96fc81e0720a4a42581f334ad4303aa6b?s=96&d=mm&r=g","caption":"Reda\u00e7\u00e3o"}}]}},"amp_enabled":true,"_links":{"self":[{"href":"https:\/\/www.notibras.com\/site\/wp-json\/wp\/v2\/posts\/42787","targetHints":{"allow":["GET"]}}],"collection":[{"href":"https:\/\/www.notibras.com\/site\/wp-json\/wp\/v2\/posts"}],"about":[{"href":"https:\/\/www.notibras.com\/site\/wp-json\/wp\/v2\/types\/post"}],"author":[{"embeddable":true,"href":"https:\/\/www.notibras.com\/site\/wp-json\/wp\/v2\/users\/2"}],"replies":[{"embeddable":true,"href":"https:\/\/www.notibras.com\/site\/wp-json\/wp\/v2\/comments?post=42787"}],"version-history":[{"count":0,"href":"https:\/\/www.notibras.com\/site\/wp-json\/wp\/v2\/posts\/42787\/revisions"}],"wp:featuredmedia":[{"embeddable":true,"href":"https:\/\/www.notibras.com\/site\/wp-json\/wp\/v2\/media\/42788"}],"wp:attachment":[{"href":"https:\/\/www.notibras.com\/site\/wp-json\/wp\/v2\/media?parent=42787"}],"wp:term":[{"taxonomy":"category","embeddable":true,"href":"https:\/\/www.notibras.com\/site\/wp-json\/wp\/v2\/categories?post=42787"},{"taxonomy":"post_tag","embeddable":true,"href":"https:\/\/www.notibras.com\/site\/wp-json\/wp\/v2\/tags?post=42787"}],"curies":[{"name":"wp","href":"https:\/\/api.w.org\/{rel}","templated":true}]}}