{"id":42828,"date":"2015-04-05T18:01:06","date_gmt":"2015-04-05T21:01:06","guid":{"rendered":"http:\/\/www.notibras.com\/site\/?p=42828"},"modified":"2015-04-05T18:01:06","modified_gmt":"2015-04-05T21:01:06","slug":"sao-paulo-decepciona-e-leva-de-2-a-0-em-ribeirao-preto","status":"publish","type":"post","link":"https:\/\/www.notibras.com\/site\/sao-paulo-decepciona-e-leva-de-2-a-0-em-ribeirao-preto\/","title":{"rendered":"S\u00e3o Paulo decepciona e leva de 2 a 0 em Ribeir\u00e3o Preto"},"content":{"rendered":"<p>O S\u00e3o Paulo vivia at\u00e9 agora uma crise baseada em derrotas para clubes do mesmo patamar: Corinthians, Palmeiras e San Lorenzo (ARG). Mas isso acabou, e de forma negativa. Neste domingo o time de Muricy Ramalho foi derrotado pelo Botafogo, por 2 a 0, em Ribeir\u00e3o Preto, em jogo pela pen\u00faltima rodada da primeira fase do Paulist\u00e3o. \u00c9 a primeira vez que o S\u00e3o Paulo perde dois jogos seguidos em 2015.<\/p>\n<p>O jogo n\u00e3o muda o futuro do S\u00e3o Paulo dentro da competi\u00e7\u00e3o: a equipe est\u00e1 classificada e enfrentar\u00e1 o Red Bull Brasil nas quartas de final. Mas muda o futuro n\u00e3o t\u00e3o pr\u00f3ximo do clube, assim como o clima no vesti\u00e1rio e na diretoria.<\/p>\n<p>O S\u00e3o Paulo come\u00e7ou jogando muito bem em Ribeir\u00e3o Preto. Alexandre Pato encontrou espa\u00e7os para servir de piv\u00f4, Paulo Henrique Ganso encontrou espa\u00e7os para os homens de frente, e Ewandro, pela ponta direita, achou as principais jogadas.<\/p>\n<p>Faltou, no entanto, finalizar melhor. Ewandro teve duas \u00f3timas chances no in\u00edcio da partida. Na primeira, foi derrubado pela marca\u00e7\u00e3o e poderia ter visto a marca\u00e7\u00e3o de um p\u00eanalti. A arbitragem n\u00e3o viu assim, no entanto. Depois, recebeu novamente, em posi\u00e7\u00e3o semelhante, e finalizou forte, para fora.<\/p>\n<p>Mas o S\u00e3o Paulo parou com a grande intensidade por volta dos 30 minutos de jogo, e o Botafogo aproveitou. Em duas jogadas, levou mais perigo ao gol de Rog\u00e9rio Ceni do que o S\u00e3o Paulo havia feito em todas as tentativas. Em uma delas, um cruzamento rasteiro quase achou um gol para os donos da casa.<\/p>\n<blockquote><p>A melhor chance do S\u00e3o Paulo viria com o argentino Ricardo Centuri\u00f3n, que \u00e0s v\u00e9speras da partida foi fotografado em uma casa noturna da Argentina e n\u00e3o apareceu para treinar na sexta-feira, no CT da Barra Funda. Centuri\u00f3n apareceu na cara do gol, tinha a op\u00e7\u00e3o de rolar a bola para Pato empurrar para as redes, sem goleiro, mas tentou o chute. A bola fraca n\u00e3o levou perigo ao gol do Botafogo.<\/p><\/blockquote>\n<p>Centuri\u00f3n n\u00e3o voltaria do intervalo. Gabriel Boschilia assumiu a posi\u00e7\u00e3o e passou a criar mais jogadas.<\/p>\n<p>Mas foi o Botafogo que marcou, e em lance com falha tripla do S\u00e3o Paulo. Ganso perdeu uma bola na meia ofensiva, n\u00e3o tentou recuper\u00e1-la, e o Botafogo fez lan\u00e7amento longo. O zagueiro s\u00e3o-paulino D\u00f3ria pareceu pensar que a bola fosse sair, fez mal a prote\u00e7\u00e3o e acabou surpreendido por um advers\u00e1rio, que tomou-lhe a bola, cruzou para a entrada da \u00e1rea e achou Vitor \u2013 sem qualquer marca\u00e7\u00e3o \u2013 para fazer o gol em chute no contrap\u00e9 de Rog\u00e9rio Ceni.<\/p>\n<p>O S\u00e3o Paulo levaria perigo apenas com chutes de fora da \u00e1rea, com Ganso e Boschilia. Mas veria o Botafogo marcar pela segunda vez aos 35 minutos do segundo tempo: Gimenez dominou a bola na entrada da \u00e1rea, girou para cima de Boschilia e chutou forte, sem chances para Rog\u00e9rio Ceni.<\/p>\n<p>Nos minutos finais, o Botafogo quase aumentou o placar para 3 a 0: Carl\u00e3o recebeu bola dentro da \u00e1rea, passou por Toloi e chutou na trave.<\/p>\n","protected":false},"excerpt":{"rendered":"<p>O S\u00e3o Paulo vivia at\u00e9 agora uma crise baseada em derrotas para clubes do mesmo patamar: Corinthians, Palmeiras e San Lorenzo (ARG). Mas isso acabou, e de forma negativa. Neste domingo o time de Muricy Ramalho foi derrotado pelo Botafogo, por 2 a 0, em Ribeir\u00e3o Preto, em jogo pela pen\u00faltima rodada da primeira fase [&hellip;]<\/p>\n","protected":false},"author":2,"featured_media":42829,"comment_status":"open","ping_status":"closed","sticky":false,"template":"","format":"standard","meta":{"_acf_changed":false,"footnotes":""},"categories":[19,29],"tags":[],"class_list":["post-42828","post","type-post","status-publish","format-standard","has-post-thumbnail","hentry","category-esportes","category-futebol"],"acf":[],"yoast_head":"<!-- This site is optimized with the Yoast SEO plugin v27.2 - https:\/\/yoast.com\/product\/yoast-seo-wordpress\/ -->\n<title>S\u00e3o Paulo decepciona e leva de 2 a 0 em Ribeir\u00e3o Preto - Notibras<\/title>\n<meta name=\"robots\" content=\"index, follow, max-snippet:-1, max-image-preview:large, max-video-preview:-1\" \/>\n<link rel=\"canonical\" href=\"https:\/\/www.notibras.com\/site\/sao-paulo-decepciona-e-leva-de-2-a-0-em-ribeirao-preto\/\" \/>\n<meta property=\"og:locale\" content=\"pt_BR\" \/>\n<meta property=\"og:type\" content=\"article\" \/>\n<meta property=\"og:title\" content=\"S\u00e3o Paulo decepciona e leva de 2 a 0 em Ribeir\u00e3o Preto - Notibras\" \/>\n<meta property=\"og:description\" content=\"O S\u00e3o Paulo vivia at\u00e9 agora uma crise baseada em derrotas para clubes do mesmo patamar: Corinthians, Palmeiras e San Lorenzo (ARG). Mas isso acabou, e de forma negativa. Neste domingo o time de Muricy Ramalho foi derrotado pelo Botafogo, por 2 a 0, em Ribeir\u00e3o Preto, em jogo pela pen\u00faltima rodada da primeira fase [&hellip;]\" \/>\n<meta property=\"og:url\" content=\"https:\/\/www.notibras.com\/site\/sao-paulo-decepciona-e-leva-de-2-a-0-em-ribeirao-preto\/\" \/>\n<meta property=\"og:site_name\" content=\"Notibras\" \/>\n<meta property=\"article:publisher\" content=\"https:\/\/www.facebook.com\/notibras\/\" \/>\n<meta property=\"article:published_time\" content=\"2015-04-05T21:01:06+00:00\" \/>\n<meta property=\"og:image\" content=\"https:\/\/www.notibras.com\/site\/wp-content\/uploads\/2015\/04\/sp.5.4.jpg\" \/>\n\t<meta property=\"og:image:width\" content=\"300\" \/>\n\t<meta property=\"og:image:height\" content=\"200\" \/>\n\t<meta property=\"og:image:type\" content=\"image\/jpeg\" \/>\n<meta name=\"author\" content=\"Reda\u00e7\u00e3o\" \/>\n<meta name=\"twitter:card\" content=\"summary_large_image\" \/>\n<meta name=\"twitter:creator\" content=\"@Notibras\" \/>\n<meta name=\"twitter:site\" content=\"@Notibras\" \/>\n<meta name=\"twitter:label1\" content=\"Escrito por\" \/>\n\t<meta name=\"twitter:data1\" content=\"Reda\u00e7\u00e3o\" \/>\n\t<meta name=\"twitter:label2\" content=\"Est. tempo de leitura\" \/>\n\t<meta name=\"twitter:data2\" content=\"3 minutos\" \/>\n<script type=\"application\/ld+json\" class=\"yoast-schema-graph\">{\"@context\":\"https:\/\/schema.org\",\"@graph\":[{\"@type\":\"Article\",\"@id\":\"https:\/\/www.notibras.com\/site\/sao-paulo-decepciona-e-leva-de-2-a-0-em-ribeirao-preto\/#article\",\"isPartOf\":{\"@id\":\"https:\/\/www.notibras.com\/site\/sao-paulo-decepciona-e-leva-de-2-a-0-em-ribeirao-preto\/\"},\"author\":{\"name\":\"Reda\u00e7\u00e3o\",\"@id\":\"https:\/\/www.notibras.com\/site\/#\/schema\/person\/36ab0979449956132d3e5b517ea76ac8\"},\"headline\":\"S\u00e3o Paulo decepciona e leva de 2 a 0 em Ribeir\u00e3o Preto\",\"datePublished\":\"2015-04-05T21:01:06+00:00\",\"mainEntityOfPage\":{\"@id\":\"https:\/\/www.notibras.com\/site\/sao-paulo-decepciona-e-leva-de-2-a-0-em-ribeirao-preto\/\"},\"wordCount\":553,\"commentCount\":0,\"publisher\":{\"@id\":\"https:\/\/www.notibras.com\/site\/#organization\"},\"image\":{\"@id\":\"https:\/\/www.notibras.com\/site\/sao-paulo-decepciona-e-leva-de-2-a-0-em-ribeirao-preto\/#primaryimage\"},\"thumbnailUrl\":\"https:\/\/www.notibras.com\/site\/wp-content\/uploads\/2015\/04\/sp.5.4.jpg\",\"articleSection\":[\"Esportes\",\"Futebol\"],\"inLanguage\":\"pt-BR\",\"potentialAction\":[{\"@type\":\"CommentAction\",\"name\":\"Comment\",\"target\":[\"https:\/\/www.notibras.com\/site\/sao-paulo-decepciona-e-leva-de-2-a-0-em-ribeirao-preto\/#respond\"]}]},{\"@type\":\"WebPage\",\"@id\":\"https:\/\/www.notibras.com\/site\/sao-paulo-decepciona-e-leva-de-2-a-0-em-ribeirao-preto\/\",\"url\":\"https:\/\/www.notibras.com\/site\/sao-paulo-decepciona-e-leva-de-2-a-0-em-ribeirao-preto\/\",\"name\":\"S\u00e3o Paulo decepciona e leva de 2 a 0 em Ribeir\u00e3o Preto - Notibras\",\"isPartOf\":{\"@id\":\"https:\/\/www.notibras.com\/site\/#website\"},\"primaryImageOfPage\":{\"@id\":\"https:\/\/www.notibras.com\/site\/sao-paulo-decepciona-e-leva-de-2-a-0-em-ribeirao-preto\/#primaryimage\"},\"image\":{\"@id\":\"https:\/\/www.notibras.com\/site\/sao-paulo-decepciona-e-leva-de-2-a-0-em-ribeirao-preto\/#primaryimage\"},\"thumbnailUrl\":\"https:\/\/www.notibras.com\/site\/wp-content\/uploads\/2015\/04\/sp.5.4.jpg\",\"datePublished\":\"2015-04-05T21:01:06+00:00\",\"breadcrumb\":{\"@id\":\"https:\/\/www.notibras.com\/site\/sao-paulo-decepciona-e-leva-de-2-a-0-em-ribeirao-preto\/#breadcrumb\"},\"inLanguage\":\"pt-BR\",\"potentialAction\":[{\"@type\":\"ReadAction\",\"target\":[\"https:\/\/www.notibras.com\/site\/sao-paulo-decepciona-e-leva-de-2-a-0-em-ribeirao-preto\/\"]}]},{\"@type\":\"ImageObject\",\"inLanguage\":\"pt-BR\",\"@id\":\"https:\/\/www.notibras.com\/site\/sao-paulo-decepciona-e-leva-de-2-a-0-em-ribeirao-preto\/#primaryimage\",\"url\":\"https:\/\/www.notibras.com\/site\/wp-content\/uploads\/2015\/04\/sp.5.4.jpg\",\"contentUrl\":\"https:\/\/www.notibras.com\/site\/wp-content\/uploads\/2015\/04\/sp.5.4.jpg\",\"width\":300,\"height\":200},{\"@type\":\"BreadcrumbList\",\"@id\":\"https:\/\/www.notibras.com\/site\/sao-paulo-decepciona-e-leva-de-2-a-0-em-ribeirao-preto\/#breadcrumb\",\"itemListElement\":[{\"@type\":\"ListItem\",\"position\":1,\"name\":\"In\u00edcio\",\"item\":\"https:\/\/www.notibras.com\/site\/\"},{\"@type\":\"ListItem\",\"position\":2,\"name\":\"S\u00e3o Paulo decepciona e leva de 2 a 0 em Ribeir\u00e3o Preto\"}]},{\"@type\":\"WebSite\",\"@id\":\"https:\/\/www.notibras.com\/site\/#website\",\"url\":\"https:\/\/www.notibras.com\/site\/\",\"name\":\"Notibras\",\"description\":\"Not\u00edcias de Bras\u00edlia, do Brasil e do Mundo\",\"publisher\":{\"@id\":\"https:\/\/www.notibras.com\/site\/#organization\"},\"potentialAction\":[{\"@type\":\"SearchAction\",\"target\":{\"@type\":\"EntryPoint\",\"urlTemplate\":\"https:\/\/www.notibras.com\/site\/?s={search_term_string}\"},\"query-input\":{\"@type\":\"PropertyValueSpecification\",\"valueRequired\":true,\"valueName\":\"search_term_string\"}}],\"inLanguage\":\"pt-BR\"},{\"@type\":\"Organization\",\"@id\":\"https:\/\/www.notibras.com\/site\/#organization\",\"name\":\"Grupo Notibras de Comunica\u00e7\u00e3o\",\"url\":\"https:\/\/www.notibras.com\/site\/\",\"logo\":{\"@type\":\"ImageObject\",\"inLanguage\":\"pt-BR\",\"@id\":\"https:\/\/www.notibras.com\/site\/#\/schema\/logo\/image\/\",\"url\":\"https:\/\/www.notibras.com\/site\/wp-content\/uploads\/2023\/01\/notibras23.png\",\"contentUrl\":\"https:\/\/www.notibras.com\/site\/wp-content\/uploads\/2023\/01\/notibras23.png\",\"width\":350,\"height\":87,\"caption\":\"Grupo Notibras de Comunica\u00e7\u00e3o\"},\"image\":{\"@id\":\"https:\/\/www.notibras.com\/site\/#\/schema\/logo\/image\/\"},\"sameAs\":[\"https:\/\/www.facebook.com\/notibras\/\",\"https:\/\/x.com\/Notibras\",\"https:\/\/www.instagram.com\/notibras\/\"]},{\"@type\":\"Person\",\"@id\":\"https:\/\/www.notibras.com\/site\/#\/schema\/person\/36ab0979449956132d3e5b517ea76ac8\",\"name\":\"Reda\u00e7\u00e3o\",\"image\":{\"@type\":\"ImageObject\",\"inLanguage\":\"pt-BR\",\"@id\":\"https:\/\/secure.gravatar.com\/avatar\/e0a867bdedb85fd243eadf09663511f96fc81e0720a4a42581f334ad4303aa6b?s=96&d=mm&r=g\",\"url\":\"https:\/\/secure.gravatar.com\/avatar\/e0a867bdedb85fd243eadf09663511f96fc81e0720a4a42581f334ad4303aa6b?s=96&d=mm&r=g\",\"contentUrl\":\"https:\/\/secure.gravatar.com\/avatar\/e0a867bdedb85fd243eadf09663511f96fc81e0720a4a42581f334ad4303aa6b?s=96&d=mm&r=g\",\"caption\":\"Reda\u00e7\u00e3o\"}}]}<\/script>\n<!-- \/ Yoast SEO plugin. -->","yoast_head_json":{"title":"S\u00e3o Paulo decepciona e leva de 2 a 0 em Ribeir\u00e3o Preto - Notibras","robots":{"index":"index","follow":"follow","max-snippet":"max-snippet:-1","max-image-preview":"max-image-preview:large","max-video-preview":"max-video-preview:-1"},"canonical":"https:\/\/www.notibras.com\/site\/sao-paulo-decepciona-e-leva-de-2-a-0-em-ribeirao-preto\/","og_locale":"pt_BR","og_type":"article","og_title":"S\u00e3o Paulo decepciona e leva de 2 a 0 em Ribeir\u00e3o Preto - Notibras","og_description":"O S\u00e3o Paulo vivia at\u00e9 agora uma crise baseada em derrotas para clubes do mesmo patamar: Corinthians, Palmeiras e San Lorenzo (ARG). Mas isso acabou, e de forma negativa. Neste domingo o time de Muricy Ramalho foi derrotado pelo Botafogo, por 2 a 0, em Ribeir\u00e3o Preto, em jogo pela pen\u00faltima rodada da primeira fase [&hellip;]","og_url":"https:\/\/www.notibras.com\/site\/sao-paulo-decepciona-e-leva-de-2-a-0-em-ribeirao-preto\/","og_site_name":"Notibras","article_publisher":"https:\/\/www.facebook.com\/notibras\/","article_published_time":"2015-04-05T21:01:06+00:00","og_image":[{"width":300,"height":200,"url":"https:\/\/www.notibras.com\/site\/wp-content\/uploads\/2015\/04\/sp.5.4.jpg","type":"image\/jpeg"}],"author":"Reda\u00e7\u00e3o","twitter_card":"summary_large_image","twitter_creator":"@Notibras","twitter_site":"@Notibras","twitter_misc":{"Escrito por":"Reda\u00e7\u00e3o","Est. tempo de leitura":"3 minutos"},"schema":{"@context":"https:\/\/schema.org","@graph":[{"@type":"Article","@id":"https:\/\/www.notibras.com\/site\/sao-paulo-decepciona-e-leva-de-2-a-0-em-ribeirao-preto\/#article","isPartOf":{"@id":"https:\/\/www.notibras.com\/site\/sao-paulo-decepciona-e-leva-de-2-a-0-em-ribeirao-preto\/"},"author":{"name":"Reda\u00e7\u00e3o","@id":"https:\/\/www.notibras.com\/site\/#\/schema\/person\/36ab0979449956132d3e5b517ea76ac8"},"headline":"S\u00e3o Paulo decepciona e leva de 2 a 0 em Ribeir\u00e3o Preto","datePublished":"2015-04-05T21:01:06+00:00","mainEntityOfPage":{"@id":"https:\/\/www.notibras.com\/site\/sao-paulo-decepciona-e-leva-de-2-a-0-em-ribeirao-preto\/"},"wordCount":553,"commentCount":0,"publisher":{"@id":"https:\/\/www.notibras.com\/site\/#organization"},"image":{"@id":"https:\/\/www.notibras.com\/site\/sao-paulo-decepciona-e-leva-de-2-a-0-em-ribeirao-preto\/#primaryimage"},"thumbnailUrl":"https:\/\/www.notibras.com\/site\/wp-content\/uploads\/2015\/04\/sp.5.4.jpg","articleSection":["Esportes","Futebol"],"inLanguage":"pt-BR","potentialAction":[{"@type":"CommentAction","name":"Comment","target":["https:\/\/www.notibras.com\/site\/sao-paulo-decepciona-e-leva-de-2-a-0-em-ribeirao-preto\/#respond"]}]},{"@type":"WebPage","@id":"https:\/\/www.notibras.com\/site\/sao-paulo-decepciona-e-leva-de-2-a-0-em-ribeirao-preto\/","url":"https:\/\/www.notibras.com\/site\/sao-paulo-decepciona-e-leva-de-2-a-0-em-ribeirao-preto\/","name":"S\u00e3o Paulo decepciona e leva de 2 a 0 em Ribeir\u00e3o Preto - Notibras","isPartOf":{"@id":"https:\/\/www.notibras.com\/site\/#website"},"primaryImageOfPage":{"@id":"https:\/\/www.notibras.com\/site\/sao-paulo-decepciona-e-leva-de-2-a-0-em-ribeirao-preto\/#primaryimage"},"image":{"@id":"https:\/\/www.notibras.com\/site\/sao-paulo-decepciona-e-leva-de-2-a-0-em-ribeirao-preto\/#primaryimage"},"thumbnailUrl":"https:\/\/www.notibras.com\/site\/wp-content\/uploads\/2015\/04\/sp.5.4.jpg","datePublished":"2015-04-05T21:01:06+00:00","breadcrumb":{"@id":"https:\/\/www.notibras.com\/site\/sao-paulo-decepciona-e-leva-de-2-a-0-em-ribeirao-preto\/#breadcrumb"},"inLanguage":"pt-BR","potentialAction":[{"@type":"ReadAction","target":["https:\/\/www.notibras.com\/site\/sao-paulo-decepciona-e-leva-de-2-a-0-em-ribeirao-preto\/"]}]},{"@type":"ImageObject","inLanguage":"pt-BR","@id":"https:\/\/www.notibras.com\/site\/sao-paulo-decepciona-e-leva-de-2-a-0-em-ribeirao-preto\/#primaryimage","url":"https:\/\/www.notibras.com\/site\/wp-content\/uploads\/2015\/04\/sp.5.4.jpg","contentUrl":"https:\/\/www.notibras.com\/site\/wp-content\/uploads\/2015\/04\/sp.5.4.jpg","width":300,"height":200},{"@type":"BreadcrumbList","@id":"https:\/\/www.notibras.com\/site\/sao-paulo-decepciona-e-leva-de-2-a-0-em-ribeirao-preto\/#breadcrumb","itemListElement":[{"@type":"ListItem","position":1,"name":"In\u00edcio","item":"https:\/\/www.notibras.com\/site\/"},{"@type":"ListItem","position":2,"name":"S\u00e3o Paulo decepciona e leva de 2 a 0 em Ribeir\u00e3o Preto"}]},{"@type":"WebSite","@id":"https:\/\/www.notibras.com\/site\/#website","url":"https:\/\/www.notibras.com\/site\/","name":"Notibras","description":"Not\u00edcias de Bras\u00edlia, do Brasil e do Mundo","publisher":{"@id":"https:\/\/www.notibras.com\/site\/#organization"},"potentialAction":[{"@type":"SearchAction","target":{"@type":"EntryPoint","urlTemplate":"https:\/\/www.notibras.com\/site\/?s={search_term_string}"},"query-input":{"@type":"PropertyValueSpecification","valueRequired":true,"valueName":"search_term_string"}}],"inLanguage":"pt-BR"},{"@type":"Organization","@id":"https:\/\/www.notibras.com\/site\/#organization","name":"Grupo Notibras de Comunica\u00e7\u00e3o","url":"https:\/\/www.notibras.com\/site\/","logo":{"@type":"ImageObject","inLanguage":"pt-BR","@id":"https:\/\/www.notibras.com\/site\/#\/schema\/logo\/image\/","url":"https:\/\/www.notibras.com\/site\/wp-content\/uploads\/2023\/01\/notibras23.png","contentUrl":"https:\/\/www.notibras.com\/site\/wp-content\/uploads\/2023\/01\/notibras23.png","width":350,"height":87,"caption":"Grupo Notibras de Comunica\u00e7\u00e3o"},"image":{"@id":"https:\/\/www.notibras.com\/site\/#\/schema\/logo\/image\/"},"sameAs":["https:\/\/www.facebook.com\/notibras\/","https:\/\/x.com\/Notibras","https:\/\/www.instagram.com\/notibras\/"]},{"@type":"Person","@id":"https:\/\/www.notibras.com\/site\/#\/schema\/person\/36ab0979449956132d3e5b517ea76ac8","name":"Reda\u00e7\u00e3o","image":{"@type":"ImageObject","inLanguage":"pt-BR","@id":"https:\/\/secure.gravatar.com\/avatar\/e0a867bdedb85fd243eadf09663511f96fc81e0720a4a42581f334ad4303aa6b?s=96&d=mm&r=g","url":"https:\/\/secure.gravatar.com\/avatar\/e0a867bdedb85fd243eadf09663511f96fc81e0720a4a42581f334ad4303aa6b?s=96&d=mm&r=g","contentUrl":"https:\/\/secure.gravatar.com\/avatar\/e0a867bdedb85fd243eadf09663511f96fc81e0720a4a42581f334ad4303aa6b?s=96&d=mm&r=g","caption":"Reda\u00e7\u00e3o"}}]}},"amp_enabled":true,"_links":{"self":[{"href":"https:\/\/www.notibras.com\/site\/wp-json\/wp\/v2\/posts\/42828","targetHints":{"allow":["GET"]}}],"collection":[{"href":"https:\/\/www.notibras.com\/site\/wp-json\/wp\/v2\/posts"}],"about":[{"href":"https:\/\/www.notibras.com\/site\/wp-json\/wp\/v2\/types\/post"}],"author":[{"embeddable":true,"href":"https:\/\/www.notibras.com\/site\/wp-json\/wp\/v2\/users\/2"}],"replies":[{"embeddable":true,"href":"https:\/\/www.notibras.com\/site\/wp-json\/wp\/v2\/comments?post=42828"}],"version-history":[{"count":0,"href":"https:\/\/www.notibras.com\/site\/wp-json\/wp\/v2\/posts\/42828\/revisions"}],"wp:featuredmedia":[{"embeddable":true,"href":"https:\/\/www.notibras.com\/site\/wp-json\/wp\/v2\/media\/42829"}],"wp:attachment":[{"href":"https:\/\/www.notibras.com\/site\/wp-json\/wp\/v2\/media?parent=42828"}],"wp:term":[{"taxonomy":"category","embeddable":true,"href":"https:\/\/www.notibras.com\/site\/wp-json\/wp\/v2\/categories?post=42828"},{"taxonomy":"post_tag","embeddable":true,"href":"https:\/\/www.notibras.com\/site\/wp-json\/wp\/v2\/tags?post=42828"}],"curies":[{"name":"wp","href":"https:\/\/api.w.org\/{rel}","templated":true}]}}