{"id":42831,"date":"2015-04-05T19:40:09","date_gmt":"2015-04-05T22:40:09","guid":{"rendered":"http:\/\/www.notibras.com\/site\/?p=42831"},"modified":"2015-04-30T12:07:45","modified_gmt":"2015-04-30T15:07:45","slug":"santos-leva-o-primeiro-reage-a-pressao-do-corinthians-e-empata-em-1-a-1","status":"publish","type":"post","link":"https:\/\/www.notibras.com\/site\/santos-leva-o-primeiro-reage-a-pressao-do-corinthians-e-empata-em-1-a-1\/","title":{"rendered":"Santos leva o primeiro, reage ao Tim\u00e3o e empata em 1&#215;1"},"content":{"rendered":"<p>A tarde de P\u00e1scoa foi de Vladimir na Arena Corinthians. Em jogo inspirado, o goleiro do Santos se destacou na pen\u00faltima rodada do Paulist\u00e3o e foi o nome da partida no empate por 1 a 1 com os donos da casa neste domingo (5). Os gols foram de Felipe e Ricardo Oliveira.<\/p>\n<p>Pressionado antes mesmo de a bola rolar, Vladimir mostrou reflexos em dia em uma sequ\u00eancia digna de compara\u00e7\u00f5es com Rodolfo Rodrigues. Certamente, ele estar\u00e1 nos pensamentos de Paolo Guerrero, parado por ele em pelo menos cinco oportunidades.<\/p>\n<p>O resultado faz o Santos chegar aos 31 pontos e voltar a ser vice-l\u00edder no geral, ultrapassando o Palmeiras, que tem 30. O Corinthians, por sua vez, vai a 36 pontos e segue, como folga, como o melhor da competi\u00e7\u00e3o. Na pr\u00f3xima rodada, na quarta-feira, \u00e0s 22h, os comandados de Tite enfrentam o XV de Piracicaba, fora de casa, enquanto os garotos da Vila recebem o Rio Claro.<\/p>\n<blockquote><p>O Corinthians foi massacrante nos primeiros 45 minutos. A equipe de Itaquera dominou o jogo e viu C\u00e1ssio tocar na bola duas vezes e sem precisar fazer muito esfor\u00e7o. At\u00e9 por isso, o destaque da etapa inicial foi de Vladimir.<\/p><\/blockquote>\n<p>O goleiro santista parou Guerrero em uma sequ\u00eancia digna de ir para seu DVD de melhores defesas, com duas espalmadas \u00e0 queima roupa sensacionais, uma delas de cabe\u00e7a e a outra com chute dentro da pequena \u00e1rea. Depois, o peruano ainda tentou mais duas vezes pela esquerda e tamb\u00e9m parou no arqueiro. O jeito foi apelas para o ponto fraco santista e abrir o placar com Felipe, ap\u00f3s batida de escanteio de Jadson.<\/p>\n<p>No segundo tempo, o Santos come\u00e7ou assustando com uma falta batida da entrada da \u00e1rea. Elano bateu bem e colocou a bola na rede pelo lado de fora da rede. Logo em seguida, ele foi substitu\u00eddo por Geuv\u00e2nio. O jovem entrou para j\u00e1 mudar o placar. Ele cruzou e achou Ricardo Oliveira se movimentando no primeiro pau para desviar de cabe\u00e7a e empatar.<\/p>\n<p>O gol, ent\u00e3o, fez o Santos melhorar muito no jogo. Foi a vez de Vladimir virar espectador e C\u00e1ssio ter trabalho. Robinho passou a participar mais do jogo pela esquerda, conseguiu dar trabalho a zaga rival, especialmente a Felipe. O que impediu a virada, no entanto, foram os erros em sequ\u00eancia no \u00faltimo passe da equipe da Baixada. Aos 30 minutos, tentando mudar o rumo do jogo, Tite escalou Vagner Love no lugar de Guerrero. N\u00e3o adiantou e o empate foi mantido.<\/p>\n","protected":false},"excerpt":{"rendered":"<p>A tarde de P\u00e1scoa foi de Vladimir na Arena Corinthians. Em jogo inspirado, o goleiro do Santos se destacou na pen\u00faltima rodada do Paulist\u00e3o e foi o nome da partida no empate por 1 a 1 com os donos da casa neste domingo (5). Os gols foram de Felipe e Ricardo Oliveira. Pressionado antes mesmo [&hellip;]<\/p>\n","protected":false},"author":2,"featured_media":42832,"comment_status":"open","ping_status":"closed","sticky":false,"template":"","format":"standard","meta":{"_acf_changed":false,"footnotes":""},"categories":[19,29],"tags":[],"class_list":["post-42831","post","type-post","status-publish","format-standard","has-post-thumbnail","hentry","category-esportes","category-futebol"],"acf":[],"yoast_head":"<!-- This site is optimized with the Yoast SEO plugin v27.2 - https:\/\/yoast.com\/product\/yoast-seo-wordpress\/ -->\n<title>Santos leva o primeiro, reage ao Tim\u00e3o e empata em 1x1 - Notibras<\/title>\n<meta name=\"robots\" content=\"index, follow, max-snippet:-1, max-image-preview:large, max-video-preview:-1\" \/>\n<link rel=\"canonical\" href=\"https:\/\/www.notibras.com\/site\/santos-leva-o-primeiro-reage-a-pressao-do-corinthians-e-empata-em-1-a-1\/\" \/>\n<meta property=\"og:locale\" content=\"pt_BR\" \/>\n<meta property=\"og:type\" content=\"article\" \/>\n<meta property=\"og:title\" content=\"Santos leva o primeiro, reage ao Tim\u00e3o e empata em 1x1 - Notibras\" \/>\n<meta property=\"og:description\" content=\"A tarde de P\u00e1scoa foi de Vladimir na Arena Corinthians. Em jogo inspirado, o goleiro do Santos se destacou na pen\u00faltima rodada do Paulist\u00e3o e foi o nome da partida no empate por 1 a 1 com os donos da casa neste domingo (5). Os gols foram de Felipe e Ricardo Oliveira. Pressionado antes mesmo [&hellip;]\" \/>\n<meta property=\"og:url\" content=\"https:\/\/www.notibras.com\/site\/santos-leva-o-primeiro-reage-a-pressao-do-corinthians-e-empata-em-1-a-1\/\" \/>\n<meta property=\"og:site_name\" content=\"Notibras\" \/>\n<meta property=\"article:publisher\" content=\"https:\/\/www.facebook.com\/notibras\/\" \/>\n<meta property=\"article:published_time\" content=\"2015-04-05T22:40:09+00:00\" \/>\n<meta property=\"article:modified_time\" content=\"2015-04-30T15:07:45+00:00\" \/>\n<meta property=\"og:image\" content=\"https:\/\/www.notibras.com\/site\/wp-content\/uploads\/2015\/04\/santosecorinthians.jpg\" \/>\n\t<meta property=\"og:image:width\" content=\"564\" \/>\n\t<meta property=\"og:image:height\" content=\"430\" \/>\n\t<meta property=\"og:image:type\" content=\"image\/jpeg\" \/>\n<meta name=\"author\" content=\"Reda\u00e7\u00e3o\" \/>\n<meta name=\"twitter:card\" content=\"summary_large_image\" \/>\n<meta name=\"twitter:creator\" content=\"@Notibras\" \/>\n<meta name=\"twitter:site\" content=\"@Notibras\" \/>\n<meta name=\"twitter:label1\" content=\"Escrito por\" \/>\n\t<meta name=\"twitter:data1\" content=\"Reda\u00e7\u00e3o\" \/>\n\t<meta name=\"twitter:label2\" content=\"Est. tempo de leitura\" \/>\n\t<meta name=\"twitter:data2\" content=\"2 minutos\" \/>\n<script type=\"application\/ld+json\" class=\"yoast-schema-graph\">{\"@context\":\"https:\/\/schema.org\",\"@graph\":[{\"@type\":\"Article\",\"@id\":\"https:\/\/www.notibras.com\/site\/santos-leva-o-primeiro-reage-a-pressao-do-corinthians-e-empata-em-1-a-1\/#article\",\"isPartOf\":{\"@id\":\"https:\/\/www.notibras.com\/site\/santos-leva-o-primeiro-reage-a-pressao-do-corinthians-e-empata-em-1-a-1\/\"},\"author\":{\"name\":\"Reda\u00e7\u00e3o\",\"@id\":\"https:\/\/www.notibras.com\/site\/#\/schema\/person\/36ab0979449956132d3e5b517ea76ac8\"},\"headline\":\"Santos leva o primeiro, reage ao Tim\u00e3o e empata em 1&#215;1\",\"datePublished\":\"2015-04-05T22:40:09+00:00\",\"dateModified\":\"2015-04-30T15:07:45+00:00\",\"mainEntityOfPage\":{\"@id\":\"https:\/\/www.notibras.com\/site\/santos-leva-o-primeiro-reage-a-pressao-do-corinthians-e-empata-em-1-a-1\/\"},\"wordCount\":440,\"commentCount\":0,\"publisher\":{\"@id\":\"https:\/\/www.notibras.com\/site\/#organization\"},\"image\":{\"@id\":\"https:\/\/www.notibras.com\/site\/santos-leva-o-primeiro-reage-a-pressao-do-corinthians-e-empata-em-1-a-1\/#primaryimage\"},\"thumbnailUrl\":\"https:\/\/www.notibras.com\/site\/wp-content\/uploads\/2015\/04\/santosecorinthians.jpg\",\"articleSection\":[\"Esportes\",\"Futebol\"],\"inLanguage\":\"pt-BR\",\"potentialAction\":[{\"@type\":\"CommentAction\",\"name\":\"Comment\",\"target\":[\"https:\/\/www.notibras.com\/site\/santos-leva-o-primeiro-reage-a-pressao-do-corinthians-e-empata-em-1-a-1\/#respond\"]}]},{\"@type\":\"WebPage\",\"@id\":\"https:\/\/www.notibras.com\/site\/santos-leva-o-primeiro-reage-a-pressao-do-corinthians-e-empata-em-1-a-1\/\",\"url\":\"https:\/\/www.notibras.com\/site\/santos-leva-o-primeiro-reage-a-pressao-do-corinthians-e-empata-em-1-a-1\/\",\"name\":\"Santos leva o primeiro, reage ao Tim\u00e3o e empata em 1x1 - Notibras\",\"isPartOf\":{\"@id\":\"https:\/\/www.notibras.com\/site\/#website\"},\"primaryImageOfPage\":{\"@id\":\"https:\/\/www.notibras.com\/site\/santos-leva-o-primeiro-reage-a-pressao-do-corinthians-e-empata-em-1-a-1\/#primaryimage\"},\"image\":{\"@id\":\"https:\/\/www.notibras.com\/site\/santos-leva-o-primeiro-reage-a-pressao-do-corinthians-e-empata-em-1-a-1\/#primaryimage\"},\"thumbnailUrl\":\"https:\/\/www.notibras.com\/site\/wp-content\/uploads\/2015\/04\/santosecorinthians.jpg\",\"datePublished\":\"2015-04-05T22:40:09+00:00\",\"dateModified\":\"2015-04-30T15:07:45+00:00\",\"breadcrumb\":{\"@id\":\"https:\/\/www.notibras.com\/site\/santos-leva-o-primeiro-reage-a-pressao-do-corinthians-e-empata-em-1-a-1\/#breadcrumb\"},\"inLanguage\":\"pt-BR\",\"potentialAction\":[{\"@type\":\"ReadAction\",\"target\":[\"https:\/\/www.notibras.com\/site\/santos-leva-o-primeiro-reage-a-pressao-do-corinthians-e-empata-em-1-a-1\/\"]}]},{\"@type\":\"ImageObject\",\"inLanguage\":\"pt-BR\",\"@id\":\"https:\/\/www.notibras.com\/site\/santos-leva-o-primeiro-reage-a-pressao-do-corinthians-e-empata-em-1-a-1\/#primaryimage\",\"url\":\"https:\/\/www.notibras.com\/site\/wp-content\/uploads\/2015\/04\/santosecorinthians.jpg\",\"contentUrl\":\"https:\/\/www.notibras.com\/site\/wp-content\/uploads\/2015\/04\/santosecorinthians.jpg\",\"width\":564,\"height\":430},{\"@type\":\"BreadcrumbList\",\"@id\":\"https:\/\/www.notibras.com\/site\/santos-leva-o-primeiro-reage-a-pressao-do-corinthians-e-empata-em-1-a-1\/#breadcrumb\",\"itemListElement\":[{\"@type\":\"ListItem\",\"position\":1,\"name\":\"In\u00edcio\",\"item\":\"https:\/\/www.notibras.com\/site\/\"},{\"@type\":\"ListItem\",\"position\":2,\"name\":\"Santos leva o primeiro, reage ao Tim\u00e3o e empata em 1&#215;1\"}]},{\"@type\":\"WebSite\",\"@id\":\"https:\/\/www.notibras.com\/site\/#website\",\"url\":\"https:\/\/www.notibras.com\/site\/\",\"name\":\"Notibras\",\"description\":\"Not\u00edcias de Bras\u00edlia, do Brasil e do Mundo\",\"publisher\":{\"@id\":\"https:\/\/www.notibras.com\/site\/#organization\"},\"potentialAction\":[{\"@type\":\"SearchAction\",\"target\":{\"@type\":\"EntryPoint\",\"urlTemplate\":\"https:\/\/www.notibras.com\/site\/?s={search_term_string}\"},\"query-input\":{\"@type\":\"PropertyValueSpecification\",\"valueRequired\":true,\"valueName\":\"search_term_string\"}}],\"inLanguage\":\"pt-BR\"},{\"@type\":\"Organization\",\"@id\":\"https:\/\/www.notibras.com\/site\/#organization\",\"name\":\"Grupo Notibras de Comunica\u00e7\u00e3o\",\"url\":\"https:\/\/www.notibras.com\/site\/\",\"logo\":{\"@type\":\"ImageObject\",\"inLanguage\":\"pt-BR\",\"@id\":\"https:\/\/www.notibras.com\/site\/#\/schema\/logo\/image\/\",\"url\":\"https:\/\/www.notibras.com\/site\/wp-content\/uploads\/2023\/01\/notibras23.png\",\"contentUrl\":\"https:\/\/www.notibras.com\/site\/wp-content\/uploads\/2023\/01\/notibras23.png\",\"width\":350,\"height\":87,\"caption\":\"Grupo Notibras de Comunica\u00e7\u00e3o\"},\"image\":{\"@id\":\"https:\/\/www.notibras.com\/site\/#\/schema\/logo\/image\/\"},\"sameAs\":[\"https:\/\/www.facebook.com\/notibras\/\",\"https:\/\/x.com\/Notibras\",\"https:\/\/www.instagram.com\/notibras\/\"]},{\"@type\":\"Person\",\"@id\":\"https:\/\/www.notibras.com\/site\/#\/schema\/person\/36ab0979449956132d3e5b517ea76ac8\",\"name\":\"Reda\u00e7\u00e3o\",\"image\":{\"@type\":\"ImageObject\",\"inLanguage\":\"pt-BR\",\"@id\":\"https:\/\/secure.gravatar.com\/avatar\/e0a867bdedb85fd243eadf09663511f96fc81e0720a4a42581f334ad4303aa6b?s=96&d=mm&r=g\",\"url\":\"https:\/\/secure.gravatar.com\/avatar\/e0a867bdedb85fd243eadf09663511f96fc81e0720a4a42581f334ad4303aa6b?s=96&d=mm&r=g\",\"contentUrl\":\"https:\/\/secure.gravatar.com\/avatar\/e0a867bdedb85fd243eadf09663511f96fc81e0720a4a42581f334ad4303aa6b?s=96&d=mm&r=g\",\"caption\":\"Reda\u00e7\u00e3o\"}}]}<\/script>\n<!-- \/ Yoast SEO plugin. -->","yoast_head_json":{"title":"Santos leva o primeiro, reage ao Tim\u00e3o e empata em 1x1 - Notibras","robots":{"index":"index","follow":"follow","max-snippet":"max-snippet:-1","max-image-preview":"max-image-preview:large","max-video-preview":"max-video-preview:-1"},"canonical":"https:\/\/www.notibras.com\/site\/santos-leva-o-primeiro-reage-a-pressao-do-corinthians-e-empata-em-1-a-1\/","og_locale":"pt_BR","og_type":"article","og_title":"Santos leva o primeiro, reage ao Tim\u00e3o e empata em 1x1 - Notibras","og_description":"A tarde de P\u00e1scoa foi de Vladimir na Arena Corinthians. Em jogo inspirado, o goleiro do Santos se destacou na pen\u00faltima rodada do Paulist\u00e3o e foi o nome da partida no empate por 1 a 1 com os donos da casa neste domingo (5). Os gols foram de Felipe e Ricardo Oliveira. Pressionado antes mesmo [&hellip;]","og_url":"https:\/\/www.notibras.com\/site\/santos-leva-o-primeiro-reage-a-pressao-do-corinthians-e-empata-em-1-a-1\/","og_site_name":"Notibras","article_publisher":"https:\/\/www.facebook.com\/notibras\/","article_published_time":"2015-04-05T22:40:09+00:00","article_modified_time":"2015-04-30T15:07:45+00:00","og_image":[{"width":564,"height":430,"url":"https:\/\/www.notibras.com\/site\/wp-content\/uploads\/2015\/04\/santosecorinthians.jpg","type":"image\/jpeg"}],"author":"Reda\u00e7\u00e3o","twitter_card":"summary_large_image","twitter_creator":"@Notibras","twitter_site":"@Notibras","twitter_misc":{"Escrito por":"Reda\u00e7\u00e3o","Est. tempo de leitura":"2 minutos"},"schema":{"@context":"https:\/\/schema.org","@graph":[{"@type":"Article","@id":"https:\/\/www.notibras.com\/site\/santos-leva-o-primeiro-reage-a-pressao-do-corinthians-e-empata-em-1-a-1\/#article","isPartOf":{"@id":"https:\/\/www.notibras.com\/site\/santos-leva-o-primeiro-reage-a-pressao-do-corinthians-e-empata-em-1-a-1\/"},"author":{"name":"Reda\u00e7\u00e3o","@id":"https:\/\/www.notibras.com\/site\/#\/schema\/person\/36ab0979449956132d3e5b517ea76ac8"},"headline":"Santos leva o primeiro, reage ao Tim\u00e3o e empata em 1&#215;1","datePublished":"2015-04-05T22:40:09+00:00","dateModified":"2015-04-30T15:07:45+00:00","mainEntityOfPage":{"@id":"https:\/\/www.notibras.com\/site\/santos-leva-o-primeiro-reage-a-pressao-do-corinthians-e-empata-em-1-a-1\/"},"wordCount":440,"commentCount":0,"publisher":{"@id":"https:\/\/www.notibras.com\/site\/#organization"},"image":{"@id":"https:\/\/www.notibras.com\/site\/santos-leva-o-primeiro-reage-a-pressao-do-corinthians-e-empata-em-1-a-1\/#primaryimage"},"thumbnailUrl":"https:\/\/www.notibras.com\/site\/wp-content\/uploads\/2015\/04\/santosecorinthians.jpg","articleSection":["Esportes","Futebol"],"inLanguage":"pt-BR","potentialAction":[{"@type":"CommentAction","name":"Comment","target":["https:\/\/www.notibras.com\/site\/santos-leva-o-primeiro-reage-a-pressao-do-corinthians-e-empata-em-1-a-1\/#respond"]}]},{"@type":"WebPage","@id":"https:\/\/www.notibras.com\/site\/santos-leva-o-primeiro-reage-a-pressao-do-corinthians-e-empata-em-1-a-1\/","url":"https:\/\/www.notibras.com\/site\/santos-leva-o-primeiro-reage-a-pressao-do-corinthians-e-empata-em-1-a-1\/","name":"Santos leva o primeiro, reage ao Tim\u00e3o e empata em 1x1 - Notibras","isPartOf":{"@id":"https:\/\/www.notibras.com\/site\/#website"},"primaryImageOfPage":{"@id":"https:\/\/www.notibras.com\/site\/santos-leva-o-primeiro-reage-a-pressao-do-corinthians-e-empata-em-1-a-1\/#primaryimage"},"image":{"@id":"https:\/\/www.notibras.com\/site\/santos-leva-o-primeiro-reage-a-pressao-do-corinthians-e-empata-em-1-a-1\/#primaryimage"},"thumbnailUrl":"https:\/\/www.notibras.com\/site\/wp-content\/uploads\/2015\/04\/santosecorinthians.jpg","datePublished":"2015-04-05T22:40:09+00:00","dateModified":"2015-04-30T15:07:45+00:00","breadcrumb":{"@id":"https:\/\/www.notibras.com\/site\/santos-leva-o-primeiro-reage-a-pressao-do-corinthians-e-empata-em-1-a-1\/#breadcrumb"},"inLanguage":"pt-BR","potentialAction":[{"@type":"ReadAction","target":["https:\/\/www.notibras.com\/site\/santos-leva-o-primeiro-reage-a-pressao-do-corinthians-e-empata-em-1-a-1\/"]}]},{"@type":"ImageObject","inLanguage":"pt-BR","@id":"https:\/\/www.notibras.com\/site\/santos-leva-o-primeiro-reage-a-pressao-do-corinthians-e-empata-em-1-a-1\/#primaryimage","url":"https:\/\/www.notibras.com\/site\/wp-content\/uploads\/2015\/04\/santosecorinthians.jpg","contentUrl":"https:\/\/www.notibras.com\/site\/wp-content\/uploads\/2015\/04\/santosecorinthians.jpg","width":564,"height":430},{"@type":"BreadcrumbList","@id":"https:\/\/www.notibras.com\/site\/santos-leva-o-primeiro-reage-a-pressao-do-corinthians-e-empata-em-1-a-1\/#breadcrumb","itemListElement":[{"@type":"ListItem","position":1,"name":"In\u00edcio","item":"https:\/\/www.notibras.com\/site\/"},{"@type":"ListItem","position":2,"name":"Santos leva o primeiro, reage ao Tim\u00e3o e empata em 1&#215;1"}]},{"@type":"WebSite","@id":"https:\/\/www.notibras.com\/site\/#website","url":"https:\/\/www.notibras.com\/site\/","name":"Notibras","description":"Not\u00edcias de Bras\u00edlia, do Brasil e do Mundo","publisher":{"@id":"https:\/\/www.notibras.com\/site\/#organization"},"potentialAction":[{"@type":"SearchAction","target":{"@type":"EntryPoint","urlTemplate":"https:\/\/www.notibras.com\/site\/?s={search_term_string}"},"query-input":{"@type":"PropertyValueSpecification","valueRequired":true,"valueName":"search_term_string"}}],"inLanguage":"pt-BR"},{"@type":"Organization","@id":"https:\/\/www.notibras.com\/site\/#organization","name":"Grupo Notibras de Comunica\u00e7\u00e3o","url":"https:\/\/www.notibras.com\/site\/","logo":{"@type":"ImageObject","inLanguage":"pt-BR","@id":"https:\/\/www.notibras.com\/site\/#\/schema\/logo\/image\/","url":"https:\/\/www.notibras.com\/site\/wp-content\/uploads\/2023\/01\/notibras23.png","contentUrl":"https:\/\/www.notibras.com\/site\/wp-content\/uploads\/2023\/01\/notibras23.png","width":350,"height":87,"caption":"Grupo Notibras de Comunica\u00e7\u00e3o"},"image":{"@id":"https:\/\/www.notibras.com\/site\/#\/schema\/logo\/image\/"},"sameAs":["https:\/\/www.facebook.com\/notibras\/","https:\/\/x.com\/Notibras","https:\/\/www.instagram.com\/notibras\/"]},{"@type":"Person","@id":"https:\/\/www.notibras.com\/site\/#\/schema\/person\/36ab0979449956132d3e5b517ea76ac8","name":"Reda\u00e7\u00e3o","image":{"@type":"ImageObject","inLanguage":"pt-BR","@id":"https:\/\/secure.gravatar.com\/avatar\/e0a867bdedb85fd243eadf09663511f96fc81e0720a4a42581f334ad4303aa6b?s=96&d=mm&r=g","url":"https:\/\/secure.gravatar.com\/avatar\/e0a867bdedb85fd243eadf09663511f96fc81e0720a4a42581f334ad4303aa6b?s=96&d=mm&r=g","contentUrl":"https:\/\/secure.gravatar.com\/avatar\/e0a867bdedb85fd243eadf09663511f96fc81e0720a4a42581f334ad4303aa6b?s=96&d=mm&r=g","caption":"Reda\u00e7\u00e3o"}}]}},"amp_enabled":true,"_links":{"self":[{"href":"https:\/\/www.notibras.com\/site\/wp-json\/wp\/v2\/posts\/42831","targetHints":{"allow":["GET"]}}],"collection":[{"href":"https:\/\/www.notibras.com\/site\/wp-json\/wp\/v2\/posts"}],"about":[{"href":"https:\/\/www.notibras.com\/site\/wp-json\/wp\/v2\/types\/post"}],"author":[{"embeddable":true,"href":"https:\/\/www.notibras.com\/site\/wp-json\/wp\/v2\/users\/2"}],"replies":[{"embeddable":true,"href":"https:\/\/www.notibras.com\/site\/wp-json\/wp\/v2\/comments?post=42831"}],"version-history":[{"count":0,"href":"https:\/\/www.notibras.com\/site\/wp-json\/wp\/v2\/posts\/42831\/revisions"}],"wp:featuredmedia":[{"embeddable":true,"href":"https:\/\/www.notibras.com\/site\/wp-json\/wp\/v2\/media\/42832"}],"wp:attachment":[{"href":"https:\/\/www.notibras.com\/site\/wp-json\/wp\/v2\/media?parent=42831"}],"wp:term":[{"taxonomy":"category","embeddable":true,"href":"https:\/\/www.notibras.com\/site\/wp-json\/wp\/v2\/categories?post=42831"},{"taxonomy":"post_tag","embeddable":true,"href":"https:\/\/www.notibras.com\/site\/wp-json\/wp\/v2\/tags?post=42831"}],"curies":[{"name":"wp","href":"https:\/\/api.w.org\/{rel}","templated":true}]}}