{"id":42876,"date":"2015-04-05T21:43:52","date_gmt":"2015-04-06T00:43:52","guid":{"rendered":"http:\/\/www.notibras.com\/site\/?p=42876"},"modified":"2015-04-05T21:43:52","modified_gmt":"2015-04-06T00:43:52","slug":"vasco-joga-pelo-empate-leva-5-do-friburguense-e-ve-vaga-ameacada","status":"publish","type":"post","link":"https:\/\/www.notibras.com\/site\/vasco-joga-pelo-empate-leva-5-do-friburguense-e-ve-vaga-ameacada\/","title":{"rendered":"Vasco joga pelo empate, leva 5 do Friburguense e v\u00ea vaga amea\u00e7ada"},"content":{"rendered":"<p>Melhor defesa do Campeonato Carioca at\u00e9 o in\u00edcio do jogo deste domingo, o Vasco viu sua zaga amargar a pior atua\u00e7\u00e3o na temporada e foi derrotado pelo Friburguense por 5 a 4, no est\u00e1dio Eduardo Guinle. O Cruzmaltino chegou a sair na frente do placar, mas sofreu a virada e ainda desperdi\u00e7ou um p\u00eanalti j\u00e1 nos acr\u00e9scimos do segundo tempo, perdendo a chance de conquistar a classifica\u00e7\u00e3o antecipada. Jorge Luiz (duas vezes), S\u00e9rgio Gomes, Felipe e Lucas (contra) garantiram a vit\u00f3ria dos donos da casa. Gilberto (duas vezes de p\u00eanalti) e Lucas (duas vezes) descontaram para os visitantes.<\/p>\n<p>Estacionado nos 30 pontos, os vasca\u00ednos precisam agora de um empate com o Volta Redonda, na pr\u00f3xima quarta-feira, em S\u00e3o Janu\u00e1rio, na \u00faltima rodada, para garantir um lugar nas semifinais sem depender de combina\u00e7\u00f5es de resultado. J\u00e1 o Friburguense resolveu sua situa\u00e7\u00e3o no torneio. Com os tr\u00eas pontos, o time espantou o fantasma do rebaixamento.<\/p>\n<blockquote><p>Diante de um campo molhado e acanhado, o Vasco teve dificuldades no in\u00edcio do jogo. Al\u00e9m disso, a boa marca\u00e7\u00e3o do Friburguense complicava o Cruzmaltino. Ainda assim, os visitantes sa\u00edram na frente. Aos 19 minutos, Gilberto cobrou p\u00eanalti sofrido por J\u00falio do Santos. O gol marcado, no entanto, n\u00e3o mudou o panorama do jogo.<\/p><\/blockquote>\n<p>O Vasco seguia com dificuldades e via os donos da casa em melhores condi\u00e7\u00f5es. O resultado foi uma virada em menos de dez minutos. Ap\u00f3s muita press\u00e3o, Jorge Luiz, aos 25, e Lucas (contra), aos 28, em disputa de cabe\u00e7a com o experiente S\u00e9rgio Gomes, colocaram o time da Serra na frente do placar.<\/p>\n<p>E o Friburguense seguia mandando na partida. Enquanto isso, o Vasco sentia a falta do capit\u00e3o Rodrigo, substitu\u00eddo por Anderson Salles ap\u00f3s sentir dores musculares. Aos 38, em nova disputa a\u00e9rea ap\u00f3s escanteio, S\u00e9rgio Gomes fez 3 a 1 para os serranos. O Vasco ainda diminuiu em novo p\u00eanalti, aos 42 minutos, mas os mandantes retomaram a vantagem nos acr\u00e9scimos do movimentado primeiro tempo: Jorge Luiz recebeu nas costas da zaga, driblou o goleiro Mart\u00edn Silva e fez 4 a 2.<\/p>\n<p>Na volta do intervalo, o Vasco melhorou sua organiza\u00e7\u00e3o em campo e passou a dominar o jogo. Logo aos 8 minutos, Lucas se recuperou do gol contra marcado. Ele aproveitou bom cruzamento de Bernardo, subiu mais que a defesa advers\u00e1ria e tocou de cabe\u00e7a para o fundo da rede, diminuindo o preju\u00edzo no placar: 4 x 3.<\/p>\n<p>O time de S\u00e3o Janu\u00e1rio at\u00e9 que tentava, mas pecava no \u00faltimo toque e n\u00e3o conseguia chegar ao empate. Tranquilo, o Friburguense administrou a vantagem e ainda fez mais um: 5 x 3. Serginho saiu jogando errado, chutou em cima de Felipe e a bola foi direto para o gol. Lucas, novamente, ainda aproveitou bola disputada na \u00e1rea do time da casa para diminuir e fazer 5 x 4. Serginho ainda teve um p\u00eanalti nos acr\u00e9scimos para empatar, mas, ao contr\u00e1rio das duas primeiras cobran\u00e7as, errou. Os serranos seguraram a press\u00e3o e venceram a disputa de pouca t\u00e9cnica, mas muita emo\u00e7\u00e3o e nove gols.<\/p>\n","protected":false},"excerpt":{"rendered":"<p>Melhor defesa do Campeonato Carioca at\u00e9 o in\u00edcio do jogo deste domingo, o Vasco viu sua zaga amargar a pior atua\u00e7\u00e3o na temporada e foi derrotado pelo Friburguense por 5 a 4, no est\u00e1dio Eduardo Guinle. O Cruzmaltino chegou a sair na frente do placar, mas sofreu a virada e ainda desperdi\u00e7ou um p\u00eanalti j\u00e1 [&hellip;]<\/p>\n","protected":false},"author":2,"featured_media":42879,"comment_status":"open","ping_status":"closed","sticky":false,"template":"","format":"standard","meta":{"_acf_changed":false,"footnotes":""},"categories":[19,29],"tags":[],"class_list":["post-42876","post","type-post","status-publish","format-standard","has-post-thumbnail","hentry","category-esportes","category-futebol"],"acf":[],"yoast_head":"<!-- This site is optimized with the Yoast SEO plugin v27.2 - https:\/\/yoast.com\/product\/yoast-seo-wordpress\/ -->\n<title>Vasco joga pelo empate, leva 5 do Friburguense e v\u00ea vaga amea\u00e7ada - Notibras<\/title>\n<meta name=\"robots\" content=\"index, follow, max-snippet:-1, max-image-preview:large, max-video-preview:-1\" \/>\n<link rel=\"canonical\" href=\"https:\/\/www.notibras.com\/site\/vasco-joga-pelo-empate-leva-5-do-friburguense-e-ve-vaga-ameacada\/\" \/>\n<meta property=\"og:locale\" content=\"pt_BR\" \/>\n<meta property=\"og:type\" content=\"article\" \/>\n<meta property=\"og:title\" content=\"Vasco joga pelo empate, leva 5 do Friburguense e v\u00ea vaga amea\u00e7ada - Notibras\" \/>\n<meta property=\"og:description\" content=\"Melhor defesa do Campeonato Carioca at\u00e9 o in\u00edcio do jogo deste domingo, o Vasco viu sua zaga amargar a pior atua\u00e7\u00e3o na temporada e foi derrotado pelo Friburguense por 5 a 4, no est\u00e1dio Eduardo Guinle. O Cruzmaltino chegou a sair na frente do placar, mas sofreu a virada e ainda desperdi\u00e7ou um p\u00eanalti j\u00e1 [&hellip;]\" \/>\n<meta property=\"og:url\" content=\"https:\/\/www.notibras.com\/site\/vasco-joga-pelo-empate-leva-5-do-friburguense-e-ve-vaga-ameacada\/\" \/>\n<meta property=\"og:site_name\" content=\"Notibras\" \/>\n<meta property=\"article:publisher\" content=\"https:\/\/www.facebook.com\/notibras\/\" \/>\n<meta property=\"article:published_time\" content=\"2015-04-06T00:43:52+00:00\" \/>\n<meta property=\"og:image\" content=\"https:\/\/www.notibras.com\/site\/wp-content\/uploads\/2015\/04\/20150405-2139-11-gilberto.jpg\" \/>\n\t<meta property=\"og:image:width\" content=\"850\" \/>\n\t<meta property=\"og:image:height\" content=\"567\" \/>\n\t<meta property=\"og:image:type\" content=\"image\/jpeg\" \/>\n<meta name=\"author\" content=\"Reda\u00e7\u00e3o\" \/>\n<meta name=\"twitter:card\" content=\"summary_large_image\" \/>\n<meta name=\"twitter:creator\" content=\"@Notibras\" \/>\n<meta name=\"twitter:site\" content=\"@Notibras\" \/>\n<meta name=\"twitter:label1\" content=\"Escrito por\" \/>\n\t<meta name=\"twitter:data1\" content=\"Reda\u00e7\u00e3o\" \/>\n\t<meta name=\"twitter:label2\" content=\"Est. tempo de leitura\" \/>\n\t<meta name=\"twitter:data2\" content=\"3 minutos\" \/>\n<script type=\"application\/ld+json\" class=\"yoast-schema-graph\">{\"@context\":\"https:\/\/schema.org\",\"@graph\":[{\"@type\":\"Article\",\"@id\":\"https:\/\/www.notibras.com\/site\/vasco-joga-pelo-empate-leva-5-do-friburguense-e-ve-vaga-ameacada\/#article\",\"isPartOf\":{\"@id\":\"https:\/\/www.notibras.com\/site\/vasco-joga-pelo-empate-leva-5-do-friburguense-e-ve-vaga-ameacada\/\"},\"author\":{\"name\":\"Reda\u00e7\u00e3o\",\"@id\":\"https:\/\/www.notibras.com\/site\/#\/schema\/person\/36ab0979449956132d3e5b517ea76ac8\"},\"headline\":\"Vasco joga pelo empate, leva 5 do Friburguense e v\u00ea vaga amea\u00e7ada\",\"datePublished\":\"2015-04-06T00:43:52+00:00\",\"mainEntityOfPage\":{\"@id\":\"https:\/\/www.notibras.com\/site\/vasco-joga-pelo-empate-leva-5-do-friburguense-e-ve-vaga-ameacada\/\"},\"wordCount\":548,\"commentCount\":0,\"publisher\":{\"@id\":\"https:\/\/www.notibras.com\/site\/#organization\"},\"image\":{\"@id\":\"https:\/\/www.notibras.com\/site\/vasco-joga-pelo-empate-leva-5-do-friburguense-e-ve-vaga-ameacada\/#primaryimage\"},\"thumbnailUrl\":\"https:\/\/www.notibras.com\/site\/wp-content\/uploads\/2015\/04\/20150405-2139-11-gilberto.jpg\",\"articleSection\":[\"Esportes\",\"Futebol\"],\"inLanguage\":\"pt-BR\",\"potentialAction\":[{\"@type\":\"CommentAction\",\"name\":\"Comment\",\"target\":[\"https:\/\/www.notibras.com\/site\/vasco-joga-pelo-empate-leva-5-do-friburguense-e-ve-vaga-ameacada\/#respond\"]}]},{\"@type\":\"WebPage\",\"@id\":\"https:\/\/www.notibras.com\/site\/vasco-joga-pelo-empate-leva-5-do-friburguense-e-ve-vaga-ameacada\/\",\"url\":\"https:\/\/www.notibras.com\/site\/vasco-joga-pelo-empate-leva-5-do-friburguense-e-ve-vaga-ameacada\/\",\"name\":\"Vasco joga pelo empate, leva 5 do Friburguense e v\u00ea vaga amea\u00e7ada - Notibras\",\"isPartOf\":{\"@id\":\"https:\/\/www.notibras.com\/site\/#website\"},\"primaryImageOfPage\":{\"@id\":\"https:\/\/www.notibras.com\/site\/vasco-joga-pelo-empate-leva-5-do-friburguense-e-ve-vaga-ameacada\/#primaryimage\"},\"image\":{\"@id\":\"https:\/\/www.notibras.com\/site\/vasco-joga-pelo-empate-leva-5-do-friburguense-e-ve-vaga-ameacada\/#primaryimage\"},\"thumbnailUrl\":\"https:\/\/www.notibras.com\/site\/wp-content\/uploads\/2015\/04\/20150405-2139-11-gilberto.jpg\",\"datePublished\":\"2015-04-06T00:43:52+00:00\",\"breadcrumb\":{\"@id\":\"https:\/\/www.notibras.com\/site\/vasco-joga-pelo-empate-leva-5-do-friburguense-e-ve-vaga-ameacada\/#breadcrumb\"},\"inLanguage\":\"pt-BR\",\"potentialAction\":[{\"@type\":\"ReadAction\",\"target\":[\"https:\/\/www.notibras.com\/site\/vasco-joga-pelo-empate-leva-5-do-friburguense-e-ve-vaga-ameacada\/\"]}]},{\"@type\":\"ImageObject\",\"inLanguage\":\"pt-BR\",\"@id\":\"https:\/\/www.notibras.com\/site\/vasco-joga-pelo-empate-leva-5-do-friburguense-e-ve-vaga-ameacada\/#primaryimage\",\"url\":\"https:\/\/www.notibras.com\/site\/wp-content\/uploads\/2015\/04\/20150405-2139-11-gilberto.jpg\",\"contentUrl\":\"https:\/\/www.notibras.com\/site\/wp-content\/uploads\/2015\/04\/20150405-2139-11-gilberto.jpg\",\"width\":850,\"height\":567},{\"@type\":\"BreadcrumbList\",\"@id\":\"https:\/\/www.notibras.com\/site\/vasco-joga-pelo-empate-leva-5-do-friburguense-e-ve-vaga-ameacada\/#breadcrumb\",\"itemListElement\":[{\"@type\":\"ListItem\",\"position\":1,\"name\":\"In\u00edcio\",\"item\":\"https:\/\/www.notibras.com\/site\/\"},{\"@type\":\"ListItem\",\"position\":2,\"name\":\"Vasco joga pelo empate, leva 5 do Friburguense e v\u00ea vaga amea\u00e7ada\"}]},{\"@type\":\"WebSite\",\"@id\":\"https:\/\/www.notibras.com\/site\/#website\",\"url\":\"https:\/\/www.notibras.com\/site\/\",\"name\":\"Notibras\",\"description\":\"Not\u00edcias de Bras\u00edlia, do Brasil e do Mundo\",\"publisher\":{\"@id\":\"https:\/\/www.notibras.com\/site\/#organization\"},\"potentialAction\":[{\"@type\":\"SearchAction\",\"target\":{\"@type\":\"EntryPoint\",\"urlTemplate\":\"https:\/\/www.notibras.com\/site\/?s={search_term_string}\"},\"query-input\":{\"@type\":\"PropertyValueSpecification\",\"valueRequired\":true,\"valueName\":\"search_term_string\"}}],\"inLanguage\":\"pt-BR\"},{\"@type\":\"Organization\",\"@id\":\"https:\/\/www.notibras.com\/site\/#organization\",\"name\":\"Grupo Notibras de Comunica\u00e7\u00e3o\",\"url\":\"https:\/\/www.notibras.com\/site\/\",\"logo\":{\"@type\":\"ImageObject\",\"inLanguage\":\"pt-BR\",\"@id\":\"https:\/\/www.notibras.com\/site\/#\/schema\/logo\/image\/\",\"url\":\"https:\/\/www.notibras.com\/site\/wp-content\/uploads\/2023\/01\/notibras23.png\",\"contentUrl\":\"https:\/\/www.notibras.com\/site\/wp-content\/uploads\/2023\/01\/notibras23.png\",\"width\":350,\"height\":87,\"caption\":\"Grupo Notibras de Comunica\u00e7\u00e3o\"},\"image\":{\"@id\":\"https:\/\/www.notibras.com\/site\/#\/schema\/logo\/image\/\"},\"sameAs\":[\"https:\/\/www.facebook.com\/notibras\/\",\"https:\/\/x.com\/Notibras\",\"https:\/\/www.instagram.com\/notibras\/\"]},{\"@type\":\"Person\",\"@id\":\"https:\/\/www.notibras.com\/site\/#\/schema\/person\/36ab0979449956132d3e5b517ea76ac8\",\"name\":\"Reda\u00e7\u00e3o\",\"image\":{\"@type\":\"ImageObject\",\"inLanguage\":\"pt-BR\",\"@id\":\"https:\/\/secure.gravatar.com\/avatar\/e0a867bdedb85fd243eadf09663511f96fc81e0720a4a42581f334ad4303aa6b?s=96&d=mm&r=g\",\"url\":\"https:\/\/secure.gravatar.com\/avatar\/e0a867bdedb85fd243eadf09663511f96fc81e0720a4a42581f334ad4303aa6b?s=96&d=mm&r=g\",\"contentUrl\":\"https:\/\/secure.gravatar.com\/avatar\/e0a867bdedb85fd243eadf09663511f96fc81e0720a4a42581f334ad4303aa6b?s=96&d=mm&r=g\",\"caption\":\"Reda\u00e7\u00e3o\"}}]}<\/script>\n<!-- \/ Yoast SEO plugin. -->","yoast_head_json":{"title":"Vasco joga pelo empate, leva 5 do Friburguense e v\u00ea vaga amea\u00e7ada - Notibras","robots":{"index":"index","follow":"follow","max-snippet":"max-snippet:-1","max-image-preview":"max-image-preview:large","max-video-preview":"max-video-preview:-1"},"canonical":"https:\/\/www.notibras.com\/site\/vasco-joga-pelo-empate-leva-5-do-friburguense-e-ve-vaga-ameacada\/","og_locale":"pt_BR","og_type":"article","og_title":"Vasco joga pelo empate, leva 5 do Friburguense e v\u00ea vaga amea\u00e7ada - Notibras","og_description":"Melhor defesa do Campeonato Carioca at\u00e9 o in\u00edcio do jogo deste domingo, o Vasco viu sua zaga amargar a pior atua\u00e7\u00e3o na temporada e foi derrotado pelo Friburguense por 5 a 4, no est\u00e1dio Eduardo Guinle. O Cruzmaltino chegou a sair na frente do placar, mas sofreu a virada e ainda desperdi\u00e7ou um p\u00eanalti j\u00e1 [&hellip;]","og_url":"https:\/\/www.notibras.com\/site\/vasco-joga-pelo-empate-leva-5-do-friburguense-e-ve-vaga-ameacada\/","og_site_name":"Notibras","article_publisher":"https:\/\/www.facebook.com\/notibras\/","article_published_time":"2015-04-06T00:43:52+00:00","og_image":[{"width":850,"height":567,"url":"https:\/\/www.notibras.com\/site\/wp-content\/uploads\/2015\/04\/20150405-2139-11-gilberto.jpg","type":"image\/jpeg"}],"author":"Reda\u00e7\u00e3o","twitter_card":"summary_large_image","twitter_creator":"@Notibras","twitter_site":"@Notibras","twitter_misc":{"Escrito por":"Reda\u00e7\u00e3o","Est. tempo de leitura":"3 minutos"},"schema":{"@context":"https:\/\/schema.org","@graph":[{"@type":"Article","@id":"https:\/\/www.notibras.com\/site\/vasco-joga-pelo-empate-leva-5-do-friburguense-e-ve-vaga-ameacada\/#article","isPartOf":{"@id":"https:\/\/www.notibras.com\/site\/vasco-joga-pelo-empate-leva-5-do-friburguense-e-ve-vaga-ameacada\/"},"author":{"name":"Reda\u00e7\u00e3o","@id":"https:\/\/www.notibras.com\/site\/#\/schema\/person\/36ab0979449956132d3e5b517ea76ac8"},"headline":"Vasco joga pelo empate, leva 5 do Friburguense e v\u00ea vaga amea\u00e7ada","datePublished":"2015-04-06T00:43:52+00:00","mainEntityOfPage":{"@id":"https:\/\/www.notibras.com\/site\/vasco-joga-pelo-empate-leva-5-do-friburguense-e-ve-vaga-ameacada\/"},"wordCount":548,"commentCount":0,"publisher":{"@id":"https:\/\/www.notibras.com\/site\/#organization"},"image":{"@id":"https:\/\/www.notibras.com\/site\/vasco-joga-pelo-empate-leva-5-do-friburguense-e-ve-vaga-ameacada\/#primaryimage"},"thumbnailUrl":"https:\/\/www.notibras.com\/site\/wp-content\/uploads\/2015\/04\/20150405-2139-11-gilberto.jpg","articleSection":["Esportes","Futebol"],"inLanguage":"pt-BR","potentialAction":[{"@type":"CommentAction","name":"Comment","target":["https:\/\/www.notibras.com\/site\/vasco-joga-pelo-empate-leva-5-do-friburguense-e-ve-vaga-ameacada\/#respond"]}]},{"@type":"WebPage","@id":"https:\/\/www.notibras.com\/site\/vasco-joga-pelo-empate-leva-5-do-friburguense-e-ve-vaga-ameacada\/","url":"https:\/\/www.notibras.com\/site\/vasco-joga-pelo-empate-leva-5-do-friburguense-e-ve-vaga-ameacada\/","name":"Vasco joga pelo empate, leva 5 do Friburguense e v\u00ea vaga amea\u00e7ada - Notibras","isPartOf":{"@id":"https:\/\/www.notibras.com\/site\/#website"},"primaryImageOfPage":{"@id":"https:\/\/www.notibras.com\/site\/vasco-joga-pelo-empate-leva-5-do-friburguense-e-ve-vaga-ameacada\/#primaryimage"},"image":{"@id":"https:\/\/www.notibras.com\/site\/vasco-joga-pelo-empate-leva-5-do-friburguense-e-ve-vaga-ameacada\/#primaryimage"},"thumbnailUrl":"https:\/\/www.notibras.com\/site\/wp-content\/uploads\/2015\/04\/20150405-2139-11-gilberto.jpg","datePublished":"2015-04-06T00:43:52+00:00","breadcrumb":{"@id":"https:\/\/www.notibras.com\/site\/vasco-joga-pelo-empate-leva-5-do-friburguense-e-ve-vaga-ameacada\/#breadcrumb"},"inLanguage":"pt-BR","potentialAction":[{"@type":"ReadAction","target":["https:\/\/www.notibras.com\/site\/vasco-joga-pelo-empate-leva-5-do-friburguense-e-ve-vaga-ameacada\/"]}]},{"@type":"ImageObject","inLanguage":"pt-BR","@id":"https:\/\/www.notibras.com\/site\/vasco-joga-pelo-empate-leva-5-do-friburguense-e-ve-vaga-ameacada\/#primaryimage","url":"https:\/\/www.notibras.com\/site\/wp-content\/uploads\/2015\/04\/20150405-2139-11-gilberto.jpg","contentUrl":"https:\/\/www.notibras.com\/site\/wp-content\/uploads\/2015\/04\/20150405-2139-11-gilberto.jpg","width":850,"height":567},{"@type":"BreadcrumbList","@id":"https:\/\/www.notibras.com\/site\/vasco-joga-pelo-empate-leva-5-do-friburguense-e-ve-vaga-ameacada\/#breadcrumb","itemListElement":[{"@type":"ListItem","position":1,"name":"In\u00edcio","item":"https:\/\/www.notibras.com\/site\/"},{"@type":"ListItem","position":2,"name":"Vasco joga pelo empate, leva 5 do Friburguense e v\u00ea vaga amea\u00e7ada"}]},{"@type":"WebSite","@id":"https:\/\/www.notibras.com\/site\/#website","url":"https:\/\/www.notibras.com\/site\/","name":"Notibras","description":"Not\u00edcias de Bras\u00edlia, do Brasil e do Mundo","publisher":{"@id":"https:\/\/www.notibras.com\/site\/#organization"},"potentialAction":[{"@type":"SearchAction","target":{"@type":"EntryPoint","urlTemplate":"https:\/\/www.notibras.com\/site\/?s={search_term_string}"},"query-input":{"@type":"PropertyValueSpecification","valueRequired":true,"valueName":"search_term_string"}}],"inLanguage":"pt-BR"},{"@type":"Organization","@id":"https:\/\/www.notibras.com\/site\/#organization","name":"Grupo Notibras de Comunica\u00e7\u00e3o","url":"https:\/\/www.notibras.com\/site\/","logo":{"@type":"ImageObject","inLanguage":"pt-BR","@id":"https:\/\/www.notibras.com\/site\/#\/schema\/logo\/image\/","url":"https:\/\/www.notibras.com\/site\/wp-content\/uploads\/2023\/01\/notibras23.png","contentUrl":"https:\/\/www.notibras.com\/site\/wp-content\/uploads\/2023\/01\/notibras23.png","width":350,"height":87,"caption":"Grupo Notibras de Comunica\u00e7\u00e3o"},"image":{"@id":"https:\/\/www.notibras.com\/site\/#\/schema\/logo\/image\/"},"sameAs":["https:\/\/www.facebook.com\/notibras\/","https:\/\/x.com\/Notibras","https:\/\/www.instagram.com\/notibras\/"]},{"@type":"Person","@id":"https:\/\/www.notibras.com\/site\/#\/schema\/person\/36ab0979449956132d3e5b517ea76ac8","name":"Reda\u00e7\u00e3o","image":{"@type":"ImageObject","inLanguage":"pt-BR","@id":"https:\/\/secure.gravatar.com\/avatar\/e0a867bdedb85fd243eadf09663511f96fc81e0720a4a42581f334ad4303aa6b?s=96&d=mm&r=g","url":"https:\/\/secure.gravatar.com\/avatar\/e0a867bdedb85fd243eadf09663511f96fc81e0720a4a42581f334ad4303aa6b?s=96&d=mm&r=g","contentUrl":"https:\/\/secure.gravatar.com\/avatar\/e0a867bdedb85fd243eadf09663511f96fc81e0720a4a42581f334ad4303aa6b?s=96&d=mm&r=g","caption":"Reda\u00e7\u00e3o"}}]}},"amp_enabled":true,"_links":{"self":[{"href":"https:\/\/www.notibras.com\/site\/wp-json\/wp\/v2\/posts\/42876","targetHints":{"allow":["GET"]}}],"collection":[{"href":"https:\/\/www.notibras.com\/site\/wp-json\/wp\/v2\/posts"}],"about":[{"href":"https:\/\/www.notibras.com\/site\/wp-json\/wp\/v2\/types\/post"}],"author":[{"embeddable":true,"href":"https:\/\/www.notibras.com\/site\/wp-json\/wp\/v2\/users\/2"}],"replies":[{"embeddable":true,"href":"https:\/\/www.notibras.com\/site\/wp-json\/wp\/v2\/comments?post=42876"}],"version-history":[{"count":0,"href":"https:\/\/www.notibras.com\/site\/wp-json\/wp\/v2\/posts\/42876\/revisions"}],"wp:featuredmedia":[{"embeddable":true,"href":"https:\/\/www.notibras.com\/site\/wp-json\/wp\/v2\/media\/42879"}],"wp:attachment":[{"href":"https:\/\/www.notibras.com\/site\/wp-json\/wp\/v2\/media?parent=42876"}],"wp:term":[{"taxonomy":"category","embeddable":true,"href":"https:\/\/www.notibras.com\/site\/wp-json\/wp\/v2\/categories?post=42876"},{"taxonomy":"post_tag","embeddable":true,"href":"https:\/\/www.notibras.com\/site\/wp-json\/wp\/v2\/tags?post=42876"}],"curies":[{"name":"wp","href":"https:\/\/api.w.org\/{rel}","templated":true}]}}