{"id":42895,"date":"2015-04-06T09:59:15","date_gmt":"2015-04-06T12:59:15","guid":{"rendered":"http:\/\/www.notibras.com\/site\/?p=42895"},"modified":"2015-04-06T13:53:56","modified_gmt":"2015-04-06T16:53:56","slug":"inflacao-de-82-aperta-bolso-do-consumidor-e-assusta-mercado","status":"publish","type":"post","link":"https:\/\/www.notibras.com\/site\/inflacao-de-82-aperta-bolso-do-consumidor-e-assusta-mercado\/","title":{"rendered":"Infla\u00e7\u00e3o de 8,2% aperta bolso e deixa o mercado receoso"},"content":{"rendered":"<div class=\"content\">\n<p>Investidores e analistas dos mercado financeiro j\u00e1 estimam para 2015 infla\u00e7\u00e3o de 8,2%, pelo \u00cdndice de Pre\u00e7os ao Consumidor Amplo (IPCA). O IPCA \u00e9 calculado mensalmente pelo Instituto Brasileiro de Geografia e Estat\u00edstica (IBGE), com o objetivo de oferecer a varia\u00e7\u00e3o dos pre\u00e7os no com\u00e9rcio para o p\u00fablico final.<\/p>\n<p>A estimativa est\u00e1 no boletim <em>Focus <\/em>divulgado semanalmente pelo Banco Central. A proje\u00e7\u00e3o para o crescimento da economia tamb\u00e9m se mant\u00e9m pessimista. A nova expectativa \u00e9 retra\u00e7\u00e3o de 1,01% . Esse resultado se dar\u00e1, de acordo com o boletim, em raz\u00e3o da retra\u00e7\u00e3o prevista de 2,64% na produ\u00e7\u00e3o industrial.<\/p>\n<blockquote><p>\u00a0A taxa de c\u00e2mbio estimada para dezembro de 2015 ficar\u00e1 R$ 3,25. A taxa b\u00e1sica da economia (Selic), prevista para o mesmo per\u00edodo, foi mantida em 13,25% ao ano. Os pre\u00e7os administrados, fixados, ou controlados, pelo governo, como a gasolina e eletricidade, ter\u00e3o um reajuste de 13% na perspectiva do mercado financeiro.<\/p><\/blockquote>\n<p>No setor externo, melhorou a estimativa para o d\u00e9ficit em conta-corrente: passou para US$ 77 bilh\u00f5es, com a melhora na proje\u00e7\u00e3o do saldo na balan\u00e7a comercial, agora em US$ 4,02 bilh\u00f5es. Os investimentos estrangeiros diretos esperados chegar\u00e3o a US$ 56 bilh\u00f5es.<\/p>\n<header>\n<div class=\"node-info\"><strong>Daniel Lima, ABr<\/strong><\/div>\n<\/header>\n<\/div>\n","protected":false},"excerpt":{"rendered":"<p>Investidores e analistas dos mercado financeiro j\u00e1 estimam para 2015 infla\u00e7\u00e3o de 8,2%, pelo \u00cdndice de Pre\u00e7os ao Consumidor Amplo (IPCA). O IPCA \u00e9 calculado mensalmente pelo Instituto Brasileiro de Geografia e Estat\u00edstica (IBGE), com o objetivo de oferecer a varia\u00e7\u00e3o dos pre\u00e7os no com\u00e9rcio para o p\u00fablico final. A estimativa est\u00e1 no boletim Focus [&hellip;]<\/p>\n","protected":false},"author":2,"featured_media":42896,"comment_status":"open","ping_status":"closed","sticky":false,"template":"","format":"standard","meta":{"_acf_changed":false,"footnotes":""},"categories":[16],"tags":[],"class_list":["post-42895","post","type-post","status-publish","format-standard","has-post-thumbnail","hentry","category-brasil"],"acf":[],"_links":{"self":[{"href":"https:\/\/www.notibras.com\/site\/wp-json\/wp\/v2\/posts\/42895","targetHints":{"allow":["GET"]}}],"collection":[{"href":"https:\/\/www.notibras.com\/site\/wp-json\/wp\/v2\/posts"}],"about":[{"href":"https:\/\/www.notibras.com\/site\/wp-json\/wp\/v2\/types\/post"}],"author":[{"embeddable":true,"href":"https:\/\/www.notibras.com\/site\/wp-json\/wp\/v2\/users\/2"}],"replies":[{"embeddable":true,"href":"https:\/\/www.notibras.com\/site\/wp-json\/wp\/v2\/comments?post=42895"}],"version-history":[{"count":0,"href":"https:\/\/www.notibras.com\/site\/wp-json\/wp\/v2\/posts\/42895\/revisions"}],"wp:featuredmedia":[{"embeddable":true,"href":"https:\/\/www.notibras.com\/site\/wp-json\/wp\/v2\/media\/42896"}],"wp:attachment":[{"href":"https:\/\/www.notibras.com\/site\/wp-json\/wp\/v2\/media?parent=42895"}],"wp:term":[{"taxonomy":"category","embeddable":true,"href":"https:\/\/www.notibras.com\/site\/wp-json\/wp\/v2\/categories?post=42895"},{"taxonomy":"post_tag","embeddable":true,"href":"https:\/\/www.notibras.com\/site\/wp-json\/wp\/v2\/tags?post=42895"}],"curies":[{"name":"wp","href":"https:\/\/api.w.org\/{rel}","templated":true}]}}