{"id":42932,"date":"2015-04-06T13:50:08","date_gmt":"2015-04-06T16:50:08","guid":{"rendered":"http:\/\/www.notibras.com\/site\/?p=42932"},"modified":"2015-04-06T14:07:26","modified_gmt":"2015-04-06T17:07:26","slug":"dilma-empossa-janine-defende-petrobras-e-garante-verba-para-ensino","status":"publish","type":"post","link":"https:\/\/www.notibras.com\/site\/dilma-empossa-janine-defende-petrobras-e-garante-verba-para-ensino\/","title":{"rendered":"Dilma empossa Janine, defende Petrobras e garante verba do pr\u00e9-sal para educa\u00e7\u00e3o"},"content":{"rendered":"<p>Ao dar posse ao novo ministro da Educa\u00e7\u00e3o, Renato Janine Ribeiro, a presidenta Dilma Rousseff defendeu a Petrobras e os recursos do pr\u00e9-sal que v\u00e3o financiar a educa\u00e7\u00e3o e disse que as medidas do ajuste fiscal n\u00e3o ir\u00e3o atingir os programas essenciais do setor.<\/p>\n<p>\u201cGaranto \u00e0s brasileiras e aos brasileiros que a necessidade imperiosa de promover ajustes na nossa economia, reduzindo despesas do governo, n\u00e3o afetar\u00e1 os programas essenciais e estruturantes do Minist\u00e9rio da Educa\u00e7\u00e3o [MEC]\u201d, disse, nesta segunda 6.<\/p>\n<p>Segundo Dilma, os recursos dos <em>royalties<\/em> e do Fundo Social do Pr\u00e9-Sal \u2013 que, por lei, ser\u00e3o destinados a investimentos em sa\u00fade e educa\u00e7\u00e3o \u2013 j\u00e1 s\u00e3o uma realidade e o modelo de partilha precisa ser defendido.<\/p>\n<p>\u201cN\u00e3o \u00e9 coincid\u00eancia que, \u00e0 medida que cresce a produ\u00e7\u00e3o do pr\u00e9-sal, ressurjam algumas vozes que defendem a modifica\u00e7\u00e3o do marco regulat\u00f3rio que assegura ao povo brasileiro a posse de uma parte das riquezas. N\u00e3o podemos nos iludir, o que est\u00e1 em disputa \u00e9 a forma de explora\u00e7\u00e3o desse patrim\u00f4nio e quem fica com a maior parte.\u201d<\/p>\n<blockquote><p>Dilma defendeu a \u201cluta pela recupera\u00e7\u00e3o da Petrobras\u201d para garantir a continuidade da explora\u00e7\u00e3o do pr\u00e9-sal e a chegada dos recursos. A estatal vive a maior crise de sua hist\u00f3ria ap\u00f3s a revela\u00e7\u00e3o de um esquema de corrup\u00e7\u00e3o na empresa. \u201cTenho a certeza de que a luta pela recupera\u00e7\u00e3o da Petrobras que est\u00e1 em curso, tanto a luta quanto a recupera\u00e7\u00e3o, \u00e9 minha, \u00e9 do meu governo, e, tenho certeza, interessa a todo povo brasileiro. O que est\u00e1 em jogo nessa luta em defesa da Petrobras e do controle do pr\u00e9-sal \u00e9 a soberania do nosso pa\u00eds e da educa\u00e7\u00e3o.\u201d<\/p><\/blockquote>\n<p>Renato Janine Ribeiro vai substituir Cid Gomes, que deixou o governo em mar\u00e7o ap\u00f3s se envolver em pol\u00eamica com o Congresso Nacional. Entre a demiss\u00e3o de Gomes e a posse do novo ministro, o Minist\u00e9rio da Educa\u00e7\u00e3o estava sob o comando do secret\u00e1rio executivo da pasta, Luiz Cl\u00e1udio Costa.<\/p>\n<p>Dilma agradeceu o trabalho de Gomes no governo e disse que confia na dedica\u00e7\u00e3o e compet\u00eancia de Ribeiro para conduzir o MEC a partir de agora. \u201cRenato Janine Ribeiro \u00e9 um ministro educador numa p\u00e1tria educadora. Sua escolha traduz em simbolismo a minha maior prioridade para esses pr\u00f3ximos quatro anos. Tenho certeza de que ele ir\u00e1 criar, transformar, melhorar e fazer avan\u00e7ar a educa\u00e7\u00e3o no nosso pa\u00eds.\u201d<\/p>\n<p>Professor titular de \u00e9tica e filosofia pol\u00edtica da Universidade de S\u00e3o Paulo (USP), Renato Janine Ribeiro \u00e9 formado em filosofia pela mesma universidade, mestre pela Universit\u00e9 Paris Pantheon-Sorbonne, doutor pela USP e p\u00f3s-doutor pela British Library.<\/p>\n<p>O novo ministro j\u00e1 foi membro do Conselho Deliberativo do Conselho Nacional de Desenvolvimento Cient\u00edfico e Tecnol\u00f3gico (CNPq), secret\u00e1rio da Sociedade Brasileira para o Progresso da Ci\u00eancia (SBPC) e diretor de Avalia\u00e7\u00e3o da Coordena\u00e7\u00e3o de Aperfei\u00e7oamento de Pessoal de N\u00edvel Superior (Capes).<\/p>\n<p>Tamb\u00e9m atuou como membro do Conselho Deliberativo do Instituto de Estudos Avan\u00e7ados da USP e \u00e9 membro do Conselho Superior de Estudos Avan\u00e7ados da Federa\u00e7\u00e3o das Ind\u00fastrias do Estado de S\u00e3o Paulo.<\/p>\n<p><strong>Luana Louren\u00e7o, ABr<\/strong><\/p>\n","protected":false},"excerpt":{"rendered":"<p>Ao dar posse ao novo ministro da Educa\u00e7\u00e3o, Renato Janine Ribeiro, a presidenta Dilma Rousseff defendeu a Petrobras e os recursos do pr\u00e9-sal que v\u00e3o financiar a educa\u00e7\u00e3o e disse que as medidas do ajuste fiscal n\u00e3o ir\u00e3o atingir os programas essenciais do setor. \u201cGaranto \u00e0s brasileiras e aos brasileiros que a necessidade imperiosa de [&hellip;]<\/p>\n","protected":false},"author":2,"featured_media":42933,"comment_status":"open","ping_status":"closed","sticky":false,"template":"","format":"standard","meta":{"_acf_changed":false,"footnotes":""},"categories":[16],"tags":[],"class_list":["post-42932","post","type-post","status-publish","format-standard","has-post-thumbnail","hentry","category-brasil"],"acf":[],"_links":{"self":[{"href":"https:\/\/www.notibras.com\/site\/wp-json\/wp\/v2\/posts\/42932","targetHints":{"allow":["GET"]}}],"collection":[{"href":"https:\/\/www.notibras.com\/site\/wp-json\/wp\/v2\/posts"}],"about":[{"href":"https:\/\/www.notibras.com\/site\/wp-json\/wp\/v2\/types\/post"}],"author":[{"embeddable":true,"href":"https:\/\/www.notibras.com\/site\/wp-json\/wp\/v2\/users\/2"}],"replies":[{"embeddable":true,"href":"https:\/\/www.notibras.com\/site\/wp-json\/wp\/v2\/comments?post=42932"}],"version-history":[{"count":0,"href":"https:\/\/www.notibras.com\/site\/wp-json\/wp\/v2\/posts\/42932\/revisions"}],"wp:featuredmedia":[{"embeddable":true,"href":"https:\/\/www.notibras.com\/site\/wp-json\/wp\/v2\/media\/42933"}],"wp:attachment":[{"href":"https:\/\/www.notibras.com\/site\/wp-json\/wp\/v2\/media?parent=42932"}],"wp:term":[{"taxonomy":"category","embeddable":true,"href":"https:\/\/www.notibras.com\/site\/wp-json\/wp\/v2\/categories?post=42932"},{"taxonomy":"post_tag","embeddable":true,"href":"https:\/\/www.notibras.com\/site\/wp-json\/wp\/v2\/tags?post=42932"}],"curies":[{"name":"wp","href":"https:\/\/api.w.org\/{rel}","templated":true}]}}