{"id":42960,"date":"2015-04-06T23:55:24","date_gmt":"2015-04-07T02:55:24","guid":{"rendered":"http:\/\/www.notibras.com\/site\/?p=42960"},"modified":"2015-04-07T18:29:46","modified_gmt":"2015-04-07T21:29:46","slug":"israel-proibe-missao-humanitaria-brasileira-de-entrar-em-gaza","status":"publish","type":"post","link":"https:\/\/www.notibras.com\/site\/israel-proibe-missao-humanitaria-brasileira-de-entrar-em-gaza\/","title":{"rendered":"Israel pro\u00edbe miss\u00e3o brasileira de assistir palestinos em Gaza"},"content":{"rendered":"<p>A Miss\u00e3o Humanit\u00e1ria \u00e0 Faixa de Gaza, formada por 13 brasileiros, n\u00e3o conseguiu chegar ao local desejado \u2013 estreita faixa de terra palestina, localizada na costa oriental do Mar Mediterr\u00e2neo, entre Israel e Egito. O grupo n\u00e3o teve autoriza\u00e7\u00e3o do governo de Israel para ingressar em territ\u00f3rio palestino.<\/p>\n<p>Segundo mensagem enviada \u00e0 Embaixada Brasileira na Palestina, pelo governo de Israel, n\u00e3o houve tempo h\u00e1bil &#8220;para conduzir todos os procedimentos de averigua\u00e7\u00e3o e seguran\u00e7a dos integrantes da miss\u00e3o&#8221;. O governo de Israel, que controla a entrada e sa\u00edda de pessoas do territ\u00f3rio ocupado da Palestina, sugeriu que a miss\u00e3o estudasse a possibilidade de ingressar em Gaza a partir do dia 12 de abril.<\/p>\n<p>&#8220;O ruim \u00e9 que a resposta n\u00e3o determina um prazo. Nada garante que conseguiremos entrar no dia 12, mas s\u00f3 a partir da\u00ed. Mas pode ser em uma semana, um m\u00eas, um ano&#8221;, ponderou Leonado Vieira, integrante do Conselho Internacional do F\u00f3rum Social Mundial e um dos coordenadores da miss\u00e3o.<\/p>\n<p>Diante disso, o grupo estudou a viabilidade de ir ao CheckPoint de Erez, o \u00fanico que d\u00e1 acesso \u00e0 Faixa de Gaza, a partir de Israel. Em toda a Palestina existem mais de 500 <em>checkpoints<\/em> (barreiras de controle de documentos) equipados com aparelhos de raio-x e detectores de metal.<\/p>\n<blockquote><p>Para que os palestinos possam entrar e sair das cidades, \u00e9 preciso que apresentem documentos nesses locais. A exig\u00eancia vale para crian\u00e7as em idade escolar, idosos, gestantes e em caso de doen\u00e7a. No dia a dia, as pessoas chegam a perder at\u00e9 cinco horas por dia s\u00f3 para atravessar as barreiras de seguran\u00e7a. Segundo a Organiza\u00e7\u00e3o Mundial da Sa\u00fade (OMS), em 2008, 69 partos foram feitos nos <em>checkpoints<\/em>.<\/p><\/blockquote>\n<p>Os integrantes da miss\u00e3o foram dissuadidos pelo embaixador do Brasil na Palestina, Paulo Fran\u00e7a, que se mostrou preocupado com a seguran\u00e7a do grupo. A Embaixada do Brasil em Israel tamb\u00e9m mostrou preocupa\u00e7\u00e3o com a proposta. Em reuni\u00e3o com os representantes do governo brasileiro em Ramalah, Rita Freire \u2013 que faz parte da miss\u00e3o e tamb\u00e9m integra o Conselho Internacional do F\u00f3rum Social Mundial \u2013 informou que apesar das atividades terem sido conclu\u00eddas na Palestina, a miss\u00e3o humanit\u00e1ria segue em aberto at\u00e9 que seja autorizada a entrar no territ\u00f3rio palestino.<\/p>\n<p>&#8220;N\u00e3o chegamos \u00e0 [Faixa de] Gaza, mas isso n\u00e3o significa que a miss\u00e3o terminou. Vamos seguir tentando&#8221;. Para os ativistas que integram a miss\u00e3o, a dificuldade de acesso ao territ\u00f3rio \u00e9 um exemplo de como as restri\u00e7\u00f5es de liberdade afetam o povo palestino.<\/p>\n<p><strong>Eliane Gon\u00e7alves, ABr <\/strong><\/p>\n","protected":false},"excerpt":{"rendered":"<p>A Miss\u00e3o Humanit\u00e1ria \u00e0 Faixa de Gaza, formada por 13 brasileiros, n\u00e3o conseguiu chegar ao local desejado \u2013 estreita faixa de terra palestina, localizada na costa oriental do Mar Mediterr\u00e2neo, entre Israel e Egito. O grupo n\u00e3o teve autoriza\u00e7\u00e3o do governo de Israel para ingressar em territ\u00f3rio palestino. Segundo mensagem enviada \u00e0 Embaixada Brasileira na [&hellip;]<\/p>\n","protected":false},"author":2,"featured_media":42961,"comment_status":"open","ping_status":"closed","sticky":false,"template":"","format":"standard","meta":{"_acf_changed":false,"footnotes":""},"categories":[16],"tags":[],"class_list":["post-42960","post","type-post","status-publish","format-standard","has-post-thumbnail","hentry","category-brasil"],"acf":[],"yoast_head":"<!-- This site is optimized with the Yoast SEO plugin v27.5 - https:\/\/yoast.com\/product\/yoast-seo-wordpress\/ -->\n<title>Israel pro\u00edbe miss\u00e3o brasileira de assistir palestinos em Gaza - Notibras<\/title>\n<meta name=\"robots\" content=\"index, follow, max-snippet:-1, max-image-preview:large, max-video-preview:-1\" \/>\n<link rel=\"canonical\" href=\"https:\/\/www.notibras.com\/site\/israel-proibe-missao-humanitaria-brasileira-de-entrar-em-gaza\/\" \/>\n<meta property=\"og:locale\" content=\"pt_BR\" \/>\n<meta property=\"og:type\" content=\"article\" \/>\n<meta property=\"og:title\" content=\"Israel pro\u00edbe miss\u00e3o brasileira de assistir palestinos em Gaza - Notibras\" \/>\n<meta property=\"og:description\" content=\"A Miss\u00e3o Humanit\u00e1ria \u00e0 Faixa de Gaza, formada por 13 brasileiros, n\u00e3o conseguiu chegar ao local desejado \u2013 estreita faixa de terra palestina, localizada na costa oriental do Mar Mediterr\u00e2neo, entre Israel e Egito. O grupo n\u00e3o teve autoriza\u00e7\u00e3o do governo de Israel para ingressar em territ\u00f3rio palestino. Segundo mensagem enviada \u00e0 Embaixada Brasileira na [&hellip;]\" \/>\n<meta property=\"og:url\" content=\"https:\/\/www.notibras.com\/site\/israel-proibe-missao-humanitaria-brasileira-de-entrar-em-gaza\/\" \/>\n<meta property=\"og:site_name\" content=\"Notibras\" \/>\n<meta property=\"article:publisher\" content=\"https:\/\/www.facebook.com\/notibras\/\" \/>\n<meta property=\"article:published_time\" content=\"2015-04-07T02:55:24+00:00\" \/>\n<meta property=\"article:modified_time\" content=\"2015-04-07T21:29:46+00:00\" \/>\n<meta property=\"og:image\" content=\"https:\/\/www.notibras.com\/site\/wp-content\/uploads\/2015\/04\/gaza.jpeg\" \/>\n\t<meta property=\"og:image:width\" content=\"272\" \/>\n\t<meta property=\"og:image:height\" content=\"185\" \/>\n\t<meta property=\"og:image:type\" content=\"image\/jpeg\" \/>\n<meta name=\"author\" content=\"Reda\u00e7\u00e3o\" \/>\n<meta name=\"twitter:card\" content=\"summary_large_image\" \/>\n<meta name=\"twitter:creator\" content=\"@Notibras\" \/>\n<meta name=\"twitter:site\" content=\"@Notibras\" \/>\n<meta name=\"twitter:label1\" content=\"Escrito por\" \/>\n\t<meta name=\"twitter:data1\" content=\"Reda\u00e7\u00e3o\" \/>\n\t<meta name=\"twitter:label2\" content=\"Est. tempo de leitura\" \/>\n\t<meta name=\"twitter:data2\" content=\"2 minutos\" \/>\n<script type=\"application\/ld+json\" class=\"yoast-schema-graph\">{\"@context\":\"https:\\\/\\\/schema.org\",\"@graph\":[{\"@type\":\"Article\",\"@id\":\"https:\\\/\\\/www.notibras.com\\\/site\\\/israel-proibe-missao-humanitaria-brasileira-de-entrar-em-gaza\\\/#article\",\"isPartOf\":{\"@id\":\"https:\\\/\\\/www.notibras.com\\\/site\\\/israel-proibe-missao-humanitaria-brasileira-de-entrar-em-gaza\\\/\"},\"author\":{\"name\":\"Reda\u00e7\u00e3o\",\"@id\":\"https:\\\/\\\/www.notibras.com\\\/site\\\/#\\\/schema\\\/person\\\/36ab0979449956132d3e5b517ea76ac8\"},\"headline\":\"Israel pro\u00edbe miss\u00e3o brasileira de assistir palestinos em Gaza\",\"datePublished\":\"2015-04-07T02:55:24+00:00\",\"dateModified\":\"2015-04-07T21:29:46+00:00\",\"mainEntityOfPage\":{\"@id\":\"https:\\\/\\\/www.notibras.com\\\/site\\\/israel-proibe-missao-humanitaria-brasileira-de-entrar-em-gaza\\\/\"},\"wordCount\":454,\"commentCount\":0,\"publisher\":{\"@id\":\"https:\\\/\\\/www.notibras.com\\\/site\\\/#organization\"},\"image\":{\"@id\":\"https:\\\/\\\/www.notibras.com\\\/site\\\/israel-proibe-missao-humanitaria-brasileira-de-entrar-em-gaza\\\/#primaryimage\"},\"thumbnailUrl\":\"https:\\\/\\\/www.notibras.com\\\/site\\\/wp-content\\\/uploads\\\/2015\\\/04\\\/gaza.jpeg\",\"articleSection\":[\"Brasil\"],\"inLanguage\":\"pt-BR\",\"potentialAction\":[{\"@type\":\"CommentAction\",\"name\":\"Comment\",\"target\":[\"https:\\\/\\\/www.notibras.com\\\/site\\\/israel-proibe-missao-humanitaria-brasileira-de-entrar-em-gaza\\\/#respond\"]}]},{\"@type\":\"WebPage\",\"@id\":\"https:\\\/\\\/www.notibras.com\\\/site\\\/israel-proibe-missao-humanitaria-brasileira-de-entrar-em-gaza\\\/\",\"url\":\"https:\\\/\\\/www.notibras.com\\\/site\\\/israel-proibe-missao-humanitaria-brasileira-de-entrar-em-gaza\\\/\",\"name\":\"Israel pro\u00edbe miss\u00e3o brasileira de assistir palestinos em Gaza - Notibras\",\"isPartOf\":{\"@id\":\"https:\\\/\\\/www.notibras.com\\\/site\\\/#website\"},\"primaryImageOfPage\":{\"@id\":\"https:\\\/\\\/www.notibras.com\\\/site\\\/israel-proibe-missao-humanitaria-brasileira-de-entrar-em-gaza\\\/#primaryimage\"},\"image\":{\"@id\":\"https:\\\/\\\/www.notibras.com\\\/site\\\/israel-proibe-missao-humanitaria-brasileira-de-entrar-em-gaza\\\/#primaryimage\"},\"thumbnailUrl\":\"https:\\\/\\\/www.notibras.com\\\/site\\\/wp-content\\\/uploads\\\/2015\\\/04\\\/gaza.jpeg\",\"datePublished\":\"2015-04-07T02:55:24+00:00\",\"dateModified\":\"2015-04-07T21:29:46+00:00\",\"breadcrumb\":{\"@id\":\"https:\\\/\\\/www.notibras.com\\\/site\\\/israel-proibe-missao-humanitaria-brasileira-de-entrar-em-gaza\\\/#breadcrumb\"},\"inLanguage\":\"pt-BR\",\"potentialAction\":[{\"@type\":\"ReadAction\",\"target\":[\"https:\\\/\\\/www.notibras.com\\\/site\\\/israel-proibe-missao-humanitaria-brasileira-de-entrar-em-gaza\\\/\"]}]},{\"@type\":\"ImageObject\",\"inLanguage\":\"pt-BR\",\"@id\":\"https:\\\/\\\/www.notibras.com\\\/site\\\/israel-proibe-missao-humanitaria-brasileira-de-entrar-em-gaza\\\/#primaryimage\",\"url\":\"https:\\\/\\\/www.notibras.com\\\/site\\\/wp-content\\\/uploads\\\/2015\\\/04\\\/gaza.jpeg\",\"contentUrl\":\"https:\\\/\\\/www.notibras.com\\\/site\\\/wp-content\\\/uploads\\\/2015\\\/04\\\/gaza.jpeg\",\"width\":272,\"height\":185},{\"@type\":\"BreadcrumbList\",\"@id\":\"https:\\\/\\\/www.notibras.com\\\/site\\\/israel-proibe-missao-humanitaria-brasileira-de-entrar-em-gaza\\\/#breadcrumb\",\"itemListElement\":[{\"@type\":\"ListItem\",\"position\":1,\"name\":\"In\u00edcio\",\"item\":\"https:\\\/\\\/www.notibras.com\\\/site\\\/\"},{\"@type\":\"ListItem\",\"position\":2,\"name\":\"Israel pro\u00edbe miss\u00e3o brasileira de assistir palestinos em Gaza\"}]},{\"@type\":\"WebSite\",\"@id\":\"https:\\\/\\\/www.notibras.com\\\/site\\\/#website\",\"url\":\"https:\\\/\\\/www.notibras.com\\\/site\\\/\",\"name\":\"Notibras\",\"description\":\"Not\u00edcias de Bras\u00edlia, do Brasil e do Mundo\",\"publisher\":{\"@id\":\"https:\\\/\\\/www.notibras.com\\\/site\\\/#organization\"},\"potentialAction\":[{\"@type\":\"SearchAction\",\"target\":{\"@type\":\"EntryPoint\",\"urlTemplate\":\"https:\\\/\\\/www.notibras.com\\\/site\\\/?s={search_term_string}\"},\"query-input\":{\"@type\":\"PropertyValueSpecification\",\"valueRequired\":true,\"valueName\":\"search_term_string\"}}],\"inLanguage\":\"pt-BR\"},{\"@type\":\"Organization\",\"@id\":\"https:\\\/\\\/www.notibras.com\\\/site\\\/#organization\",\"name\":\"Grupo Notibras de Comunica\u00e7\u00e3o\",\"url\":\"https:\\\/\\\/www.notibras.com\\\/site\\\/\",\"logo\":{\"@type\":\"ImageObject\",\"inLanguage\":\"pt-BR\",\"@id\":\"https:\\\/\\\/www.notibras.com\\\/site\\\/#\\\/schema\\\/logo\\\/image\\\/\",\"url\":\"https:\\\/\\\/www.notibras.com\\\/site\\\/wp-content\\\/uploads\\\/2023\\\/01\\\/notibras23.png\",\"contentUrl\":\"https:\\\/\\\/www.notibras.com\\\/site\\\/wp-content\\\/uploads\\\/2023\\\/01\\\/notibras23.png\",\"width\":350,\"height\":87,\"caption\":\"Grupo Notibras de Comunica\u00e7\u00e3o\"},\"image\":{\"@id\":\"https:\\\/\\\/www.notibras.com\\\/site\\\/#\\\/schema\\\/logo\\\/image\\\/\"},\"sameAs\":[\"https:\\\/\\\/www.facebook.com\\\/notibras\\\/\",\"https:\\\/\\\/x.com\\\/Notibras\",\"https:\\\/\\\/www.instagram.com\\\/notibras\\\/\"]},{\"@type\":\"Person\",\"@id\":\"https:\\\/\\\/www.notibras.com\\\/site\\\/#\\\/schema\\\/person\\\/36ab0979449956132d3e5b517ea76ac8\",\"name\":\"Reda\u00e7\u00e3o\",\"image\":{\"@type\":\"ImageObject\",\"inLanguage\":\"pt-BR\",\"@id\":\"https:\\\/\\\/secure.gravatar.com\\\/avatar\\\/e0a867bdedb85fd243eadf09663511f96fc81e0720a4a42581f334ad4303aa6b?s=96&d=mm&r=g\",\"url\":\"https:\\\/\\\/secure.gravatar.com\\\/avatar\\\/e0a867bdedb85fd243eadf09663511f96fc81e0720a4a42581f334ad4303aa6b?s=96&d=mm&r=g\",\"contentUrl\":\"https:\\\/\\\/secure.gravatar.com\\\/avatar\\\/e0a867bdedb85fd243eadf09663511f96fc81e0720a4a42581f334ad4303aa6b?s=96&d=mm&r=g\",\"caption\":\"Reda\u00e7\u00e3o\"}}]}<\/script>\n<!-- \/ Yoast SEO plugin. -->","yoast_head_json":{"title":"Israel pro\u00edbe miss\u00e3o brasileira de assistir palestinos em Gaza - Notibras","robots":{"index":"index","follow":"follow","max-snippet":"max-snippet:-1","max-image-preview":"max-image-preview:large","max-video-preview":"max-video-preview:-1"},"canonical":"https:\/\/www.notibras.com\/site\/israel-proibe-missao-humanitaria-brasileira-de-entrar-em-gaza\/","og_locale":"pt_BR","og_type":"article","og_title":"Israel pro\u00edbe miss\u00e3o brasileira de assistir palestinos em Gaza - Notibras","og_description":"A Miss\u00e3o Humanit\u00e1ria \u00e0 Faixa de Gaza, formada por 13 brasileiros, n\u00e3o conseguiu chegar ao local desejado \u2013 estreita faixa de terra palestina, localizada na costa oriental do Mar Mediterr\u00e2neo, entre Israel e Egito. O grupo n\u00e3o teve autoriza\u00e7\u00e3o do governo de Israel para ingressar em territ\u00f3rio palestino. Segundo mensagem enviada \u00e0 Embaixada Brasileira na [&hellip;]","og_url":"https:\/\/www.notibras.com\/site\/israel-proibe-missao-humanitaria-brasileira-de-entrar-em-gaza\/","og_site_name":"Notibras","article_publisher":"https:\/\/www.facebook.com\/notibras\/","article_published_time":"2015-04-07T02:55:24+00:00","article_modified_time":"2015-04-07T21:29:46+00:00","og_image":[{"width":272,"height":185,"url":"https:\/\/www.notibras.com\/site\/wp-content\/uploads\/2015\/04\/gaza.jpeg","type":"image\/jpeg"}],"author":"Reda\u00e7\u00e3o","twitter_card":"summary_large_image","twitter_creator":"@Notibras","twitter_site":"@Notibras","twitter_misc":{"Escrito por":"Reda\u00e7\u00e3o","Est. tempo de leitura":"2 minutos"},"schema":{"@context":"https:\/\/schema.org","@graph":[{"@type":"Article","@id":"https:\/\/www.notibras.com\/site\/israel-proibe-missao-humanitaria-brasileira-de-entrar-em-gaza\/#article","isPartOf":{"@id":"https:\/\/www.notibras.com\/site\/israel-proibe-missao-humanitaria-brasileira-de-entrar-em-gaza\/"},"author":{"name":"Reda\u00e7\u00e3o","@id":"https:\/\/www.notibras.com\/site\/#\/schema\/person\/36ab0979449956132d3e5b517ea76ac8"},"headline":"Israel pro\u00edbe miss\u00e3o brasileira de assistir palestinos em Gaza","datePublished":"2015-04-07T02:55:24+00:00","dateModified":"2015-04-07T21:29:46+00:00","mainEntityOfPage":{"@id":"https:\/\/www.notibras.com\/site\/israel-proibe-missao-humanitaria-brasileira-de-entrar-em-gaza\/"},"wordCount":454,"commentCount":0,"publisher":{"@id":"https:\/\/www.notibras.com\/site\/#organization"},"image":{"@id":"https:\/\/www.notibras.com\/site\/israel-proibe-missao-humanitaria-brasileira-de-entrar-em-gaza\/#primaryimage"},"thumbnailUrl":"https:\/\/www.notibras.com\/site\/wp-content\/uploads\/2015\/04\/gaza.jpeg","articleSection":["Brasil"],"inLanguage":"pt-BR","potentialAction":[{"@type":"CommentAction","name":"Comment","target":["https:\/\/www.notibras.com\/site\/israel-proibe-missao-humanitaria-brasileira-de-entrar-em-gaza\/#respond"]}]},{"@type":"WebPage","@id":"https:\/\/www.notibras.com\/site\/israel-proibe-missao-humanitaria-brasileira-de-entrar-em-gaza\/","url":"https:\/\/www.notibras.com\/site\/israel-proibe-missao-humanitaria-brasileira-de-entrar-em-gaza\/","name":"Israel pro\u00edbe miss\u00e3o brasileira de assistir palestinos em Gaza - Notibras","isPartOf":{"@id":"https:\/\/www.notibras.com\/site\/#website"},"primaryImageOfPage":{"@id":"https:\/\/www.notibras.com\/site\/israel-proibe-missao-humanitaria-brasileira-de-entrar-em-gaza\/#primaryimage"},"image":{"@id":"https:\/\/www.notibras.com\/site\/israel-proibe-missao-humanitaria-brasileira-de-entrar-em-gaza\/#primaryimage"},"thumbnailUrl":"https:\/\/www.notibras.com\/site\/wp-content\/uploads\/2015\/04\/gaza.jpeg","datePublished":"2015-04-07T02:55:24+00:00","dateModified":"2015-04-07T21:29:46+00:00","breadcrumb":{"@id":"https:\/\/www.notibras.com\/site\/israel-proibe-missao-humanitaria-brasileira-de-entrar-em-gaza\/#breadcrumb"},"inLanguage":"pt-BR","potentialAction":[{"@type":"ReadAction","target":["https:\/\/www.notibras.com\/site\/israel-proibe-missao-humanitaria-brasileira-de-entrar-em-gaza\/"]}]},{"@type":"ImageObject","inLanguage":"pt-BR","@id":"https:\/\/www.notibras.com\/site\/israel-proibe-missao-humanitaria-brasileira-de-entrar-em-gaza\/#primaryimage","url":"https:\/\/www.notibras.com\/site\/wp-content\/uploads\/2015\/04\/gaza.jpeg","contentUrl":"https:\/\/www.notibras.com\/site\/wp-content\/uploads\/2015\/04\/gaza.jpeg","width":272,"height":185},{"@type":"BreadcrumbList","@id":"https:\/\/www.notibras.com\/site\/israel-proibe-missao-humanitaria-brasileira-de-entrar-em-gaza\/#breadcrumb","itemListElement":[{"@type":"ListItem","position":1,"name":"In\u00edcio","item":"https:\/\/www.notibras.com\/site\/"},{"@type":"ListItem","position":2,"name":"Israel pro\u00edbe miss\u00e3o brasileira de assistir palestinos em Gaza"}]},{"@type":"WebSite","@id":"https:\/\/www.notibras.com\/site\/#website","url":"https:\/\/www.notibras.com\/site\/","name":"Notibras","description":"Not\u00edcias de Bras\u00edlia, do Brasil e do Mundo","publisher":{"@id":"https:\/\/www.notibras.com\/site\/#organization"},"potentialAction":[{"@type":"SearchAction","target":{"@type":"EntryPoint","urlTemplate":"https:\/\/www.notibras.com\/site\/?s={search_term_string}"},"query-input":{"@type":"PropertyValueSpecification","valueRequired":true,"valueName":"search_term_string"}}],"inLanguage":"pt-BR"},{"@type":"Organization","@id":"https:\/\/www.notibras.com\/site\/#organization","name":"Grupo Notibras de Comunica\u00e7\u00e3o","url":"https:\/\/www.notibras.com\/site\/","logo":{"@type":"ImageObject","inLanguage":"pt-BR","@id":"https:\/\/www.notibras.com\/site\/#\/schema\/logo\/image\/","url":"https:\/\/www.notibras.com\/site\/wp-content\/uploads\/2023\/01\/notibras23.png","contentUrl":"https:\/\/www.notibras.com\/site\/wp-content\/uploads\/2023\/01\/notibras23.png","width":350,"height":87,"caption":"Grupo Notibras de Comunica\u00e7\u00e3o"},"image":{"@id":"https:\/\/www.notibras.com\/site\/#\/schema\/logo\/image\/"},"sameAs":["https:\/\/www.facebook.com\/notibras\/","https:\/\/x.com\/Notibras","https:\/\/www.instagram.com\/notibras\/"]},{"@type":"Person","@id":"https:\/\/www.notibras.com\/site\/#\/schema\/person\/36ab0979449956132d3e5b517ea76ac8","name":"Reda\u00e7\u00e3o","image":{"@type":"ImageObject","inLanguage":"pt-BR","@id":"https:\/\/secure.gravatar.com\/avatar\/e0a867bdedb85fd243eadf09663511f96fc81e0720a4a42581f334ad4303aa6b?s=96&d=mm&r=g","url":"https:\/\/secure.gravatar.com\/avatar\/e0a867bdedb85fd243eadf09663511f96fc81e0720a4a42581f334ad4303aa6b?s=96&d=mm&r=g","contentUrl":"https:\/\/secure.gravatar.com\/avatar\/e0a867bdedb85fd243eadf09663511f96fc81e0720a4a42581f334ad4303aa6b?s=96&d=mm&r=g","caption":"Reda\u00e7\u00e3o"}}]}},"amp_enabled":true,"_links":{"self":[{"href":"https:\/\/www.notibras.com\/site\/wp-json\/wp\/v2\/posts\/42960","targetHints":{"allow":["GET"]}}],"collection":[{"href":"https:\/\/www.notibras.com\/site\/wp-json\/wp\/v2\/posts"}],"about":[{"href":"https:\/\/www.notibras.com\/site\/wp-json\/wp\/v2\/types\/post"}],"author":[{"embeddable":true,"href":"https:\/\/www.notibras.com\/site\/wp-json\/wp\/v2\/users\/2"}],"replies":[{"embeddable":true,"href":"https:\/\/www.notibras.com\/site\/wp-json\/wp\/v2\/comments?post=42960"}],"version-history":[{"count":0,"href":"https:\/\/www.notibras.com\/site\/wp-json\/wp\/v2\/posts\/42960\/revisions"}],"wp:featuredmedia":[{"embeddable":true,"href":"https:\/\/www.notibras.com\/site\/wp-json\/wp\/v2\/media\/42961"}],"wp:attachment":[{"href":"https:\/\/www.notibras.com\/site\/wp-json\/wp\/v2\/media?parent=42960"}],"wp:term":[{"taxonomy":"category","embeddable":true,"href":"https:\/\/www.notibras.com\/site\/wp-json\/wp\/v2\/categories?post=42960"},{"taxonomy":"post_tag","embeddable":true,"href":"https:\/\/www.notibras.com\/site\/wp-json\/wp\/v2\/tags?post=42960"}],"curies":[{"name":"wp","href":"https:\/\/api.w.org\/{rel}","templated":true}]}}