{"id":43025,"date":"2015-04-07T11:22:49","date_gmt":"2015-04-07T14:22:49","guid":{"rendered":"http:\/\/www.notibras.com\/site\/?p=43025"},"modified":"2015-04-07T19:40:46","modified_gmt":"2015-04-07T22:40:46","slug":"producao-industrial-desaba-no-rio-e-puxa-queda-nacional","status":"publish","type":"post","link":"https:\/\/www.notibras.com\/site\/producao-industrial-desaba-no-rio-e-puxa-queda-nacional\/","title":{"rendered":"Produ\u00e7\u00e3o industrial desaba 7% no Rio e puxa queda geral"},"content":{"rendered":"<div class=\"content\">\n<p>A produ\u00e7\u00e3o industrial cresceu em oito dos 14 locais pesquisados pelo Instituto Brasileiro de Geografia e Estat\u00edstica (IBGE) na passagem de janeiro para fevereiro deste ano, apesar da queda de 0,9% na m\u00e9dia nacional. As maiores altas foram observadas no Par\u00e1 (3,4%) e em Goi\u00e1s (3,2%), segundo dados da Pesquisa Industrial Mensal \u2013 Produ\u00e7\u00e3o F\u00edsica Regional divulgados nesta ter\u00e7a-feira 7.<\/p>\n<p>Outros estados com crescimento na produ\u00e7\u00e3o industrial foram Paran\u00e1 (2,4%), Amazonas (2,2%), Rio Grande do Sul (1,6%), Cear\u00e1 (1,1%), S\u00e3o Paulo (0,3%) e Santa Catarina (0,2%). A queda nacional foi influenciada por recuos na produ\u00e7\u00e3o em seis locais, entre eles, o Rio de Janeiro, que teve o pior desempenho (-7,1%).<\/p>\n<p>De janeiro para fevereiro, tamb\u00e9m foram observadas quedas na Bahia (-6,4%), Pernambuco (-2,3%), Minas Gerais (-1,9%), Nordeste (-0,7%) e Esp\u00edrito Santo (-0,4%).<\/p>\n<blockquote><p>Nos demais tipos de compara\u00e7\u00e3o, o IBGE analisa tamb\u00e9m o estado de Mato Grosso, al\u00e9m dos 14 locais. Na compara\u00e7\u00e3o de fevereiro deste ano com o mesmo per\u00edodo do ano passado, houve recuo em 12 dos 15 locais pesquisados, com destaque para a Bahia (-23,2%) e Amazonas (-18,9%). Entre os tr\u00eas locais com alta, a maior taxa ficou com o Esp\u00edrito Santo (25,6%).<\/p><\/blockquote>\n<p>No acumulado do ano e no acumulado de 12 meses, houve queda na produ\u00e7\u00e3o em 11 locais, ao mesmo tempo em que foi registrado crescimento em quatro locais.<\/p>\n<header>\n<div class=\"node-info\"><strong>Vitor Abdala, ABr<\/strong><strong><br \/>\n<\/strong><\/div>\n<\/header>\n<\/div>\n","protected":false},"excerpt":{"rendered":"<p>A produ\u00e7\u00e3o industrial cresceu em oito dos 14 locais pesquisados pelo Instituto Brasileiro de Geografia e Estat\u00edstica (IBGE) na passagem de janeiro para fevereiro deste ano, apesar da queda de 0,9% na m\u00e9dia nacional. As maiores altas foram observadas no Par\u00e1 (3,4%) e em Goi\u00e1s (3,2%), segundo dados da Pesquisa Industrial Mensal \u2013 Produ\u00e7\u00e3o F\u00edsica [&hellip;]<\/p>\n","protected":false},"author":2,"featured_media":43026,"comment_status":"open","ping_status":"closed","sticky":false,"template":"","format":"standard","meta":{"_acf_changed":false,"footnotes":""},"categories":[16],"tags":[],"class_list":["post-43025","post","type-post","status-publish","format-standard","has-post-thumbnail","hentry","category-brasil"],"acf":[],"_links":{"self":[{"href":"https:\/\/www.notibras.com\/site\/wp-json\/wp\/v2\/posts\/43025","targetHints":{"allow":["GET"]}}],"collection":[{"href":"https:\/\/www.notibras.com\/site\/wp-json\/wp\/v2\/posts"}],"about":[{"href":"https:\/\/www.notibras.com\/site\/wp-json\/wp\/v2\/types\/post"}],"author":[{"embeddable":true,"href":"https:\/\/www.notibras.com\/site\/wp-json\/wp\/v2\/users\/2"}],"replies":[{"embeddable":true,"href":"https:\/\/www.notibras.com\/site\/wp-json\/wp\/v2\/comments?post=43025"}],"version-history":[{"count":0,"href":"https:\/\/www.notibras.com\/site\/wp-json\/wp\/v2\/posts\/43025\/revisions"}],"wp:featuredmedia":[{"embeddable":true,"href":"https:\/\/www.notibras.com\/site\/wp-json\/wp\/v2\/media\/43026"}],"wp:attachment":[{"href":"https:\/\/www.notibras.com\/site\/wp-json\/wp\/v2\/media?parent=43025"}],"wp:term":[{"taxonomy":"category","embeddable":true,"href":"https:\/\/www.notibras.com\/site\/wp-json\/wp\/v2\/categories?post=43025"},{"taxonomy":"post_tag","embeddable":true,"href":"https:\/\/www.notibras.com\/site\/wp-json\/wp\/v2\/tags?post=43025"}],"curies":[{"name":"wp","href":"https:\/\/api.w.org\/{rel}","templated":true}]}}