{"id":43061,"date":"2015-04-07T18:26:14","date_gmt":"2015-04-07T21:26:14","guid":{"rendered":"http:\/\/www.notibras.com\/site\/?p=43061"},"modified":"2015-04-07T23:03:25","modified_gmt":"2015-04-08T02:03:25","slug":"cut-reune-gatos-pingados-contra-terceirizacao-e-promete-parar-o-pais","status":"publish","type":"post","link":"https:\/\/www.notibras.com\/site\/cut-reune-gatos-pingados-contra-terceirizacao-e-promete-parar-o-pais\/","title":{"rendered":"CUT re\u00fane gatos pingados contra terceiriza\u00e7\u00e3o e promete parar o Pa\u00eds se a lei passar"},"content":{"rendered":"<div class=\"articleData\">\n<p class=\"text\">Representantes de centrais sindicais e movimentos populares deram uma esp\u00e9cie de ultimato ao governo da presidente Dilma Rousseff (PT) nesta ter\u00e7a-feira, em S\u00e3o Paulo: em protesto pelas ruas do centro da cidade, eles recha\u00e7aram o projeto de terceiriza\u00e7\u00e3o de m\u00e3o de obra\u00a0 e prometeram ir para as ruas \u201cmassivamente\u201d caso a presidente sancione a proposta.<\/p>\n<p class=\"text\">O projeto regulamenta contratos de terceiriza\u00e7\u00e3o no mercado de trabalho e torna poss\u00edvel que quaisquer atividades-fim sejam submetidas a essa forma de contrata\u00e7\u00e3o. Uma vez aprovada na C\u00e2mara, a mat\u00e9ria ainda segue para vota\u00e7\u00e3o no Senado.<\/p>\n<p class=\"text\">O ato na capital paulista reuniu cerca de 400 pessoas, segundo c\u00e1lculos da Pol\u00edcia Miliutar. A CUT esperava levar mais de 50 mil pessoas \u00e0 manifesta\u00e7\u00e3o.<\/p>\n<p class=\"text\">Para o presidente da CUT-SP, Adi dos Santos Lima, o ato de hoje foi um rep\u00fadio ao projeto em tramita\u00e7\u00e3o, proposto pelo deputado Sandro Mabel (PMDB-GO), al\u00e9m de um pedido de aten\u00e7\u00e3o \u00e0\u00a0sa\u00fade p\u00fablica no Pa\u00eds \u2013 uma vez que hoje \u00e9 celebrado o Dia Mundial da Sa\u00fade, e passeatas com a tem\u00e1tica, organizadas pela CUT, s\u00e3o anuais.<\/p>\n<blockquote>\n<p class=\"text\">\u201cO governo deveria ter chamado as centrais sindicais para negociar esse tipo de projeto, e n\u00e3o ter deixado nas m\u00e3os do Congresso \u2013 ainda mais um Congresso reacion\u00e1rio e sem a cara da classe trabalhadora como o nosso. Se a presidente n\u00e3o vetar isso, a CUT e os trabalhadores vamos reagir nas ruas, custe o que custar\u201d, avisou.<\/p>\n<\/blockquote>\n<p class=\"text\">Conforme o sindicalista, o projeto de lei afetaria a classe trabalhadora \u00e0 medida em que deixaria os empres\u00e1rios livres para terceirizar e abrir m\u00e3o de obriga\u00e7\u00f5es trabalhistas.<\/p>\n<p class=\"text\">\u201cA l\u00f3gica da terceiriza\u00e7\u00e3o \u00e9 perversa, porque ela tira benef\u00edcios e reduz sal\u00e1rios. As empresas passar\u00e3o a contratar pessoas jur\u00eddicas e empregados terceirizados que n\u00e3o estar\u00e3o submetidos a uma conven\u00e7\u00e3o coletiva \u2013 isso, al\u00e9m do mais, pulveriza a atividade sindical\u201d, definiu Lima. \u201cN\u00e3o \u00e9 uma iniciativa que v\u00e1 melhorar a qualidade de vida do trabalhador ou a qualidade do produto, mas que vai aumentar a margem de lucro do patr\u00e3o. Isso passa pelo corte de benef\u00edcios, n\u00e3o temos d\u00favida disso\u201d, pontuou o presidente da CUT paulista, para quem \u201co governo Dilma errou e agora precisa vetar esse projeto\u201d.<\/p>\n<\/div>\n","protected":false},"excerpt":{"rendered":"<p>Representantes de centrais sindicais e movimentos populares deram uma esp\u00e9cie de ultimato ao governo da presidente Dilma Rousseff (PT) nesta ter\u00e7a-feira, em S\u00e3o Paulo: em protesto pelas ruas do centro da cidade, eles recha\u00e7aram o projeto de terceiriza\u00e7\u00e3o de m\u00e3o de obra\u00a0 e prometeram ir para as ruas \u201cmassivamente\u201d caso a presidente sancione a proposta. [&hellip;]<\/p>\n","protected":false},"author":2,"featured_media":43062,"comment_status":"open","ping_status":"closed","sticky":false,"template":"","format":"standard","meta":{"_acf_changed":false,"footnotes":""},"categories":[16],"tags":[],"class_list":["post-43061","post","type-post","status-publish","format-standard","has-post-thumbnail","hentry","category-brasil"],"acf":[],"_links":{"self":[{"href":"https:\/\/www.notibras.com\/site\/wp-json\/wp\/v2\/posts\/43061","targetHints":{"allow":["GET"]}}],"collection":[{"href":"https:\/\/www.notibras.com\/site\/wp-json\/wp\/v2\/posts"}],"about":[{"href":"https:\/\/www.notibras.com\/site\/wp-json\/wp\/v2\/types\/post"}],"author":[{"embeddable":true,"href":"https:\/\/www.notibras.com\/site\/wp-json\/wp\/v2\/users\/2"}],"replies":[{"embeddable":true,"href":"https:\/\/www.notibras.com\/site\/wp-json\/wp\/v2\/comments?post=43061"}],"version-history":[{"count":0,"href":"https:\/\/www.notibras.com\/site\/wp-json\/wp\/v2\/posts\/43061\/revisions"}],"wp:featuredmedia":[{"embeddable":true,"href":"https:\/\/www.notibras.com\/site\/wp-json\/wp\/v2\/media\/43062"}],"wp:attachment":[{"href":"https:\/\/www.notibras.com\/site\/wp-json\/wp\/v2\/media?parent=43061"}],"wp:term":[{"taxonomy":"category","embeddable":true,"href":"https:\/\/www.notibras.com\/site\/wp-json\/wp\/v2\/categories?post=43061"},{"taxonomy":"post_tag","embeddable":true,"href":"https:\/\/www.notibras.com\/site\/wp-json\/wp\/v2\/tags?post=43061"}],"curies":[{"name":"wp","href":"https:\/\/api.w.org\/{rel}","templated":true}]}}