{"id":43068,"date":"2015-04-07T18:35:50","date_gmt":"2015-04-07T21:35:50","guid":{"rendered":"http:\/\/www.notibras.com\/site\/?p=43068"},"modified":"2015-04-07T18:35:50","modified_gmt":"2015-04-07T21:35:50","slug":"faixa-de-pedestre-um-legado-que-o-brasiliense-deve-resgatar","status":"publish","type":"post","link":"https:\/\/www.notibras.com\/site\/faixa-de-pedestre-um-legado-que-o-brasiliense-deve-resgatar\/","title":{"rendered":"Faixa de pedestre, um legado que o brasiliense deve resgatar"},"content":{"rendered":"<p>Infelizmente, no Brasil, o tr\u00e2nsito ainda \u00e9 uma guerra de todos contra todos. Dados divulgados pelo DENATRAN indicam que aproximadamente 27 mil pessoas s\u00e3o vitimas de atropelamento todos os anos no Brasil. Deste total, 24% s\u00e3o de pedestres que se tornaram vitimas fatais de imprud\u00eancia\u00a0 &#8211; muitas vezes do desrespeito praticado por motoristas.<\/p>\n<p>Em Bras\u00edlia, por muito tempo, a realidade foi a mesma do que acontece no resto do Pa\u00eds. A cidade foi inteiramente planejada \u2013 nos anos 1950 \u2013 visando exclusivamente a supremacia dos autom\u00f3veis nas ruas em detrimento dos pedestres.<\/p>\n<p>Mas, com muita mobiliza\u00e7\u00e3o, a sociedade brasiliense inverteu os sinais do tr\u00e2nsito na cidade. A sociedade ocupou as ruas, com atos teatrais, culturais, c\u00edvicos e criativos. A imprensa ficou ao lado do pedestre, desencadeando uma forte campanha por mudan\u00e7as na legisla\u00e7\u00e3o.<\/p>\n<blockquote><p>Por isso, finalmente, em 1997, as autoridades da \u00e9poca entenderam que era uma loucura que os pedestres, antes de atravessar a rua, fossem obrigados a dar passagem para os carros. E a prefer\u00eancia foi invertida: agora os carros d\u00e3o prefer\u00eancia aos pedestres.<\/p><\/blockquote>\n<p>Nessas travessias, bastaria que os pedestres estendessem o bra\u00e7o para que os carros parassem. Nas faixas com sem\u00e1foro, nada mudaria \u2014 o verde, o amarelo e o vermelho continuaram ditando os movimentos.<\/p>\n<p>Nos primeiros meses, os motoristas que ignoravam o sinal com o bra\u00e7o recebiam advert\u00eancia. Depois, passaram a receber multa. Hoje, sem grandes traumas, os brasilienses adquiriram o h\u00e1bito do sinal. J\u00e1 n\u00e3o \u00e9 t\u00e3o necess\u00e1ria como antes a presen\u00e7a dos agentes.<\/p>\n<p>Trata-se de uma reviravolta que salvou vidas. Uma revolu\u00e7\u00e3o feita de cidadania e respeito. Este \u00e9 um legado que, 18 anos depois, somos convocados a defender. Esse ano, comemoramos a maioridade da Lei da Faixa de Pedestre.<\/p>\n<p>\u00c9 ineg\u00e1vel, neste contexto, a import\u00e2ncia fundamental das campanhas educativas. As crian\u00e7as cobravam dos pais que dessem e respeitassem o sinal. Com o tempo, outras metr\u00f3poles seguiram o exemplo pioneiro de Bras\u00edlia.<\/p>\n<p>Eu convido todos os brasilienses a recuperar este importante legado. Vamos lutar pela aplica\u00e7\u00e3o da Lei da Faixa de Pedestre, sua fiscaliza\u00e7\u00e3o, e mais campanhas educativas para que as novas gera\u00e7\u00f5es saibam a import\u00e2ncia desta que \u00e9 uma luta pela vida.<\/p>\n<p><strong>Celina Le\u00e3o<\/strong><\/p>\n","protected":false},"excerpt":{"rendered":"<p>Infelizmente, no Brasil, o tr\u00e2nsito ainda \u00e9 uma guerra de todos contra todos. Dados divulgados pelo DENATRAN indicam que aproximadamente 27 mil pessoas s\u00e3o vitimas de atropelamento todos os anos no Brasil. Deste total, 24% s\u00e3o de pedestres que se tornaram vitimas fatais de imprud\u00eancia\u00a0 &#8211; muitas vezes do desrespeito praticado por motoristas. Em Bras\u00edlia, [&hellip;]<\/p>\n","protected":false},"author":2,"featured_media":43069,"comment_status":"open","ping_status":"closed","sticky":false,"template":"","format":"standard","meta":{"_acf_changed":false,"footnotes":""},"categories":[25],"tags":[],"class_list":["post-43068","post","type-post","status-publish","format-standard","has-post-thumbnail","hentry","category-opina-ai"],"acf":[],"yoast_head":"<!-- This site is optimized with the Yoast SEO plugin v27.5 - https:\/\/yoast.com\/product\/yoast-seo-wordpress\/ -->\n<title>Faixa de pedestre, um legado que o brasiliense deve resgatar - Notibras<\/title>\n<meta name=\"robots\" content=\"index, follow, max-snippet:-1, max-image-preview:large, max-video-preview:-1\" \/>\n<link rel=\"canonical\" href=\"https:\/\/www.notibras.com\/site\/faixa-de-pedestre-um-legado-que-o-brasiliense-deve-resgatar\/\" \/>\n<meta property=\"og:locale\" content=\"pt_BR\" \/>\n<meta property=\"og:type\" content=\"article\" \/>\n<meta property=\"og:title\" content=\"Faixa de pedestre, um legado que o brasiliense deve resgatar - Notibras\" \/>\n<meta property=\"og:description\" content=\"Infelizmente, no Brasil, o tr\u00e2nsito ainda \u00e9 uma guerra de todos contra todos. Dados divulgados pelo DENATRAN indicam que aproximadamente 27 mil pessoas s\u00e3o vitimas de atropelamento todos os anos no Brasil. Deste total, 24% s\u00e3o de pedestres que se tornaram vitimas fatais de imprud\u00eancia\u00a0 &#8211; muitas vezes do desrespeito praticado por motoristas. Em Bras\u00edlia, [&hellip;]\" \/>\n<meta property=\"og:url\" content=\"https:\/\/www.notibras.com\/site\/faixa-de-pedestre-um-legado-que-o-brasiliense-deve-resgatar\/\" \/>\n<meta property=\"og:site_name\" content=\"Notibras\" \/>\n<meta property=\"article:publisher\" content=\"https:\/\/www.facebook.com\/notibras\/\" \/>\n<meta property=\"article:published_time\" content=\"2015-04-07T21:35:50+00:00\" \/>\n<meta property=\"og:image\" content=\"https:\/\/www.notibras.com\/site\/wp-content\/uploads\/2015\/04\/cidace.jpeg\" \/>\n\t<meta property=\"og:image:width\" content=\"630\" \/>\n\t<meta property=\"og:image:height\" content=\"394\" \/>\n\t<meta property=\"og:image:type\" content=\"image\/jpeg\" \/>\n<meta name=\"author\" content=\"Reda\u00e7\u00e3o\" \/>\n<meta name=\"twitter:card\" content=\"summary_large_image\" \/>\n<meta name=\"twitter:creator\" content=\"@Notibras\" \/>\n<meta name=\"twitter:site\" content=\"@Notibras\" \/>\n<meta name=\"twitter:label1\" content=\"Escrito por\" \/>\n\t<meta name=\"twitter:data1\" content=\"Reda\u00e7\u00e3o\" \/>\n\t<meta name=\"twitter:label2\" content=\"Est. tempo de leitura\" \/>\n\t<meta name=\"twitter:data2\" content=\"2 minutos\" \/>\n<script type=\"application\/ld+json\" class=\"yoast-schema-graph\">{\"@context\":\"https:\\\/\\\/schema.org\",\"@graph\":[{\"@type\":\"Article\",\"@id\":\"https:\\\/\\\/www.notibras.com\\\/site\\\/faixa-de-pedestre-um-legado-que-o-brasiliense-deve-resgatar\\\/#article\",\"isPartOf\":{\"@id\":\"https:\\\/\\\/www.notibras.com\\\/site\\\/faixa-de-pedestre-um-legado-que-o-brasiliense-deve-resgatar\\\/\"},\"author\":{\"name\":\"Reda\u00e7\u00e3o\",\"@id\":\"https:\\\/\\\/www.notibras.com\\\/site\\\/#\\\/schema\\\/person\\\/36ab0979449956132d3e5b517ea76ac8\"},\"headline\":\"Faixa de pedestre, um legado que o brasiliense deve resgatar\",\"datePublished\":\"2015-04-07T21:35:50+00:00\",\"mainEntityOfPage\":{\"@id\":\"https:\\\/\\\/www.notibras.com\\\/site\\\/faixa-de-pedestre-um-legado-que-o-brasiliense-deve-resgatar\\\/\"},\"wordCount\":392,\"commentCount\":0,\"publisher\":{\"@id\":\"https:\\\/\\\/www.notibras.com\\\/site\\\/#organization\"},\"image\":{\"@id\":\"https:\\\/\\\/www.notibras.com\\\/site\\\/faixa-de-pedestre-um-legado-que-o-brasiliense-deve-resgatar\\\/#primaryimage\"},\"thumbnailUrl\":\"https:\\\/\\\/www.notibras.com\\\/site\\\/wp-content\\\/uploads\\\/2015\\\/04\\\/cidace.jpeg\",\"articleSection\":[\"Opina a\u00ed\"],\"inLanguage\":\"pt-BR\",\"potentialAction\":[{\"@type\":\"CommentAction\",\"name\":\"Comment\",\"target\":[\"https:\\\/\\\/www.notibras.com\\\/site\\\/faixa-de-pedestre-um-legado-que-o-brasiliense-deve-resgatar\\\/#respond\"]}]},{\"@type\":\"WebPage\",\"@id\":\"https:\\\/\\\/www.notibras.com\\\/site\\\/faixa-de-pedestre-um-legado-que-o-brasiliense-deve-resgatar\\\/\",\"url\":\"https:\\\/\\\/www.notibras.com\\\/site\\\/faixa-de-pedestre-um-legado-que-o-brasiliense-deve-resgatar\\\/\",\"name\":\"Faixa de pedestre, um legado que o brasiliense deve resgatar - Notibras\",\"isPartOf\":{\"@id\":\"https:\\\/\\\/www.notibras.com\\\/site\\\/#website\"},\"primaryImageOfPage\":{\"@id\":\"https:\\\/\\\/www.notibras.com\\\/site\\\/faixa-de-pedestre-um-legado-que-o-brasiliense-deve-resgatar\\\/#primaryimage\"},\"image\":{\"@id\":\"https:\\\/\\\/www.notibras.com\\\/site\\\/faixa-de-pedestre-um-legado-que-o-brasiliense-deve-resgatar\\\/#primaryimage\"},\"thumbnailUrl\":\"https:\\\/\\\/www.notibras.com\\\/site\\\/wp-content\\\/uploads\\\/2015\\\/04\\\/cidace.jpeg\",\"datePublished\":\"2015-04-07T21:35:50+00:00\",\"breadcrumb\":{\"@id\":\"https:\\\/\\\/www.notibras.com\\\/site\\\/faixa-de-pedestre-um-legado-que-o-brasiliense-deve-resgatar\\\/#breadcrumb\"},\"inLanguage\":\"pt-BR\",\"potentialAction\":[{\"@type\":\"ReadAction\",\"target\":[\"https:\\\/\\\/www.notibras.com\\\/site\\\/faixa-de-pedestre-um-legado-que-o-brasiliense-deve-resgatar\\\/\"]}]},{\"@type\":\"ImageObject\",\"inLanguage\":\"pt-BR\",\"@id\":\"https:\\\/\\\/www.notibras.com\\\/site\\\/faixa-de-pedestre-um-legado-que-o-brasiliense-deve-resgatar\\\/#primaryimage\",\"url\":\"https:\\\/\\\/www.notibras.com\\\/site\\\/wp-content\\\/uploads\\\/2015\\\/04\\\/cidace.jpeg\",\"contentUrl\":\"https:\\\/\\\/www.notibras.com\\\/site\\\/wp-content\\\/uploads\\\/2015\\\/04\\\/cidace.jpeg\",\"width\":630,\"height\":394},{\"@type\":\"BreadcrumbList\",\"@id\":\"https:\\\/\\\/www.notibras.com\\\/site\\\/faixa-de-pedestre-um-legado-que-o-brasiliense-deve-resgatar\\\/#breadcrumb\",\"itemListElement\":[{\"@type\":\"ListItem\",\"position\":1,\"name\":\"In\u00edcio\",\"item\":\"https:\\\/\\\/www.notibras.com\\\/site\\\/\"},{\"@type\":\"ListItem\",\"position\":2,\"name\":\"Faixa de pedestre, um legado que o brasiliense deve resgatar\"}]},{\"@type\":\"WebSite\",\"@id\":\"https:\\\/\\\/www.notibras.com\\\/site\\\/#website\",\"url\":\"https:\\\/\\\/www.notibras.com\\\/site\\\/\",\"name\":\"Notibras\",\"description\":\"Not\u00edcias de Bras\u00edlia, do Brasil e do Mundo\",\"publisher\":{\"@id\":\"https:\\\/\\\/www.notibras.com\\\/site\\\/#organization\"},\"potentialAction\":[{\"@type\":\"SearchAction\",\"target\":{\"@type\":\"EntryPoint\",\"urlTemplate\":\"https:\\\/\\\/www.notibras.com\\\/site\\\/?s={search_term_string}\"},\"query-input\":{\"@type\":\"PropertyValueSpecification\",\"valueRequired\":true,\"valueName\":\"search_term_string\"}}],\"inLanguage\":\"pt-BR\"},{\"@type\":\"Organization\",\"@id\":\"https:\\\/\\\/www.notibras.com\\\/site\\\/#organization\",\"name\":\"Grupo Notibras de Comunica\u00e7\u00e3o\",\"url\":\"https:\\\/\\\/www.notibras.com\\\/site\\\/\",\"logo\":{\"@type\":\"ImageObject\",\"inLanguage\":\"pt-BR\",\"@id\":\"https:\\\/\\\/www.notibras.com\\\/site\\\/#\\\/schema\\\/logo\\\/image\\\/\",\"url\":\"https:\\\/\\\/www.notibras.com\\\/site\\\/wp-content\\\/uploads\\\/2023\\\/01\\\/notibras23.png\",\"contentUrl\":\"https:\\\/\\\/www.notibras.com\\\/site\\\/wp-content\\\/uploads\\\/2023\\\/01\\\/notibras23.png\",\"width\":350,\"height\":87,\"caption\":\"Grupo Notibras de Comunica\u00e7\u00e3o\"},\"image\":{\"@id\":\"https:\\\/\\\/www.notibras.com\\\/site\\\/#\\\/schema\\\/logo\\\/image\\\/\"},\"sameAs\":[\"https:\\\/\\\/www.facebook.com\\\/notibras\\\/\",\"https:\\\/\\\/x.com\\\/Notibras\",\"https:\\\/\\\/www.instagram.com\\\/notibras\\\/\"]},{\"@type\":\"Person\",\"@id\":\"https:\\\/\\\/www.notibras.com\\\/site\\\/#\\\/schema\\\/person\\\/36ab0979449956132d3e5b517ea76ac8\",\"name\":\"Reda\u00e7\u00e3o\",\"image\":{\"@type\":\"ImageObject\",\"inLanguage\":\"pt-BR\",\"@id\":\"https:\\\/\\\/secure.gravatar.com\\\/avatar\\\/e0a867bdedb85fd243eadf09663511f96fc81e0720a4a42581f334ad4303aa6b?s=96&d=mm&r=g\",\"url\":\"https:\\\/\\\/secure.gravatar.com\\\/avatar\\\/e0a867bdedb85fd243eadf09663511f96fc81e0720a4a42581f334ad4303aa6b?s=96&d=mm&r=g\",\"contentUrl\":\"https:\\\/\\\/secure.gravatar.com\\\/avatar\\\/e0a867bdedb85fd243eadf09663511f96fc81e0720a4a42581f334ad4303aa6b?s=96&d=mm&r=g\",\"caption\":\"Reda\u00e7\u00e3o\"}}]}<\/script>\n<!-- \/ Yoast SEO plugin. -->","yoast_head_json":{"title":"Faixa de pedestre, um legado que o brasiliense deve resgatar - Notibras","robots":{"index":"index","follow":"follow","max-snippet":"max-snippet:-1","max-image-preview":"max-image-preview:large","max-video-preview":"max-video-preview:-1"},"canonical":"https:\/\/www.notibras.com\/site\/faixa-de-pedestre-um-legado-que-o-brasiliense-deve-resgatar\/","og_locale":"pt_BR","og_type":"article","og_title":"Faixa de pedestre, um legado que o brasiliense deve resgatar - Notibras","og_description":"Infelizmente, no Brasil, o tr\u00e2nsito ainda \u00e9 uma guerra de todos contra todos. Dados divulgados pelo DENATRAN indicam que aproximadamente 27 mil pessoas s\u00e3o vitimas de atropelamento todos os anos no Brasil. Deste total, 24% s\u00e3o de pedestres que se tornaram vitimas fatais de imprud\u00eancia\u00a0 &#8211; muitas vezes do desrespeito praticado por motoristas. Em Bras\u00edlia, [&hellip;]","og_url":"https:\/\/www.notibras.com\/site\/faixa-de-pedestre-um-legado-que-o-brasiliense-deve-resgatar\/","og_site_name":"Notibras","article_publisher":"https:\/\/www.facebook.com\/notibras\/","article_published_time":"2015-04-07T21:35:50+00:00","og_image":[{"width":630,"height":394,"url":"https:\/\/www.notibras.com\/site\/wp-content\/uploads\/2015\/04\/cidace.jpeg","type":"image\/jpeg"}],"author":"Reda\u00e7\u00e3o","twitter_card":"summary_large_image","twitter_creator":"@Notibras","twitter_site":"@Notibras","twitter_misc":{"Escrito por":"Reda\u00e7\u00e3o","Est. tempo de leitura":"2 minutos"},"schema":{"@context":"https:\/\/schema.org","@graph":[{"@type":"Article","@id":"https:\/\/www.notibras.com\/site\/faixa-de-pedestre-um-legado-que-o-brasiliense-deve-resgatar\/#article","isPartOf":{"@id":"https:\/\/www.notibras.com\/site\/faixa-de-pedestre-um-legado-que-o-brasiliense-deve-resgatar\/"},"author":{"name":"Reda\u00e7\u00e3o","@id":"https:\/\/www.notibras.com\/site\/#\/schema\/person\/36ab0979449956132d3e5b517ea76ac8"},"headline":"Faixa de pedestre, um legado que o brasiliense deve resgatar","datePublished":"2015-04-07T21:35:50+00:00","mainEntityOfPage":{"@id":"https:\/\/www.notibras.com\/site\/faixa-de-pedestre-um-legado-que-o-brasiliense-deve-resgatar\/"},"wordCount":392,"commentCount":0,"publisher":{"@id":"https:\/\/www.notibras.com\/site\/#organization"},"image":{"@id":"https:\/\/www.notibras.com\/site\/faixa-de-pedestre-um-legado-que-o-brasiliense-deve-resgatar\/#primaryimage"},"thumbnailUrl":"https:\/\/www.notibras.com\/site\/wp-content\/uploads\/2015\/04\/cidace.jpeg","articleSection":["Opina a\u00ed"],"inLanguage":"pt-BR","potentialAction":[{"@type":"CommentAction","name":"Comment","target":["https:\/\/www.notibras.com\/site\/faixa-de-pedestre-um-legado-que-o-brasiliense-deve-resgatar\/#respond"]}]},{"@type":"WebPage","@id":"https:\/\/www.notibras.com\/site\/faixa-de-pedestre-um-legado-que-o-brasiliense-deve-resgatar\/","url":"https:\/\/www.notibras.com\/site\/faixa-de-pedestre-um-legado-que-o-brasiliense-deve-resgatar\/","name":"Faixa de pedestre, um legado que o brasiliense deve resgatar - Notibras","isPartOf":{"@id":"https:\/\/www.notibras.com\/site\/#website"},"primaryImageOfPage":{"@id":"https:\/\/www.notibras.com\/site\/faixa-de-pedestre-um-legado-que-o-brasiliense-deve-resgatar\/#primaryimage"},"image":{"@id":"https:\/\/www.notibras.com\/site\/faixa-de-pedestre-um-legado-que-o-brasiliense-deve-resgatar\/#primaryimage"},"thumbnailUrl":"https:\/\/www.notibras.com\/site\/wp-content\/uploads\/2015\/04\/cidace.jpeg","datePublished":"2015-04-07T21:35:50+00:00","breadcrumb":{"@id":"https:\/\/www.notibras.com\/site\/faixa-de-pedestre-um-legado-que-o-brasiliense-deve-resgatar\/#breadcrumb"},"inLanguage":"pt-BR","potentialAction":[{"@type":"ReadAction","target":["https:\/\/www.notibras.com\/site\/faixa-de-pedestre-um-legado-que-o-brasiliense-deve-resgatar\/"]}]},{"@type":"ImageObject","inLanguage":"pt-BR","@id":"https:\/\/www.notibras.com\/site\/faixa-de-pedestre-um-legado-que-o-brasiliense-deve-resgatar\/#primaryimage","url":"https:\/\/www.notibras.com\/site\/wp-content\/uploads\/2015\/04\/cidace.jpeg","contentUrl":"https:\/\/www.notibras.com\/site\/wp-content\/uploads\/2015\/04\/cidace.jpeg","width":630,"height":394},{"@type":"BreadcrumbList","@id":"https:\/\/www.notibras.com\/site\/faixa-de-pedestre-um-legado-que-o-brasiliense-deve-resgatar\/#breadcrumb","itemListElement":[{"@type":"ListItem","position":1,"name":"In\u00edcio","item":"https:\/\/www.notibras.com\/site\/"},{"@type":"ListItem","position":2,"name":"Faixa de pedestre, um legado que o brasiliense deve resgatar"}]},{"@type":"WebSite","@id":"https:\/\/www.notibras.com\/site\/#website","url":"https:\/\/www.notibras.com\/site\/","name":"Notibras","description":"Not\u00edcias de Bras\u00edlia, do Brasil e do Mundo","publisher":{"@id":"https:\/\/www.notibras.com\/site\/#organization"},"potentialAction":[{"@type":"SearchAction","target":{"@type":"EntryPoint","urlTemplate":"https:\/\/www.notibras.com\/site\/?s={search_term_string}"},"query-input":{"@type":"PropertyValueSpecification","valueRequired":true,"valueName":"search_term_string"}}],"inLanguage":"pt-BR"},{"@type":"Organization","@id":"https:\/\/www.notibras.com\/site\/#organization","name":"Grupo Notibras de Comunica\u00e7\u00e3o","url":"https:\/\/www.notibras.com\/site\/","logo":{"@type":"ImageObject","inLanguage":"pt-BR","@id":"https:\/\/www.notibras.com\/site\/#\/schema\/logo\/image\/","url":"https:\/\/www.notibras.com\/site\/wp-content\/uploads\/2023\/01\/notibras23.png","contentUrl":"https:\/\/www.notibras.com\/site\/wp-content\/uploads\/2023\/01\/notibras23.png","width":350,"height":87,"caption":"Grupo Notibras de Comunica\u00e7\u00e3o"},"image":{"@id":"https:\/\/www.notibras.com\/site\/#\/schema\/logo\/image\/"},"sameAs":["https:\/\/www.facebook.com\/notibras\/","https:\/\/x.com\/Notibras","https:\/\/www.instagram.com\/notibras\/"]},{"@type":"Person","@id":"https:\/\/www.notibras.com\/site\/#\/schema\/person\/36ab0979449956132d3e5b517ea76ac8","name":"Reda\u00e7\u00e3o","image":{"@type":"ImageObject","inLanguage":"pt-BR","@id":"https:\/\/secure.gravatar.com\/avatar\/e0a867bdedb85fd243eadf09663511f96fc81e0720a4a42581f334ad4303aa6b?s=96&d=mm&r=g","url":"https:\/\/secure.gravatar.com\/avatar\/e0a867bdedb85fd243eadf09663511f96fc81e0720a4a42581f334ad4303aa6b?s=96&d=mm&r=g","contentUrl":"https:\/\/secure.gravatar.com\/avatar\/e0a867bdedb85fd243eadf09663511f96fc81e0720a4a42581f334ad4303aa6b?s=96&d=mm&r=g","caption":"Reda\u00e7\u00e3o"}}]}},"amp_enabled":true,"_links":{"self":[{"href":"https:\/\/www.notibras.com\/site\/wp-json\/wp\/v2\/posts\/43068","targetHints":{"allow":["GET"]}}],"collection":[{"href":"https:\/\/www.notibras.com\/site\/wp-json\/wp\/v2\/posts"}],"about":[{"href":"https:\/\/www.notibras.com\/site\/wp-json\/wp\/v2\/types\/post"}],"author":[{"embeddable":true,"href":"https:\/\/www.notibras.com\/site\/wp-json\/wp\/v2\/users\/2"}],"replies":[{"embeddable":true,"href":"https:\/\/www.notibras.com\/site\/wp-json\/wp\/v2\/comments?post=43068"}],"version-history":[{"count":0,"href":"https:\/\/www.notibras.com\/site\/wp-json\/wp\/v2\/posts\/43068\/revisions"}],"wp:featuredmedia":[{"embeddable":true,"href":"https:\/\/www.notibras.com\/site\/wp-json\/wp\/v2\/media\/43069"}],"wp:attachment":[{"href":"https:\/\/www.notibras.com\/site\/wp-json\/wp\/v2\/media?parent=43068"}],"wp:term":[{"taxonomy":"category","embeddable":true,"href":"https:\/\/www.notibras.com\/site\/wp-json\/wp\/v2\/categories?post=43068"},{"taxonomy":"post_tag","embeddable":true,"href":"https:\/\/www.notibras.com\/site\/wp-json\/wp\/v2\/tags?post=43068"}],"curies":[{"name":"wp","href":"https:\/\/api.w.org\/{rel}","templated":true}]}}