{"id":43143,"date":"2015-04-08T11:00:54","date_gmt":"2015-04-08T14:00:54","guid":{"rendered":"http:\/\/www.notibras.com\/site\/?p=43143"},"modified":"2015-04-08T17:53:49","modified_gmt":"2015-04-08T20:53:49","slug":"inflacao-mensal-dispara-vai-a-132-e-bate-recorde-de-20-anos","status":"publish","type":"post","link":"https:\/\/www.notibras.com\/site\/inflacao-mensal-dispara-vai-a-132-e-bate-recorde-de-20-anos\/","title":{"rendered":"Infla\u00e7\u00e3o dispara, vai a 1,32% e bate o recorde de 20 anos"},"content":{"rendered":"<p>O \u00edndice oficial de pre\u00e7os no Brasil registrou alta de 1,32% em mar\u00e7o, depois de ter subido 1,22% em fevereiro.<\/p>\n<p>\u00c9 o maior \u00edndice mensal desde fevereiro de 2003, quando atingiu 1,57%, e a maior taxa para meses de mar\u00e7o desde 1995 (1,55%).<\/p>\n<p>Com o resultado, a varia\u00e7\u00e3o acumulada em 12 meses chegou a 8,13%, a maior desde dezembro de 2003 (9,3%). Al\u00e9m disso, o resultado est\u00e1 muito acima do limite m\u00e1ximo da meta do governo.<\/p>\n<p>A inten\u00e7\u00e3o do governo \u00e9 manter a alta dos pre\u00e7os em 4,5% ao ano, com toler\u00e2ncia de dois pontos percentuais para cima ou para baixo &#8211;ou seja, variando de 2,5% a 6,5%.<\/p>\n<p>Os dados do IPCA (\u00cdndice de Pre\u00e7os ao Consumidor &#8211; Amplo) foram divulgados pelo IBGE (Instituto Brasileiro de Geografia e Estat\u00edstica) nesta quarta-feira (8).<\/p>\n<blockquote><p>Analistas consultados pela ag\u00eancia de not\u00edcias Reuters esperavam uma alta mensal de 1,39% para a infla\u00e7\u00e3o, e de 8,2% no acumulado em 12 meses.<\/p><\/blockquote>\n<p>A principal influ\u00eancia na alta dos pre\u00e7os em mar\u00e7o foi a tarifa da conta de luz, que subiu, em m\u00e9dia 22% em todo o pa\u00eds.<\/p>\n<p>Em algumas localidades, como Campo Grande (MS), a alta chegou a 34,8%; em outros, como Recife (PE), uma redu\u00e7\u00e3o de impostos fez com que a conta subisse apenas 0,65%.<\/p>\n<p>O resultado da infla\u00e7\u00e3o pressiona o Banco Central para continuar subindo a taxa b\u00e1sica de juros no pa\u00eds, um dos instrumentos mais b\u00e1sicos para controle da alta de pre\u00e7os.<\/p>\n<p>Quando os juros sobem, as pessoas tendem a gastar menos e isso faz o pre\u00e7o das mercadorias cair (obedecendo \u00e0 lei da oferta e procura), o que, em tese, controlaria a infla\u00e7\u00e3o.<\/p>\n<p>A Selic, que \u00e9 a taxa b\u00e1sica de juros do pa\u00eds, est\u00e1 atualmente em 12,75% ao ano, o maior n\u00edvel desde janeiro de 2009.<\/p>\n<p>Economistas ouvidos pela Reuters apostam em pelo menos mais uma alta da taxa neste ano.<\/p>\n<p>O INPC (\u00cdndice Nacional de Pre\u00e7os ao Consumidor) registrou alta de 1,51% em mar\u00e7o, depois de ter subido 1,16% em fevereiro.<\/p>\n<p>Considerando os \u00faltimos doze meses, a taxa foi para 8,42%, acima dos 7,68% dos doze meses anteriores. Em mar\u00e7o de 2014 o INPC tinha sido de 0,82%.<\/p>\n<p>O INPC se refere \u00e0s fam\u00edlias com rendimento de um a cinco sal\u00e1rios m\u00ednimos, e abrange dez regi\u00f5es metropolitanas do pa\u00eds, al\u00e9m dos munic\u00edpios de Goi\u00e2nia, Campo Grande e de Bras\u00edlia.<\/p>\n","protected":false},"excerpt":{"rendered":"<p>O \u00edndice oficial de pre\u00e7os no Brasil registrou alta de 1,32% em mar\u00e7o, depois de ter subido 1,22% em fevereiro. \u00c9 o maior \u00edndice mensal desde fevereiro de 2003, quando atingiu 1,57%, e a maior taxa para meses de mar\u00e7o desde 1995 (1,55%). Com o resultado, a varia\u00e7\u00e3o acumulada em 12 meses chegou a 8,13%, [&hellip;]<\/p>\n","protected":false},"author":2,"featured_media":43144,"comment_status":"open","ping_status":"closed","sticky":false,"template":"","format":"standard","meta":{"_acf_changed":false,"footnotes":""},"categories":[16],"tags":[],"class_list":["post-43143","post","type-post","status-publish","format-standard","has-post-thumbnail","hentry","category-brasil"],"acf":[],"_links":{"self":[{"href":"https:\/\/www.notibras.com\/site\/wp-json\/wp\/v2\/posts\/43143","targetHints":{"allow":["GET"]}}],"collection":[{"href":"https:\/\/www.notibras.com\/site\/wp-json\/wp\/v2\/posts"}],"about":[{"href":"https:\/\/www.notibras.com\/site\/wp-json\/wp\/v2\/types\/post"}],"author":[{"embeddable":true,"href":"https:\/\/www.notibras.com\/site\/wp-json\/wp\/v2\/users\/2"}],"replies":[{"embeddable":true,"href":"https:\/\/www.notibras.com\/site\/wp-json\/wp\/v2\/comments?post=43143"}],"version-history":[{"count":0,"href":"https:\/\/www.notibras.com\/site\/wp-json\/wp\/v2\/posts\/43143\/revisions"}],"wp:featuredmedia":[{"embeddable":true,"href":"https:\/\/www.notibras.com\/site\/wp-json\/wp\/v2\/media\/43144"}],"wp:attachment":[{"href":"https:\/\/www.notibras.com\/site\/wp-json\/wp\/v2\/media?parent=43143"}],"wp:term":[{"taxonomy":"category","embeddable":true,"href":"https:\/\/www.notibras.com\/site\/wp-json\/wp\/v2\/categories?post=43143"},{"taxonomy":"post_tag","embeddable":true,"href":"https:\/\/www.notibras.com\/site\/wp-json\/wp\/v2\/tags?post=43143"}],"curies":[{"name":"wp","href":"https:\/\/api.w.org\/{rel}","templated":true}]}}