{"id":43176,"date":"2015-04-08T13:56:55","date_gmt":"2015-04-08T16:56:55","guid":{"rendered":"http:\/\/www.notibras.com\/site\/?p=43176"},"modified":"2015-04-08T17:50:58","modified_gmt":"2015-04-08T20:50:58","slug":"caixa-comeca-a-abrir-capital-colocando-acoes-do-seguro-na-bolsa","status":"publish","type":"post","link":"https:\/\/www.notibras.com\/site\/caixa-comeca-a-abrir-capital-colocando-acoes-do-seguro-na-bolsa\/","title":{"rendered":"Caixa abrir\u00e1 capital colocando a\u00e7\u00f5es da Seguradora na Bolsa"},"content":{"rendered":"<div class=\"content\">\n<p>O ministro da Fazenda, Joaquim Levy, e a presidenta da Caixa, Miriam Belchior, anunciaram nesta ter\u00e7a 8 que o governo vai iniciar estudos para a abertura de capital da Caixa Seguros. A medida n\u00e3o atinge as demais atividades da Caixa, que continuar\u00e1 um banco 100% p\u00fablico, de acordo com os ministros. \u201cSe pudermos, vamos fazer ainda este ano. A inten\u00e7\u00e3o est\u00e1 estabelecida\u201d, disse Levy.<\/p>\n<p>A Caixa Seguros j\u00e1 tem s\u00f3cios privados. Os estudos ter\u00e3o como par\u00e2metro a abertura, em 2013, do capital do BB Seguridade (empresa do Banco do Brasil respons\u00e1vel por investimentos em seguros).<\/p>\n<p>Segundo Miriam, a opera\u00e7\u00e3o ser\u00e1 importante para a expans\u00e3o de neg\u00f3cios do banco na \u00e1rea de seguros. \u201cTemos um potencial de nos posicionar bem nesse setor.\u201d<\/p>\n<blockquote><p>De acordo com o ministro Levy, ainda n\u00e3o h\u00e1 estimativas sobre quanto o neg\u00f3cio pode render aos cofres do governo e esses n\u00e3o poder\u00e3o ser contabilizados para refor\u00e7ar o super\u00e1vit prim\u00e1rio. \u201cA receita de qualquer venda de ativos n\u00e3o gera [super\u00e1vit] prim\u00e1rio, nunca gerou, n\u00e3o gerar\u00e1 nesse caso\u201d, explicou.<\/p><\/blockquote>\n<p>Al\u00e9m do impacto nas contas p\u00fablicas, o ministro tamb\u00e9m defende a abertura de capital da Caixa Seguros como a oportunidade para criar um instrumento de poupan\u00e7a destinado aos pequenos investidores. \u201cA oferta p\u00fablica d\u00e1 a oportunidade de criar um instrumento de poupan\u00e7a, pulveriza o capital\u201d.<\/p>\n<p>Levy argumentou ainda que a expans\u00e3o do mercado de seguros tem impacto na qualidade de vida das pessoas, que ter\u00e3o mais acesso aos produtos. \u201cA gente tem que aproveitar isso [abertura de capital] para ser um instrumento n\u00e3o s\u00f3 de oportunidade de poupan\u00e7a, de cria\u00e7\u00e3o de riquezas na pr\u00f3pria Caixa, mas tamb\u00e9m de qualidade de vida das pessoas.\u201d<\/p>\n<\/div>\n","protected":false},"excerpt":{"rendered":"<p>O ministro da Fazenda, Joaquim Levy, e a presidenta da Caixa, Miriam Belchior, anunciaram nesta ter\u00e7a 8 que o governo vai iniciar estudos para a abertura de capital da Caixa Seguros. A medida n\u00e3o atinge as demais atividades da Caixa, que continuar\u00e1 um banco 100% p\u00fablico, de acordo com os ministros. \u201cSe pudermos, vamos fazer [&hellip;]<\/p>\n","protected":false},"author":2,"featured_media":43177,"comment_status":"open","ping_status":"closed","sticky":false,"template":"","format":"standard","meta":{"_acf_changed":false,"footnotes":""},"categories":[16],"tags":[],"class_list":["post-43176","post","type-post","status-publish","format-standard","has-post-thumbnail","hentry","category-brasil"],"acf":[],"_links":{"self":[{"href":"https:\/\/www.notibras.com\/site\/wp-json\/wp\/v2\/posts\/43176","targetHints":{"allow":["GET"]}}],"collection":[{"href":"https:\/\/www.notibras.com\/site\/wp-json\/wp\/v2\/posts"}],"about":[{"href":"https:\/\/www.notibras.com\/site\/wp-json\/wp\/v2\/types\/post"}],"author":[{"embeddable":true,"href":"https:\/\/www.notibras.com\/site\/wp-json\/wp\/v2\/users\/2"}],"replies":[{"embeddable":true,"href":"https:\/\/www.notibras.com\/site\/wp-json\/wp\/v2\/comments?post=43176"}],"version-history":[{"count":0,"href":"https:\/\/www.notibras.com\/site\/wp-json\/wp\/v2\/posts\/43176\/revisions"}],"wp:featuredmedia":[{"embeddable":true,"href":"https:\/\/www.notibras.com\/site\/wp-json\/wp\/v2\/media\/43177"}],"wp:attachment":[{"href":"https:\/\/www.notibras.com\/site\/wp-json\/wp\/v2\/media?parent=43176"}],"wp:term":[{"taxonomy":"category","embeddable":true,"href":"https:\/\/www.notibras.com\/site\/wp-json\/wp\/v2\/categories?post=43176"},{"taxonomy":"post_tag","embeddable":true,"href":"https:\/\/www.notibras.com\/site\/wp-json\/wp\/v2\/tags?post=43176"}],"curies":[{"name":"wp","href":"https:\/\/api.w.org\/{rel}","templated":true}]}}