{"id":43192,"date":"2015-04-08T11:23:08","date_gmt":"2015-04-08T14:23:08","guid":{"rendered":"http:\/\/www.notibras.com\/site\/?p=43192"},"modified":"2015-04-08T18:29:15","modified_gmt":"2015-04-08T21:29:15","slug":"chioro-nega-irregularidades-no-mais-medicos-e-levanta-teoria-da-conspiracao","status":"publish","type":"post","link":"https:\/\/www.notibras.com\/site\/chioro-nega-irregularidades-no-mais-medicos-e-levanta-teoria-da-conspiracao\/","title":{"rendered":"Chioro nega irregularidades no Mais M\u00e9dicos e levanta tese da teoria da conspira\u00e7\u00e3o"},"content":{"rendered":"<p>O ministro da Sa\u00fade, Arthur Chioro, disse nesta ter\u00e7a 8 que n\u00e3o h\u00e1 nenhum tipo de ilegalidade na celebra\u00e7\u00e3o do termo de coopera\u00e7\u00e3o da pasta com a Organiza\u00e7\u00e3o Pan-Americana de Sa\u00fade (Opas) e o governo cubano no \u00e2mbito do Programa Mais M\u00e9dicos. Durante audi\u00eancia p\u00fablica no Senado, ele se referiu a uma teoria da conspira\u00e7\u00e3o ao falar sobre den\u00fancias de irregularidades no programa.<\/p>\n<p>&#8220;As informa\u00e7\u00f5es s\u00e3o alardeadas como se fossem um esc\u00e2ndalo&#8221;, disse. &#8220;Parece que h\u00e1 uma confabula\u00e7\u00e3o internacional&#8221;, completou.<\/p>\n<p>De acordo com o ministro, o governo brasileiro tentou estabelecer parcerias com diversos pa\u00edses, incluindo a Espanha, Argentina e Portugal, mas n\u00e3o foi poss\u00edvel celebrar termos de coopera\u00e7\u00e3o com nenhum deles.<\/p>\n<blockquote><p>A sele\u00e7\u00e3o foi feita, segundo ele, com base na proximidade dos idiomas falados e com base no \u00edndice de m\u00e9dicos por mil habitantes. Dados da pasta indicam que Cuba conta com um \u00edndice de 6,9 m\u00e9dicos por mil habitantes enquanto no Brasil a taxa \u00e9 1,8.<\/p><\/blockquote>\n<p>&#8220;T\u00ednhamos sim fundamenta\u00e7\u00e3o legal quando estabelecemos todo o processo de negocia\u00e7\u00e3o&#8221;, disse, ao se referir ao termo de coopera\u00e7\u00e3o com o governo cubano. &#8220;N\u00e3o h\u00e1 nenhuma tentativa de escamotear. Temos uma fundamenta\u00e7\u00e3o jur\u00eddica muito segura em rela\u00e7\u00e3o ao programa&#8221;, concluiu.<\/p>\n<p><strong>Paula Laboissi\u00e8re, ABr <\/strong><\/p>\n","protected":false},"excerpt":{"rendered":"<p>O ministro da Sa\u00fade, Arthur Chioro, disse nesta ter\u00e7a 8 que n\u00e3o h\u00e1 nenhum tipo de ilegalidade na celebra\u00e7\u00e3o do termo de coopera\u00e7\u00e3o da pasta com a Organiza\u00e7\u00e3o Pan-Americana de Sa\u00fade (Opas) e o governo cubano no \u00e2mbito do Programa Mais M\u00e9dicos. Durante audi\u00eancia p\u00fablica no Senado, ele se referiu a uma teoria da conspira\u00e7\u00e3o [&hellip;]<\/p>\n","protected":false},"author":2,"featured_media":43193,"comment_status":"open","ping_status":"closed","sticky":false,"template":"","format":"standard","meta":{"_acf_changed":false,"footnotes":""},"categories":[16],"tags":[],"class_list":["post-43192","post","type-post","status-publish","format-standard","has-post-thumbnail","hentry","category-brasil"],"acf":[],"_links":{"self":[{"href":"https:\/\/www.notibras.com\/site\/wp-json\/wp\/v2\/posts\/43192","targetHints":{"allow":["GET"]}}],"collection":[{"href":"https:\/\/www.notibras.com\/site\/wp-json\/wp\/v2\/posts"}],"about":[{"href":"https:\/\/www.notibras.com\/site\/wp-json\/wp\/v2\/types\/post"}],"author":[{"embeddable":true,"href":"https:\/\/www.notibras.com\/site\/wp-json\/wp\/v2\/users\/2"}],"replies":[{"embeddable":true,"href":"https:\/\/www.notibras.com\/site\/wp-json\/wp\/v2\/comments?post=43192"}],"version-history":[{"count":0,"href":"https:\/\/www.notibras.com\/site\/wp-json\/wp\/v2\/posts\/43192\/revisions"}],"wp:featuredmedia":[{"embeddable":true,"href":"https:\/\/www.notibras.com\/site\/wp-json\/wp\/v2\/media\/43193"}],"wp:attachment":[{"href":"https:\/\/www.notibras.com\/site\/wp-json\/wp\/v2\/media?parent=43192"}],"wp:term":[{"taxonomy":"category","embeddable":true,"href":"https:\/\/www.notibras.com\/site\/wp-json\/wp\/v2\/categories?post=43192"},{"taxonomy":"post_tag","embeddable":true,"href":"https:\/\/www.notibras.com\/site\/wp-json\/wp\/v2\/tags?post=43192"}],"curies":[{"name":"wp","href":"https:\/\/api.w.org\/{rel}","templated":true}]}}