{"id":43256,"date":"2015-04-08T23:58:41","date_gmt":"2015-04-09T02:58:41","guid":{"rendered":"http:\/\/www.notibras.com\/site\/?p=43256"},"modified":"2015-04-09T09:52:46","modified_gmt":"2015-04-09T12:52:46","slug":"cruzeiro-da-um-passeio-no-mineros-faz-3-a-0-e-avanca-na-libertadores","status":"publish","type":"post","link":"https:\/\/www.notibras.com\/site\/cruzeiro-da-um-passeio-no-mineros-faz-3-a-0-e-avanca-na-libertadores\/","title":{"rendered":"Cruzeiro d\u00e1 um passeio no Mineros e avan\u00e7a na Libertadores"},"content":{"rendered":"<p>Ap\u00f3s a derrota do \u00faltimo domingo no Mineir\u00e3o, a primeira do ano, o Cruzeiro voltou ao gigante da Pampulha para receber o Mineros, pela quarta rodada da Libertadores. Com um futebol bem mais convincente, apesar da inferioridade t\u00e9cnica do advers\u00e1rio, os comandados de Marcelo Oliveira constru\u00edram a vit\u00f3ria por 3 a 0, encaminhada ainda na etapa inicial, e manteve a lideran\u00e7a em sua chave.<\/p>\n<p>Os gols do Cruzeiro foram marcados por De Arrascaeta (de bicicleta, apesar de impedido) e Leandro Dami\u00e3o, ambos gola\u00e7os ainda no primeiro tempo. Na etapa final, Henrique fechou a conta com um gol de cabe\u00e7a.<\/p>\n<p>Pouco antes da partida, o Huracan recebeu o Universitario de Sucre, em Buenos Aires. O empate por 1 a 1 deixou o time argentino com quatro pontos, enquanto os bolivianos chegaram aos seis. Com a vit\u00f3ria, o Cruzeiro segue na ponta, agora com oito pontos, enquanto o Mineros segura a lanterna com apenas um.<\/p>\n<blockquote><p>Diferente do que se imaginava, o Cruzeiro encontrou um advers\u00e1rio com uma postura bem mais aberta em campo. O time do Mineros n\u00e3o ficou na retranca, como era esperado. E se deu mal. Na tentativa de bater de frente com os donos da casa, os venezuelanos mal puderam deixar o campo defensivo e pouco amea\u00e7ou \u00e0 meta de F\u00e1bio. Dez minutos foram necess\u00e1rios para que o Cruzeiro acertasse o p\u00e9 e utilizasse a qualidade individual para construir a vit\u00f3ria. Na troca de passes entre Willian, Alisson (de calcanhar) e Mayke, a bola chegou para De Arrascaeta marcar um gola\u00e7o de bicicleta. Dois minutos mais tarde, Dami\u00e3o recebeu na entrada da \u00e1rea e usou o corpo para marcar outra pintura.<\/p><\/blockquote>\n<p>Os dois gols com menos de um ter\u00e7o do primeiro tempo permitiu que o Cruzeiro tirasse o p\u00e9 do acelerador sem perder o controle da partida. A equipe ainda amea\u00e7ou em algumas oportunidades, sempre mais perto de fazer mais um do que de tomar. Perdido, o Mineros mostrou indecis\u00e3o com o dilema entre se fechar para tentar segurar a derrota &#8216;magra&#8217; ou se lan\u00e7ar ao ataque e buscar uma rea\u00e7\u00e3o. A primeira grande chance ocorreu com meia hora de jogo, na chegada surpresa de Pe\u00f1a, cabeceando livre, mas \u00e0 direita do gol. A segunda, j\u00e1 no final da primeira etapa, na finaliza\u00e7\u00e3o frontal de Cabello, na entrada da \u00e1rea.<\/p>\n<p>A intensidade celeste continuou presente no segundo tempo. A marca\u00e7\u00e3o sob press\u00e3o for\u00e7ava o Mineros a perder a bola ou se livrar dela com o chut\u00e3o. Nas vezes que apertou, o Cruzeiro seguiu criando chances de perigo. Os poucos descuidos do primeiro tempo, no entanto, se repetiram, ocasionando boas oportunidades do time visitante.<\/p>\n<p>De tanto insistir, o terceiro gol acabou nascendo de uma bola parada. No escanteio cobrado por De Arrascaeta pela esquerda, Henrique cabeceou para marcar o gol e encerrar o triunfo. Antes de balan\u00e7ar as redes, a bola ainda tocou no centroavante Leandro Dami\u00e3o.<\/p>\n","protected":false},"excerpt":{"rendered":"<p>Ap\u00f3s a derrota do \u00faltimo domingo no Mineir\u00e3o, a primeira do ano, o Cruzeiro voltou ao gigante da Pampulha para receber o Mineros, pela quarta rodada da Libertadores. Com um futebol bem mais convincente, apesar da inferioridade t\u00e9cnica do advers\u00e1rio, os comandados de Marcelo Oliveira constru\u00edram a vit\u00f3ria por 3 a 0, encaminhada ainda na [&hellip;]<\/p>\n","protected":false},"author":2,"featured_media":43257,"comment_status":"open","ping_status":"closed","sticky":false,"template":"","format":"standard","meta":{"_acf_changed":false,"footnotes":""},"categories":[19,29],"tags":[],"class_list":["post-43256","post","type-post","status-publish","format-standard","has-post-thumbnail","hentry","category-esportes","category-futebol"],"acf":[],"yoast_head":"<!-- This site is optimized with the Yoast SEO plugin v27.2 - https:\/\/yoast.com\/product\/yoast-seo-wordpress\/ -->\n<title>Cruzeiro d\u00e1 um passeio no Mineros e avan\u00e7a na Libertadores - Notibras<\/title>\n<meta name=\"robots\" content=\"index, follow, max-snippet:-1, max-image-preview:large, max-video-preview:-1\" \/>\n<link rel=\"canonical\" href=\"https:\/\/www.notibras.com\/site\/cruzeiro-da-um-passeio-no-mineros-faz-3-a-0-e-avanca-na-libertadores\/\" \/>\n<meta property=\"og:locale\" content=\"pt_BR\" \/>\n<meta property=\"og:type\" content=\"article\" \/>\n<meta property=\"og:title\" content=\"Cruzeiro d\u00e1 um passeio no Mineros e avan\u00e7a na Libertadores - Notibras\" \/>\n<meta property=\"og:description\" content=\"Ap\u00f3s a derrota do \u00faltimo domingo no Mineir\u00e3o, a primeira do ano, o Cruzeiro voltou ao gigante da Pampulha para receber o Mineros, pela quarta rodada da Libertadores. Com um futebol bem mais convincente, apesar da inferioridade t\u00e9cnica do advers\u00e1rio, os comandados de Marcelo Oliveira constru\u00edram a vit\u00f3ria por 3 a 0, encaminhada ainda na [&hellip;]\" \/>\n<meta property=\"og:url\" content=\"https:\/\/www.notibras.com\/site\/cruzeiro-da-um-passeio-no-mineros-faz-3-a-0-e-avanca-na-libertadores\/\" \/>\n<meta property=\"og:site_name\" content=\"Notibras\" \/>\n<meta property=\"article:publisher\" content=\"https:\/\/www.facebook.com\/notibras\/\" \/>\n<meta property=\"article:published_time\" content=\"2015-04-09T02:58:41+00:00\" \/>\n<meta property=\"article:modified_time\" content=\"2015-04-09T12:52:46+00:00\" \/>\n<meta property=\"og:image\" content=\"https:\/\/www.notibras.com\/site\/wp-content\/uploads\/2015\/04\/cru9.jpg\" \/>\n\t<meta property=\"og:image:width\" content=\"460\" \/>\n\t<meta property=\"og:image:height\" content=\"307\" \/>\n\t<meta property=\"og:image:type\" content=\"image\/jpeg\" \/>\n<meta name=\"author\" content=\"Reda\u00e7\u00e3o\" \/>\n<meta name=\"twitter:card\" content=\"summary_large_image\" \/>\n<meta name=\"twitter:creator\" content=\"@Notibras\" \/>\n<meta name=\"twitter:site\" content=\"@Notibras\" \/>\n<meta name=\"twitter:label1\" content=\"Escrito por\" \/>\n\t<meta name=\"twitter:data1\" content=\"Reda\u00e7\u00e3o\" \/>\n\t<meta name=\"twitter:label2\" content=\"Est. tempo de leitura\" \/>\n\t<meta name=\"twitter:data2\" content=\"3 minutos\" \/>\n<script type=\"application\/ld+json\" class=\"yoast-schema-graph\">{\"@context\":\"https:\/\/schema.org\",\"@graph\":[{\"@type\":\"Article\",\"@id\":\"https:\/\/www.notibras.com\/site\/cruzeiro-da-um-passeio-no-mineros-faz-3-a-0-e-avanca-na-libertadores\/#article\",\"isPartOf\":{\"@id\":\"https:\/\/www.notibras.com\/site\/cruzeiro-da-um-passeio-no-mineros-faz-3-a-0-e-avanca-na-libertadores\/\"},\"author\":{\"name\":\"Reda\u00e7\u00e3o\",\"@id\":\"https:\/\/www.notibras.com\/site\/#\/schema\/person\/36ab0979449956132d3e5b517ea76ac8\"},\"headline\":\"Cruzeiro d\u00e1 um passeio no Mineros e avan\u00e7a na Libertadores\",\"datePublished\":\"2015-04-09T02:58:41+00:00\",\"dateModified\":\"2015-04-09T12:52:46+00:00\",\"mainEntityOfPage\":{\"@id\":\"https:\/\/www.notibras.com\/site\/cruzeiro-da-um-passeio-no-mineros-faz-3-a-0-e-avanca-na-libertadores\/\"},\"wordCount\":514,\"commentCount\":0,\"publisher\":{\"@id\":\"https:\/\/www.notibras.com\/site\/#organization\"},\"image\":{\"@id\":\"https:\/\/www.notibras.com\/site\/cruzeiro-da-um-passeio-no-mineros-faz-3-a-0-e-avanca-na-libertadores\/#primaryimage\"},\"thumbnailUrl\":\"https:\/\/www.notibras.com\/site\/wp-content\/uploads\/2015\/04\/cru9.jpg\",\"articleSection\":[\"Esportes\",\"Futebol\"],\"inLanguage\":\"pt-BR\",\"potentialAction\":[{\"@type\":\"CommentAction\",\"name\":\"Comment\",\"target\":[\"https:\/\/www.notibras.com\/site\/cruzeiro-da-um-passeio-no-mineros-faz-3-a-0-e-avanca-na-libertadores\/#respond\"]}]},{\"@type\":\"WebPage\",\"@id\":\"https:\/\/www.notibras.com\/site\/cruzeiro-da-um-passeio-no-mineros-faz-3-a-0-e-avanca-na-libertadores\/\",\"url\":\"https:\/\/www.notibras.com\/site\/cruzeiro-da-um-passeio-no-mineros-faz-3-a-0-e-avanca-na-libertadores\/\",\"name\":\"Cruzeiro d\u00e1 um passeio no Mineros e avan\u00e7a na Libertadores - Notibras\",\"isPartOf\":{\"@id\":\"https:\/\/www.notibras.com\/site\/#website\"},\"primaryImageOfPage\":{\"@id\":\"https:\/\/www.notibras.com\/site\/cruzeiro-da-um-passeio-no-mineros-faz-3-a-0-e-avanca-na-libertadores\/#primaryimage\"},\"image\":{\"@id\":\"https:\/\/www.notibras.com\/site\/cruzeiro-da-um-passeio-no-mineros-faz-3-a-0-e-avanca-na-libertadores\/#primaryimage\"},\"thumbnailUrl\":\"https:\/\/www.notibras.com\/site\/wp-content\/uploads\/2015\/04\/cru9.jpg\",\"datePublished\":\"2015-04-09T02:58:41+00:00\",\"dateModified\":\"2015-04-09T12:52:46+00:00\",\"breadcrumb\":{\"@id\":\"https:\/\/www.notibras.com\/site\/cruzeiro-da-um-passeio-no-mineros-faz-3-a-0-e-avanca-na-libertadores\/#breadcrumb\"},\"inLanguage\":\"pt-BR\",\"potentialAction\":[{\"@type\":\"ReadAction\",\"target\":[\"https:\/\/www.notibras.com\/site\/cruzeiro-da-um-passeio-no-mineros-faz-3-a-0-e-avanca-na-libertadores\/\"]}]},{\"@type\":\"ImageObject\",\"inLanguage\":\"pt-BR\",\"@id\":\"https:\/\/www.notibras.com\/site\/cruzeiro-da-um-passeio-no-mineros-faz-3-a-0-e-avanca-na-libertadores\/#primaryimage\",\"url\":\"https:\/\/www.notibras.com\/site\/wp-content\/uploads\/2015\/04\/cru9.jpg\",\"contentUrl\":\"https:\/\/www.notibras.com\/site\/wp-content\/uploads\/2015\/04\/cru9.jpg\",\"width\":460,\"height\":307},{\"@type\":\"BreadcrumbList\",\"@id\":\"https:\/\/www.notibras.com\/site\/cruzeiro-da-um-passeio-no-mineros-faz-3-a-0-e-avanca-na-libertadores\/#breadcrumb\",\"itemListElement\":[{\"@type\":\"ListItem\",\"position\":1,\"name\":\"In\u00edcio\",\"item\":\"https:\/\/www.notibras.com\/site\/\"},{\"@type\":\"ListItem\",\"position\":2,\"name\":\"Cruzeiro d\u00e1 um passeio no Mineros e avan\u00e7a na Libertadores\"}]},{\"@type\":\"WebSite\",\"@id\":\"https:\/\/www.notibras.com\/site\/#website\",\"url\":\"https:\/\/www.notibras.com\/site\/\",\"name\":\"Notibras\",\"description\":\"Not\u00edcias de Bras\u00edlia, do Brasil e do Mundo\",\"publisher\":{\"@id\":\"https:\/\/www.notibras.com\/site\/#organization\"},\"potentialAction\":[{\"@type\":\"SearchAction\",\"target\":{\"@type\":\"EntryPoint\",\"urlTemplate\":\"https:\/\/www.notibras.com\/site\/?s={search_term_string}\"},\"query-input\":{\"@type\":\"PropertyValueSpecification\",\"valueRequired\":true,\"valueName\":\"search_term_string\"}}],\"inLanguage\":\"pt-BR\"},{\"@type\":\"Organization\",\"@id\":\"https:\/\/www.notibras.com\/site\/#organization\",\"name\":\"Grupo Notibras de Comunica\u00e7\u00e3o\",\"url\":\"https:\/\/www.notibras.com\/site\/\",\"logo\":{\"@type\":\"ImageObject\",\"inLanguage\":\"pt-BR\",\"@id\":\"https:\/\/www.notibras.com\/site\/#\/schema\/logo\/image\/\",\"url\":\"https:\/\/www.notibras.com\/site\/wp-content\/uploads\/2023\/01\/notibras23.png\",\"contentUrl\":\"https:\/\/www.notibras.com\/site\/wp-content\/uploads\/2023\/01\/notibras23.png\",\"width\":350,\"height\":87,\"caption\":\"Grupo Notibras de Comunica\u00e7\u00e3o\"},\"image\":{\"@id\":\"https:\/\/www.notibras.com\/site\/#\/schema\/logo\/image\/\"},\"sameAs\":[\"https:\/\/www.facebook.com\/notibras\/\",\"https:\/\/x.com\/Notibras\",\"https:\/\/www.instagram.com\/notibras\/\"]},{\"@type\":\"Person\",\"@id\":\"https:\/\/www.notibras.com\/site\/#\/schema\/person\/36ab0979449956132d3e5b517ea76ac8\",\"name\":\"Reda\u00e7\u00e3o\",\"image\":{\"@type\":\"ImageObject\",\"inLanguage\":\"pt-BR\",\"@id\":\"https:\/\/secure.gravatar.com\/avatar\/e0a867bdedb85fd243eadf09663511f96fc81e0720a4a42581f334ad4303aa6b?s=96&d=mm&r=g\",\"url\":\"https:\/\/secure.gravatar.com\/avatar\/e0a867bdedb85fd243eadf09663511f96fc81e0720a4a42581f334ad4303aa6b?s=96&d=mm&r=g\",\"contentUrl\":\"https:\/\/secure.gravatar.com\/avatar\/e0a867bdedb85fd243eadf09663511f96fc81e0720a4a42581f334ad4303aa6b?s=96&d=mm&r=g\",\"caption\":\"Reda\u00e7\u00e3o\"}}]}<\/script>\n<!-- \/ Yoast SEO plugin. -->","yoast_head_json":{"title":"Cruzeiro d\u00e1 um passeio no Mineros e avan\u00e7a na Libertadores - Notibras","robots":{"index":"index","follow":"follow","max-snippet":"max-snippet:-1","max-image-preview":"max-image-preview:large","max-video-preview":"max-video-preview:-1"},"canonical":"https:\/\/www.notibras.com\/site\/cruzeiro-da-um-passeio-no-mineros-faz-3-a-0-e-avanca-na-libertadores\/","og_locale":"pt_BR","og_type":"article","og_title":"Cruzeiro d\u00e1 um passeio no Mineros e avan\u00e7a na Libertadores - Notibras","og_description":"Ap\u00f3s a derrota do \u00faltimo domingo no Mineir\u00e3o, a primeira do ano, o Cruzeiro voltou ao gigante da Pampulha para receber o Mineros, pela quarta rodada da Libertadores. Com um futebol bem mais convincente, apesar da inferioridade t\u00e9cnica do advers\u00e1rio, os comandados de Marcelo Oliveira constru\u00edram a vit\u00f3ria por 3 a 0, encaminhada ainda na [&hellip;]","og_url":"https:\/\/www.notibras.com\/site\/cruzeiro-da-um-passeio-no-mineros-faz-3-a-0-e-avanca-na-libertadores\/","og_site_name":"Notibras","article_publisher":"https:\/\/www.facebook.com\/notibras\/","article_published_time":"2015-04-09T02:58:41+00:00","article_modified_time":"2015-04-09T12:52:46+00:00","og_image":[{"width":460,"height":307,"url":"https:\/\/www.notibras.com\/site\/wp-content\/uploads\/2015\/04\/cru9.jpg","type":"image\/jpeg"}],"author":"Reda\u00e7\u00e3o","twitter_card":"summary_large_image","twitter_creator":"@Notibras","twitter_site":"@Notibras","twitter_misc":{"Escrito por":"Reda\u00e7\u00e3o","Est. tempo de leitura":"3 minutos"},"schema":{"@context":"https:\/\/schema.org","@graph":[{"@type":"Article","@id":"https:\/\/www.notibras.com\/site\/cruzeiro-da-um-passeio-no-mineros-faz-3-a-0-e-avanca-na-libertadores\/#article","isPartOf":{"@id":"https:\/\/www.notibras.com\/site\/cruzeiro-da-um-passeio-no-mineros-faz-3-a-0-e-avanca-na-libertadores\/"},"author":{"name":"Reda\u00e7\u00e3o","@id":"https:\/\/www.notibras.com\/site\/#\/schema\/person\/36ab0979449956132d3e5b517ea76ac8"},"headline":"Cruzeiro d\u00e1 um passeio no Mineros e avan\u00e7a na Libertadores","datePublished":"2015-04-09T02:58:41+00:00","dateModified":"2015-04-09T12:52:46+00:00","mainEntityOfPage":{"@id":"https:\/\/www.notibras.com\/site\/cruzeiro-da-um-passeio-no-mineros-faz-3-a-0-e-avanca-na-libertadores\/"},"wordCount":514,"commentCount":0,"publisher":{"@id":"https:\/\/www.notibras.com\/site\/#organization"},"image":{"@id":"https:\/\/www.notibras.com\/site\/cruzeiro-da-um-passeio-no-mineros-faz-3-a-0-e-avanca-na-libertadores\/#primaryimage"},"thumbnailUrl":"https:\/\/www.notibras.com\/site\/wp-content\/uploads\/2015\/04\/cru9.jpg","articleSection":["Esportes","Futebol"],"inLanguage":"pt-BR","potentialAction":[{"@type":"CommentAction","name":"Comment","target":["https:\/\/www.notibras.com\/site\/cruzeiro-da-um-passeio-no-mineros-faz-3-a-0-e-avanca-na-libertadores\/#respond"]}]},{"@type":"WebPage","@id":"https:\/\/www.notibras.com\/site\/cruzeiro-da-um-passeio-no-mineros-faz-3-a-0-e-avanca-na-libertadores\/","url":"https:\/\/www.notibras.com\/site\/cruzeiro-da-um-passeio-no-mineros-faz-3-a-0-e-avanca-na-libertadores\/","name":"Cruzeiro d\u00e1 um passeio no Mineros e avan\u00e7a na Libertadores - Notibras","isPartOf":{"@id":"https:\/\/www.notibras.com\/site\/#website"},"primaryImageOfPage":{"@id":"https:\/\/www.notibras.com\/site\/cruzeiro-da-um-passeio-no-mineros-faz-3-a-0-e-avanca-na-libertadores\/#primaryimage"},"image":{"@id":"https:\/\/www.notibras.com\/site\/cruzeiro-da-um-passeio-no-mineros-faz-3-a-0-e-avanca-na-libertadores\/#primaryimage"},"thumbnailUrl":"https:\/\/www.notibras.com\/site\/wp-content\/uploads\/2015\/04\/cru9.jpg","datePublished":"2015-04-09T02:58:41+00:00","dateModified":"2015-04-09T12:52:46+00:00","breadcrumb":{"@id":"https:\/\/www.notibras.com\/site\/cruzeiro-da-um-passeio-no-mineros-faz-3-a-0-e-avanca-na-libertadores\/#breadcrumb"},"inLanguage":"pt-BR","potentialAction":[{"@type":"ReadAction","target":["https:\/\/www.notibras.com\/site\/cruzeiro-da-um-passeio-no-mineros-faz-3-a-0-e-avanca-na-libertadores\/"]}]},{"@type":"ImageObject","inLanguage":"pt-BR","@id":"https:\/\/www.notibras.com\/site\/cruzeiro-da-um-passeio-no-mineros-faz-3-a-0-e-avanca-na-libertadores\/#primaryimage","url":"https:\/\/www.notibras.com\/site\/wp-content\/uploads\/2015\/04\/cru9.jpg","contentUrl":"https:\/\/www.notibras.com\/site\/wp-content\/uploads\/2015\/04\/cru9.jpg","width":460,"height":307},{"@type":"BreadcrumbList","@id":"https:\/\/www.notibras.com\/site\/cruzeiro-da-um-passeio-no-mineros-faz-3-a-0-e-avanca-na-libertadores\/#breadcrumb","itemListElement":[{"@type":"ListItem","position":1,"name":"In\u00edcio","item":"https:\/\/www.notibras.com\/site\/"},{"@type":"ListItem","position":2,"name":"Cruzeiro d\u00e1 um passeio no Mineros e avan\u00e7a na Libertadores"}]},{"@type":"WebSite","@id":"https:\/\/www.notibras.com\/site\/#website","url":"https:\/\/www.notibras.com\/site\/","name":"Notibras","description":"Not\u00edcias de Bras\u00edlia, do Brasil e do Mundo","publisher":{"@id":"https:\/\/www.notibras.com\/site\/#organization"},"potentialAction":[{"@type":"SearchAction","target":{"@type":"EntryPoint","urlTemplate":"https:\/\/www.notibras.com\/site\/?s={search_term_string}"},"query-input":{"@type":"PropertyValueSpecification","valueRequired":true,"valueName":"search_term_string"}}],"inLanguage":"pt-BR"},{"@type":"Organization","@id":"https:\/\/www.notibras.com\/site\/#organization","name":"Grupo Notibras de Comunica\u00e7\u00e3o","url":"https:\/\/www.notibras.com\/site\/","logo":{"@type":"ImageObject","inLanguage":"pt-BR","@id":"https:\/\/www.notibras.com\/site\/#\/schema\/logo\/image\/","url":"https:\/\/www.notibras.com\/site\/wp-content\/uploads\/2023\/01\/notibras23.png","contentUrl":"https:\/\/www.notibras.com\/site\/wp-content\/uploads\/2023\/01\/notibras23.png","width":350,"height":87,"caption":"Grupo Notibras de Comunica\u00e7\u00e3o"},"image":{"@id":"https:\/\/www.notibras.com\/site\/#\/schema\/logo\/image\/"},"sameAs":["https:\/\/www.facebook.com\/notibras\/","https:\/\/x.com\/Notibras","https:\/\/www.instagram.com\/notibras\/"]},{"@type":"Person","@id":"https:\/\/www.notibras.com\/site\/#\/schema\/person\/36ab0979449956132d3e5b517ea76ac8","name":"Reda\u00e7\u00e3o","image":{"@type":"ImageObject","inLanguage":"pt-BR","@id":"https:\/\/secure.gravatar.com\/avatar\/e0a867bdedb85fd243eadf09663511f96fc81e0720a4a42581f334ad4303aa6b?s=96&d=mm&r=g","url":"https:\/\/secure.gravatar.com\/avatar\/e0a867bdedb85fd243eadf09663511f96fc81e0720a4a42581f334ad4303aa6b?s=96&d=mm&r=g","contentUrl":"https:\/\/secure.gravatar.com\/avatar\/e0a867bdedb85fd243eadf09663511f96fc81e0720a4a42581f334ad4303aa6b?s=96&d=mm&r=g","caption":"Reda\u00e7\u00e3o"}}]}},"amp_enabled":true,"_links":{"self":[{"href":"https:\/\/www.notibras.com\/site\/wp-json\/wp\/v2\/posts\/43256","targetHints":{"allow":["GET"]}}],"collection":[{"href":"https:\/\/www.notibras.com\/site\/wp-json\/wp\/v2\/posts"}],"about":[{"href":"https:\/\/www.notibras.com\/site\/wp-json\/wp\/v2\/types\/post"}],"author":[{"embeddable":true,"href":"https:\/\/www.notibras.com\/site\/wp-json\/wp\/v2\/users\/2"}],"replies":[{"embeddable":true,"href":"https:\/\/www.notibras.com\/site\/wp-json\/wp\/v2\/comments?post=43256"}],"version-history":[{"count":0,"href":"https:\/\/www.notibras.com\/site\/wp-json\/wp\/v2\/posts\/43256\/revisions"}],"wp:featuredmedia":[{"embeddable":true,"href":"https:\/\/www.notibras.com\/site\/wp-json\/wp\/v2\/media\/43257"}],"wp:attachment":[{"href":"https:\/\/www.notibras.com\/site\/wp-json\/wp\/v2\/media?parent=43256"}],"wp:term":[{"taxonomy":"category","embeddable":true,"href":"https:\/\/www.notibras.com\/site\/wp-json\/wp\/v2\/categories?post=43256"},{"taxonomy":"post_tag","embeddable":true,"href":"https:\/\/www.notibras.com\/site\/wp-json\/wp\/v2\/tags?post=43256"}],"curies":[{"name":"wp","href":"https:\/\/api.w.org\/{rel}","templated":true}]}}