{"id":4326,"date":"2014-03-14T00:40:26","date_gmt":"2014-03-14T03:40:26","guid":{"rendered":"http:\/\/www.notibras.com\/site\/?p=4326"},"modified":"2014-03-14T00:40:26","modified_gmt":"2014-03-14T03:40:26","slug":"judo-garante-mais-quatro-medalhas-nos-jogos-sulamericanos","status":"publish","type":"post","link":"https:\/\/www.notibras.com\/site\/judo-garante-mais-quatro-medalhas-nos-jogos-sulamericanos\/","title":{"rendered":"Jud\u00f4 garante mais quatro medalhas nos Jogos Sulamericanos"},"content":{"rendered":"<p>O terceiro dia de disputa do jud\u00f4 nos Jogos Sul-Americanos demonstrou a for\u00e7a do Brasil na modalidade. Com mais quatro medalhas conquistadas, o Pa\u00eds mant\u00e9m a escrita de ter subido ao p\u00f3dio em todas as categorias.<\/p>\n<p>Nesta quinta-feira, B\u00e1rbara Timo (70kg) ficou com a prata. Renata Janu\u00e1rio (78kg), Gustavo Assis (81kg) e Eduardo Santos (90kg) ficaram com o bronze. Ao todo, o Brasil j\u00e1 soma 11 medalhas no Jud\u00f4, sendo tr\u00eas ouros, duas pratas e seis bronzes.<\/p>\n<p>&#8220;O fato de termos p\u00f3dio em todos os dias \u00e9 o que importa para n\u00f3s, mostra a regularidade do jud\u00f4 brasileiro. Vermos, tamb\u00e9m, atletas jovens competindo, ganhando experi\u00eancia \u00e9 uma das estrat\u00e9gias da Confedera\u00e7\u00e3o&#8221;, disse Paulo Wanderley Teixeira, presidente da Confedera\u00e7\u00e3o Brasileira de Jud\u00f4.<\/p>\n<p>Nesta sexta-feira, \u00faltimo dia de competi\u00e7\u00f5es no Jud\u00f4, o Brasil busca aumentar o n\u00famero de conquistas com Rafael Buzacarini (100kg), David Moura (+100kg) e Claudirene Cezar (+78kg).<\/p>\n","protected":false},"excerpt":{"rendered":"<p>O terceiro dia de disputa do jud\u00f4 nos Jogos Sul-Americanos demonstrou a for\u00e7a do Brasil na modalidade. Com mais quatro medalhas conquistadas, o Pa\u00eds mant\u00e9m a escrita de ter subido ao p\u00f3dio em todas as categorias. Nesta quinta-feira, B\u00e1rbara Timo (70kg) ficou com a prata. Renata Janu\u00e1rio (78kg), Gustavo Assis (81kg) e Eduardo Santos (90kg) [&hellip;]<\/p>\n","protected":false},"author":2,"featured_media":4327,"comment_status":"open","ping_status":"closed","sticky":false,"template":"","format":"standard","meta":{"_acf_changed":false,"footnotes":""},"categories":[19],"tags":[],"class_list":["post-4326","post","type-post","status-publish","format-standard","has-post-thumbnail","hentry","category-esportes"],"acf":[],"yoast_head":"<!-- This site is optimized with the Yoast SEO plugin v27.2 - https:\/\/yoast.com\/product\/yoast-seo-wordpress\/ -->\n<title>Jud\u00f4 garante mais quatro medalhas nos Jogos Sulamericanos - Notibras<\/title>\n<meta name=\"robots\" content=\"index, follow, max-snippet:-1, max-image-preview:large, max-video-preview:-1\" \/>\n<link rel=\"canonical\" href=\"https:\/\/www.notibras.com\/site\/judo-garante-mais-quatro-medalhas-nos-jogos-sulamericanos\/\" \/>\n<meta property=\"og:locale\" content=\"pt_BR\" \/>\n<meta property=\"og:type\" content=\"article\" \/>\n<meta property=\"og:title\" content=\"Jud\u00f4 garante mais quatro medalhas nos Jogos Sulamericanos - Notibras\" \/>\n<meta property=\"og:description\" content=\"O terceiro dia de disputa do jud\u00f4 nos Jogos Sul-Americanos demonstrou a for\u00e7a do Brasil na modalidade. Com mais quatro medalhas conquistadas, o Pa\u00eds mant\u00e9m a escrita de ter subido ao p\u00f3dio em todas as categorias. Nesta quinta-feira, B\u00e1rbara Timo (70kg) ficou com a prata. Renata Janu\u00e1rio (78kg), Gustavo Assis (81kg) e Eduardo Santos (90kg) [&hellip;]\" \/>\n<meta property=\"og:url\" content=\"https:\/\/www.notibras.com\/site\/judo-garante-mais-quatro-medalhas-nos-jogos-sulamericanos\/\" \/>\n<meta property=\"og:site_name\" content=\"Notibras\" \/>\n<meta property=\"article:publisher\" content=\"https:\/\/www.facebook.com\/notibras\/\" \/>\n<meta property=\"article:published_time\" content=\"2014-03-14T03:40:26+00:00\" \/>\n<meta property=\"og:image\" content=\"https:\/\/www.notibras.com\/site\/wp-content\/uploads\/2014\/03\/t_97588_no-duelo-entre-brasileiras-nadia-merli-azul-levou-a-melhor-sobre-barbara-timo-branco-e-ficou-com-o-ouro-foto-ijf.jpeg\" \/>\n\t<meta property=\"og:image:width\" content=\"620\" \/>\n\t<meta property=\"og:image:height\" content=\"400\" \/>\n\t<meta property=\"og:image:type\" content=\"image\/jpeg\" \/>\n<meta name=\"author\" content=\"Reda\u00e7\u00e3o\" \/>\n<meta name=\"twitter:card\" content=\"summary_large_image\" \/>\n<meta name=\"twitter:creator\" content=\"@Notibras\" \/>\n<meta name=\"twitter:site\" content=\"@Notibras\" \/>\n<meta name=\"twitter:label1\" content=\"Escrito por\" \/>\n\t<meta name=\"twitter:data1\" content=\"Reda\u00e7\u00e3o\" \/>\n\t<meta name=\"twitter:label2\" content=\"Est. tempo de leitura\" \/>\n\t<meta name=\"twitter:data2\" content=\"1 minuto\" \/>\n<script type=\"application\/ld+json\" class=\"yoast-schema-graph\">{\"@context\":\"https:\/\/schema.org\",\"@graph\":[{\"@type\":\"Article\",\"@id\":\"https:\/\/www.notibras.com\/site\/judo-garante-mais-quatro-medalhas-nos-jogos-sulamericanos\/#article\",\"isPartOf\":{\"@id\":\"https:\/\/www.notibras.com\/site\/judo-garante-mais-quatro-medalhas-nos-jogos-sulamericanos\/\"},\"author\":{\"name\":\"Reda\u00e7\u00e3o\",\"@id\":\"https:\/\/www.notibras.com\/site\/#\/schema\/person\/36ab0979449956132d3e5b517ea76ac8\"},\"headline\":\"Jud\u00f4 garante mais quatro medalhas nos Jogos Sulamericanos\",\"datePublished\":\"2014-03-14T03:40:26+00:00\",\"mainEntityOfPage\":{\"@id\":\"https:\/\/www.notibras.com\/site\/judo-garante-mais-quatro-medalhas-nos-jogos-sulamericanos\/\"},\"wordCount\":169,\"commentCount\":0,\"publisher\":{\"@id\":\"https:\/\/www.notibras.com\/site\/#organization\"},\"image\":{\"@id\":\"https:\/\/www.notibras.com\/site\/judo-garante-mais-quatro-medalhas-nos-jogos-sulamericanos\/#primaryimage\"},\"thumbnailUrl\":\"https:\/\/www.notibras.com\/site\/wp-content\/uploads\/2014\/03\/t_97588_no-duelo-entre-brasileiras-nadia-merli-azul-levou-a-melhor-sobre-barbara-timo-branco-e-ficou-com-o-ouro-foto-ijf.jpeg\",\"articleSection\":[\"Esportes\"],\"inLanguage\":\"pt-BR\",\"potentialAction\":[{\"@type\":\"CommentAction\",\"name\":\"Comment\",\"target\":[\"https:\/\/www.notibras.com\/site\/judo-garante-mais-quatro-medalhas-nos-jogos-sulamericanos\/#respond\"]}]},{\"@type\":\"WebPage\",\"@id\":\"https:\/\/www.notibras.com\/site\/judo-garante-mais-quatro-medalhas-nos-jogos-sulamericanos\/\",\"url\":\"https:\/\/www.notibras.com\/site\/judo-garante-mais-quatro-medalhas-nos-jogos-sulamericanos\/\",\"name\":\"Jud\u00f4 garante mais quatro medalhas nos Jogos Sulamericanos - Notibras\",\"isPartOf\":{\"@id\":\"https:\/\/www.notibras.com\/site\/#website\"},\"primaryImageOfPage\":{\"@id\":\"https:\/\/www.notibras.com\/site\/judo-garante-mais-quatro-medalhas-nos-jogos-sulamericanos\/#primaryimage\"},\"image\":{\"@id\":\"https:\/\/www.notibras.com\/site\/judo-garante-mais-quatro-medalhas-nos-jogos-sulamericanos\/#primaryimage\"},\"thumbnailUrl\":\"https:\/\/www.notibras.com\/site\/wp-content\/uploads\/2014\/03\/t_97588_no-duelo-entre-brasileiras-nadia-merli-azul-levou-a-melhor-sobre-barbara-timo-branco-e-ficou-com-o-ouro-foto-ijf.jpeg\",\"datePublished\":\"2014-03-14T03:40:26+00:00\",\"breadcrumb\":{\"@id\":\"https:\/\/www.notibras.com\/site\/judo-garante-mais-quatro-medalhas-nos-jogos-sulamericanos\/#breadcrumb\"},\"inLanguage\":\"pt-BR\",\"potentialAction\":[{\"@type\":\"ReadAction\",\"target\":[\"https:\/\/www.notibras.com\/site\/judo-garante-mais-quatro-medalhas-nos-jogos-sulamericanos\/\"]}]},{\"@type\":\"ImageObject\",\"inLanguage\":\"pt-BR\",\"@id\":\"https:\/\/www.notibras.com\/site\/judo-garante-mais-quatro-medalhas-nos-jogos-sulamericanos\/#primaryimage\",\"url\":\"https:\/\/www.notibras.com\/site\/wp-content\/uploads\/2014\/03\/t_97588_no-duelo-entre-brasileiras-nadia-merli-azul-levou-a-melhor-sobre-barbara-timo-branco-e-ficou-com-o-ouro-foto-ijf.jpeg\",\"contentUrl\":\"https:\/\/www.notibras.com\/site\/wp-content\/uploads\/2014\/03\/t_97588_no-duelo-entre-brasileiras-nadia-merli-azul-levou-a-melhor-sobre-barbara-timo-branco-e-ficou-com-o-ouro-foto-ijf.jpeg\",\"width\":620,\"height\":400},{\"@type\":\"BreadcrumbList\",\"@id\":\"https:\/\/www.notibras.com\/site\/judo-garante-mais-quatro-medalhas-nos-jogos-sulamericanos\/#breadcrumb\",\"itemListElement\":[{\"@type\":\"ListItem\",\"position\":1,\"name\":\"In\u00edcio\",\"item\":\"https:\/\/www.notibras.com\/site\/\"},{\"@type\":\"ListItem\",\"position\":2,\"name\":\"Jud\u00f4 garante mais quatro medalhas nos Jogos Sulamericanos\"}]},{\"@type\":\"WebSite\",\"@id\":\"https:\/\/www.notibras.com\/site\/#website\",\"url\":\"https:\/\/www.notibras.com\/site\/\",\"name\":\"Notibras\",\"description\":\"Not\u00edcias de Bras\u00edlia, do Brasil e do Mundo\",\"publisher\":{\"@id\":\"https:\/\/www.notibras.com\/site\/#organization\"},\"potentialAction\":[{\"@type\":\"SearchAction\",\"target\":{\"@type\":\"EntryPoint\",\"urlTemplate\":\"https:\/\/www.notibras.com\/site\/?s={search_term_string}\"},\"query-input\":{\"@type\":\"PropertyValueSpecification\",\"valueRequired\":true,\"valueName\":\"search_term_string\"}}],\"inLanguage\":\"pt-BR\"},{\"@type\":\"Organization\",\"@id\":\"https:\/\/www.notibras.com\/site\/#organization\",\"name\":\"Grupo Notibras de Comunica\u00e7\u00e3o\",\"url\":\"https:\/\/www.notibras.com\/site\/\",\"logo\":{\"@type\":\"ImageObject\",\"inLanguage\":\"pt-BR\",\"@id\":\"https:\/\/www.notibras.com\/site\/#\/schema\/logo\/image\/\",\"url\":\"https:\/\/www.notibras.com\/site\/wp-content\/uploads\/2023\/01\/notibras23.png\",\"contentUrl\":\"https:\/\/www.notibras.com\/site\/wp-content\/uploads\/2023\/01\/notibras23.png\",\"width\":350,\"height\":87,\"caption\":\"Grupo Notibras de Comunica\u00e7\u00e3o\"},\"image\":{\"@id\":\"https:\/\/www.notibras.com\/site\/#\/schema\/logo\/image\/\"},\"sameAs\":[\"https:\/\/www.facebook.com\/notibras\/\",\"https:\/\/x.com\/Notibras\",\"https:\/\/www.instagram.com\/notibras\/\"]},{\"@type\":\"Person\",\"@id\":\"https:\/\/www.notibras.com\/site\/#\/schema\/person\/36ab0979449956132d3e5b517ea76ac8\",\"name\":\"Reda\u00e7\u00e3o\",\"image\":{\"@type\":\"ImageObject\",\"inLanguage\":\"pt-BR\",\"@id\":\"https:\/\/secure.gravatar.com\/avatar\/e0a867bdedb85fd243eadf09663511f96fc81e0720a4a42581f334ad4303aa6b?s=96&d=mm&r=g\",\"url\":\"https:\/\/secure.gravatar.com\/avatar\/e0a867bdedb85fd243eadf09663511f96fc81e0720a4a42581f334ad4303aa6b?s=96&d=mm&r=g\",\"contentUrl\":\"https:\/\/secure.gravatar.com\/avatar\/e0a867bdedb85fd243eadf09663511f96fc81e0720a4a42581f334ad4303aa6b?s=96&d=mm&r=g\",\"caption\":\"Reda\u00e7\u00e3o\"}}]}<\/script>\n<!-- \/ Yoast SEO plugin. -->","yoast_head_json":{"title":"Jud\u00f4 garante mais quatro medalhas nos Jogos Sulamericanos - Notibras","robots":{"index":"index","follow":"follow","max-snippet":"max-snippet:-1","max-image-preview":"max-image-preview:large","max-video-preview":"max-video-preview:-1"},"canonical":"https:\/\/www.notibras.com\/site\/judo-garante-mais-quatro-medalhas-nos-jogos-sulamericanos\/","og_locale":"pt_BR","og_type":"article","og_title":"Jud\u00f4 garante mais quatro medalhas nos Jogos Sulamericanos - Notibras","og_description":"O terceiro dia de disputa do jud\u00f4 nos Jogos Sul-Americanos demonstrou a for\u00e7a do Brasil na modalidade. Com mais quatro medalhas conquistadas, o Pa\u00eds mant\u00e9m a escrita de ter subido ao p\u00f3dio em todas as categorias. Nesta quinta-feira, B\u00e1rbara Timo (70kg) ficou com a prata. Renata Janu\u00e1rio (78kg), Gustavo Assis (81kg) e Eduardo Santos (90kg) [&hellip;]","og_url":"https:\/\/www.notibras.com\/site\/judo-garante-mais-quatro-medalhas-nos-jogos-sulamericanos\/","og_site_name":"Notibras","article_publisher":"https:\/\/www.facebook.com\/notibras\/","article_published_time":"2014-03-14T03:40:26+00:00","og_image":[{"width":620,"height":400,"url":"https:\/\/www.notibras.com\/site\/wp-content\/uploads\/2014\/03\/t_97588_no-duelo-entre-brasileiras-nadia-merli-azul-levou-a-melhor-sobre-barbara-timo-branco-e-ficou-com-o-ouro-foto-ijf.jpeg","type":"image\/jpeg"}],"author":"Reda\u00e7\u00e3o","twitter_card":"summary_large_image","twitter_creator":"@Notibras","twitter_site":"@Notibras","twitter_misc":{"Escrito por":"Reda\u00e7\u00e3o","Est. tempo de leitura":"1 minuto"},"schema":{"@context":"https:\/\/schema.org","@graph":[{"@type":"Article","@id":"https:\/\/www.notibras.com\/site\/judo-garante-mais-quatro-medalhas-nos-jogos-sulamericanos\/#article","isPartOf":{"@id":"https:\/\/www.notibras.com\/site\/judo-garante-mais-quatro-medalhas-nos-jogos-sulamericanos\/"},"author":{"name":"Reda\u00e7\u00e3o","@id":"https:\/\/www.notibras.com\/site\/#\/schema\/person\/36ab0979449956132d3e5b517ea76ac8"},"headline":"Jud\u00f4 garante mais quatro medalhas nos Jogos Sulamericanos","datePublished":"2014-03-14T03:40:26+00:00","mainEntityOfPage":{"@id":"https:\/\/www.notibras.com\/site\/judo-garante-mais-quatro-medalhas-nos-jogos-sulamericanos\/"},"wordCount":169,"commentCount":0,"publisher":{"@id":"https:\/\/www.notibras.com\/site\/#organization"},"image":{"@id":"https:\/\/www.notibras.com\/site\/judo-garante-mais-quatro-medalhas-nos-jogos-sulamericanos\/#primaryimage"},"thumbnailUrl":"https:\/\/www.notibras.com\/site\/wp-content\/uploads\/2014\/03\/t_97588_no-duelo-entre-brasileiras-nadia-merli-azul-levou-a-melhor-sobre-barbara-timo-branco-e-ficou-com-o-ouro-foto-ijf.jpeg","articleSection":["Esportes"],"inLanguage":"pt-BR","potentialAction":[{"@type":"CommentAction","name":"Comment","target":["https:\/\/www.notibras.com\/site\/judo-garante-mais-quatro-medalhas-nos-jogos-sulamericanos\/#respond"]}]},{"@type":"WebPage","@id":"https:\/\/www.notibras.com\/site\/judo-garante-mais-quatro-medalhas-nos-jogos-sulamericanos\/","url":"https:\/\/www.notibras.com\/site\/judo-garante-mais-quatro-medalhas-nos-jogos-sulamericanos\/","name":"Jud\u00f4 garante mais quatro medalhas nos Jogos Sulamericanos - Notibras","isPartOf":{"@id":"https:\/\/www.notibras.com\/site\/#website"},"primaryImageOfPage":{"@id":"https:\/\/www.notibras.com\/site\/judo-garante-mais-quatro-medalhas-nos-jogos-sulamericanos\/#primaryimage"},"image":{"@id":"https:\/\/www.notibras.com\/site\/judo-garante-mais-quatro-medalhas-nos-jogos-sulamericanos\/#primaryimage"},"thumbnailUrl":"https:\/\/www.notibras.com\/site\/wp-content\/uploads\/2014\/03\/t_97588_no-duelo-entre-brasileiras-nadia-merli-azul-levou-a-melhor-sobre-barbara-timo-branco-e-ficou-com-o-ouro-foto-ijf.jpeg","datePublished":"2014-03-14T03:40:26+00:00","breadcrumb":{"@id":"https:\/\/www.notibras.com\/site\/judo-garante-mais-quatro-medalhas-nos-jogos-sulamericanos\/#breadcrumb"},"inLanguage":"pt-BR","potentialAction":[{"@type":"ReadAction","target":["https:\/\/www.notibras.com\/site\/judo-garante-mais-quatro-medalhas-nos-jogos-sulamericanos\/"]}]},{"@type":"ImageObject","inLanguage":"pt-BR","@id":"https:\/\/www.notibras.com\/site\/judo-garante-mais-quatro-medalhas-nos-jogos-sulamericanos\/#primaryimage","url":"https:\/\/www.notibras.com\/site\/wp-content\/uploads\/2014\/03\/t_97588_no-duelo-entre-brasileiras-nadia-merli-azul-levou-a-melhor-sobre-barbara-timo-branco-e-ficou-com-o-ouro-foto-ijf.jpeg","contentUrl":"https:\/\/www.notibras.com\/site\/wp-content\/uploads\/2014\/03\/t_97588_no-duelo-entre-brasileiras-nadia-merli-azul-levou-a-melhor-sobre-barbara-timo-branco-e-ficou-com-o-ouro-foto-ijf.jpeg","width":620,"height":400},{"@type":"BreadcrumbList","@id":"https:\/\/www.notibras.com\/site\/judo-garante-mais-quatro-medalhas-nos-jogos-sulamericanos\/#breadcrumb","itemListElement":[{"@type":"ListItem","position":1,"name":"In\u00edcio","item":"https:\/\/www.notibras.com\/site\/"},{"@type":"ListItem","position":2,"name":"Jud\u00f4 garante mais quatro medalhas nos Jogos Sulamericanos"}]},{"@type":"WebSite","@id":"https:\/\/www.notibras.com\/site\/#website","url":"https:\/\/www.notibras.com\/site\/","name":"Notibras","description":"Not\u00edcias de Bras\u00edlia, do Brasil e do Mundo","publisher":{"@id":"https:\/\/www.notibras.com\/site\/#organization"},"potentialAction":[{"@type":"SearchAction","target":{"@type":"EntryPoint","urlTemplate":"https:\/\/www.notibras.com\/site\/?s={search_term_string}"},"query-input":{"@type":"PropertyValueSpecification","valueRequired":true,"valueName":"search_term_string"}}],"inLanguage":"pt-BR"},{"@type":"Organization","@id":"https:\/\/www.notibras.com\/site\/#organization","name":"Grupo Notibras de Comunica\u00e7\u00e3o","url":"https:\/\/www.notibras.com\/site\/","logo":{"@type":"ImageObject","inLanguage":"pt-BR","@id":"https:\/\/www.notibras.com\/site\/#\/schema\/logo\/image\/","url":"https:\/\/www.notibras.com\/site\/wp-content\/uploads\/2023\/01\/notibras23.png","contentUrl":"https:\/\/www.notibras.com\/site\/wp-content\/uploads\/2023\/01\/notibras23.png","width":350,"height":87,"caption":"Grupo Notibras de Comunica\u00e7\u00e3o"},"image":{"@id":"https:\/\/www.notibras.com\/site\/#\/schema\/logo\/image\/"},"sameAs":["https:\/\/www.facebook.com\/notibras\/","https:\/\/x.com\/Notibras","https:\/\/www.instagram.com\/notibras\/"]},{"@type":"Person","@id":"https:\/\/www.notibras.com\/site\/#\/schema\/person\/36ab0979449956132d3e5b517ea76ac8","name":"Reda\u00e7\u00e3o","image":{"@type":"ImageObject","inLanguage":"pt-BR","@id":"https:\/\/secure.gravatar.com\/avatar\/e0a867bdedb85fd243eadf09663511f96fc81e0720a4a42581f334ad4303aa6b?s=96&d=mm&r=g","url":"https:\/\/secure.gravatar.com\/avatar\/e0a867bdedb85fd243eadf09663511f96fc81e0720a4a42581f334ad4303aa6b?s=96&d=mm&r=g","contentUrl":"https:\/\/secure.gravatar.com\/avatar\/e0a867bdedb85fd243eadf09663511f96fc81e0720a4a42581f334ad4303aa6b?s=96&d=mm&r=g","caption":"Reda\u00e7\u00e3o"}}]}},"amp_enabled":true,"_links":{"self":[{"href":"https:\/\/www.notibras.com\/site\/wp-json\/wp\/v2\/posts\/4326","targetHints":{"allow":["GET"]}}],"collection":[{"href":"https:\/\/www.notibras.com\/site\/wp-json\/wp\/v2\/posts"}],"about":[{"href":"https:\/\/www.notibras.com\/site\/wp-json\/wp\/v2\/types\/post"}],"author":[{"embeddable":true,"href":"https:\/\/www.notibras.com\/site\/wp-json\/wp\/v2\/users\/2"}],"replies":[{"embeddable":true,"href":"https:\/\/www.notibras.com\/site\/wp-json\/wp\/v2\/comments?post=4326"}],"version-history":[{"count":0,"href":"https:\/\/www.notibras.com\/site\/wp-json\/wp\/v2\/posts\/4326\/revisions"}],"wp:featuredmedia":[{"embeddable":true,"href":"https:\/\/www.notibras.com\/site\/wp-json\/wp\/v2\/media\/4327"}],"wp:attachment":[{"href":"https:\/\/www.notibras.com\/site\/wp-json\/wp\/v2\/media?parent=4326"}],"wp:term":[{"taxonomy":"category","embeddable":true,"href":"https:\/\/www.notibras.com\/site\/wp-json\/wp\/v2\/categories?post=4326"},{"taxonomy":"post_tag","embeddable":true,"href":"https:\/\/www.notibras.com\/site\/wp-json\/wp\/v2\/tags?post=4326"}],"curies":[{"name":"wp","href":"https:\/\/api.w.org\/{rel}","templated":true}]}}