{"id":43278,"date":"2015-04-09T02:53:35","date_gmt":"2015-04-09T05:53:35","guid":{"rendered":"http:\/\/www.notibras.com\/site\/?p=43278"},"modified":"2015-04-09T16:04:40","modified_gmt":"2015-04-09T19:04:40","slug":"pepe-bumerangue-vargas-enfim-e-confirmado-ministro-de-novo","status":"publish","type":"post","link":"https:\/\/www.notibras.com\/site\/pepe-bumerangue-vargas-enfim-e-confirmado-ministro-de-novo\/","title":{"rendered":"Pepe &#8216;bumerangue&#8217; Vargas enfim \u00e9 confirmado ministro"},"content":{"rendered":"<p>O Pal\u00e1cio do Planalto confirmou pouco a transfer\u00eancia de Pepe Vargas para a Secretaria de Direitos Humanos. O comunicado oficial ocorreu horas ap\u00f3s o pr\u00f3prio ministro ter declarado, em entrevista a jornalistas, que aceitara o convite de Dilma para o cargo.<\/p>\n<p>De acordo com a Secretaria de Imprensa, a presidenta Dilma Rousseff \u201cagradeceu o empenho, a lealdade e a compet\u00eancia da ministra Ideli Salvatti, que deixa o cargo\u201d. A nota \u00e0 imprensa n\u00e3o informa se Ideli ir\u00e1 ocupar outro cargo no governo.<\/p>\n<p>Na ter\u00e7a-feira (7), a Secretaria de Rela\u00e7\u00f5es Institucionais, pasta que era comandada por Pepe, passou a ter as atribui\u00e7\u00f5es comandadas pela Vice-Presid\u00eancia da Rep\u00fablica.<\/p>\n<blockquote><p>Quando anunciou, nesta tarde, que aceitara o convite da presidenta para assumir a secretaria, Pepe Vargas disse que ela fez uma op\u00e7\u00e3o por entregar a articula\u00e7\u00e3o pol\u00edtica ao PMDB. \u201c\u00c9 ineg\u00e1vel que em algumas mat\u00e9rias houve um ru\u00eddo forte entre as posi\u00e7\u00f5es do PMDB e as posi\u00e7\u00f5es do governo. Evidente que esse ru\u00eddo desorganiza e desestabiliza o conjunto da base\u201d, afirmou, em refer\u00eancia ao trabalho que deve ser desempenhado pelo articulador pol\u00edtico do governo.<\/p><\/blockquote>\n<p>Mais cedo, o vice-presidente Michel Temer, que vai agora acumular o comando da SRI, disse que as arestas do PMDB com o PT n\u00e3o ser\u00e3o aparadas \u201cexatamente\u201d porque ele assumiu. \u201cAcho que a tend\u00eancia natural \u00e9 exatamente essa. N\u00f3s estamos com tr\u00eas meses do governo. Houve muitas conversa\u00e7\u00f5es, o di\u00e1logo continua muito s\u00f3lido. O Executivo s\u00f3 pode governar se tiver o apoio do Congresso Nacional. E eles [lideran\u00e7as] est\u00e3o todos de acordo com isso\u201d, disse.<\/p>\n<blockquote><p>\u201cN\u00e3o \u00e9 PT-PMDB que est\u00e1 em pauta. O que est\u00e1 em pauta \u00e9 a base aliada, que tem de estar reunificada em torno dos projetos do governo e auxiliando os projetos do governo\u201d, declarou. Na opini\u00e3o de Temer, o governo \u00e9 uma unidade e todos colaboram entre si. \u201cCada um ter\u00e1 suas tarefas. Eu, por exemplo, n\u00e3o interferirei nas quest\u00f5es administrativas\u201d.<\/p><\/blockquote>\n<p>O novo articulador pol\u00edtico concedeu entrevista a jornalistas ap\u00f3s participar de uma reuni\u00e3o com os presidentes e l\u00edderes no Congresso de todos os partidos da base aliada. Ele voltou a confirmar que o ex-presidente da C\u00e2mara dos Deputados, Henrique Eduardo Alves, vai ocupar um cargo do governo \u201cseguramente\u201d. Sobre o segundo escal\u00e3o, Temer disse que vai examinar com calma e conversar com todos para resolver as indica\u00e7\u00f5es.<\/p>\n<div class=\"node-info\"><strong>Paulo Victor Chagas, ABr<\/strong><strong><br \/>\n<\/strong><\/div>\n","protected":false},"excerpt":{"rendered":"<p>O Pal\u00e1cio do Planalto confirmou pouco a transfer\u00eancia de Pepe Vargas para a Secretaria de Direitos Humanos. O comunicado oficial ocorreu horas ap\u00f3s o pr\u00f3prio ministro ter declarado, em entrevista a jornalistas, que aceitara o convite de Dilma para o cargo. De acordo com a Secretaria de Imprensa, a presidenta Dilma Rousseff \u201cagradeceu o empenho, [&hellip;]<\/p>\n","protected":false},"author":2,"featured_media":43279,"comment_status":"open","ping_status":"closed","sticky":false,"template":"","format":"standard","meta":{"_acf_changed":false,"footnotes":""},"categories":[16],"tags":[],"class_list":["post-43278","post","type-post","status-publish","format-standard","has-post-thumbnail","hentry","category-brasil"],"acf":[],"_links":{"self":[{"href":"https:\/\/www.notibras.com\/site\/wp-json\/wp\/v2\/posts\/43278","targetHints":{"allow":["GET"]}}],"collection":[{"href":"https:\/\/www.notibras.com\/site\/wp-json\/wp\/v2\/posts"}],"about":[{"href":"https:\/\/www.notibras.com\/site\/wp-json\/wp\/v2\/types\/post"}],"author":[{"embeddable":true,"href":"https:\/\/www.notibras.com\/site\/wp-json\/wp\/v2\/users\/2"}],"replies":[{"embeddable":true,"href":"https:\/\/www.notibras.com\/site\/wp-json\/wp\/v2\/comments?post=43278"}],"version-history":[{"count":0,"href":"https:\/\/www.notibras.com\/site\/wp-json\/wp\/v2\/posts\/43278\/revisions"}],"wp:featuredmedia":[{"embeddable":true,"href":"https:\/\/www.notibras.com\/site\/wp-json\/wp\/v2\/media\/43279"}],"wp:attachment":[{"href":"https:\/\/www.notibras.com\/site\/wp-json\/wp\/v2\/media?parent=43278"}],"wp:term":[{"taxonomy":"category","embeddable":true,"href":"https:\/\/www.notibras.com\/site\/wp-json\/wp\/v2\/categories?post=43278"},{"taxonomy":"post_tag","embeddable":true,"href":"https:\/\/www.notibras.com\/site\/wp-json\/wp\/v2\/tags?post=43278"}],"curies":[{"name":"wp","href":"https:\/\/api.w.org\/{rel}","templated":true}]}}