{"id":43309,"date":"2015-04-09T12:22:28","date_gmt":"2015-04-09T15:22:28","guid":{"rendered":"http:\/\/www.notibras.com\/site\/?p=43309"},"modified":"2015-04-09T16:03:22","modified_gmt":"2015-04-09T19:03:22","slug":"ratos-os-roedores-tambem-vao-a-cpi-do-petrolao-na-fala-de-vaccari","status":"publish","type":"post","link":"https:\/\/www.notibras.com\/site\/ratos-os-roedores-tambem-vao-a-cpi-do-petrolao-na-fala-de-vaccari\/","title":{"rendered":"Ratos (os roedores) tamb\u00e9m v\u00e3o \u00e0 CPI na fala de Vaccari"},"content":{"rendered":"<p>Um homem foi detido pela Pol\u00edcia Legislativa da C\u00e2mara dos Deputados depois de soltar pelo menos quatro ratos no plen\u00e1rio da CPI da Petrobras, na manh\u00e3 desta quinta-feira. O epis\u00f3dio tumultuou a sess\u00e3o antes da oitiva do tesoureiro do partido, Jo\u00e3o Vaccari Neto.<\/p>\n<blockquote>\n<p class=\"text\">Os ratos foram soltos logo ap\u00f3s a entrada de Vaccari \u00e0 sala, que chegou acompanhado por deputados do PT. Um policial legislativo deixou a sala com dois ratos na m\u00e3o e foi at\u00e9 a sa\u00edda do anexo dois. &#8220;O que eu fa\u00e7o com eles&#8221;, questionava a jornalistas que tentavam fotografar os roedores.<\/p>\n<\/blockquote>\n<p class=\"text\">&#8220;Queria registrar minha insatisfa\u00e7\u00e3o com uma a\u00e7\u00e3o encomendada. O circo armado mostra o n\u00edvel que n\u00f3s estamos&#8221;, disse o relator da CPI, Luiz S\u00e9rgio (PT-RJ).<\/p>\n","protected":false},"excerpt":{"rendered":"<p>Um homem foi detido pela Pol\u00edcia Legislativa da C\u00e2mara dos Deputados depois de soltar pelo menos quatro ratos no plen\u00e1rio da CPI da Petrobras, na manh\u00e3 desta quinta-feira. O epis\u00f3dio tumultuou a sess\u00e3o antes da oitiva do tesoureiro do partido, Jo\u00e3o Vaccari Neto. Os ratos foram soltos logo ap\u00f3s a entrada de Vaccari \u00e0 sala, [&hellip;]<\/p>\n","protected":false},"author":2,"featured_media":43311,"comment_status":"open","ping_status":"closed","sticky":false,"template":"","format":"standard","meta":{"_acf_changed":false,"footnotes":""},"categories":[16],"tags":[],"class_list":["post-43309","post","type-post","status-publish","format-standard","has-post-thumbnail","hentry","category-brasil"],"acf":[],"_links":{"self":[{"href":"https:\/\/www.notibras.com\/site\/wp-json\/wp\/v2\/posts\/43309","targetHints":{"allow":["GET"]}}],"collection":[{"href":"https:\/\/www.notibras.com\/site\/wp-json\/wp\/v2\/posts"}],"about":[{"href":"https:\/\/www.notibras.com\/site\/wp-json\/wp\/v2\/types\/post"}],"author":[{"embeddable":true,"href":"https:\/\/www.notibras.com\/site\/wp-json\/wp\/v2\/users\/2"}],"replies":[{"embeddable":true,"href":"https:\/\/www.notibras.com\/site\/wp-json\/wp\/v2\/comments?post=43309"}],"version-history":[{"count":0,"href":"https:\/\/www.notibras.com\/site\/wp-json\/wp\/v2\/posts\/43309\/revisions"}],"wp:featuredmedia":[{"embeddable":true,"href":"https:\/\/www.notibras.com\/site\/wp-json\/wp\/v2\/media\/43311"}],"wp:attachment":[{"href":"https:\/\/www.notibras.com\/site\/wp-json\/wp\/v2\/media?parent=43309"}],"wp:term":[{"taxonomy":"category","embeddable":true,"href":"https:\/\/www.notibras.com\/site\/wp-json\/wp\/v2\/categories?post=43309"},{"taxonomy":"post_tag","embeddable":true,"href":"https:\/\/www.notibras.com\/site\/wp-json\/wp\/v2\/tags?post=43309"}],"curies":[{"name":"wp","href":"https:\/\/api.w.org\/{rel}","templated":true}]}}