{"id":43325,"date":"2015-04-09T13:09:25","date_gmt":"2015-04-09T16:09:25","guid":{"rendered":"http:\/\/www.notibras.com\/site\/?p=43325"},"modified":"2015-04-10T01:17:46","modified_gmt":"2015-04-10T04:17:46","slug":"foradilma-ganha-corpo-e-vemprarua-tem-apoio-de-artistas","status":"publish","type":"post","link":"https:\/\/www.notibras.com\/site\/foradilma-ganha-corpo-e-vemprarua-tem-apoio-de-artistas\/","title":{"rendered":"#ForaDilma ganha corpo e #Vemprarua tem apoio de artistas de olho no dia 12"},"content":{"rendered":"<p>Assim como aconteceu nos protestos do dia 15 de mar\u00e7o, as novas manifesta\u00e7\u00f5es contra o governo da presidente Dilma Rousseff (PT), marcadas para o pr\u00f3ximo domingo em diversas cidades do Pa\u00eds, t\u00eam ganhado o apoio de famosos nas redes sociais.<\/p>\n<p>A p\u00e1gina no Facebook do movimento Vem Pra Rua, um dos principais mobilizadores dos atos, j\u00e1 compartilhou v\u00eddeos gravados pelos cantores Roger Moreira, da banda Ultraje a Rigor, e Beto Barbosa, do humorista e ex-Casseta e Planeta Marcelo Madureira e do fundador e coordenador do AfroReggae Jos\u00e9 Junior.<\/p>\n<blockquote><p>O Vem Pra Rua anunciou recentemente sua ades\u00e3o ao lema \u201cFora, Dilma\u201d \u2013 entre os maiores movimentos ele era o \u00fanico que rejeitava a defesa do impeachment. De acordo com o porta-voz Rogerio Chequer, o grupo entende que existe base legal para pedir o afastamento da presidente.<\/p><\/blockquote>\n<p><iframe loading=\"lazy\" src=\"http:\/\/p1.trrsf.com.br\/playerttv\/ganesha-backend\/iframe.html?country=br&amp;contentid=7809774\" width=\"660\" height=\"373\" frameborder=\"0\"><\/iframe>Al\u00e9m do Vem Pra Rua, as manifesta\u00e7\u00f5es s\u00e3o organizadas principalmente pelo Movimento Brasil Livre (MBL) e Revoltados Online. Em S\u00e3o Paulo, onde o protesto tende a\u00a0ser maior que o que ser\u00e1 realizados em outras cidades, a Pol\u00edcia Militar espera um ato \u201cordeiro e pac\u00edfico\u201d, com um p\u00fablico pr\u00f3ximo a 1 milh\u00e3o de pessoas. O\u00a0n\u00famero \u00e9 o mesmo calculado no dia 15 de mar\u00e7o pela corpora\u00e7\u00e3o, mas o instituto Datafolha contou 210 mil manifestantes na ocasi\u00e3o.<\/p>\n","protected":false},"excerpt":{"rendered":"<p>Assim como aconteceu nos protestos do dia 15 de mar\u00e7o, as novas manifesta\u00e7\u00f5es contra o governo da presidente Dilma Rousseff (PT), marcadas para o pr\u00f3ximo domingo em diversas cidades do Pa\u00eds, t\u00eam ganhado o apoio de famosos nas redes sociais. A p\u00e1gina no Facebook do movimento Vem Pra Rua, um dos principais mobilizadores dos atos, [&hellip;]<\/p>\n","protected":false},"author":2,"featured_media":43326,"comment_status":"open","ping_status":"closed","sticky":false,"template":"","format":"standard","meta":{"_acf_changed":false,"footnotes":""},"categories":[16],"tags":[],"class_list":["post-43325","post","type-post","status-publish","format-standard","has-post-thumbnail","hentry","category-brasil"],"acf":[],"_links":{"self":[{"href":"https:\/\/www.notibras.com\/site\/wp-json\/wp\/v2\/posts\/43325","targetHints":{"allow":["GET"]}}],"collection":[{"href":"https:\/\/www.notibras.com\/site\/wp-json\/wp\/v2\/posts"}],"about":[{"href":"https:\/\/www.notibras.com\/site\/wp-json\/wp\/v2\/types\/post"}],"author":[{"embeddable":true,"href":"https:\/\/www.notibras.com\/site\/wp-json\/wp\/v2\/users\/2"}],"replies":[{"embeddable":true,"href":"https:\/\/www.notibras.com\/site\/wp-json\/wp\/v2\/comments?post=43325"}],"version-history":[{"count":0,"href":"https:\/\/www.notibras.com\/site\/wp-json\/wp\/v2\/posts\/43325\/revisions"}],"wp:featuredmedia":[{"embeddable":true,"href":"https:\/\/www.notibras.com\/site\/wp-json\/wp\/v2\/media\/43326"}],"wp:attachment":[{"href":"https:\/\/www.notibras.com\/site\/wp-json\/wp\/v2\/media?parent=43325"}],"wp:term":[{"taxonomy":"category","embeddable":true,"href":"https:\/\/www.notibras.com\/site\/wp-json\/wp\/v2\/categories?post=43325"},{"taxonomy":"post_tag","embeddable":true,"href":"https:\/\/www.notibras.com\/site\/wp-json\/wp\/v2\/tags?post=43325"}],"curies":[{"name":"wp","href":"https:\/\/api.w.org\/{rel}","templated":true}]}}