{"id":43338,"date":"2015-04-09T15:48:50","date_gmt":"2015-04-09T18:48:50","guid":{"rendered":"http:\/\/www.notibras.com\/site\/?p=43338"},"modified":"2015-04-10T02:56:58","modified_gmt":"2015-04-10T05:56:58","slug":"cartao-de-credito-sufoca-consumidor-com-taxa-de-juros-de-290-ao-ano","status":"publish","type":"post","link":"https:\/\/www.notibras.com\/site\/cartao-de-credito-sufoca-consumidor-com-taxa-de-juros-de-290-ao-ano\/","title":{"rendered":"Cart\u00e3o sufoca consumidor com taxa de 290% ao ano"},"content":{"rendered":"<p>A taxa m\u00e9dia dos juros do cart\u00e3o de cr\u00e9dito atingiu 290,43% ao ano, segundo pesquisa divulgada hoje (9) pela Associa\u00e7\u00e3o Nacional dos Executivos de Finan\u00e7as, Administra\u00e7\u00e3o e Contabilidade (Anefac).<\/p>\n<p>O percentual reflete o aumento das taxas, que, em fevereiro, eram 11,67% ao m\u00eas e subiram para 12,02% em mar\u00e7o. Em fevereiro, a taxa m\u00e9dia do cart\u00e3o de cr\u00e9dito era 276,04% ao ano.<\/p>\n<p>Os juros do cart\u00e3o de cr\u00e9dito acompanharam as outras cinco modalidades pesquisadas pela associa\u00e7\u00e3o. Elas tamb\u00e9m tiveram aumento de fevereiro para mar\u00e7o.<\/p>\n<p>A taxa m\u00e9dia para pessoa f\u00edsica subiu 0,11 ponto percentual, alcan\u00e7ando 6,6% ao m\u00eas (115,32% ao ano). Para pessoa jur\u00eddica, a taxa m\u00e9dia subiu 0,16 ponto percentual, chegando a 3,73% ao m\u00eas em mar\u00e7o (55,19% ao ano).<\/p>\n<blockquote><p>A Anefac atribui a alta dos juros ao cen\u00e1rio econ\u00f4mico adverso desde 2014, que aumenta a proje\u00e7\u00e3o de inadimpl\u00eancia a partir do crescimento da infla\u00e7\u00e3o e desemprego.<\/p><\/blockquote>\n<p>\u201cAs expectativas para 2015 s\u00e3o igualmente negativas, o que leva as institui\u00e7\u00f5es financeiras a aumentarem suas taxas de juros para compensar prov\u00e1veis perdas com a eleva\u00e7\u00e3o da inadimpl\u00eancia&#8221;, ressaltou o diretor executivo de Estudos e Pesquisas Econ\u00f4micas da Anefac, Miguel Jos\u00e9 Ribeiro de Oliveira.<\/p>\n<p><strong>Daniel Melo, ABr<\/strong><\/p>\n","protected":false},"excerpt":{"rendered":"<p>A taxa m\u00e9dia dos juros do cart\u00e3o de cr\u00e9dito atingiu 290,43% ao ano, segundo pesquisa divulgada hoje (9) pela Associa\u00e7\u00e3o Nacional dos Executivos de Finan\u00e7as, Administra\u00e7\u00e3o e Contabilidade (Anefac). O percentual reflete o aumento das taxas, que, em fevereiro, eram 11,67% ao m\u00eas e subiram para 12,02% em mar\u00e7o. Em fevereiro, a taxa m\u00e9dia do [&hellip;]<\/p>\n","protected":false},"author":2,"featured_media":43339,"comment_status":"open","ping_status":"closed","sticky":false,"template":"","format":"standard","meta":{"_acf_changed":false,"footnotes":""},"categories":[16],"tags":[],"class_list":["post-43338","post","type-post","status-publish","format-standard","has-post-thumbnail","hentry","category-brasil"],"acf":[],"_links":{"self":[{"href":"https:\/\/www.notibras.com\/site\/wp-json\/wp\/v2\/posts\/43338","targetHints":{"allow":["GET"]}}],"collection":[{"href":"https:\/\/www.notibras.com\/site\/wp-json\/wp\/v2\/posts"}],"about":[{"href":"https:\/\/www.notibras.com\/site\/wp-json\/wp\/v2\/types\/post"}],"author":[{"embeddable":true,"href":"https:\/\/www.notibras.com\/site\/wp-json\/wp\/v2\/users\/2"}],"replies":[{"embeddable":true,"href":"https:\/\/www.notibras.com\/site\/wp-json\/wp\/v2\/comments?post=43338"}],"version-history":[{"count":0,"href":"https:\/\/www.notibras.com\/site\/wp-json\/wp\/v2\/posts\/43338\/revisions"}],"wp:featuredmedia":[{"embeddable":true,"href":"https:\/\/www.notibras.com\/site\/wp-json\/wp\/v2\/media\/43339"}],"wp:attachment":[{"href":"https:\/\/www.notibras.com\/site\/wp-json\/wp\/v2\/media?parent=43338"}],"wp:term":[{"taxonomy":"category","embeddable":true,"href":"https:\/\/www.notibras.com\/site\/wp-json\/wp\/v2\/categories?post=43338"},{"taxonomy":"post_tag","embeddable":true,"href":"https:\/\/www.notibras.com\/site\/wp-json\/wp\/v2\/tags?post=43338"}],"curies":[{"name":"wp","href":"https:\/\/api.w.org\/{rel}","templated":true}]}}