{"id":43342,"date":"2015-04-09T23:01:21","date_gmt":"2015-04-10T02:01:21","guid":{"rendered":"http:\/\/www.notibras.com\/site\/?p=43342"},"modified":"2015-04-10T12:33:17","modified_gmt":"2015-04-10T15:33:17","slug":"pmdb-assume-comando-politico-e-dilma-vira-rainha-da-inglaterra","status":"publish","type":"post","link":"https:\/\/www.notibras.com\/site\/pmdb-assume-comando-politico-e-dilma-vira-rainha-da-inglaterra\/","title":{"rendered":"PMDB assume tudo e Dilma vira uma nova &#8216;rainha&#8217; da Inglaterra"},"content":{"rendered":"<p>O PMDB\u00a0 comanda politicamente o Brasil. A presidente Dilma Rouseff entregou os dedos e os an\u00e9is ao maior partido do pa\u00eds. Ela demitiu o ministro petista Pepe Vargas, extinguiu a Secretaria de Rela\u00e7\u00f5es Institucionais que ele ocupava, e entregou ao vice-presidente da Republica, Michel Temer, o comando das articula\u00e7\u00f5es pol\u00edticas do Pal\u00e1cio do Planalto.<\/p>\n<p>Antes de Temer, a presidente tentou emplacar nesta miss\u00e3o o peemedebista ga\u00facho Eliseu Padilha, que ocupa a Secretaria da Avia\u00e7\u00e3o Civil. Ele recusou o convite, provocando um grande desgaste pol\u00edtico para a presidente Dilma.<\/p>\n<p>Agora, o PMDB tem hegemonia total na pol\u00edtica nacional. Com Temer, ter\u00e1 o controle das articula\u00e7\u00f5es do Pal\u00e1cio do Planalto, e manda tamb\u00e9m no Congresso Nacional, j\u00e1 que est\u00e3o nas m\u00e3os de peemedebistas as presid\u00eancias da C\u00e2mara (Eduardo Cunha) e Senado ( Renan Calheiros).<\/p>\n<blockquote><p>Ao PT, mergulhado at\u00e9 o pesco\u00e7o nas maracutaias ocorridas na Petrobras, caber\u00e1 torcer para que Michel Temer tenha \u00eaxito na sua miss\u00e3o de tirar a presidente Dilma dos enrroscos em que se meteu, e, tamb\u00e9m, crie para ela condi\u00e7\u00f5es de governabilidade do pa\u00eds.<\/p><\/blockquote>\n<p>Antes, o PT havia sido afastado das articula\u00e7\u00f5es na \u00e1rea econ\u00f4mica, que passaram a ser efetuadas pelo ministro da Fazenda, Joaquim Levy.<\/p>\n<p>Ambos &#8211; Temer e Levy &#8211; ter\u00e3o a tarefa de convencer o Congresso Nacional aprovar as medidas do ajuste fiscal, indispens\u00e1veis para tirar o governo do buraco em que se encontra.<\/p>\n<p>J\u00e1 come\u00e7a ganhar for\u00e7a dentro do PT a ideia de que o partido est\u00e1 perdendo sua influ\u00eancia no governo Dilma. E que os petistas procurem blindar o ex-presidente Lula do mar de lama em que o PT chafurdou, para que ele tenha condi\u00e7\u00f5es de tentar sua volta ao Pal\u00e1cio do Planalto em 2018.<\/p>\n<p>Nos meios pol\u00edticos em Bras\u00edlia, a presidente Dilma est\u00e1 sendo acusada de terceirizar a\u00a0 economia para o ministro Joaquim Levy e a pol\u00edtica para o vice-presidente Michel Temer.<\/p>\n<blockquote><p>O presidente nacional do PSDB, senador A\u00e9cio Neves, derrotado por Dilma nas \u00faltimas elei\u00e7\u00f5es presidenciais, afirmou que a presidente inaugurou a \u201cren\u00fancia branca\u201d e \u201cj\u00e1 n\u00e3o governa o Brasil\u201d. Afirmou o tucano que a presidente se rendeu a um interventor na economia (ministro Joaquim Levy), entregou articula\u00e7\u00e3o pol\u00edtica a Temer, \u00e9 ref\u00e9m do Eduardo Cunha e do senador Renan Calheiros, e considera o PT como um \u201cengodo eleitoral\u201d.<\/p><\/blockquote>\n<p>O ex-governador petista ga\u00facho Tarso Genro tamb\u00e9m foi \u00e1cido: \u201cO PT est\u00e1 \u00e0 margem das decis\u00f5es do Pal\u00e1cio do Planalto e tornou-se mero acess\u00f3rio. O PT hoje nem sequer \u00e9 consultado. Est\u00e1 marginalizado.\u201d<br \/>\nNos corredores do Congresso Nacional comenta-se que com terceiriza\u00e7\u00e3o da pol\u00edtica e da economia, a presidente Dilma se transforma uma esp\u00e9cie de rainha da Inglaterra.<\/p>\n<p><strong>Cl\u00e1udio Coletti<\/strong><\/p>\n","protected":false},"excerpt":{"rendered":"<p>O PMDB\u00a0 comanda politicamente o Brasil. A presidente Dilma Rouseff entregou os dedos e os an\u00e9is ao maior partido do pa\u00eds. Ela demitiu o ministro petista Pepe Vargas, extinguiu a Secretaria de Rela\u00e7\u00f5es Institucionais que ele ocupava, e entregou ao vice-presidente da Republica, Michel Temer, o comando das articula\u00e7\u00f5es pol\u00edticas do Pal\u00e1cio do Planalto. Antes [&hellip;]<\/p>\n","protected":false},"author":2,"featured_media":43343,"comment_status":"open","ping_status":"closed","sticky":false,"template":"","format":"standard","meta":{"_acf_changed":false,"footnotes":""},"categories":[25],"tags":[],"class_list":["post-43342","post","type-post","status-publish","format-standard","has-post-thumbnail","hentry","category-opina-ai"],"acf":[],"yoast_head":"<!-- This site is optimized with the Yoast SEO plugin v27.5 - https:\/\/yoast.com\/product\/yoast-seo-wordpress\/ -->\n<title>PMDB assume tudo e Dilma vira uma nova &#039;rainha&#039; da Inglaterra - Notibras<\/title>\n<meta name=\"robots\" content=\"index, follow, max-snippet:-1, max-image-preview:large, max-video-preview:-1\" \/>\n<link rel=\"canonical\" href=\"https:\/\/www.notibras.com\/site\/pmdb-assume-comando-politico-e-dilma-vira-rainha-da-inglaterra\/\" \/>\n<meta property=\"og:locale\" content=\"pt_BR\" \/>\n<meta property=\"og:type\" content=\"article\" \/>\n<meta property=\"og:title\" content=\"PMDB assume tudo e Dilma vira uma nova &#039;rainha&#039; da Inglaterra - Notibras\" \/>\n<meta property=\"og:description\" content=\"O PMDB\u00a0 comanda politicamente o Brasil. A presidente Dilma Rouseff entregou os dedos e os an\u00e9is ao maior partido do pa\u00eds. Ela demitiu o ministro petista Pepe Vargas, extinguiu a Secretaria de Rela\u00e7\u00f5es Institucionais que ele ocupava, e entregou ao vice-presidente da Republica, Michel Temer, o comando das articula\u00e7\u00f5es pol\u00edticas do Pal\u00e1cio do Planalto. Antes [&hellip;]\" \/>\n<meta property=\"og:url\" content=\"https:\/\/www.notibras.com\/site\/pmdb-assume-comando-politico-e-dilma-vira-rainha-da-inglaterra\/\" \/>\n<meta property=\"og:site_name\" content=\"Notibras\" \/>\n<meta property=\"article:publisher\" content=\"https:\/\/www.facebook.com\/notibras\/\" \/>\n<meta property=\"article:published_time\" content=\"2015-04-10T02:01:21+00:00\" \/>\n<meta property=\"article:modified_time\" content=\"2015-04-10T15:33:17+00:00\" \/>\n<meta property=\"og:image\" content=\"https:\/\/www.notibras.com\/site\/wp-content\/uploads\/2015\/04\/renan-dilma-temer.jpg\" \/>\n\t<meta property=\"og:image:width\" content=\"800\" \/>\n\t<meta property=\"og:image:height\" content=\"521\" \/>\n\t<meta property=\"og:image:type\" content=\"image\/jpeg\" \/>\n<meta name=\"author\" content=\"Reda\u00e7\u00e3o\" \/>\n<meta name=\"twitter:card\" content=\"summary_large_image\" \/>\n<meta name=\"twitter:creator\" content=\"@Notibras\" \/>\n<meta name=\"twitter:site\" content=\"@Notibras\" \/>\n<meta name=\"twitter:label1\" content=\"Escrito por\" \/>\n\t<meta name=\"twitter:data1\" content=\"Reda\u00e7\u00e3o\" \/>\n\t<meta name=\"twitter:label2\" content=\"Est. tempo de leitura\" \/>\n\t<meta name=\"twitter:data2\" content=\"2 minutos\" \/>\n<script type=\"application\/ld+json\" class=\"yoast-schema-graph\">{\"@context\":\"https:\\\/\\\/schema.org\",\"@graph\":[{\"@type\":\"Article\",\"@id\":\"https:\\\/\\\/www.notibras.com\\\/site\\\/pmdb-assume-comando-politico-e-dilma-vira-rainha-da-inglaterra\\\/#article\",\"isPartOf\":{\"@id\":\"https:\\\/\\\/www.notibras.com\\\/site\\\/pmdb-assume-comando-politico-e-dilma-vira-rainha-da-inglaterra\\\/\"},\"author\":{\"name\":\"Reda\u00e7\u00e3o\",\"@id\":\"https:\\\/\\\/www.notibras.com\\\/site\\\/#\\\/schema\\\/person\\\/36ab0979449956132d3e5b517ea76ac8\"},\"headline\":\"PMDB assume tudo e Dilma vira uma nova &#8216;rainha&#8217; da Inglaterra\",\"datePublished\":\"2015-04-10T02:01:21+00:00\",\"dateModified\":\"2015-04-10T15:33:17+00:00\",\"mainEntityOfPage\":{\"@id\":\"https:\\\/\\\/www.notibras.com\\\/site\\\/pmdb-assume-comando-politico-e-dilma-vira-rainha-da-inglaterra\\\/\"},\"wordCount\":494,\"commentCount\":0,\"publisher\":{\"@id\":\"https:\\\/\\\/www.notibras.com\\\/site\\\/#organization\"},\"image\":{\"@id\":\"https:\\\/\\\/www.notibras.com\\\/site\\\/pmdb-assume-comando-politico-e-dilma-vira-rainha-da-inglaterra\\\/#primaryimage\"},\"thumbnailUrl\":\"https:\\\/\\\/www.notibras.com\\\/site\\\/wp-content\\\/uploads\\\/2015\\\/04\\\/renan-dilma-temer.jpg\",\"articleSection\":[\"Opina a\u00ed\"],\"inLanguage\":\"pt-BR\",\"potentialAction\":[{\"@type\":\"CommentAction\",\"name\":\"Comment\",\"target\":[\"https:\\\/\\\/www.notibras.com\\\/site\\\/pmdb-assume-comando-politico-e-dilma-vira-rainha-da-inglaterra\\\/#respond\"]}]},{\"@type\":\"WebPage\",\"@id\":\"https:\\\/\\\/www.notibras.com\\\/site\\\/pmdb-assume-comando-politico-e-dilma-vira-rainha-da-inglaterra\\\/\",\"url\":\"https:\\\/\\\/www.notibras.com\\\/site\\\/pmdb-assume-comando-politico-e-dilma-vira-rainha-da-inglaterra\\\/\",\"name\":\"PMDB assume tudo e Dilma vira uma nova 'rainha' da Inglaterra - Notibras\",\"isPartOf\":{\"@id\":\"https:\\\/\\\/www.notibras.com\\\/site\\\/#website\"},\"primaryImageOfPage\":{\"@id\":\"https:\\\/\\\/www.notibras.com\\\/site\\\/pmdb-assume-comando-politico-e-dilma-vira-rainha-da-inglaterra\\\/#primaryimage\"},\"image\":{\"@id\":\"https:\\\/\\\/www.notibras.com\\\/site\\\/pmdb-assume-comando-politico-e-dilma-vira-rainha-da-inglaterra\\\/#primaryimage\"},\"thumbnailUrl\":\"https:\\\/\\\/www.notibras.com\\\/site\\\/wp-content\\\/uploads\\\/2015\\\/04\\\/renan-dilma-temer.jpg\",\"datePublished\":\"2015-04-10T02:01:21+00:00\",\"dateModified\":\"2015-04-10T15:33:17+00:00\",\"breadcrumb\":{\"@id\":\"https:\\\/\\\/www.notibras.com\\\/site\\\/pmdb-assume-comando-politico-e-dilma-vira-rainha-da-inglaterra\\\/#breadcrumb\"},\"inLanguage\":\"pt-BR\",\"potentialAction\":[{\"@type\":\"ReadAction\",\"target\":[\"https:\\\/\\\/www.notibras.com\\\/site\\\/pmdb-assume-comando-politico-e-dilma-vira-rainha-da-inglaterra\\\/\"]}]},{\"@type\":\"ImageObject\",\"inLanguage\":\"pt-BR\",\"@id\":\"https:\\\/\\\/www.notibras.com\\\/site\\\/pmdb-assume-comando-politico-e-dilma-vira-rainha-da-inglaterra\\\/#primaryimage\",\"url\":\"https:\\\/\\\/www.notibras.com\\\/site\\\/wp-content\\\/uploads\\\/2015\\\/04\\\/renan-dilma-temer.jpg\",\"contentUrl\":\"https:\\\/\\\/www.notibras.com\\\/site\\\/wp-content\\\/uploads\\\/2015\\\/04\\\/renan-dilma-temer.jpg\",\"width\":800,\"height\":521},{\"@type\":\"BreadcrumbList\",\"@id\":\"https:\\\/\\\/www.notibras.com\\\/site\\\/pmdb-assume-comando-politico-e-dilma-vira-rainha-da-inglaterra\\\/#breadcrumb\",\"itemListElement\":[{\"@type\":\"ListItem\",\"position\":1,\"name\":\"In\u00edcio\",\"item\":\"https:\\\/\\\/www.notibras.com\\\/site\\\/\"},{\"@type\":\"ListItem\",\"position\":2,\"name\":\"PMDB assume tudo e Dilma vira uma nova &#8216;rainha&#8217; da Inglaterra\"}]},{\"@type\":\"WebSite\",\"@id\":\"https:\\\/\\\/www.notibras.com\\\/site\\\/#website\",\"url\":\"https:\\\/\\\/www.notibras.com\\\/site\\\/\",\"name\":\"Notibras\",\"description\":\"Not\u00edcias de Bras\u00edlia, do Brasil e do Mundo\",\"publisher\":{\"@id\":\"https:\\\/\\\/www.notibras.com\\\/site\\\/#organization\"},\"potentialAction\":[{\"@type\":\"SearchAction\",\"target\":{\"@type\":\"EntryPoint\",\"urlTemplate\":\"https:\\\/\\\/www.notibras.com\\\/site\\\/?s={search_term_string}\"},\"query-input\":{\"@type\":\"PropertyValueSpecification\",\"valueRequired\":true,\"valueName\":\"search_term_string\"}}],\"inLanguage\":\"pt-BR\"},{\"@type\":\"Organization\",\"@id\":\"https:\\\/\\\/www.notibras.com\\\/site\\\/#organization\",\"name\":\"Grupo Notibras de Comunica\u00e7\u00e3o\",\"url\":\"https:\\\/\\\/www.notibras.com\\\/site\\\/\",\"logo\":{\"@type\":\"ImageObject\",\"inLanguage\":\"pt-BR\",\"@id\":\"https:\\\/\\\/www.notibras.com\\\/site\\\/#\\\/schema\\\/logo\\\/image\\\/\",\"url\":\"https:\\\/\\\/www.notibras.com\\\/site\\\/wp-content\\\/uploads\\\/2023\\\/01\\\/notibras23.png\",\"contentUrl\":\"https:\\\/\\\/www.notibras.com\\\/site\\\/wp-content\\\/uploads\\\/2023\\\/01\\\/notibras23.png\",\"width\":350,\"height\":87,\"caption\":\"Grupo Notibras de Comunica\u00e7\u00e3o\"},\"image\":{\"@id\":\"https:\\\/\\\/www.notibras.com\\\/site\\\/#\\\/schema\\\/logo\\\/image\\\/\"},\"sameAs\":[\"https:\\\/\\\/www.facebook.com\\\/notibras\\\/\",\"https:\\\/\\\/x.com\\\/Notibras\",\"https:\\\/\\\/www.instagram.com\\\/notibras\\\/\"]},{\"@type\":\"Person\",\"@id\":\"https:\\\/\\\/www.notibras.com\\\/site\\\/#\\\/schema\\\/person\\\/36ab0979449956132d3e5b517ea76ac8\",\"name\":\"Reda\u00e7\u00e3o\",\"image\":{\"@type\":\"ImageObject\",\"inLanguage\":\"pt-BR\",\"@id\":\"https:\\\/\\\/secure.gravatar.com\\\/avatar\\\/e0a867bdedb85fd243eadf09663511f96fc81e0720a4a42581f334ad4303aa6b?s=96&d=mm&r=g\",\"url\":\"https:\\\/\\\/secure.gravatar.com\\\/avatar\\\/e0a867bdedb85fd243eadf09663511f96fc81e0720a4a42581f334ad4303aa6b?s=96&d=mm&r=g\",\"contentUrl\":\"https:\\\/\\\/secure.gravatar.com\\\/avatar\\\/e0a867bdedb85fd243eadf09663511f96fc81e0720a4a42581f334ad4303aa6b?s=96&d=mm&r=g\",\"caption\":\"Reda\u00e7\u00e3o\"}}]}<\/script>\n<!-- \/ Yoast SEO plugin. -->","yoast_head_json":{"title":"PMDB assume tudo e Dilma vira uma nova 'rainha' da Inglaterra - Notibras","robots":{"index":"index","follow":"follow","max-snippet":"max-snippet:-1","max-image-preview":"max-image-preview:large","max-video-preview":"max-video-preview:-1"},"canonical":"https:\/\/www.notibras.com\/site\/pmdb-assume-comando-politico-e-dilma-vira-rainha-da-inglaterra\/","og_locale":"pt_BR","og_type":"article","og_title":"PMDB assume tudo e Dilma vira uma nova 'rainha' da Inglaterra - Notibras","og_description":"O PMDB\u00a0 comanda politicamente o Brasil. A presidente Dilma Rouseff entregou os dedos e os an\u00e9is ao maior partido do pa\u00eds. Ela demitiu o ministro petista Pepe Vargas, extinguiu a Secretaria de Rela\u00e7\u00f5es Institucionais que ele ocupava, e entregou ao vice-presidente da Republica, Michel Temer, o comando das articula\u00e7\u00f5es pol\u00edticas do Pal\u00e1cio do Planalto. Antes [&hellip;]","og_url":"https:\/\/www.notibras.com\/site\/pmdb-assume-comando-politico-e-dilma-vira-rainha-da-inglaterra\/","og_site_name":"Notibras","article_publisher":"https:\/\/www.facebook.com\/notibras\/","article_published_time":"2015-04-10T02:01:21+00:00","article_modified_time":"2015-04-10T15:33:17+00:00","og_image":[{"width":800,"height":521,"url":"https:\/\/www.notibras.com\/site\/wp-content\/uploads\/2015\/04\/renan-dilma-temer.jpg","type":"image\/jpeg"}],"author":"Reda\u00e7\u00e3o","twitter_card":"summary_large_image","twitter_creator":"@Notibras","twitter_site":"@Notibras","twitter_misc":{"Escrito por":"Reda\u00e7\u00e3o","Est. tempo de leitura":"2 minutos"},"schema":{"@context":"https:\/\/schema.org","@graph":[{"@type":"Article","@id":"https:\/\/www.notibras.com\/site\/pmdb-assume-comando-politico-e-dilma-vira-rainha-da-inglaterra\/#article","isPartOf":{"@id":"https:\/\/www.notibras.com\/site\/pmdb-assume-comando-politico-e-dilma-vira-rainha-da-inglaterra\/"},"author":{"name":"Reda\u00e7\u00e3o","@id":"https:\/\/www.notibras.com\/site\/#\/schema\/person\/36ab0979449956132d3e5b517ea76ac8"},"headline":"PMDB assume tudo e Dilma vira uma nova &#8216;rainha&#8217; da Inglaterra","datePublished":"2015-04-10T02:01:21+00:00","dateModified":"2015-04-10T15:33:17+00:00","mainEntityOfPage":{"@id":"https:\/\/www.notibras.com\/site\/pmdb-assume-comando-politico-e-dilma-vira-rainha-da-inglaterra\/"},"wordCount":494,"commentCount":0,"publisher":{"@id":"https:\/\/www.notibras.com\/site\/#organization"},"image":{"@id":"https:\/\/www.notibras.com\/site\/pmdb-assume-comando-politico-e-dilma-vira-rainha-da-inglaterra\/#primaryimage"},"thumbnailUrl":"https:\/\/www.notibras.com\/site\/wp-content\/uploads\/2015\/04\/renan-dilma-temer.jpg","articleSection":["Opina a\u00ed"],"inLanguage":"pt-BR","potentialAction":[{"@type":"CommentAction","name":"Comment","target":["https:\/\/www.notibras.com\/site\/pmdb-assume-comando-politico-e-dilma-vira-rainha-da-inglaterra\/#respond"]}]},{"@type":"WebPage","@id":"https:\/\/www.notibras.com\/site\/pmdb-assume-comando-politico-e-dilma-vira-rainha-da-inglaterra\/","url":"https:\/\/www.notibras.com\/site\/pmdb-assume-comando-politico-e-dilma-vira-rainha-da-inglaterra\/","name":"PMDB assume tudo e Dilma vira uma nova 'rainha' da Inglaterra - Notibras","isPartOf":{"@id":"https:\/\/www.notibras.com\/site\/#website"},"primaryImageOfPage":{"@id":"https:\/\/www.notibras.com\/site\/pmdb-assume-comando-politico-e-dilma-vira-rainha-da-inglaterra\/#primaryimage"},"image":{"@id":"https:\/\/www.notibras.com\/site\/pmdb-assume-comando-politico-e-dilma-vira-rainha-da-inglaterra\/#primaryimage"},"thumbnailUrl":"https:\/\/www.notibras.com\/site\/wp-content\/uploads\/2015\/04\/renan-dilma-temer.jpg","datePublished":"2015-04-10T02:01:21+00:00","dateModified":"2015-04-10T15:33:17+00:00","breadcrumb":{"@id":"https:\/\/www.notibras.com\/site\/pmdb-assume-comando-politico-e-dilma-vira-rainha-da-inglaterra\/#breadcrumb"},"inLanguage":"pt-BR","potentialAction":[{"@type":"ReadAction","target":["https:\/\/www.notibras.com\/site\/pmdb-assume-comando-politico-e-dilma-vira-rainha-da-inglaterra\/"]}]},{"@type":"ImageObject","inLanguage":"pt-BR","@id":"https:\/\/www.notibras.com\/site\/pmdb-assume-comando-politico-e-dilma-vira-rainha-da-inglaterra\/#primaryimage","url":"https:\/\/www.notibras.com\/site\/wp-content\/uploads\/2015\/04\/renan-dilma-temer.jpg","contentUrl":"https:\/\/www.notibras.com\/site\/wp-content\/uploads\/2015\/04\/renan-dilma-temer.jpg","width":800,"height":521},{"@type":"BreadcrumbList","@id":"https:\/\/www.notibras.com\/site\/pmdb-assume-comando-politico-e-dilma-vira-rainha-da-inglaterra\/#breadcrumb","itemListElement":[{"@type":"ListItem","position":1,"name":"In\u00edcio","item":"https:\/\/www.notibras.com\/site\/"},{"@type":"ListItem","position":2,"name":"PMDB assume tudo e Dilma vira uma nova &#8216;rainha&#8217; da Inglaterra"}]},{"@type":"WebSite","@id":"https:\/\/www.notibras.com\/site\/#website","url":"https:\/\/www.notibras.com\/site\/","name":"Notibras","description":"Not\u00edcias de Bras\u00edlia, do Brasil e do Mundo","publisher":{"@id":"https:\/\/www.notibras.com\/site\/#organization"},"potentialAction":[{"@type":"SearchAction","target":{"@type":"EntryPoint","urlTemplate":"https:\/\/www.notibras.com\/site\/?s={search_term_string}"},"query-input":{"@type":"PropertyValueSpecification","valueRequired":true,"valueName":"search_term_string"}}],"inLanguage":"pt-BR"},{"@type":"Organization","@id":"https:\/\/www.notibras.com\/site\/#organization","name":"Grupo Notibras de Comunica\u00e7\u00e3o","url":"https:\/\/www.notibras.com\/site\/","logo":{"@type":"ImageObject","inLanguage":"pt-BR","@id":"https:\/\/www.notibras.com\/site\/#\/schema\/logo\/image\/","url":"https:\/\/www.notibras.com\/site\/wp-content\/uploads\/2023\/01\/notibras23.png","contentUrl":"https:\/\/www.notibras.com\/site\/wp-content\/uploads\/2023\/01\/notibras23.png","width":350,"height":87,"caption":"Grupo Notibras de Comunica\u00e7\u00e3o"},"image":{"@id":"https:\/\/www.notibras.com\/site\/#\/schema\/logo\/image\/"},"sameAs":["https:\/\/www.facebook.com\/notibras\/","https:\/\/x.com\/Notibras","https:\/\/www.instagram.com\/notibras\/"]},{"@type":"Person","@id":"https:\/\/www.notibras.com\/site\/#\/schema\/person\/36ab0979449956132d3e5b517ea76ac8","name":"Reda\u00e7\u00e3o","image":{"@type":"ImageObject","inLanguage":"pt-BR","@id":"https:\/\/secure.gravatar.com\/avatar\/e0a867bdedb85fd243eadf09663511f96fc81e0720a4a42581f334ad4303aa6b?s=96&d=mm&r=g","url":"https:\/\/secure.gravatar.com\/avatar\/e0a867bdedb85fd243eadf09663511f96fc81e0720a4a42581f334ad4303aa6b?s=96&d=mm&r=g","contentUrl":"https:\/\/secure.gravatar.com\/avatar\/e0a867bdedb85fd243eadf09663511f96fc81e0720a4a42581f334ad4303aa6b?s=96&d=mm&r=g","caption":"Reda\u00e7\u00e3o"}}]}},"amp_enabled":true,"_links":{"self":[{"href":"https:\/\/www.notibras.com\/site\/wp-json\/wp\/v2\/posts\/43342","targetHints":{"allow":["GET"]}}],"collection":[{"href":"https:\/\/www.notibras.com\/site\/wp-json\/wp\/v2\/posts"}],"about":[{"href":"https:\/\/www.notibras.com\/site\/wp-json\/wp\/v2\/types\/post"}],"author":[{"embeddable":true,"href":"https:\/\/www.notibras.com\/site\/wp-json\/wp\/v2\/users\/2"}],"replies":[{"embeddable":true,"href":"https:\/\/www.notibras.com\/site\/wp-json\/wp\/v2\/comments?post=43342"}],"version-history":[{"count":0,"href":"https:\/\/www.notibras.com\/site\/wp-json\/wp\/v2\/posts\/43342\/revisions"}],"wp:featuredmedia":[{"embeddable":true,"href":"https:\/\/www.notibras.com\/site\/wp-json\/wp\/v2\/media\/43343"}],"wp:attachment":[{"href":"https:\/\/www.notibras.com\/site\/wp-json\/wp\/v2\/media?parent=43342"}],"wp:term":[{"taxonomy":"category","embeddable":true,"href":"https:\/\/www.notibras.com\/site\/wp-json\/wp\/v2\/categories?post=43342"},{"taxonomy":"post_tag","embeddable":true,"href":"https:\/\/www.notibras.com\/site\/wp-json\/wp\/v2\/tags?post=43342"}],"curies":[{"name":"wp","href":"https:\/\/api.w.org\/{rel}","templated":true}]}}