{"id":43347,"date":"2015-04-09T16:09:51","date_gmt":"2015-04-09T19:09:51","guid":{"rendered":"http:\/\/www.notibras.com\/site\/?p=43347"},"modified":"2015-04-09T16:09:51","modified_gmt":"2015-04-09T19:09:51","slug":"intelectuais-nas-ruas-em-defesa-de-uma-politica-externa-soberana","status":"publish","type":"post","link":"https:\/\/www.notibras.com\/site\/intelectuais-nas-ruas-em-defesa-de-uma-politica-externa-soberana\/","title":{"rendered":"Intelectuais nas ruas em defesa de uma pol\u00edtica externa soberana"},"content":{"rendered":"<p>Aproveitando o momento de vulnerabilidade pol\u00edtica e econ\u00f4mica do nosso pa\u00eds, os defensores de uma integra\u00e7\u00e3o dependente do Brasil na economia internacional est\u00e3o lan\u00e7ando uma nova ofensiva, facilitada pelas agruras do ajuste fiscal, com queda nos investimentos governamentais e o descr\u00e9dito \u2013 convenientemente estimulado \u2013 das empresas estatais, na esteira do esc\u00e2ndalo da Petrobr\u00e1s.<\/p>\n<p>Em vez de atacar a raiz desses il\u00edcitos, que \u00e9 o financiamento empresarial das campanhas eleitorais (o que n\u00e3o diminui a responsabilidade dos transgressores da lei), os p\u00f3s-neoliberais preferem investir contra os poucos instrumentos de pol\u00edtica industrial que o Estado brasileiro ainda det\u00e9m. A estrat\u00e9gia \u00e9 ampla e n\u00e3o se limita a aspectos internos da economia. Incide diretamente sobre a forma pela qual o Brasil se insere na economia mundial.<\/p>\n<blockquote><p>Tr\u00eas linhas de a\u00e7\u00e3o t\u00eam sido perseguidas. Uma j\u00e1 faz parte do antigo receitu\u00e1rio de boa parte dos comentaristas em mat\u00e9ria econ\u00f4mica: o Brasil deveria abandonar a sua prefer\u00eancia pelo sistema multilateral (representado pela Organiza\u00e7\u00e3o Mundial do Com\u00e9rcio) e dar mais aten\u00e7\u00e3o a acordos bilaterais com economias desenvolvidas, seja com a Uni\u00e3o Europeia, seja com os Estados Unidos da Am\u00e9rica.<\/p><\/blockquote>\n<p>O refinamento, n\u00e3o totalmente novo, \u00e9 o de que, para chegar a esses acordos, o Brasil deve buscar a \u201cflexibiliza\u00e7\u00e3o\u201d do Mercosul, privando-o de sua caracter\u00edstica essencial de uma uni\u00e3o aduaneira. Sem perceber que a motiva\u00e7\u00e3o principal da integra\u00e7\u00e3o \u00e9 pol\u00edtica \u2013 j\u00e1 que a Paz \u00e9 o maior bem a ser preservado \u2013 os arautos da liberaliza\u00e7\u00e3o, sob o pretexto de aumentar nossa autonomia em rela\u00e7\u00e3o aos nossos vizinhos, facilitando a abertura do mercado brasileiro, na verdade empurrar\u00e3o os s\u00f3cios menores (n\u00e3o em import\u00e2ncia, mas em tamanho) para os bra\u00e7os das grandes pot\u00eancias.<\/p>\n<p>\u00c9 de esperar que n\u00e3o venham a reclamar quando bases militares estrangeiras surgirem pr\u00f3ximo das nossas fronteiras.<\/p>\n<p><strong>Celso Amorim<\/strong><\/p>\n","protected":false},"excerpt":{"rendered":"<p>Aproveitando o momento de vulnerabilidade pol\u00edtica e econ\u00f4mica do nosso pa\u00eds, os defensores de uma integra\u00e7\u00e3o dependente do Brasil na economia internacional est\u00e3o lan\u00e7ando uma nova ofensiva, facilitada pelas agruras do ajuste fiscal, com queda nos investimentos governamentais e o descr\u00e9dito \u2013 convenientemente estimulado \u2013 das empresas estatais, na esteira do esc\u00e2ndalo da Petrobr\u00e1s. Em [&hellip;]<\/p>\n","protected":false},"author":2,"featured_media":43348,"comment_status":"open","ping_status":"closed","sticky":false,"template":"","format":"standard","meta":{"_acf_changed":false,"footnotes":""},"categories":[25],"tags":[],"class_list":["post-43347","post","type-post","status-publish","format-standard","has-post-thumbnail","hentry","category-opina-ai"],"acf":[],"yoast_head":"<!-- This site is optimized with the Yoast SEO plugin v27.5 - https:\/\/yoast.com\/product\/yoast-seo-wordpress\/ -->\n<title>Intelectuais nas ruas em defesa de uma pol\u00edtica externa soberana - Notibras<\/title>\n<meta name=\"robots\" content=\"index, follow, max-snippet:-1, max-image-preview:large, max-video-preview:-1\" \/>\n<link rel=\"canonical\" href=\"https:\/\/www.notibras.com\/site\/intelectuais-nas-ruas-em-defesa-de-uma-politica-externa-soberana\/\" \/>\n<meta property=\"og:locale\" content=\"pt_BR\" \/>\n<meta property=\"og:type\" content=\"article\" \/>\n<meta property=\"og:title\" content=\"Intelectuais nas ruas em defesa de uma pol\u00edtica externa soberana - Notibras\" \/>\n<meta property=\"og:description\" content=\"Aproveitando o momento de vulnerabilidade pol\u00edtica e econ\u00f4mica do nosso pa\u00eds, os defensores de uma integra\u00e7\u00e3o dependente do Brasil na economia internacional est\u00e3o lan\u00e7ando uma nova ofensiva, facilitada pelas agruras do ajuste fiscal, com queda nos investimentos governamentais e o descr\u00e9dito \u2013 convenientemente estimulado \u2013 das empresas estatais, na esteira do esc\u00e2ndalo da Petrobr\u00e1s. Em [&hellip;]\" \/>\n<meta property=\"og:url\" content=\"https:\/\/www.notibras.com\/site\/intelectuais-nas-ruas-em-defesa-de-uma-politica-externa-soberana\/\" \/>\n<meta property=\"og:site_name\" content=\"Notibras\" \/>\n<meta property=\"article:publisher\" content=\"https:\/\/www.facebook.com\/notibras\/\" \/>\n<meta property=\"article:published_time\" content=\"2015-04-09T19:09:51+00:00\" \/>\n<meta property=\"og:image\" content=\"https:\/\/www.notibras.com\/site\/wp-content\/uploads\/2015\/04\/pex.jpg\" \/>\n\t<meta property=\"og:image:width\" content=\"446\" \/>\n\t<meta property=\"og:image:height\" content=\"285\" \/>\n\t<meta property=\"og:image:type\" content=\"image\/jpeg\" \/>\n<meta name=\"author\" content=\"Reda\u00e7\u00e3o\" \/>\n<meta name=\"twitter:card\" content=\"summary_large_image\" \/>\n<meta name=\"twitter:creator\" content=\"@Notibras\" \/>\n<meta name=\"twitter:site\" content=\"@Notibras\" \/>\n<meta name=\"twitter:label1\" content=\"Escrito por\" \/>\n\t<meta name=\"twitter:data1\" content=\"Reda\u00e7\u00e3o\" \/>\n\t<meta name=\"twitter:label2\" content=\"Est. tempo de leitura\" \/>\n\t<meta name=\"twitter:data2\" content=\"2 minutos\" \/>\n<script type=\"application\/ld+json\" class=\"yoast-schema-graph\">{\"@context\":\"https:\\\/\\\/schema.org\",\"@graph\":[{\"@type\":\"Article\",\"@id\":\"https:\\\/\\\/www.notibras.com\\\/site\\\/intelectuais-nas-ruas-em-defesa-de-uma-politica-externa-soberana\\\/#article\",\"isPartOf\":{\"@id\":\"https:\\\/\\\/www.notibras.com\\\/site\\\/intelectuais-nas-ruas-em-defesa-de-uma-politica-externa-soberana\\\/\"},\"author\":{\"name\":\"Reda\u00e7\u00e3o\",\"@id\":\"https:\\\/\\\/www.notibras.com\\\/site\\\/#\\\/schema\\\/person\\\/36ab0979449956132d3e5b517ea76ac8\"},\"headline\":\"Intelectuais nas ruas em defesa de uma pol\u00edtica externa soberana\",\"datePublished\":\"2015-04-09T19:09:51+00:00\",\"mainEntityOfPage\":{\"@id\":\"https:\\\/\\\/www.notibras.com\\\/site\\\/intelectuais-nas-ruas-em-defesa-de-uma-politica-externa-soberana\\\/\"},\"wordCount\":343,\"commentCount\":0,\"publisher\":{\"@id\":\"https:\\\/\\\/www.notibras.com\\\/site\\\/#organization\"},\"image\":{\"@id\":\"https:\\\/\\\/www.notibras.com\\\/site\\\/intelectuais-nas-ruas-em-defesa-de-uma-politica-externa-soberana\\\/#primaryimage\"},\"thumbnailUrl\":\"https:\\\/\\\/www.notibras.com\\\/site\\\/wp-content\\\/uploads\\\/2015\\\/04\\\/pex.jpg\",\"articleSection\":[\"Opina a\u00ed\"],\"inLanguage\":\"pt-BR\",\"potentialAction\":[{\"@type\":\"CommentAction\",\"name\":\"Comment\",\"target\":[\"https:\\\/\\\/www.notibras.com\\\/site\\\/intelectuais-nas-ruas-em-defesa-de-uma-politica-externa-soberana\\\/#respond\"]}]},{\"@type\":\"WebPage\",\"@id\":\"https:\\\/\\\/www.notibras.com\\\/site\\\/intelectuais-nas-ruas-em-defesa-de-uma-politica-externa-soberana\\\/\",\"url\":\"https:\\\/\\\/www.notibras.com\\\/site\\\/intelectuais-nas-ruas-em-defesa-de-uma-politica-externa-soberana\\\/\",\"name\":\"Intelectuais nas ruas em defesa de uma pol\u00edtica externa soberana - Notibras\",\"isPartOf\":{\"@id\":\"https:\\\/\\\/www.notibras.com\\\/site\\\/#website\"},\"primaryImageOfPage\":{\"@id\":\"https:\\\/\\\/www.notibras.com\\\/site\\\/intelectuais-nas-ruas-em-defesa-de-uma-politica-externa-soberana\\\/#primaryimage\"},\"image\":{\"@id\":\"https:\\\/\\\/www.notibras.com\\\/site\\\/intelectuais-nas-ruas-em-defesa-de-uma-politica-externa-soberana\\\/#primaryimage\"},\"thumbnailUrl\":\"https:\\\/\\\/www.notibras.com\\\/site\\\/wp-content\\\/uploads\\\/2015\\\/04\\\/pex.jpg\",\"datePublished\":\"2015-04-09T19:09:51+00:00\",\"breadcrumb\":{\"@id\":\"https:\\\/\\\/www.notibras.com\\\/site\\\/intelectuais-nas-ruas-em-defesa-de-uma-politica-externa-soberana\\\/#breadcrumb\"},\"inLanguage\":\"pt-BR\",\"potentialAction\":[{\"@type\":\"ReadAction\",\"target\":[\"https:\\\/\\\/www.notibras.com\\\/site\\\/intelectuais-nas-ruas-em-defesa-de-uma-politica-externa-soberana\\\/\"]}]},{\"@type\":\"ImageObject\",\"inLanguage\":\"pt-BR\",\"@id\":\"https:\\\/\\\/www.notibras.com\\\/site\\\/intelectuais-nas-ruas-em-defesa-de-uma-politica-externa-soberana\\\/#primaryimage\",\"url\":\"https:\\\/\\\/www.notibras.com\\\/site\\\/wp-content\\\/uploads\\\/2015\\\/04\\\/pex.jpg\",\"contentUrl\":\"https:\\\/\\\/www.notibras.com\\\/site\\\/wp-content\\\/uploads\\\/2015\\\/04\\\/pex.jpg\",\"width\":446,\"height\":285},{\"@type\":\"BreadcrumbList\",\"@id\":\"https:\\\/\\\/www.notibras.com\\\/site\\\/intelectuais-nas-ruas-em-defesa-de-uma-politica-externa-soberana\\\/#breadcrumb\",\"itemListElement\":[{\"@type\":\"ListItem\",\"position\":1,\"name\":\"In\u00edcio\",\"item\":\"https:\\\/\\\/www.notibras.com\\\/site\\\/\"},{\"@type\":\"ListItem\",\"position\":2,\"name\":\"Intelectuais nas ruas em defesa de uma pol\u00edtica externa soberana\"}]},{\"@type\":\"WebSite\",\"@id\":\"https:\\\/\\\/www.notibras.com\\\/site\\\/#website\",\"url\":\"https:\\\/\\\/www.notibras.com\\\/site\\\/\",\"name\":\"Notibras\",\"description\":\"Not\u00edcias de Bras\u00edlia, do Brasil e do Mundo\",\"publisher\":{\"@id\":\"https:\\\/\\\/www.notibras.com\\\/site\\\/#organization\"},\"potentialAction\":[{\"@type\":\"SearchAction\",\"target\":{\"@type\":\"EntryPoint\",\"urlTemplate\":\"https:\\\/\\\/www.notibras.com\\\/site\\\/?s={search_term_string}\"},\"query-input\":{\"@type\":\"PropertyValueSpecification\",\"valueRequired\":true,\"valueName\":\"search_term_string\"}}],\"inLanguage\":\"pt-BR\"},{\"@type\":\"Organization\",\"@id\":\"https:\\\/\\\/www.notibras.com\\\/site\\\/#organization\",\"name\":\"Grupo Notibras de Comunica\u00e7\u00e3o\",\"url\":\"https:\\\/\\\/www.notibras.com\\\/site\\\/\",\"logo\":{\"@type\":\"ImageObject\",\"inLanguage\":\"pt-BR\",\"@id\":\"https:\\\/\\\/www.notibras.com\\\/site\\\/#\\\/schema\\\/logo\\\/image\\\/\",\"url\":\"https:\\\/\\\/www.notibras.com\\\/site\\\/wp-content\\\/uploads\\\/2023\\\/01\\\/notibras23.png\",\"contentUrl\":\"https:\\\/\\\/www.notibras.com\\\/site\\\/wp-content\\\/uploads\\\/2023\\\/01\\\/notibras23.png\",\"width\":350,\"height\":87,\"caption\":\"Grupo Notibras de Comunica\u00e7\u00e3o\"},\"image\":{\"@id\":\"https:\\\/\\\/www.notibras.com\\\/site\\\/#\\\/schema\\\/logo\\\/image\\\/\"},\"sameAs\":[\"https:\\\/\\\/www.facebook.com\\\/notibras\\\/\",\"https:\\\/\\\/x.com\\\/Notibras\",\"https:\\\/\\\/www.instagram.com\\\/notibras\\\/\"]},{\"@type\":\"Person\",\"@id\":\"https:\\\/\\\/www.notibras.com\\\/site\\\/#\\\/schema\\\/person\\\/36ab0979449956132d3e5b517ea76ac8\",\"name\":\"Reda\u00e7\u00e3o\",\"image\":{\"@type\":\"ImageObject\",\"inLanguage\":\"pt-BR\",\"@id\":\"https:\\\/\\\/secure.gravatar.com\\\/avatar\\\/e0a867bdedb85fd243eadf09663511f96fc81e0720a4a42581f334ad4303aa6b?s=96&d=mm&r=g\",\"url\":\"https:\\\/\\\/secure.gravatar.com\\\/avatar\\\/e0a867bdedb85fd243eadf09663511f96fc81e0720a4a42581f334ad4303aa6b?s=96&d=mm&r=g\",\"contentUrl\":\"https:\\\/\\\/secure.gravatar.com\\\/avatar\\\/e0a867bdedb85fd243eadf09663511f96fc81e0720a4a42581f334ad4303aa6b?s=96&d=mm&r=g\",\"caption\":\"Reda\u00e7\u00e3o\"}}]}<\/script>\n<!-- \/ Yoast SEO plugin. -->","yoast_head_json":{"title":"Intelectuais nas ruas em defesa de uma pol\u00edtica externa soberana - Notibras","robots":{"index":"index","follow":"follow","max-snippet":"max-snippet:-1","max-image-preview":"max-image-preview:large","max-video-preview":"max-video-preview:-1"},"canonical":"https:\/\/www.notibras.com\/site\/intelectuais-nas-ruas-em-defesa-de-uma-politica-externa-soberana\/","og_locale":"pt_BR","og_type":"article","og_title":"Intelectuais nas ruas em defesa de uma pol\u00edtica externa soberana - Notibras","og_description":"Aproveitando o momento de vulnerabilidade pol\u00edtica e econ\u00f4mica do nosso pa\u00eds, os defensores de uma integra\u00e7\u00e3o dependente do Brasil na economia internacional est\u00e3o lan\u00e7ando uma nova ofensiva, facilitada pelas agruras do ajuste fiscal, com queda nos investimentos governamentais e o descr\u00e9dito \u2013 convenientemente estimulado \u2013 das empresas estatais, na esteira do esc\u00e2ndalo da Petrobr\u00e1s. Em [&hellip;]","og_url":"https:\/\/www.notibras.com\/site\/intelectuais-nas-ruas-em-defesa-de-uma-politica-externa-soberana\/","og_site_name":"Notibras","article_publisher":"https:\/\/www.facebook.com\/notibras\/","article_published_time":"2015-04-09T19:09:51+00:00","og_image":[{"width":446,"height":285,"url":"https:\/\/www.notibras.com\/site\/wp-content\/uploads\/2015\/04\/pex.jpg","type":"image\/jpeg"}],"author":"Reda\u00e7\u00e3o","twitter_card":"summary_large_image","twitter_creator":"@Notibras","twitter_site":"@Notibras","twitter_misc":{"Escrito por":"Reda\u00e7\u00e3o","Est. tempo de leitura":"2 minutos"},"schema":{"@context":"https:\/\/schema.org","@graph":[{"@type":"Article","@id":"https:\/\/www.notibras.com\/site\/intelectuais-nas-ruas-em-defesa-de-uma-politica-externa-soberana\/#article","isPartOf":{"@id":"https:\/\/www.notibras.com\/site\/intelectuais-nas-ruas-em-defesa-de-uma-politica-externa-soberana\/"},"author":{"name":"Reda\u00e7\u00e3o","@id":"https:\/\/www.notibras.com\/site\/#\/schema\/person\/36ab0979449956132d3e5b517ea76ac8"},"headline":"Intelectuais nas ruas em defesa de uma pol\u00edtica externa soberana","datePublished":"2015-04-09T19:09:51+00:00","mainEntityOfPage":{"@id":"https:\/\/www.notibras.com\/site\/intelectuais-nas-ruas-em-defesa-de-uma-politica-externa-soberana\/"},"wordCount":343,"commentCount":0,"publisher":{"@id":"https:\/\/www.notibras.com\/site\/#organization"},"image":{"@id":"https:\/\/www.notibras.com\/site\/intelectuais-nas-ruas-em-defesa-de-uma-politica-externa-soberana\/#primaryimage"},"thumbnailUrl":"https:\/\/www.notibras.com\/site\/wp-content\/uploads\/2015\/04\/pex.jpg","articleSection":["Opina a\u00ed"],"inLanguage":"pt-BR","potentialAction":[{"@type":"CommentAction","name":"Comment","target":["https:\/\/www.notibras.com\/site\/intelectuais-nas-ruas-em-defesa-de-uma-politica-externa-soberana\/#respond"]}]},{"@type":"WebPage","@id":"https:\/\/www.notibras.com\/site\/intelectuais-nas-ruas-em-defesa-de-uma-politica-externa-soberana\/","url":"https:\/\/www.notibras.com\/site\/intelectuais-nas-ruas-em-defesa-de-uma-politica-externa-soberana\/","name":"Intelectuais nas ruas em defesa de uma pol\u00edtica externa soberana - Notibras","isPartOf":{"@id":"https:\/\/www.notibras.com\/site\/#website"},"primaryImageOfPage":{"@id":"https:\/\/www.notibras.com\/site\/intelectuais-nas-ruas-em-defesa-de-uma-politica-externa-soberana\/#primaryimage"},"image":{"@id":"https:\/\/www.notibras.com\/site\/intelectuais-nas-ruas-em-defesa-de-uma-politica-externa-soberana\/#primaryimage"},"thumbnailUrl":"https:\/\/www.notibras.com\/site\/wp-content\/uploads\/2015\/04\/pex.jpg","datePublished":"2015-04-09T19:09:51+00:00","breadcrumb":{"@id":"https:\/\/www.notibras.com\/site\/intelectuais-nas-ruas-em-defesa-de-uma-politica-externa-soberana\/#breadcrumb"},"inLanguage":"pt-BR","potentialAction":[{"@type":"ReadAction","target":["https:\/\/www.notibras.com\/site\/intelectuais-nas-ruas-em-defesa-de-uma-politica-externa-soberana\/"]}]},{"@type":"ImageObject","inLanguage":"pt-BR","@id":"https:\/\/www.notibras.com\/site\/intelectuais-nas-ruas-em-defesa-de-uma-politica-externa-soberana\/#primaryimage","url":"https:\/\/www.notibras.com\/site\/wp-content\/uploads\/2015\/04\/pex.jpg","contentUrl":"https:\/\/www.notibras.com\/site\/wp-content\/uploads\/2015\/04\/pex.jpg","width":446,"height":285},{"@type":"BreadcrumbList","@id":"https:\/\/www.notibras.com\/site\/intelectuais-nas-ruas-em-defesa-de-uma-politica-externa-soberana\/#breadcrumb","itemListElement":[{"@type":"ListItem","position":1,"name":"In\u00edcio","item":"https:\/\/www.notibras.com\/site\/"},{"@type":"ListItem","position":2,"name":"Intelectuais nas ruas em defesa de uma pol\u00edtica externa soberana"}]},{"@type":"WebSite","@id":"https:\/\/www.notibras.com\/site\/#website","url":"https:\/\/www.notibras.com\/site\/","name":"Notibras","description":"Not\u00edcias de Bras\u00edlia, do Brasil e do Mundo","publisher":{"@id":"https:\/\/www.notibras.com\/site\/#organization"},"potentialAction":[{"@type":"SearchAction","target":{"@type":"EntryPoint","urlTemplate":"https:\/\/www.notibras.com\/site\/?s={search_term_string}"},"query-input":{"@type":"PropertyValueSpecification","valueRequired":true,"valueName":"search_term_string"}}],"inLanguage":"pt-BR"},{"@type":"Organization","@id":"https:\/\/www.notibras.com\/site\/#organization","name":"Grupo Notibras de Comunica\u00e7\u00e3o","url":"https:\/\/www.notibras.com\/site\/","logo":{"@type":"ImageObject","inLanguage":"pt-BR","@id":"https:\/\/www.notibras.com\/site\/#\/schema\/logo\/image\/","url":"https:\/\/www.notibras.com\/site\/wp-content\/uploads\/2023\/01\/notibras23.png","contentUrl":"https:\/\/www.notibras.com\/site\/wp-content\/uploads\/2023\/01\/notibras23.png","width":350,"height":87,"caption":"Grupo Notibras de Comunica\u00e7\u00e3o"},"image":{"@id":"https:\/\/www.notibras.com\/site\/#\/schema\/logo\/image\/"},"sameAs":["https:\/\/www.facebook.com\/notibras\/","https:\/\/x.com\/Notibras","https:\/\/www.instagram.com\/notibras\/"]},{"@type":"Person","@id":"https:\/\/www.notibras.com\/site\/#\/schema\/person\/36ab0979449956132d3e5b517ea76ac8","name":"Reda\u00e7\u00e3o","image":{"@type":"ImageObject","inLanguage":"pt-BR","@id":"https:\/\/secure.gravatar.com\/avatar\/e0a867bdedb85fd243eadf09663511f96fc81e0720a4a42581f334ad4303aa6b?s=96&d=mm&r=g","url":"https:\/\/secure.gravatar.com\/avatar\/e0a867bdedb85fd243eadf09663511f96fc81e0720a4a42581f334ad4303aa6b?s=96&d=mm&r=g","contentUrl":"https:\/\/secure.gravatar.com\/avatar\/e0a867bdedb85fd243eadf09663511f96fc81e0720a4a42581f334ad4303aa6b?s=96&d=mm&r=g","caption":"Reda\u00e7\u00e3o"}}]}},"amp_enabled":true,"_links":{"self":[{"href":"https:\/\/www.notibras.com\/site\/wp-json\/wp\/v2\/posts\/43347","targetHints":{"allow":["GET"]}}],"collection":[{"href":"https:\/\/www.notibras.com\/site\/wp-json\/wp\/v2\/posts"}],"about":[{"href":"https:\/\/www.notibras.com\/site\/wp-json\/wp\/v2\/types\/post"}],"author":[{"embeddable":true,"href":"https:\/\/www.notibras.com\/site\/wp-json\/wp\/v2\/users\/2"}],"replies":[{"embeddable":true,"href":"https:\/\/www.notibras.com\/site\/wp-json\/wp\/v2\/comments?post=43347"}],"version-history":[{"count":0,"href":"https:\/\/www.notibras.com\/site\/wp-json\/wp\/v2\/posts\/43347\/revisions"}],"wp:featuredmedia":[{"embeddable":true,"href":"https:\/\/www.notibras.com\/site\/wp-json\/wp\/v2\/media\/43348"}],"wp:attachment":[{"href":"https:\/\/www.notibras.com\/site\/wp-json\/wp\/v2\/media?parent=43347"}],"wp:term":[{"taxonomy":"category","embeddable":true,"href":"https:\/\/www.notibras.com\/site\/wp-json\/wp\/v2\/categories?post=43347"},{"taxonomy":"post_tag","embeddable":true,"href":"https:\/\/www.notibras.com\/site\/wp-json\/wp\/v2\/tags?post=43347"}],"curies":[{"name":"wp","href":"https:\/\/api.w.org\/{rel}","templated":true}]}}