{"id":43397,"date":"2015-04-10T02:17:40","date_gmt":"2015-04-10T05:17:40","guid":{"rendered":"http:\/\/www.notibras.com\/site\/?p=43397"},"modified":"2015-04-10T13:03:22","modified_gmt":"2015-04-10T16:03:22","slug":"psb-abandona-cpi-dos-fundos-de-pensao-afinal-o-que-ha-com-os-socialistas","status":"publish","type":"post","link":"https:\/\/www.notibras.com\/site\/psb-abandona-cpi-dos-fundos-de-pensao-afinal-o-que-ha-com-os-socialistas\/","title":{"rendered":"PSB abandona CPI dos Fundos de Pens\u00e3o. O que h\u00e1 por tr\u00e1s dos bastidores dos socialistas?"},"content":{"rendered":"<p>Bola fora de Rom\u00e1rio e seus colegas socialistas do Senado. \u00c9 assim que os senadores tucanos est\u00e3o vendo a decis\u00e3o do PSB de retirar as assinaturas de apoio para a cria\u00e7\u00e3o da CPI dos Fundos de Pens\u00e3o. A medida inviabilizou ao menos por enquanto a instala\u00e7\u00e3o da comiss\u00e3o na Casa.<\/p>\n<p>O l\u00edder do PSDB no Senado, C\u00e1ssio Cunha Lima (PB), afirmou que o partido n\u00e3o vai desistir de criar a CPI e vai recome\u00e7ar a coleta de assinaturas nas pr\u00f3ximas semanas. Cunha disse ainda que n\u00e3o tem d\u00favidas de que a base aliada do governo operou para convencer o PSB a tomar essa decis\u00e3o. &#8220;N\u00e3o foi a oposi\u00e7\u00e3o que pediu para o PSB retirar as assinaturas&#8221;, ironizou.<\/p>\n<blockquote><p>O senador tucano Aloysio Nunes (SP) disse que o PSB teria de explicar para a opini\u00e3o p\u00fablica por que retirou o apoio \u00e0 CPI. &#8220;Senadores do PSB devem explica\u00e7\u00f5es \u00e0 opini\u00e3o p\u00fablica pela vergonhosa retirada de suas assinaturas ao requerimento de CPI para apurar as falcatruas que lesaram milhares de trabalhadores de empresas estatais participantes dos Fundos de Pens\u00e3o (Previ, Postalis, Funcef e Petros)&#8221;, disse.<\/p><\/blockquote>\n<p>Em nota, a bancada do PSB afirmou que decidiu retirar os apoios para &#8220;concentrar suas for\u00e7as e energias&#8221; no funcionamento de outras comiss\u00f5es, como a do HSBC que j\u00e1 foi instalada. &#8220;A bancada do PSB alerta que a prolifera\u00e7\u00e3o de CPIs dispersa o trabalho no Senado Federal, enfraquece a investiga\u00e7\u00e3o, desviando as aten\u00e7\u00f5es do debate das grandes quest\u00f5es nacionais&#8221;, diz o texto.<\/p>\n<p>Desde que assumiu uma posi\u00e7\u00e3o de independ\u00eancia em rela\u00e7\u00e3o ao governo da presidente Dilma Rousseff, o PSB tem sido o &#8220;fiel da balan\u00e7a&#8221; na hora de conseguir o n\u00famero necess\u00e1rio de assinaturas para a instala\u00e7\u00e3o de uma CPI no Senado. Sem o apoio da bancada de seis senadores do PSB, a oposi\u00e7\u00e3o dificilmente consegue alcan\u00e7ar as 27 assinaturas exigidas pelo regimento da Casa.<\/p>\n","protected":false},"excerpt":{"rendered":"<p>Bola fora de Rom\u00e1rio e seus colegas socialistas do Senado. \u00c9 assim que os senadores tucanos est\u00e3o vendo a decis\u00e3o do PSB de retirar as assinaturas de apoio para a cria\u00e7\u00e3o da CPI dos Fundos de Pens\u00e3o. A medida inviabilizou ao menos por enquanto a instala\u00e7\u00e3o da comiss\u00e3o na Casa. O l\u00edder do PSDB no [&hellip;]<\/p>\n","protected":false},"author":2,"featured_media":43398,"comment_status":"open","ping_status":"closed","sticky":false,"template":"","format":"standard","meta":{"_acf_changed":false,"footnotes":""},"categories":[16],"tags":[],"class_list":["post-43397","post","type-post","status-publish","format-standard","has-post-thumbnail","hentry","category-brasil"],"acf":[],"_links":{"self":[{"href":"https:\/\/www.notibras.com\/site\/wp-json\/wp\/v2\/posts\/43397","targetHints":{"allow":["GET"]}}],"collection":[{"href":"https:\/\/www.notibras.com\/site\/wp-json\/wp\/v2\/posts"}],"about":[{"href":"https:\/\/www.notibras.com\/site\/wp-json\/wp\/v2\/types\/post"}],"author":[{"embeddable":true,"href":"https:\/\/www.notibras.com\/site\/wp-json\/wp\/v2\/users\/2"}],"replies":[{"embeddable":true,"href":"https:\/\/www.notibras.com\/site\/wp-json\/wp\/v2\/comments?post=43397"}],"version-history":[{"count":0,"href":"https:\/\/www.notibras.com\/site\/wp-json\/wp\/v2\/posts\/43397\/revisions"}],"wp:featuredmedia":[{"embeddable":true,"href":"https:\/\/www.notibras.com\/site\/wp-json\/wp\/v2\/media\/43398"}],"wp:attachment":[{"href":"https:\/\/www.notibras.com\/site\/wp-json\/wp\/v2\/media?parent=43397"}],"wp:term":[{"taxonomy":"category","embeddable":true,"href":"https:\/\/www.notibras.com\/site\/wp-json\/wp\/v2\/categories?post=43397"},{"taxonomy":"post_tag","embeddable":true,"href":"https:\/\/www.notibras.com\/site\/wp-json\/wp\/v2\/tags?post=43397"}],"curies":[{"name":"wp","href":"https:\/\/api.w.org\/{rel}","templated":true}]}}