{"id":43418,"date":"2015-04-10T04:13:18","date_gmt":"2015-04-10T07:13:18","guid":{"rendered":"http:\/\/www.notibras.com\/site\/?p=43418"},"modified":"2015-04-10T04:13:18","modified_gmt":"2015-04-10T07:13:18","slug":"galo-passa-pelo-santa-fe-e-ve-renascer-chances-na-libertadores","status":"publish","type":"post","link":"https:\/\/www.notibras.com\/site\/galo-passa-pelo-santa-fe-e-ve-renascer-chances-na-libertadores\/","title":{"rendered":"Galo passa pelo Santa Fe e v\u00ea renascer chances na Libertadores"},"content":{"rendered":"<p>O Atl\u00e9tico-MG precisava vencer o Santa Fe para continuar dependendo dos pr\u00f3prios resultados na Copa Libertadores. E foi isso que o time alvinegro conseguiu fazer nesta noite gelada em Belo Horizonte. Empurrado por mais de 20 mil torcedores, a equipe atleticana mostrou em campo a intensidade de jogo que a torcida tanto estava cobrando. O triunfo por 2 a 0 foi conquistado com gols de Carlos e Guilherme.<\/p>\n<p>Apesar das duas vit\u00f3rias seguidas, ambas sobre o Santa Fe, a situa\u00e7\u00e3o do Atl\u00e9tico dentro do grupo 1 da Copa Libertadores ainda n\u00e3o \u00e9 das mais c\u00f4modas. Vencer o Atlas fora de casa e dar o troco pela derrota para os mexicanos no Independ\u00eancia \u00e9 determinante, j\u00e1 que o grupo pode ser definido no saldo de gols. O que deixa o Atl\u00e9tico em desvantagem em rela\u00e7\u00e3o aos concorrentes Colo-Colo e Santa Fe.<\/p>\n<p>Mais do que vencer e se manter em condi\u00e7\u00f5es na Copa Libertadores, o bom desempenho em campo d\u00e1 moral para o time, que neste domingo j\u00e1 tem mais um dif\u00edcil compromisso pela frente. O Atl\u00e9tico recebe o Cruzeiro no Independ\u00eancia, para o primeiro jogo da semifinal do Campeonato Mineiro.<\/p>\n<blockquote><p>Os minutos iniciais do Atl\u00e9tico contra o Santa Fe fizeram o torcedor lembrar de partidas \u00e9picas no Horto, quando a equipe sufoca o advers\u00e1rio at\u00e9 conseguir abrir o placar. E foi o que aconteceu diante dos colombianos, que n\u00e3o suportaram a press\u00e3o atleticana e aos 12 minutos j\u00e1 estava em desvantagem. Carlos usou a velocidade para superar os marcadores e bater na sa\u00edda de Castellanos, depois de passe do meia D\u00e1tolo.<\/p><\/blockquote>\n<p>O gol n\u00e3o mudou a postura alvinegra. Ritmo intenso, marca\u00e7\u00e3o no campo de ataque e muitas finaliza\u00e7\u00f5es. Esse o grande pecado da equipe de Levir Culpi. Apesar de chegar muitas vezes na \u00e1rea do Santa Fe, os jogadores do Atl\u00e9tico n\u00e3o conseguiam concluir as jogadas ou conclu\u00edam muito mal. Tanto que o goleiro colombiano fez apenas uma defesa na etapa inicial, em chute de Luan. Depois de 30 minutos atr\u00e1s, o Santa Fe tentou sair para o jogo. A defesa bem postada do Atl\u00e9tico n\u00e3o permitiu que Victor trabalhasse. Perigo para o sistema defensivo brasileiro somente nas bolas paradas, sempre na categoria de Omar P\u00e9rez.<\/p>\n<p>Assim como na etapa inicial, o Atl\u00e9tico imp\u00f4s um ritmo forte e mais uma vez criou uma s\u00e9rie de oportunidades. Mas pela falta de pontaria nas finaliza\u00e7\u00f5es de Lucas Pratto, Luan e Marcos Rocha o goleiro Castellanos continuava com pouco trabalho em campo. Aos 19 minutos a torcida pediu por Guilherme, que voltou a atuar pelo Atl\u00e9tico depois de seis meses. O t\u00e9cnico Gustavo Costas mandou mais atacantes para o jogo, mas em v\u00e3o, pois a noite era mesmo atleticana. Tanto que aos 45 minutos o goleiro Victor deu lan\u00e7ou Guilherme e o meia chutou duas vezes para sacramentar o triunfo brasileiro.<\/p>\n","protected":false},"excerpt":{"rendered":"<p>O Atl\u00e9tico-MG precisava vencer o Santa Fe para continuar dependendo dos pr\u00f3prios resultados na Copa Libertadores. E foi isso que o time alvinegro conseguiu fazer nesta noite gelada em Belo Horizonte. Empurrado por mais de 20 mil torcedores, a equipe atleticana mostrou em campo a intensidade de jogo que a torcida tanto estava cobrando. O [&hellip;]<\/p>\n","protected":false},"author":2,"featured_media":43419,"comment_status":"open","ping_status":"closed","sticky":false,"template":"","format":"standard","meta":{"_acf_changed":false,"footnotes":""},"categories":[19,29],"tags":[],"class_list":["post-43418","post","type-post","status-publish","format-standard","has-post-thumbnail","hentry","category-esportes","category-futebol"],"acf":[],"yoast_head":"<!-- This site is optimized with the Yoast SEO plugin v27.2 - https:\/\/yoast.com\/product\/yoast-seo-wordpress\/ -->\n<title>Galo passa pelo Santa Fe e v\u00ea renascer chances na Libertadores - Notibras<\/title>\n<meta name=\"robots\" content=\"index, follow, max-snippet:-1, max-image-preview:large, max-video-preview:-1\" \/>\n<link rel=\"canonical\" href=\"https:\/\/www.notibras.com\/site\/galo-passa-pelo-santa-fe-e-ve-renascer-chances-na-libertadores\/\" \/>\n<meta property=\"og:locale\" content=\"pt_BR\" \/>\n<meta property=\"og:type\" content=\"article\" \/>\n<meta property=\"og:title\" content=\"Galo passa pelo Santa Fe e v\u00ea renascer chances na Libertadores - Notibras\" \/>\n<meta property=\"og:description\" content=\"O Atl\u00e9tico-MG precisava vencer o Santa Fe para continuar dependendo dos pr\u00f3prios resultados na Copa Libertadores. E foi isso que o time alvinegro conseguiu fazer nesta noite gelada em Belo Horizonte. Empurrado por mais de 20 mil torcedores, a equipe atleticana mostrou em campo a intensidade de jogo que a torcida tanto estava cobrando. O [&hellip;]\" \/>\n<meta property=\"og:url\" content=\"https:\/\/www.notibras.com\/site\/galo-passa-pelo-santa-fe-e-ve-renascer-chances-na-libertadores\/\" \/>\n<meta property=\"og:site_name\" content=\"Notibras\" \/>\n<meta property=\"article:publisher\" content=\"https:\/\/www.facebook.com\/notibras\/\" \/>\n<meta property=\"article:published_time\" content=\"2015-04-10T07:13:18+00:00\" \/>\n<meta property=\"og:image\" content=\"https:\/\/www.notibras.com\/site\/wp-content\/uploads\/2015\/04\/carlossaltabrunocantinicamdiv.jpg\" \/>\n\t<meta property=\"og:image:width\" content=\"460\" \/>\n\t<meta property=\"og:image:height\" content=\"307\" \/>\n\t<meta property=\"og:image:type\" content=\"image\/jpeg\" \/>\n<meta name=\"author\" content=\"Reda\u00e7\u00e3o\" \/>\n<meta name=\"twitter:card\" content=\"summary_large_image\" \/>\n<meta name=\"twitter:creator\" content=\"@Notibras\" \/>\n<meta name=\"twitter:site\" content=\"@Notibras\" \/>\n<meta name=\"twitter:label1\" content=\"Escrito por\" \/>\n\t<meta name=\"twitter:data1\" content=\"Reda\u00e7\u00e3o\" \/>\n\t<meta name=\"twitter:label2\" content=\"Est. tempo de leitura\" \/>\n\t<meta name=\"twitter:data2\" content=\"2 minutos\" \/>\n<script type=\"application\/ld+json\" class=\"yoast-schema-graph\">{\"@context\":\"https:\/\/schema.org\",\"@graph\":[{\"@type\":\"Article\",\"@id\":\"https:\/\/www.notibras.com\/site\/galo-passa-pelo-santa-fe-e-ve-renascer-chances-na-libertadores\/#article\",\"isPartOf\":{\"@id\":\"https:\/\/www.notibras.com\/site\/galo-passa-pelo-santa-fe-e-ve-renascer-chances-na-libertadores\/\"},\"author\":{\"name\":\"Reda\u00e7\u00e3o\",\"@id\":\"https:\/\/www.notibras.com\/site\/#\/schema\/person\/36ab0979449956132d3e5b517ea76ac8\"},\"headline\":\"Galo passa pelo Santa Fe e v\u00ea renascer chances na Libertadores\",\"datePublished\":\"2015-04-10T07:13:18+00:00\",\"mainEntityOfPage\":{\"@id\":\"https:\/\/www.notibras.com\/site\/galo-passa-pelo-santa-fe-e-ve-renascer-chances-na-libertadores\/\"},\"wordCount\":506,\"commentCount\":0,\"publisher\":{\"@id\":\"https:\/\/www.notibras.com\/site\/#organization\"},\"image\":{\"@id\":\"https:\/\/www.notibras.com\/site\/galo-passa-pelo-santa-fe-e-ve-renascer-chances-na-libertadores\/#primaryimage\"},\"thumbnailUrl\":\"https:\/\/www.notibras.com\/site\/wp-content\/uploads\/2015\/04\/carlossaltabrunocantinicamdiv.jpg\",\"articleSection\":[\"Esportes\",\"Futebol\"],\"inLanguage\":\"pt-BR\",\"potentialAction\":[{\"@type\":\"CommentAction\",\"name\":\"Comment\",\"target\":[\"https:\/\/www.notibras.com\/site\/galo-passa-pelo-santa-fe-e-ve-renascer-chances-na-libertadores\/#respond\"]}]},{\"@type\":\"WebPage\",\"@id\":\"https:\/\/www.notibras.com\/site\/galo-passa-pelo-santa-fe-e-ve-renascer-chances-na-libertadores\/\",\"url\":\"https:\/\/www.notibras.com\/site\/galo-passa-pelo-santa-fe-e-ve-renascer-chances-na-libertadores\/\",\"name\":\"Galo passa pelo Santa Fe e v\u00ea renascer chances na Libertadores - Notibras\",\"isPartOf\":{\"@id\":\"https:\/\/www.notibras.com\/site\/#website\"},\"primaryImageOfPage\":{\"@id\":\"https:\/\/www.notibras.com\/site\/galo-passa-pelo-santa-fe-e-ve-renascer-chances-na-libertadores\/#primaryimage\"},\"image\":{\"@id\":\"https:\/\/www.notibras.com\/site\/galo-passa-pelo-santa-fe-e-ve-renascer-chances-na-libertadores\/#primaryimage\"},\"thumbnailUrl\":\"https:\/\/www.notibras.com\/site\/wp-content\/uploads\/2015\/04\/carlossaltabrunocantinicamdiv.jpg\",\"datePublished\":\"2015-04-10T07:13:18+00:00\",\"breadcrumb\":{\"@id\":\"https:\/\/www.notibras.com\/site\/galo-passa-pelo-santa-fe-e-ve-renascer-chances-na-libertadores\/#breadcrumb\"},\"inLanguage\":\"pt-BR\",\"potentialAction\":[{\"@type\":\"ReadAction\",\"target\":[\"https:\/\/www.notibras.com\/site\/galo-passa-pelo-santa-fe-e-ve-renascer-chances-na-libertadores\/\"]}]},{\"@type\":\"ImageObject\",\"inLanguage\":\"pt-BR\",\"@id\":\"https:\/\/www.notibras.com\/site\/galo-passa-pelo-santa-fe-e-ve-renascer-chances-na-libertadores\/#primaryimage\",\"url\":\"https:\/\/www.notibras.com\/site\/wp-content\/uploads\/2015\/04\/carlossaltabrunocantinicamdiv.jpg\",\"contentUrl\":\"https:\/\/www.notibras.com\/site\/wp-content\/uploads\/2015\/04\/carlossaltabrunocantinicamdiv.jpg\",\"width\":460,\"height\":307},{\"@type\":\"BreadcrumbList\",\"@id\":\"https:\/\/www.notibras.com\/site\/galo-passa-pelo-santa-fe-e-ve-renascer-chances-na-libertadores\/#breadcrumb\",\"itemListElement\":[{\"@type\":\"ListItem\",\"position\":1,\"name\":\"In\u00edcio\",\"item\":\"https:\/\/www.notibras.com\/site\/\"},{\"@type\":\"ListItem\",\"position\":2,\"name\":\"Galo passa pelo Santa Fe e v\u00ea renascer chances na Libertadores\"}]},{\"@type\":\"WebSite\",\"@id\":\"https:\/\/www.notibras.com\/site\/#website\",\"url\":\"https:\/\/www.notibras.com\/site\/\",\"name\":\"Notibras\",\"description\":\"Not\u00edcias de Bras\u00edlia, do Brasil e do Mundo\",\"publisher\":{\"@id\":\"https:\/\/www.notibras.com\/site\/#organization\"},\"potentialAction\":[{\"@type\":\"SearchAction\",\"target\":{\"@type\":\"EntryPoint\",\"urlTemplate\":\"https:\/\/www.notibras.com\/site\/?s={search_term_string}\"},\"query-input\":{\"@type\":\"PropertyValueSpecification\",\"valueRequired\":true,\"valueName\":\"search_term_string\"}}],\"inLanguage\":\"pt-BR\"},{\"@type\":\"Organization\",\"@id\":\"https:\/\/www.notibras.com\/site\/#organization\",\"name\":\"Grupo Notibras de Comunica\u00e7\u00e3o\",\"url\":\"https:\/\/www.notibras.com\/site\/\",\"logo\":{\"@type\":\"ImageObject\",\"inLanguage\":\"pt-BR\",\"@id\":\"https:\/\/www.notibras.com\/site\/#\/schema\/logo\/image\/\",\"url\":\"https:\/\/www.notibras.com\/site\/wp-content\/uploads\/2023\/01\/notibras23.png\",\"contentUrl\":\"https:\/\/www.notibras.com\/site\/wp-content\/uploads\/2023\/01\/notibras23.png\",\"width\":350,\"height\":87,\"caption\":\"Grupo Notibras de Comunica\u00e7\u00e3o\"},\"image\":{\"@id\":\"https:\/\/www.notibras.com\/site\/#\/schema\/logo\/image\/\"},\"sameAs\":[\"https:\/\/www.facebook.com\/notibras\/\",\"https:\/\/x.com\/Notibras\",\"https:\/\/www.instagram.com\/notibras\/\"]},{\"@type\":\"Person\",\"@id\":\"https:\/\/www.notibras.com\/site\/#\/schema\/person\/36ab0979449956132d3e5b517ea76ac8\",\"name\":\"Reda\u00e7\u00e3o\",\"image\":{\"@type\":\"ImageObject\",\"inLanguage\":\"pt-BR\",\"@id\":\"https:\/\/secure.gravatar.com\/avatar\/e0a867bdedb85fd243eadf09663511f96fc81e0720a4a42581f334ad4303aa6b?s=96&d=mm&r=g\",\"url\":\"https:\/\/secure.gravatar.com\/avatar\/e0a867bdedb85fd243eadf09663511f96fc81e0720a4a42581f334ad4303aa6b?s=96&d=mm&r=g\",\"contentUrl\":\"https:\/\/secure.gravatar.com\/avatar\/e0a867bdedb85fd243eadf09663511f96fc81e0720a4a42581f334ad4303aa6b?s=96&d=mm&r=g\",\"caption\":\"Reda\u00e7\u00e3o\"}}]}<\/script>\n<!-- \/ Yoast SEO plugin. -->","yoast_head_json":{"title":"Galo passa pelo Santa Fe e v\u00ea renascer chances na Libertadores - Notibras","robots":{"index":"index","follow":"follow","max-snippet":"max-snippet:-1","max-image-preview":"max-image-preview:large","max-video-preview":"max-video-preview:-1"},"canonical":"https:\/\/www.notibras.com\/site\/galo-passa-pelo-santa-fe-e-ve-renascer-chances-na-libertadores\/","og_locale":"pt_BR","og_type":"article","og_title":"Galo passa pelo Santa Fe e v\u00ea renascer chances na Libertadores - Notibras","og_description":"O Atl\u00e9tico-MG precisava vencer o Santa Fe para continuar dependendo dos pr\u00f3prios resultados na Copa Libertadores. E foi isso que o time alvinegro conseguiu fazer nesta noite gelada em Belo Horizonte. Empurrado por mais de 20 mil torcedores, a equipe atleticana mostrou em campo a intensidade de jogo que a torcida tanto estava cobrando. O [&hellip;]","og_url":"https:\/\/www.notibras.com\/site\/galo-passa-pelo-santa-fe-e-ve-renascer-chances-na-libertadores\/","og_site_name":"Notibras","article_publisher":"https:\/\/www.facebook.com\/notibras\/","article_published_time":"2015-04-10T07:13:18+00:00","og_image":[{"width":460,"height":307,"url":"https:\/\/www.notibras.com\/site\/wp-content\/uploads\/2015\/04\/carlossaltabrunocantinicamdiv.jpg","type":"image\/jpeg"}],"author":"Reda\u00e7\u00e3o","twitter_card":"summary_large_image","twitter_creator":"@Notibras","twitter_site":"@Notibras","twitter_misc":{"Escrito por":"Reda\u00e7\u00e3o","Est. tempo de leitura":"2 minutos"},"schema":{"@context":"https:\/\/schema.org","@graph":[{"@type":"Article","@id":"https:\/\/www.notibras.com\/site\/galo-passa-pelo-santa-fe-e-ve-renascer-chances-na-libertadores\/#article","isPartOf":{"@id":"https:\/\/www.notibras.com\/site\/galo-passa-pelo-santa-fe-e-ve-renascer-chances-na-libertadores\/"},"author":{"name":"Reda\u00e7\u00e3o","@id":"https:\/\/www.notibras.com\/site\/#\/schema\/person\/36ab0979449956132d3e5b517ea76ac8"},"headline":"Galo passa pelo Santa Fe e v\u00ea renascer chances na Libertadores","datePublished":"2015-04-10T07:13:18+00:00","mainEntityOfPage":{"@id":"https:\/\/www.notibras.com\/site\/galo-passa-pelo-santa-fe-e-ve-renascer-chances-na-libertadores\/"},"wordCount":506,"commentCount":0,"publisher":{"@id":"https:\/\/www.notibras.com\/site\/#organization"},"image":{"@id":"https:\/\/www.notibras.com\/site\/galo-passa-pelo-santa-fe-e-ve-renascer-chances-na-libertadores\/#primaryimage"},"thumbnailUrl":"https:\/\/www.notibras.com\/site\/wp-content\/uploads\/2015\/04\/carlossaltabrunocantinicamdiv.jpg","articleSection":["Esportes","Futebol"],"inLanguage":"pt-BR","potentialAction":[{"@type":"CommentAction","name":"Comment","target":["https:\/\/www.notibras.com\/site\/galo-passa-pelo-santa-fe-e-ve-renascer-chances-na-libertadores\/#respond"]}]},{"@type":"WebPage","@id":"https:\/\/www.notibras.com\/site\/galo-passa-pelo-santa-fe-e-ve-renascer-chances-na-libertadores\/","url":"https:\/\/www.notibras.com\/site\/galo-passa-pelo-santa-fe-e-ve-renascer-chances-na-libertadores\/","name":"Galo passa pelo Santa Fe e v\u00ea renascer chances na Libertadores - Notibras","isPartOf":{"@id":"https:\/\/www.notibras.com\/site\/#website"},"primaryImageOfPage":{"@id":"https:\/\/www.notibras.com\/site\/galo-passa-pelo-santa-fe-e-ve-renascer-chances-na-libertadores\/#primaryimage"},"image":{"@id":"https:\/\/www.notibras.com\/site\/galo-passa-pelo-santa-fe-e-ve-renascer-chances-na-libertadores\/#primaryimage"},"thumbnailUrl":"https:\/\/www.notibras.com\/site\/wp-content\/uploads\/2015\/04\/carlossaltabrunocantinicamdiv.jpg","datePublished":"2015-04-10T07:13:18+00:00","breadcrumb":{"@id":"https:\/\/www.notibras.com\/site\/galo-passa-pelo-santa-fe-e-ve-renascer-chances-na-libertadores\/#breadcrumb"},"inLanguage":"pt-BR","potentialAction":[{"@type":"ReadAction","target":["https:\/\/www.notibras.com\/site\/galo-passa-pelo-santa-fe-e-ve-renascer-chances-na-libertadores\/"]}]},{"@type":"ImageObject","inLanguage":"pt-BR","@id":"https:\/\/www.notibras.com\/site\/galo-passa-pelo-santa-fe-e-ve-renascer-chances-na-libertadores\/#primaryimage","url":"https:\/\/www.notibras.com\/site\/wp-content\/uploads\/2015\/04\/carlossaltabrunocantinicamdiv.jpg","contentUrl":"https:\/\/www.notibras.com\/site\/wp-content\/uploads\/2015\/04\/carlossaltabrunocantinicamdiv.jpg","width":460,"height":307},{"@type":"BreadcrumbList","@id":"https:\/\/www.notibras.com\/site\/galo-passa-pelo-santa-fe-e-ve-renascer-chances-na-libertadores\/#breadcrumb","itemListElement":[{"@type":"ListItem","position":1,"name":"In\u00edcio","item":"https:\/\/www.notibras.com\/site\/"},{"@type":"ListItem","position":2,"name":"Galo passa pelo Santa Fe e v\u00ea renascer chances na Libertadores"}]},{"@type":"WebSite","@id":"https:\/\/www.notibras.com\/site\/#website","url":"https:\/\/www.notibras.com\/site\/","name":"Notibras","description":"Not\u00edcias de Bras\u00edlia, do Brasil e do Mundo","publisher":{"@id":"https:\/\/www.notibras.com\/site\/#organization"},"potentialAction":[{"@type":"SearchAction","target":{"@type":"EntryPoint","urlTemplate":"https:\/\/www.notibras.com\/site\/?s={search_term_string}"},"query-input":{"@type":"PropertyValueSpecification","valueRequired":true,"valueName":"search_term_string"}}],"inLanguage":"pt-BR"},{"@type":"Organization","@id":"https:\/\/www.notibras.com\/site\/#organization","name":"Grupo Notibras de Comunica\u00e7\u00e3o","url":"https:\/\/www.notibras.com\/site\/","logo":{"@type":"ImageObject","inLanguage":"pt-BR","@id":"https:\/\/www.notibras.com\/site\/#\/schema\/logo\/image\/","url":"https:\/\/www.notibras.com\/site\/wp-content\/uploads\/2023\/01\/notibras23.png","contentUrl":"https:\/\/www.notibras.com\/site\/wp-content\/uploads\/2023\/01\/notibras23.png","width":350,"height":87,"caption":"Grupo Notibras de Comunica\u00e7\u00e3o"},"image":{"@id":"https:\/\/www.notibras.com\/site\/#\/schema\/logo\/image\/"},"sameAs":["https:\/\/www.facebook.com\/notibras\/","https:\/\/x.com\/Notibras","https:\/\/www.instagram.com\/notibras\/"]},{"@type":"Person","@id":"https:\/\/www.notibras.com\/site\/#\/schema\/person\/36ab0979449956132d3e5b517ea76ac8","name":"Reda\u00e7\u00e3o","image":{"@type":"ImageObject","inLanguage":"pt-BR","@id":"https:\/\/secure.gravatar.com\/avatar\/e0a867bdedb85fd243eadf09663511f96fc81e0720a4a42581f334ad4303aa6b?s=96&d=mm&r=g","url":"https:\/\/secure.gravatar.com\/avatar\/e0a867bdedb85fd243eadf09663511f96fc81e0720a4a42581f334ad4303aa6b?s=96&d=mm&r=g","contentUrl":"https:\/\/secure.gravatar.com\/avatar\/e0a867bdedb85fd243eadf09663511f96fc81e0720a4a42581f334ad4303aa6b?s=96&d=mm&r=g","caption":"Reda\u00e7\u00e3o"}}]}},"amp_enabled":true,"_links":{"self":[{"href":"https:\/\/www.notibras.com\/site\/wp-json\/wp\/v2\/posts\/43418","targetHints":{"allow":["GET"]}}],"collection":[{"href":"https:\/\/www.notibras.com\/site\/wp-json\/wp\/v2\/posts"}],"about":[{"href":"https:\/\/www.notibras.com\/site\/wp-json\/wp\/v2\/types\/post"}],"author":[{"embeddable":true,"href":"https:\/\/www.notibras.com\/site\/wp-json\/wp\/v2\/users\/2"}],"replies":[{"embeddable":true,"href":"https:\/\/www.notibras.com\/site\/wp-json\/wp\/v2\/comments?post=43418"}],"version-history":[{"count":0,"href":"https:\/\/www.notibras.com\/site\/wp-json\/wp\/v2\/posts\/43418\/revisions"}],"wp:featuredmedia":[{"embeddable":true,"href":"https:\/\/www.notibras.com\/site\/wp-json\/wp\/v2\/media\/43419"}],"wp:attachment":[{"href":"https:\/\/www.notibras.com\/site\/wp-json\/wp\/v2\/media?parent=43418"}],"wp:term":[{"taxonomy":"category","embeddable":true,"href":"https:\/\/www.notibras.com\/site\/wp-json\/wp\/v2\/categories?post=43418"},{"taxonomy":"post_tag","embeddable":true,"href":"https:\/\/www.notibras.com\/site\/wp-json\/wp\/v2\/tags?post=43418"}],"curies":[{"name":"wp","href":"https:\/\/api.w.org\/{rel}","templated":true}]}}