{"id":43449,"date":"2015-04-10T12:20:30","date_gmt":"2015-04-10T15:20:30","guid":{"rendered":"http:\/\/www.notibras.com\/site\/?p=43449"},"modified":"2015-04-10T19:14:56","modified_gmt":"2015-04-10T22:14:56","slug":"publicitario-aparece-no-petrolao-remake-do-mensalao-tem-novos-atores","status":"publish","type":"post","link":"https:\/\/www.notibras.com\/site\/publicitario-aparece-no-petrolao-remake-do-mensalao-tem-novos-atores\/","title":{"rendered":"Publicit\u00e1rio aparece no meio do Petrol\u00e3o; remake da a\u00e7\u00e3o do Mensal\u00e3o tem novo elenco"},"content":{"rendered":"<p>A Origem, nome dado pelos federais \u00e0 11\u00aa fase da Opera\u00e7\u00e3o Lava Jato, parece remeter para os prim\u00f3rdios do Mensal\u00e3o a mesma performance dos atores do Petrol\u00e3o. L\u00e1, como agora, h\u00e1 um publicit\u00e1rio no meio. E se Marcos Val\u00e9rio fez e desfez quando tinha as gordas contas de propaganda do governo, Ricardo Hoffmann parece ter trilhado o mesmo caminho. Ele foi preso nesta sexta 10 junto com ex-deputados por ordem da Justi\u00e7a Federal do Paran\u00e1.<\/p>\n<p>A lista inclui o paranaense Andr\u00e9 Vargas (ex-PT, sem partido), Luiz Arg\u00f4lo (SD-BA) e Pedro Corr\u00eaa (PP-PE), que foi condenado no Mensal\u00e3o. Tamb\u00e9m foram presos Leon Vargas, irm\u00e3o de Andr\u00e9, Ivan Vernon da Silva Torres, Elia Santos da Hora, secret\u00e1ria de Arg\u00f4lo.<\/p>\n<p>Andr\u00e9 Vargas foi cassado em dezembro pela C\u00e2mara dos Deputados. Os parlamentares decidiram conden\u00e1-lo por envolvimento em neg\u00f3cios com o doleiro Alberto Youssef, preso pela Pol\u00edcia Federal na Opera\u00e7\u00e3o Lava Jato por participa\u00e7\u00e3o em um esquema de lavagem de dinheiro.<\/p>\n<blockquote><p>O publicit\u00e1rio Ricardo Hoffmann apareceu em 2009 como um dos personagens do dossi\u00ea atribuindo a um grupo conhecido como &#8220;Rep\u00fablica do Paran\u00e1&#8221; o controle das verbas de publicidade da Caixa.<\/p><\/blockquote>\n<p>A tal rep\u00fablica seria formada, \u00e0 \u00e9poca, pelo ent\u00e3o deputado federal Andr\u00e9 Vargas e Nedson Micheleti, ex-prefeito de Londrina e funcion\u00e1rio de carreira da Caixa, ambos ligados ao ex-ministro Paulo Bernardo, que tamb\u00e9m \u00e9 petista e paranaense.<\/p>\n<p>Vargas, inclusive, foi coordenador da campanha de Gleisi Hoffmann, mulher de Bernardo, ao governo do Paran\u00e1.<\/p>\n<p>O documento afirma que o grupo tem uma liga\u00e7\u00e3o especial com o publicit\u00e1rio Ricardo Hoffmann, chefe do escrit\u00f3rio brasiliense da BorghiErh\/Lowe, uma das tr\u00eas ag\u00eancias que ganharam, em 2008, a conta de publicidade da Caixa, um contrato de 260 milh\u00f5es de reais.<\/p>\n","protected":false},"excerpt":{"rendered":"<p>A Origem, nome dado pelos federais \u00e0 11\u00aa fase da Opera\u00e7\u00e3o Lava Jato, parece remeter para os prim\u00f3rdios do Mensal\u00e3o a mesma performance dos atores do Petrol\u00e3o. L\u00e1, como agora, h\u00e1 um publicit\u00e1rio no meio. E se Marcos Val\u00e9rio fez e desfez quando tinha as gordas contas de propaganda do governo, Ricardo Hoffmann parece ter [&hellip;]<\/p>\n","protected":false},"author":2,"featured_media":43450,"comment_status":"open","ping_status":"closed","sticky":false,"template":"","format":"standard","meta":{"_acf_changed":false,"footnotes":""},"categories":[16],"tags":[],"class_list":["post-43449","post","type-post","status-publish","format-standard","has-post-thumbnail","hentry","category-brasil"],"acf":[],"_links":{"self":[{"href":"https:\/\/www.notibras.com\/site\/wp-json\/wp\/v2\/posts\/43449","targetHints":{"allow":["GET"]}}],"collection":[{"href":"https:\/\/www.notibras.com\/site\/wp-json\/wp\/v2\/posts"}],"about":[{"href":"https:\/\/www.notibras.com\/site\/wp-json\/wp\/v2\/types\/post"}],"author":[{"embeddable":true,"href":"https:\/\/www.notibras.com\/site\/wp-json\/wp\/v2\/users\/2"}],"replies":[{"embeddable":true,"href":"https:\/\/www.notibras.com\/site\/wp-json\/wp\/v2\/comments?post=43449"}],"version-history":[{"count":0,"href":"https:\/\/www.notibras.com\/site\/wp-json\/wp\/v2\/posts\/43449\/revisions"}],"wp:featuredmedia":[{"embeddable":true,"href":"https:\/\/www.notibras.com\/site\/wp-json\/wp\/v2\/media\/43450"}],"wp:attachment":[{"href":"https:\/\/www.notibras.com\/site\/wp-json\/wp\/v2\/media?parent=43449"}],"wp:term":[{"taxonomy":"category","embeddable":true,"href":"https:\/\/www.notibras.com\/site\/wp-json\/wp\/v2\/categories?post=43449"},{"taxonomy":"post_tag","embeddable":true,"href":"https:\/\/www.notibras.com\/site\/wp-json\/wp\/v2\/tags?post=43449"}],"curies":[{"name":"wp","href":"https:\/\/api.w.org\/{rel}","templated":true}]}}